{"id":4197,"date":"2024-11-15T13:00:10","date_gmt":"2024-11-15T13:00:10","guid":{"rendered":"https:\/\/eirikurjonsson.is\/?p=4197"},"modified":"2024-11-15T13:00:24","modified_gmt":"2024-11-15T13:00:24","slug":"personuafslatturinn-sigradi-a-althingi","status":"publish","type":"post","link":"https:\/\/eirikurjonsson.is\/index.php\/2024\/11\/15\/personuafslatturinn-sigradi-a-althingi\/","title":{"rendered":"PERS\u00d3NUAFSL\u00c1TTURINN SIGRA\u00d0I \u00c1 AL\u00deINGI"},"content":{"rendered":"<p>&#8222;Allt er gott sem endar vel,&#8220; segir Vilhj\u00e1lmur Ragnarsson sem b\u00fasettur hefur veri\u00f0 \u00e1 Nor\u00f0ur \u00cdrlandi \u00ed 20 \u00e1r og st\u00f3\u00f0 frammi fyrir \u00fev\u00ed a\u00f0 ver\u00f0a sviptur pers\u00f3nuafsl\u00e6tti s\u00ednum vegna lagabreytinga \u00e1 Al\u00feingi. Vilhj\u00e1lmur m\u00f3tm\u00e6lti kr\u00f6ftuglega \u00e1samt l\u00f6ndum s\u00ednum \u00ed Bretlandi og viti menn: Al\u00feingi bakka\u00f0i me\u00f0 \u00e1kv\u00f6r\u00f0un s\u00edna og l\u00f6gin sem taka \u00e1ttu gildi um \u00e1ram\u00f3t gera \u00fea\u00f0 ekki.<\/p>\n<p><a href=\"https:\/\/eirikurjonsson.is\/index.php\/2024\/11\/07\/islendingar-i-bretlandi-missa-personuafslattinn-um-aramot\/\">Lesi\u00f0 um and\u00f3f Vilhj\u00e1lms h\u00e9r.<\/a><\/p>\n","protected":false},"excerpt":{"rendered":"<p>&#8222;Allt er gott sem endar vel,&#8220; segir Vilhj\u00e1lmur Ragnarsson sem b\u00fasettur hefur veri\u00f0 \u00e1 Nor\u00f0ur \u00cdrlandi \u00ed 20 \u00e1r og st\u00f3\u00f0 frammi fyrir \u00fev\u00ed a\u00f0 ver\u00f0a sviptur pers\u00f3nuafsl\u00e6tti s\u00ednum vegna lagabreytinga \u00e1 Al\u00feingi. Vilhj\u00e1lmur m\u00f3tm\u00e6lti kr\u00f6ftuglega \u00e1samt l\u00f6ndum s\u00ednum \u00ed Bretlandi og viti menn: Al\u00feingi bakka\u00f0i me\u00f0 \u00e1kv\u00f6r\u00f0un s\u00edna og l\u00f6gin sem taka \u00e1ttu gildi [&hellip;]<\/p>\n","protected":false},"author":2,"featured_media":4198,"comment_status":"open","ping_status":"open","sticky":false,"template":"","format":"standard","meta":{"_monsterinsights_skip_tracking":false,"_monsterinsights_sitenote_active":false,"_monsterinsights_sitenote_note":"","_monsterinsights_sitenote_category":0,"footnotes":""},"categories":[31],"tags":[],"class_list":{"0":"post-4197","1":"post","2":"type-post","3":"status-publish","4":"format-standard","5":"has-post-thumbnail","7":"category-greinar"},"yoast_head":"<!-- This site is optimized with the Yoast SEO plugin v22.0 - https:\/\/yoast.com\/wordpress\/plugins\/seo\/ -->\n<title>PERS\u00d3NUAFSL\u00c1TTURINN SIGRA\u00d0I \u00c1 AL\u00deINGI &#8211; Eir\u00edkur J\u00f3nsson<\/title>\n<meta name=\"robots\" content=\"index, follow, max-snippet:-1, max-image-preview:large, max-video-preview:-1\" \/>\n<link rel=\"canonical\" href=\"https:\/\/eirikurjonsson.is\/index.php\/2024\/11\/15\/personuafslatturinn-sigradi-a-althingi\/\" \/>\n<meta property=\"og:locale\" content=\"is_IS\" \/>\n<meta property=\"og:type\" content=\"article\" \/>\n<meta property=\"og:title\" content=\"PERS\u00d3NUAFSL\u00c1TTURINN SIGRA\u00d0I \u00c1 AL\u00deINGI &#8211; Eir\u00edkur J\u00f3nsson\" \/>\n<meta property=\"og:description\" content=\"&#8222;Allt er gott sem endar vel,&#8220; segir Vilhj\u00e1lmur Ragnarsson sem b\u00fasettur hefur veri\u00f0 \u00e1 Nor\u00f0ur \u00cdrlandi \u00ed 20 \u00e1r og st\u00f3\u00f0 frammi fyrir \u00fev\u00ed a\u00f0 ver\u00f0a sviptur pers\u00f3nuafsl\u00e6tti s\u00ednum vegna lagabreytinga \u00e1 Al\u00feingi. Vilhj\u00e1lmur m\u00f3tm\u00e6lti kr\u00f6ftuglega \u00e1samt l\u00f6ndum s\u00ednum \u00ed Bretlandi og viti menn: Al\u00feingi bakka\u00f0i me\u00f0 \u00e1kv\u00f6r\u00f0un s\u00edna og l\u00f6gin sem taka \u00e1ttu gildi [&hellip;]\" \/>\n<meta property=\"og:url\" content=\"https:\/\/eirikurjonsson.is\/index.php\/2024\/11\/15\/personuafslatturinn-sigradi-a-althingi\/\" \/>\n<meta property=\"og:site_name\" content=\"Eir\u00edkur J\u00f3nsson\" \/>\n<meta property=\"article:published_time\" content=\"2024-11-15T13:00:10+00:00\" \/>\n<meta property=\"article:modified_time\" content=\"2024-11-15T13:00:24+00:00\" \/>\n<meta property=\"og:image\" content=\"https:\/\/eirikurjonsson.is\/wp-content\/uploads\/2024\/11\/villi-sigur.jpg\" \/>\n\t<meta property=\"og:image:width\" content=\"676\" \/>\n\t<meta property=\"og:image:height\" content=\"381\" \/>\n\t<meta property=\"og:image:type\" content=\"image\/jpeg\" \/>\n<meta name=\"author\" content=\"eir\" \/>\n<meta name=\"twitter:card\" content=\"summary_large_image\" \/>\n<meta name=\"twitter:label1\" content=\"Written by\" \/>\n\t<meta name=\"twitter:data1\" content=\"eir\" \/>\n\t<meta name=\"twitter:label2\" content=\"Est. reading time\" \/>\n\t<meta name=\"twitter:data2\" content=\"1 minute\" \/>\n<script type=\"application\/ld+json\" class=\"yoast-schema-graph\">{\"@context\":\"https:\/\/schema.org\",\"@graph\":[{\"@type\":\"WebPage\",\"@id\":\"https:\/\/eirikurjonsson.is\/index.php\/2024\/11\/15\/personuafslatturinn-sigradi-a-althingi\/\",\"url\":\"https:\/\/eirikurjonsson.is\/index.php\/2024\/11\/15\/personuafslatturinn-sigradi-a-althingi\/\",\"name\":\"PERS\u00d3NUAFSL\u00c1TTURINN SIGRA\u00d0I \u00c1 AL\u00deINGI &#8211; Eir\u00edkur J\u00f3nsson\",\"isPartOf\":{\"@id\":\"https:\/\/eirikurjonsson.is\/#website\"},\"datePublished\":\"2024-11-15T13:00:10+00:00\",\"dateModified\":\"2024-11-15T13:00:24+00:00\",\"author\":{\"@id\":\"https:\/\/eirikurjonsson.is\/#\/schema\/person\/308afa1d0e201918034e31b1da4f07a5\"},\"breadcrumb\":{\"@id\":\"https:\/\/eirikurjonsson.is\/index.php\/2024\/11\/15\/personuafslatturinn-sigradi-a-althingi\/#breadcrumb\"},\"inLanguage\":\"is\",\"potentialAction\":[{\"@type\":\"ReadAction\",\"target\":[\"https:\/\/eirikurjonsson.is\/index.php\/2024\/11\/15\/personuafslatturinn-sigradi-a-althingi\/\"]}]},{\"@type\":\"BreadcrumbList\",\"@id\":\"https:\/\/eirikurjonsson.is\/index.php\/2024\/11\/15\/personuafslatturinn-sigradi-a-althingi\/#breadcrumb\",\"itemListElement\":[{\"@type\":\"ListItem\",\"position\":1,\"name\":\"Home\",\"item\":\"https:\/\/eirikurjonsson.is\/\"},{\"@type\":\"ListItem\",\"position\":2,\"name\":\"PERS\u00d3NUAFSL\u00c1TTURINN SIGRA\u00d0I \u00c1 AL\u00deINGI\"}]},{\"@type\":\"WebSite\",\"@id\":\"https:\/\/eirikurjonsson.is\/#website\",\"url\":\"https:\/\/eirikurjonsson.is\/\",\"name\":\"Eir\u00edkur J\u00f3nsson\",\"description\":\"Eir\u00edkur J\u00f3nsson | EIR eirikurjonsson.is\",\"potentialAction\":[{\"@type\":\"SearchAction\",\"target\":{\"@type\":\"EntryPoint\",\"urlTemplate\":\"https:\/\/eirikurjonsson.is\/?s={search_term_string}\"},\"query-input\":\"required name=search_term_string\"}],\"inLanguage\":\"is\"},{\"@type\":\"Person\",\"@id\":\"https:\/\/eirikurjonsson.is\/#\/schema\/person\/308afa1d0e201918034e31b1da4f07a5\",\"name\":\"eir\",\"image\":{\"@type\":\"ImageObject\",\"inLanguage\":\"is\",\"@id\":\"https:\/\/eirikurjonsson.is\/#\/schema\/person\/image\/\",\"url\":\"https:\/\/secure.gravatar.com\/avatar\/b6748316a4400053a1fa9f4694b38d294dc5da6f4bacc727742bd8f3e689f87c?s=96&d=mm&r=g\",\"contentUrl\":\"https:\/\/secure.gravatar.com\/avatar\/b6748316a4400053a1fa9f4694b38d294dc5da6f4bacc727742bd8f3e689f87c?s=96&d=mm&r=g\",\"caption\":\"eir\"},\"url\":\"https:\/\/eirikurjonsson.is\/index.php\/author\/eir\/\"}]}<\/script>\n<!-- \/ Yoast SEO plugin. -->","yoast_head_json":{"title":"PERS\u00d3NUAFSL\u00c1TTURINN SIGRA\u00d0I \u00c1 AL\u00deINGI &#8211; Eir\u00edkur J\u00f3nsson","robots":{"index":"index","follow":"follow","max-snippet":"max-snippet:-1","max-image-preview":"max-image-preview:large","max-video-preview":"max-video-preview:-1"},"canonical":"https:\/\/eirikurjonsson.is\/index.php\/2024\/11\/15\/personuafslatturinn-sigradi-a-althingi\/","og_locale":"is_IS","og_type":"article","og_title":"PERS\u00d3NUAFSL\u00c1TTURINN SIGRA\u00d0I \u00c1 AL\u00deINGI &#8211; Eir\u00edkur J\u00f3nsson","og_description":"&#8222;Allt er gott sem endar vel,&#8220; segir Vilhj\u00e1lmur Ragnarsson sem b\u00fasettur hefur veri\u00f0 \u00e1 Nor\u00f0ur \u00cdrlandi \u00ed 20 \u00e1r og st\u00f3\u00f0 frammi fyrir \u00fev\u00ed a\u00f0 ver\u00f0a sviptur pers\u00f3nuafsl\u00e6tti s\u00ednum vegna lagabreytinga \u00e1 Al\u00feingi. Vilhj\u00e1lmur m\u00f3tm\u00e6lti kr\u00f6ftuglega \u00e1samt l\u00f6ndum s\u00ednum \u00ed Bretlandi og viti menn: Al\u00feingi bakka\u00f0i me\u00f0 \u00e1kv\u00f6r\u00f0un s\u00edna og l\u00f6gin sem taka \u00e1ttu gildi [&hellip;]","og_url":"https:\/\/eirikurjonsson.is\/index.php\/2024\/11\/15\/personuafslatturinn-sigradi-a-althingi\/","og_site_name":"Eir\u00edkur J\u00f3nsson","article_published_time":"2024-11-15T13:00:10+00:00","article_modified_time":"2024-11-15T13:00:24+00:00","og_image":[{"width":676,"height":381,"url":"https:\/\/eirikurjonsson.is\/wp-content\/uploads\/2024\/11\/villi-sigur.jpg","type":"image\/jpeg"}],"author":"eir","twitter_card":"summary_large_image","twitter_misc":{"Written by":"eir","Est. reading time":"1 minute"},"schema":{"@context":"https:\/\/schema.org","@graph":[{"@type":"WebPage","@id":"https:\/\/eirikurjonsson.is\/index.php\/2024\/11\/15\/personuafslatturinn-sigradi-a-althingi\/","url":"https:\/\/eirikurjonsson.is\/index.php\/2024\/11\/15\/personuafslatturinn-sigradi-a-althingi\/","name":"PERS\u00d3NUAFSL\u00c1TTURINN SIGRA\u00d0I \u00c1 AL\u00deINGI &#8211; Eir\u00edkur J\u00f3nsson","isPartOf":{"@id":"https:\/\/eirikurjonsson.is\/#website"},"datePublished":"2024-11-15T13:00:10+00:00","dateModified":"2024-11-15T13:00:24+00:00","author":{"@id":"https:\/\/eirikurjonsson.is\/#\/schema\/person\/308afa1d0e201918034e31b1da4f07a5"},"breadcrumb":{"@id":"https:\/\/eirikurjonsson.is\/index.php\/2024\/11\/15\/personuafslatturinn-sigradi-a-althingi\/#breadcrumb"},"inLanguage":"is","potentialAction":[{"@type":"ReadAction","target":["https:\/\/eirikurjonsson.is\/index.php\/2024\/11\/15\/personuafslatturinn-sigradi-a-althingi\/"]}]},{"@type":"BreadcrumbList","@id":"https:\/\/eirikurjonsson.is\/index.php\/2024\/11\/15\/personuafslatturinn-sigradi-a-althingi\/#breadcrumb","itemListElement":[{"@type":"ListItem","position":1,"name":"Home","item":"https:\/\/eirikurjonsson.is\/"},{"@type":"ListItem","position":2,"name":"PERS\u00d3NUAFSL\u00c1TTURINN SIGRA\u00d0I \u00c1 AL\u00deINGI"}]},{"@type":"WebSite","@id":"https:\/\/eirikurjonsson.is\/#website","url":"https:\/\/eirikurjonsson.is\/","name":"Eir\u00edkur J\u00f3nsson","description":"Eir\u00edkur J\u00f3nsson | EIR eirikurjonsson.is","potentialAction":[{"@type":"SearchAction","target":{"@type":"EntryPoint","urlTemplate":"https:\/\/eirikurjonsson.is\/?s={search_term_string}"},"query-input":"required name=search_term_string"}],"inLanguage":"is"},{"@type":"Person","@id":"https:\/\/eirikurjonsson.is\/#\/schema\/person\/308afa1d0e201918034e31b1da4f07a5","name":"eir","image":{"@type":"ImageObject","inLanguage":"is","@id":"https:\/\/eirikurjonsson.is\/#\/schema\/person\/image\/","url":"https:\/\/secure.gravatar.com\/avatar\/b6748316a4400053a1fa9f4694b38d294dc5da6f4bacc727742bd8f3e689f87c?s=96&d=mm&r=g","contentUrl":"https:\/\/secure.gravatar.com\/avatar\/b6748316a4400053a1fa9f4694b38d294dc5da6f4bacc727742bd8f3e689f87c?s=96&d=mm&r=g","caption":"eir"},"url":"https:\/\/eirikurjonsson.is\/index.php\/author\/eir\/"}]}},"_links":{"self":[{"href":"https:\/\/eirikurjonsson.is\/index.php\/wp-json\/wp\/v2\/posts\/4197","targetHints":{"allow":["GET"]}}],"collection":[{"href":"https:\/\/eirikurjonsson.is\/index.php\/wp-json\/wp\/v2\/posts"}],"about":[{"href":"https:\/\/eirikurjonsson.is\/index.php\/wp-json\/wp\/v2\/types\/post"}],"author":[{"embeddable":true,"href":"https:\/\/eirikurjonsson.is\/index.php\/wp-json\/wp\/v2\/users\/2"}],"replies":[{"embeddable":true,"href":"https:\/\/eirikurjonsson.is\/index.php\/wp-json\/wp\/v2\/comments?post=4197"}],"version-history":[{"count":1,"href":"https:\/\/eirikurjonsson.is\/index.php\/wp-json\/wp\/v2\/posts\/4197\/revisions"}],"predecessor-version":[{"id":4199,"href":"https:\/\/eirikurjonsson.is\/index.php\/wp-json\/wp\/v2\/posts\/4197\/revisions\/4199"}],"wp:featuredmedia":[{"embeddable":true,"href":"https:\/\/eirikurjonsson.is\/index.php\/wp-json\/wp\/v2\/media\/4198"}],"wp:attachment":[{"href":"https:\/\/eirikurjonsson.is\/index.php\/wp-json\/wp\/v2\/media?parent=4197"}],"wp:term":[{"taxonomy":"category","embeddable":true,"href":"https:\/\/eirikurjonsson.is\/index.php\/wp-json\/wp\/v2\/categories?post=4197"},{"taxonomy":"post_tag","embeddable":true,"href":"https:\/\/eirikurjonsson.is\/index.php\/wp-json\/wp\/v2\/tags?post=4197"}],"curies":[{"name":"wp","href":"https:\/\/api.w.org\/{rel}","templated":true}]}}