{"id":4190,"date":"2024-11-14T16:50:43","date_gmt":"2024-11-14T16:50:43","guid":{"rendered":"https:\/\/eirikurjonsson.is\/?p=4190"},"modified":"2024-11-14T16:51:42","modified_gmt":"2024-11-14T16:51:42","slug":"surrandi-karlremba-i-a-fjolmidlum","status":"publish","type":"post","link":"https:\/\/eirikurjonsson.is\/index.php\/2024\/11\/14\/surrandi-karlremba-i-a-fjolmidlum\/","title":{"rendered":"S\u00daRRANDI KARLREMBA \u00c1 FJ\u00d6LMI\u00d0LUM"},"content":{"rendered":"<div class=\"xdj266r x11i5rnm xat24cr x1mh8g0r x1vvkbs x126k92a\">\n<div dir=\"auto\">&#8222;\u00c9g hef unni\u00f0 um \u00e1rabil \u00ed fj\u00f6lmi\u00f0lum \u00e1 \u00cdslandi og byrja\u00f0i \u00e1ri\u00f0 2006,&#8220; segir L\u00e1ra Bj\u00f6rg Bj\u00f6rnsd\u00f3ttir rith\u00f6fundur me\u00f0 meiru og l\u00edtur um \u00f6xl a\u00f0 gefnu tilefni:<\/div>\n<div dir=\"auto\">&#8211;<\/div>\n<div dir=\"auto\">&#8222;\u00c9g man vel eftir \u00feeirri s\u00farrandi karlrembu sem einkenndi marga vinnusta\u00f0i sem \u00e9g vann \u00e1. Vi\u00f0 konurnar vorum \u00ed miklum minnihluta, oft \u00f6rf\u00e1ar \u00e1 m\u00f3ti st\u00f3rum h\u00f3pi karla. \u00c9g man eftir a\u00f0 hafa veri\u00f0 a\u00f0allega be\u00f0in um a\u00f0 skrifa fr\u00e9ttir um leiksk\u00f3lam\u00e1l og l\u00edka ef f\u00ednt skemmtifer\u00f0askip var kannski \u00e1 lei\u00f0 \u00ed h\u00f6fn.<\/div>\n<div dir=\"auto\">&#8211;<\/div>\n<div dir=\"auto\">\u00c9g man eftir a\u00f0 hafa seti\u00f0 ritstj\u00f3rnarfundi \u00fear sem gert var l\u00edti\u00f0 \u00far konum \u00ed \u00edslenskum stj\u00f3rnm\u00e1lum og \u00fe\u00e1 a\u00f0allega h\u00e6\u00f0st a\u00f0 \u00fatliti \u00feeirra eins og kl\u00e6\u00f0abur\u00f0i og \u00feyngd. \u00c9g man eftir hvernig str\u00e1karnir h\u00e9ldu alltaf h\u00f3pinn, st\u00f3\u00f0u saman og hr\u00f3su\u00f0u hver \u00f6\u00f0rum. \u00c9g man eftir \u00feeirri tilfinningu a\u00f0 \u00fea\u00f0 a\u00f0 vera kona \u00e1 vinnusta\u00f0num hafi veri\u00f0 auka \u00e1lag, auka vesen og auka byr\u00f0i. \u00dea\u00f0 a\u00f0 vera kona var erfitt, drullu erfitt.<\/div>\n<div dir=\"auto\">&#8211;<\/div>\n<\/div>\n<div class=\"x11i5rnm xat24cr x1mh8g0r x1vvkbs xtlvy1s x126k92a\">\n<div dir=\"auto\">\u00c9g velti \u00feessum t\u00edma reglulega fyrir m\u00e9r \u00feegar r\u00e6tt er um bakslagi\u00f0 sem vi\u00f0 h\u00f6fum s\u00e9\u00f0 \u00ed jafnr\u00e9ttism\u00e1lum v\u00ed\u00f0a um heim s\u00ed\u00f0ustu \u00e1rin. En j\u00fa j\u00fa, \u00feetta var n\u00fa allt annar t\u00edmi \u00fearna \u00ed den og miki\u00f0 var \u00feetta n\u00fa steikt og glata\u00f0 en j\u00e1 j\u00e1, \u00feetta var bara svona. En m\u00e1li\u00f0 fokking er a\u00f0 \u00feetta \u00feurfti ekkert endilega a\u00f0 vera svona. Og \u00fea\u00f0 a\u00f0 einhver og einhverjir hafi hellt ol\u00edu \u00e1 \u00feetta karlrembub\u00e1l me\u00f0 r\u00e6tnum skrifum \u00e1rum saman vil \u00e9g meina s\u00e9 \u00e1kve\u00f0i\u00f0 \u00e1fall fyrir konur eins og mig. \u00deetta t\u00edmabil haf\u00f0i aflei\u00f0ingar og hefur enn aflei\u00f0ingar fyrir kvenr\u00e9ttindi, fyrir \u00f6ryggi kvenna almennt. \u00deetta t\u00edmabil var nefnilega ekki bara \u00fea\u00f0 og svo er \u00fea\u00f0 li\u00f0i\u00f0. \u00deetta smita\u00f0i yfir \u00ed n\u00e6stu kynsl\u00f3\u00f0ir str\u00e1ka og hefur \u00e1hrif.&#8220;<\/div>\n<\/div>\n","protected":false},"excerpt":{"rendered":"<p>&#8222;\u00c9g hef unni\u00f0 um \u00e1rabil \u00ed fj\u00f6lmi\u00f0lum \u00e1 \u00cdslandi og byrja\u00f0i \u00e1ri\u00f0 2006,&#8220; segir L\u00e1ra Bj\u00f6rg Bj\u00f6rnsd\u00f3ttir rith\u00f6fundur me\u00f0 meiru og l\u00edtur um \u00f6xl a\u00f0 gefnu tilefni: &#8211; &#8222;\u00c9g man vel eftir \u00feeirri s\u00farrandi karlrembu sem einkenndi marga vinnusta\u00f0i sem \u00e9g vann \u00e1. Vi\u00f0 konurnar vorum \u00ed miklum minnihluta, oft \u00f6rf\u00e1ar \u00e1 m\u00f3ti st\u00f3rum h\u00f3pi [&hellip;]<\/p>\n","protected":false},"author":2,"featured_media":4191,"comment_status":"open","ping_status":"open","sticky":false,"template":"","format":"standard","meta":{"_monsterinsights_skip_tracking":false,"_monsterinsights_sitenote_active":false,"_monsterinsights_sitenote_note":"","_monsterinsights_sitenote_category":0,"footnotes":""},"categories":[31],"tags":[],"class_list":{"0":"post-4190","1":"post","2":"type-post","3":"status-publish","4":"format-standard","5":"has-post-thumbnail","7":"category-greinar"},"yoast_head":"<!-- This site is optimized with the Yoast SEO plugin v22.0 - https:\/\/yoast.com\/wordpress\/plugins\/seo\/ -->\n<title>S\u00daRRANDI KARLREMBA \u00c1 FJ\u00d6LMI\u00d0LUM &#8211; Eir\u00edkur J\u00f3nsson<\/title>\n<meta name=\"robots\" content=\"index, follow, max-snippet:-1, max-image-preview:large, max-video-preview:-1\" \/>\n<link rel=\"canonical\" href=\"https:\/\/eirikurjonsson.is\/index.php\/2024\/11\/14\/surrandi-karlremba-i-a-fjolmidlum\/\" \/>\n<meta property=\"og:locale\" content=\"is_IS\" \/>\n<meta property=\"og:type\" content=\"article\" \/>\n<meta property=\"og:title\" content=\"S\u00daRRANDI KARLREMBA \u00c1 FJ\u00d6LMI\u00d0LUM &#8211; Eir\u00edkur J\u00f3nsson\" \/>\n<meta property=\"og:description\" content=\"&#8222;\u00c9g hef unni\u00f0 um \u00e1rabil \u00ed fj\u00f6lmi\u00f0lum \u00e1 \u00cdslandi og byrja\u00f0i \u00e1ri\u00f0 2006,&#8220; segir L\u00e1ra Bj\u00f6rg Bj\u00f6rnsd\u00f3ttir rith\u00f6fundur me\u00f0 meiru og l\u00edtur um \u00f6xl a\u00f0 gefnu tilefni: &#8211; &#8222;\u00c9g man vel eftir \u00feeirri s\u00farrandi karlrembu sem einkenndi marga vinnusta\u00f0i sem \u00e9g vann \u00e1. Vi\u00f0 konurnar vorum \u00ed miklum minnihluta, oft \u00f6rf\u00e1ar \u00e1 m\u00f3ti st\u00f3rum h\u00f3pi [&hellip;]\" \/>\n<meta property=\"og:url\" content=\"https:\/\/eirikurjonsson.is\/index.php\/2024\/11\/14\/surrandi-karlremba-i-a-fjolmidlum\/\" \/>\n<meta property=\"og:site_name\" content=\"Eir\u00edkur J\u00f3nsson\" \/>\n<meta property=\"article:published_time\" content=\"2024-11-14T16:50:43+00:00\" \/>\n<meta property=\"article:modified_time\" content=\"2024-11-14T16:51:42+00:00\" \/>\n<meta property=\"og:image\" content=\"https:\/\/eirikurjonsson.is\/wp-content\/uploads\/2024\/11\/lara-njorg.jpg\" \/>\n\t<meta property=\"og:image:width\" content=\"1080\" \/>\n\t<meta property=\"og:image:height\" content=\"1067\" \/>\n\t<meta property=\"og:image:type\" content=\"image\/jpeg\" \/>\n<meta name=\"author\" content=\"eir\" \/>\n<meta name=\"twitter:card\" content=\"summary_large_image\" \/>\n<meta name=\"twitter:label1\" content=\"Written by\" \/>\n\t<meta name=\"twitter:data1\" content=\"eir\" \/>\n\t<meta name=\"twitter:label2\" content=\"Est. reading time\" \/>\n\t<meta name=\"twitter:data2\" content=\"2 minutes\" \/>\n<script type=\"application\/ld+json\" class=\"yoast-schema-graph\">{\"@context\":\"https:\/\/schema.org\",\"@graph\":[{\"@type\":\"WebPage\",\"@id\":\"https:\/\/eirikurjonsson.is\/index.php\/2024\/11\/14\/surrandi-karlremba-i-a-fjolmidlum\/\",\"url\":\"https:\/\/eirikurjonsson.is\/index.php\/2024\/11\/14\/surrandi-karlremba-i-a-fjolmidlum\/\",\"name\":\"S\u00daRRANDI KARLREMBA \u00c1 FJ\u00d6LMI\u00d0LUM &#8211; Eir\u00edkur J\u00f3nsson\",\"isPartOf\":{\"@id\":\"https:\/\/eirikurjonsson.is\/#website\"},\"datePublished\":\"2024-11-14T16:50:43+00:00\",\"dateModified\":\"2024-11-14T16:51:42+00:00\",\"author\":{\"@id\":\"https:\/\/eirikurjonsson.is\/#\/schema\/person\/308afa1d0e201918034e31b1da4f07a5\"},\"breadcrumb\":{\"@id\":\"https:\/\/eirikurjonsson.is\/index.php\/2024\/11\/14\/surrandi-karlremba-i-a-fjolmidlum\/#breadcrumb\"},\"inLanguage\":\"is\",\"potentialAction\":[{\"@type\":\"ReadAction\",\"target\":[\"https:\/\/eirikurjonsson.is\/index.php\/2024\/11\/14\/surrandi-karlremba-i-a-fjolmidlum\/\"]}]},{\"@type\":\"BreadcrumbList\",\"@id\":\"https:\/\/eirikurjonsson.is\/index.php\/2024\/11\/14\/surrandi-karlremba-i-a-fjolmidlum\/#breadcrumb\",\"itemListElement\":[{\"@type\":\"ListItem\",\"position\":1,\"name\":\"Home\",\"item\":\"https:\/\/eirikurjonsson.is\/\"},{\"@type\":\"ListItem\",\"position\":2,\"name\":\"S\u00daRRANDI KARLREMBA \u00c1 FJ\u00d6LMI\u00d0LUM\"}]},{\"@type\":\"WebSite\",\"@id\":\"https:\/\/eirikurjonsson.is\/#website\",\"url\":\"https:\/\/eirikurjonsson.is\/\",\"name\":\"Eir\u00edkur J\u00f3nsson\",\"description\":\"Eir\u00edkur J\u00f3nsson | EIR eirikurjonsson.is\",\"potentialAction\":[{\"@type\":\"SearchAction\",\"target\":{\"@type\":\"EntryPoint\",\"urlTemplate\":\"https:\/\/eirikurjonsson.is\/?s={search_term_string}\"},\"query-input\":\"required name=search_term_string\"}],\"inLanguage\":\"is\"},{\"@type\":\"Person\",\"@id\":\"https:\/\/eirikurjonsson.is\/#\/schema\/person\/308afa1d0e201918034e31b1da4f07a5\",\"name\":\"eir\",\"image\":{\"@type\":\"ImageObject\",\"inLanguage\":\"is\",\"@id\":\"https:\/\/eirikurjonsson.is\/#\/schema\/person\/image\/\",\"url\":\"https:\/\/secure.gravatar.com\/avatar\/b6748316a4400053a1fa9f4694b38d294dc5da6f4bacc727742bd8f3e689f87c?s=96&d=mm&r=g\",\"contentUrl\":\"https:\/\/secure.gravatar.com\/avatar\/b6748316a4400053a1fa9f4694b38d294dc5da6f4bacc727742bd8f3e689f87c?s=96&d=mm&r=g\",\"caption\":\"eir\"},\"url\":\"https:\/\/eirikurjonsson.is\/index.php\/author\/eir\/\"}]}<\/script>\n<!-- \/ Yoast SEO plugin. -->","yoast_head_json":{"title":"S\u00daRRANDI KARLREMBA \u00c1 FJ\u00d6LMI\u00d0LUM &#8211; Eir\u00edkur J\u00f3nsson","robots":{"index":"index","follow":"follow","max-snippet":"max-snippet:-1","max-image-preview":"max-image-preview:large","max-video-preview":"max-video-preview:-1"},"canonical":"https:\/\/eirikurjonsson.is\/index.php\/2024\/11\/14\/surrandi-karlremba-i-a-fjolmidlum\/","og_locale":"is_IS","og_type":"article","og_title":"S\u00daRRANDI KARLREMBA \u00c1 FJ\u00d6LMI\u00d0LUM &#8211; Eir\u00edkur J\u00f3nsson","og_description":"&#8222;\u00c9g hef unni\u00f0 um \u00e1rabil \u00ed fj\u00f6lmi\u00f0lum \u00e1 \u00cdslandi og byrja\u00f0i \u00e1ri\u00f0 2006,&#8220; segir L\u00e1ra Bj\u00f6rg Bj\u00f6rnsd\u00f3ttir rith\u00f6fundur me\u00f0 meiru og l\u00edtur um \u00f6xl a\u00f0 gefnu tilefni: &#8211; &#8222;\u00c9g man vel eftir \u00feeirri s\u00farrandi karlrembu sem einkenndi marga vinnusta\u00f0i sem \u00e9g vann \u00e1. Vi\u00f0 konurnar vorum \u00ed miklum minnihluta, oft \u00f6rf\u00e1ar \u00e1 m\u00f3ti st\u00f3rum h\u00f3pi [&hellip;]","og_url":"https:\/\/eirikurjonsson.is\/index.php\/2024\/11\/14\/surrandi-karlremba-i-a-fjolmidlum\/","og_site_name":"Eir\u00edkur J\u00f3nsson","article_published_time":"2024-11-14T16:50:43+00:00","article_modified_time":"2024-11-14T16:51:42+00:00","og_image":[{"width":1080,"height":1067,"url":"https:\/\/eirikurjonsson.is\/wp-content\/uploads\/2024\/11\/lara-njorg.jpg","type":"image\/jpeg"}],"author":"eir","twitter_card":"summary_large_image","twitter_misc":{"Written by":"eir","Est. reading time":"2 minutes"},"schema":{"@context":"https:\/\/schema.org","@graph":[{"@type":"WebPage","@id":"https:\/\/eirikurjonsson.is\/index.php\/2024\/11\/14\/surrandi-karlremba-i-a-fjolmidlum\/","url":"https:\/\/eirikurjonsson.is\/index.php\/2024\/11\/14\/surrandi-karlremba-i-a-fjolmidlum\/","name":"S\u00daRRANDI KARLREMBA \u00c1 FJ\u00d6LMI\u00d0LUM &#8211; Eir\u00edkur J\u00f3nsson","isPartOf":{"@id":"https:\/\/eirikurjonsson.is\/#website"},"datePublished":"2024-11-14T16:50:43+00:00","dateModified":"2024-11-14T16:51:42+00:00","author":{"@id":"https:\/\/eirikurjonsson.is\/#\/schema\/person\/308afa1d0e201918034e31b1da4f07a5"},"breadcrumb":{"@id":"https:\/\/eirikurjonsson.is\/index.php\/2024\/11\/14\/surrandi-karlremba-i-a-fjolmidlum\/#breadcrumb"},"inLanguage":"is","potentialAction":[{"@type":"ReadAction","target":["https:\/\/eirikurjonsson.is\/index.php\/2024\/11\/14\/surrandi-karlremba-i-a-fjolmidlum\/"]}]},{"@type":"BreadcrumbList","@id":"https:\/\/eirikurjonsson.is\/index.php\/2024\/11\/14\/surrandi-karlremba-i-a-fjolmidlum\/#breadcrumb","itemListElement":[{"@type":"ListItem","position":1,"name":"Home","item":"https:\/\/eirikurjonsson.is\/"},{"@type":"ListItem","position":2,"name":"S\u00daRRANDI KARLREMBA \u00c1 FJ\u00d6LMI\u00d0LUM"}]},{"@type":"WebSite","@id":"https:\/\/eirikurjonsson.is\/#website","url":"https:\/\/eirikurjonsson.is\/","name":"Eir\u00edkur J\u00f3nsson","description":"Eir\u00edkur J\u00f3nsson | EIR eirikurjonsson.is","potentialAction":[{"@type":"SearchAction","target":{"@type":"EntryPoint","urlTemplate":"https:\/\/eirikurjonsson.is\/?s={search_term_string}"},"query-input":"required name=search_term_string"}],"inLanguage":"is"},{"@type":"Person","@id":"https:\/\/eirikurjonsson.is\/#\/schema\/person\/308afa1d0e201918034e31b1da4f07a5","name":"eir","image":{"@type":"ImageObject","inLanguage":"is","@id":"https:\/\/eirikurjonsson.is\/#\/schema\/person\/image\/","url":"https:\/\/secure.gravatar.com\/avatar\/b6748316a4400053a1fa9f4694b38d294dc5da6f4bacc727742bd8f3e689f87c?s=96&d=mm&r=g","contentUrl":"https:\/\/secure.gravatar.com\/avatar\/b6748316a4400053a1fa9f4694b38d294dc5da6f4bacc727742bd8f3e689f87c?s=96&d=mm&r=g","caption":"eir"},"url":"https:\/\/eirikurjonsson.is\/index.php\/author\/eir\/"}]}},"_links":{"self":[{"href":"https:\/\/eirikurjonsson.is\/index.php\/wp-json\/wp\/v2\/posts\/4190","targetHints":{"allow":["GET"]}}],"collection":[{"href":"https:\/\/eirikurjonsson.is\/index.php\/wp-json\/wp\/v2\/posts"}],"about":[{"href":"https:\/\/eirikurjonsson.is\/index.php\/wp-json\/wp\/v2\/types\/post"}],"author":[{"embeddable":true,"href":"https:\/\/eirikurjonsson.is\/index.php\/wp-json\/wp\/v2\/users\/2"}],"replies":[{"embeddable":true,"href":"https:\/\/eirikurjonsson.is\/index.php\/wp-json\/wp\/v2\/comments?post=4190"}],"version-history":[{"count":2,"href":"https:\/\/eirikurjonsson.is\/index.php\/wp-json\/wp\/v2\/posts\/4190\/revisions"}],"predecessor-version":[{"id":4193,"href":"https:\/\/eirikurjonsson.is\/index.php\/wp-json\/wp\/v2\/posts\/4190\/revisions\/4193"}],"wp:featuredmedia":[{"embeddable":true,"href":"https:\/\/eirikurjonsson.is\/index.php\/wp-json\/wp\/v2\/media\/4191"}],"wp:attachment":[{"href":"https:\/\/eirikurjonsson.is\/index.php\/wp-json\/wp\/v2\/media?parent=4190"}],"wp:term":[{"taxonomy":"category","embeddable":true,"href":"https:\/\/eirikurjonsson.is\/index.php\/wp-json\/wp\/v2\/categories?post=4190"},{"taxonomy":"post_tag","embeddable":true,"href":"https:\/\/eirikurjonsson.is\/index.php\/wp-json\/wp\/v2\/tags?post=4190"}],"curies":[{"name":"wp","href":"https:\/\/api.w.org\/{rel}","templated":true}]}}