{"id":4150,"date":"2024-11-12T21:49:07","date_gmt":"2024-11-12T21:49:07","guid":{"rendered":"https:\/\/eirikurjonsson.is\/?p=4150"},"modified":"2024-11-12T21:52:35","modified_gmt":"2024-11-12T21:52:35","slug":"hugmynd-aldarinnar-hotel-sem-hjukrunarheimili","status":"publish","type":"post","link":"https:\/\/eirikurjonsson.is\/index.php\/2024\/11\/12\/hugmynd-aldarinnar-hotel-sem-hjukrunarheimili\/","title":{"rendered":"HUGMYND ALDARINNAR &#8211; H\u00d3TEL SEM HJ\u00daKRUNARHEIMILI"},"content":{"rendered":"<div>&#8222;\u00deannig er a\u00f0 \u00e1 B\u00fallunni hefur i 20 \u00e1r veri\u00f0 \u00ed bo\u00f0i &#8222;tilbo\u00f0 aldarinnar&#8220; sem er b\u00falluborgari, franskar og gosdrykkur. N\u00fa er \u00e9g me\u00f0 hugmynd sem \u00e9g kalla &#8222;hugmynd aldarinnar&#8220;, &#8211;\u00a0 f\u00e9kk hana um daginn. \u00deetta tengist veru minni \u00e1 Al\u00feingi,&#8220; segir Tommi \u00e1 B\u00fallunni einnig \u00feekktur sem T\u00f3mas A. T\u00f3masson al\u00feingisma\u00f0ur:<\/div>\n<div>&#8211;<\/div>\n<div>&#8222;Eins og allir vita \u00fe\u00e1 er skortur \u00e1 hj\u00fakrunarheimilum n\u00e1nast allsta\u00f0ar \u00e1 landinu eftir \u00fev\u00ed sem m\u00e9r skilst. \u00de\u00e1 eru um og yfir 100 manns \u00e1 bi\u00f0lista inni \u00e1 Landssp\u00edtala sem b\u00ed\u00f0a eftir pl\u00e1ssi. Fyrir utan alla a\u00f0ra sem eru a\u00f0 b\u00ed\u00f0a eftir pl\u00e1ssi.<\/div>\n<div>&#8211;<\/div>\n<div>&#8222;\u00deegar h\u00f3tel Saga var til s\u00f6lu \u00fe\u00e1 vildi \u00e9g a\u00f0 \u00fev\u00ed yr\u00f0i breitt \u00ed hj\u00fakrunarheimili, hugsa a\u00f0 flestir eldri borgarar hef\u00f0u \u00feegi\u00f0 a\u00f0 b\u00faa a S\u00f6gu. Saga var gott 4 stj\u00f6rnu h\u00f3tel \u00ed fullum rekstri, um og yfir 200 herbegi og sv\u00edtur. Me\u00f0 alls kyns fundars\u00f6lum og veizlus\u00f6lum svo \u00e9g tali n\u00fa ekki um S\u00falnasalinn og \u00c1tthagasalinn sem flestir af minni kynsl\u00f3\u00f0 \u00feekkja. \u00deetta var eins bor\u00f0leggjandi og \u00fea\u00f0 gat veri\u00f0. En Saga var tekin og breytt \u00ed \u00edb\u00fa\u00f0ir fyrir n\u00e1msmenn sem vissulega \u00feurfa \u00e1 h\u00fasn\u00e6\u00f0i a\u00f0 halda.<\/div>\n<div>&#8211;<\/div>\n<div>\u00dea\u00f0 sem \u00e9g hefi veri\u00f0 a\u00f0 hugsa er eftirfarandi: \u00cd Reykjav\u00edk eru nokkur st\u00f3r h\u00f3tel sem flest eru 4 stj\u00f6rnu. \u00deessi h\u00f3tel hafa allt sem \u00fearf til a\u00f0 breyta \u00feeim \u00ed hj\u00fakrunarheimili. \u00c9g hitti \u00fe\u00e1 f\u00e9laga Willum og Sigur\u00f0 Inga \u00ed dag \u00ed \u00feinginu og vi\u00f0ra\u00f0i \u00feessa hugmynd vi\u00f0 \u00fe\u00e1.\u00a0 F\u00e9kk svo sem l\u00edtil vi\u00f0br\u00f6g\u00f0. En \u00e9g segi, \u00fe\u00f3 eitt svona h\u00f3tel v\u00e6ri keypt \u00e1 uppsprengdu ver\u00f0i og breitt \u00ed hj\u00fakrunarheimili \u00fe\u00e1 mundi \u00fea\u00f0 samt vera \u00f3d\u00fdrara en a\u00f0 byggja n\u00fdtt.\u00a0 \u00deetta v\u00e6ri h\u00e6gt a\u00f0 gera \u00e1 &#8222;no time&#8220; eins og sagt er. Hall\u00f3! \u00dea\u00f0 s\u00e1rvantar pl\u00e1ss!<\/div>\n<div>&#8211;<\/div>\n<div>S\u00e9 ekkert \u00feessu til fyrirst\u00f6\u00f0u nema \u00e1kv\u00f6r\u00f0unat\u00f6ku \u00feeirra sem r\u00e1\u00f0a en \u00fea\u00f0 eru Willum og Sigur\u00f0ur Ingi. Spurningin er hvort \u00feeir \u00feori. Boltinn er hj\u00e1 \u00feeim.&#8220;<\/div>\n","protected":false},"excerpt":{"rendered":"<p>&#8222;\u00deannig er a\u00f0 \u00e1 B\u00fallunni hefur i 20 \u00e1r veri\u00f0 \u00ed bo\u00f0i &#8222;tilbo\u00f0 aldarinnar&#8220; sem er b\u00falluborgari, franskar og gosdrykkur. N\u00fa er \u00e9g me\u00f0 hugmynd sem \u00e9g kalla &#8222;hugmynd aldarinnar&#8220;, &#8211;\u00a0 f\u00e9kk hana um daginn. \u00deetta tengist veru minni \u00e1 Al\u00feingi,&#8220; segir Tommi \u00e1 B\u00fallunni einnig \u00feekktur sem T\u00f3mas A. T\u00f3masson al\u00feingisma\u00f0ur: &#8211; &#8222;Eins og [&hellip;]<\/p>\n","protected":false},"author":2,"featured_media":4151,"comment_status":"open","ping_status":"open","sticky":false,"template":"","format":"standard","meta":{"_monsterinsights_skip_tracking":false,"_monsterinsights_sitenote_active":false,"_monsterinsights_sitenote_note":"","_monsterinsights_sitenote_category":0,"footnotes":""},"categories":[31],"tags":[],"class_list":{"0":"post-4150","1":"post","2":"type-post","3":"status-publish","4":"format-standard","5":"has-post-thumbnail","7":"category-greinar"},"yoast_head":"<!-- This site is optimized with the Yoast SEO plugin v22.0 - https:\/\/yoast.com\/wordpress\/plugins\/seo\/ -->\n<title>HUGMYND ALDARINNAR - H\u00d3TEL SEM HJ\u00daKRUNARHEIMILI &#8211; Eir\u00edkur J\u00f3nsson<\/title>\n<meta name=\"robots\" content=\"index, follow, max-snippet:-1, max-image-preview:large, max-video-preview:-1\" \/>\n<link rel=\"canonical\" href=\"https:\/\/eirikurjonsson.is\/index.php\/2024\/11\/12\/hugmynd-aldarinnar-hotel-sem-hjukrunarheimili\/\" \/>\n<meta property=\"og:locale\" content=\"is_IS\" \/>\n<meta property=\"og:type\" content=\"article\" \/>\n<meta property=\"og:title\" content=\"HUGMYND ALDARINNAR - H\u00d3TEL SEM HJ\u00daKRUNARHEIMILI &#8211; Eir\u00edkur J\u00f3nsson\" \/>\n<meta property=\"og:description\" content=\"&#8222;\u00deannig er a\u00f0 \u00e1 B\u00fallunni hefur i 20 \u00e1r veri\u00f0 \u00ed bo\u00f0i &#8222;tilbo\u00f0 aldarinnar&#8220; sem er b\u00falluborgari, franskar og gosdrykkur. N\u00fa er \u00e9g me\u00f0 hugmynd sem \u00e9g kalla &#8222;hugmynd aldarinnar&#8220;, &#8211;\u00a0 f\u00e9kk hana um daginn. \u00deetta tengist veru minni \u00e1 Al\u00feingi,&#8220; segir Tommi \u00e1 B\u00fallunni einnig \u00feekktur sem T\u00f3mas A. T\u00f3masson al\u00feingisma\u00f0ur: &#8211; &#8222;Eins og [&hellip;]\" \/>\n<meta property=\"og:url\" content=\"https:\/\/eirikurjonsson.is\/index.php\/2024\/11\/12\/hugmynd-aldarinnar-hotel-sem-hjukrunarheimili\/\" \/>\n<meta property=\"og:site_name\" content=\"Eir\u00edkur J\u00f3nsson\" \/>\n<meta property=\"article:published_time\" content=\"2024-11-12T21:49:07+00:00\" \/>\n<meta property=\"article:modified_time\" content=\"2024-11-12T21:52:35+00:00\" \/>\n<meta property=\"og:image\" content=\"https:\/\/eirikurjonsson.is\/wp-content\/uploads\/2024\/11\/hotel.jpg\" \/>\n\t<meta property=\"og:image:width\" content=\"625\" \/>\n\t<meta property=\"og:image:height\" content=\"476\" \/>\n\t<meta property=\"og:image:type\" content=\"image\/jpeg\" \/>\n<meta name=\"author\" content=\"eir\" \/>\n<meta name=\"twitter:card\" content=\"summary_large_image\" \/>\n<meta name=\"twitter:label1\" content=\"Written by\" \/>\n\t<meta name=\"twitter:data1\" content=\"eir\" \/>\n\t<meta name=\"twitter:label2\" content=\"Est. reading time\" \/>\n\t<meta name=\"twitter:data2\" content=\"2 minutes\" \/>\n<script type=\"application\/ld+json\" class=\"yoast-schema-graph\">{\"@context\":\"https:\/\/schema.org\",\"@graph\":[{\"@type\":\"WebPage\",\"@id\":\"https:\/\/eirikurjonsson.is\/index.php\/2024\/11\/12\/hugmynd-aldarinnar-hotel-sem-hjukrunarheimili\/\",\"url\":\"https:\/\/eirikurjonsson.is\/index.php\/2024\/11\/12\/hugmynd-aldarinnar-hotel-sem-hjukrunarheimili\/\",\"name\":\"HUGMYND ALDARINNAR - H\u00d3TEL SEM HJ\u00daKRUNARHEIMILI &#8211; Eir\u00edkur J\u00f3nsson\",\"isPartOf\":{\"@id\":\"https:\/\/eirikurjonsson.is\/#website\"},\"datePublished\":\"2024-11-12T21:49:07+00:00\",\"dateModified\":\"2024-11-12T21:52:35+00:00\",\"author\":{\"@id\":\"https:\/\/eirikurjonsson.is\/#\/schema\/person\/308afa1d0e201918034e31b1da4f07a5\"},\"breadcrumb\":{\"@id\":\"https:\/\/eirikurjonsson.is\/index.php\/2024\/11\/12\/hugmynd-aldarinnar-hotel-sem-hjukrunarheimili\/#breadcrumb\"},\"inLanguage\":\"is\",\"potentialAction\":[{\"@type\":\"ReadAction\",\"target\":[\"https:\/\/eirikurjonsson.is\/index.php\/2024\/11\/12\/hugmynd-aldarinnar-hotel-sem-hjukrunarheimili\/\"]}]},{\"@type\":\"BreadcrumbList\",\"@id\":\"https:\/\/eirikurjonsson.is\/index.php\/2024\/11\/12\/hugmynd-aldarinnar-hotel-sem-hjukrunarheimili\/#breadcrumb\",\"itemListElement\":[{\"@type\":\"ListItem\",\"position\":1,\"name\":\"Home\",\"item\":\"https:\/\/eirikurjonsson.is\/\"},{\"@type\":\"ListItem\",\"position\":2,\"name\":\"HUGMYND ALDARINNAR &#8211; H\u00d3TEL SEM HJ\u00daKRUNARHEIMILI\"}]},{\"@type\":\"WebSite\",\"@id\":\"https:\/\/eirikurjonsson.is\/#website\",\"url\":\"https:\/\/eirikurjonsson.is\/\",\"name\":\"Eir\u00edkur J\u00f3nsson\",\"description\":\"Eir\u00edkur J\u00f3nsson | EIR eirikurjonsson.is\",\"potentialAction\":[{\"@type\":\"SearchAction\",\"target\":{\"@type\":\"EntryPoint\",\"urlTemplate\":\"https:\/\/eirikurjonsson.is\/?s={search_term_string}\"},\"query-input\":\"required name=search_term_string\"}],\"inLanguage\":\"is\"},{\"@type\":\"Person\",\"@id\":\"https:\/\/eirikurjonsson.is\/#\/schema\/person\/308afa1d0e201918034e31b1da4f07a5\",\"name\":\"eir\",\"image\":{\"@type\":\"ImageObject\",\"inLanguage\":\"is\",\"@id\":\"https:\/\/eirikurjonsson.is\/#\/schema\/person\/image\/\",\"url\":\"https:\/\/secure.gravatar.com\/avatar\/b6748316a4400053a1fa9f4694b38d294dc5da6f4bacc727742bd8f3e689f87c?s=96&d=mm&r=g\",\"contentUrl\":\"https:\/\/secure.gravatar.com\/avatar\/b6748316a4400053a1fa9f4694b38d294dc5da6f4bacc727742bd8f3e689f87c?s=96&d=mm&r=g\",\"caption\":\"eir\"},\"url\":\"https:\/\/eirikurjonsson.is\/index.php\/author\/eir\/\"}]}<\/script>\n<!-- \/ Yoast SEO plugin. -->","yoast_head_json":{"title":"HUGMYND ALDARINNAR - H\u00d3TEL SEM HJ\u00daKRUNARHEIMILI &#8211; Eir\u00edkur J\u00f3nsson","robots":{"index":"index","follow":"follow","max-snippet":"max-snippet:-1","max-image-preview":"max-image-preview:large","max-video-preview":"max-video-preview:-1"},"canonical":"https:\/\/eirikurjonsson.is\/index.php\/2024\/11\/12\/hugmynd-aldarinnar-hotel-sem-hjukrunarheimili\/","og_locale":"is_IS","og_type":"article","og_title":"HUGMYND ALDARINNAR - H\u00d3TEL SEM HJ\u00daKRUNARHEIMILI &#8211; Eir\u00edkur J\u00f3nsson","og_description":"&#8222;\u00deannig er a\u00f0 \u00e1 B\u00fallunni hefur i 20 \u00e1r veri\u00f0 \u00ed bo\u00f0i &#8222;tilbo\u00f0 aldarinnar&#8220; sem er b\u00falluborgari, franskar og gosdrykkur. N\u00fa er \u00e9g me\u00f0 hugmynd sem \u00e9g kalla &#8222;hugmynd aldarinnar&#8220;, &#8211;\u00a0 f\u00e9kk hana um daginn. \u00deetta tengist veru minni \u00e1 Al\u00feingi,&#8220; segir Tommi \u00e1 B\u00fallunni einnig \u00feekktur sem T\u00f3mas A. T\u00f3masson al\u00feingisma\u00f0ur: &#8211; &#8222;Eins og [&hellip;]","og_url":"https:\/\/eirikurjonsson.is\/index.php\/2024\/11\/12\/hugmynd-aldarinnar-hotel-sem-hjukrunarheimili\/","og_site_name":"Eir\u00edkur J\u00f3nsson","article_published_time":"2024-11-12T21:49:07+00:00","article_modified_time":"2024-11-12T21:52:35+00:00","og_image":[{"width":625,"height":476,"url":"https:\/\/eirikurjonsson.is\/wp-content\/uploads\/2024\/11\/hotel.jpg","type":"image\/jpeg"}],"author":"eir","twitter_card":"summary_large_image","twitter_misc":{"Written by":"eir","Est. reading time":"2 minutes"},"schema":{"@context":"https:\/\/schema.org","@graph":[{"@type":"WebPage","@id":"https:\/\/eirikurjonsson.is\/index.php\/2024\/11\/12\/hugmynd-aldarinnar-hotel-sem-hjukrunarheimili\/","url":"https:\/\/eirikurjonsson.is\/index.php\/2024\/11\/12\/hugmynd-aldarinnar-hotel-sem-hjukrunarheimili\/","name":"HUGMYND ALDARINNAR - H\u00d3TEL SEM HJ\u00daKRUNARHEIMILI &#8211; Eir\u00edkur J\u00f3nsson","isPartOf":{"@id":"https:\/\/eirikurjonsson.is\/#website"},"datePublished":"2024-11-12T21:49:07+00:00","dateModified":"2024-11-12T21:52:35+00:00","author":{"@id":"https:\/\/eirikurjonsson.is\/#\/schema\/person\/308afa1d0e201918034e31b1da4f07a5"},"breadcrumb":{"@id":"https:\/\/eirikurjonsson.is\/index.php\/2024\/11\/12\/hugmynd-aldarinnar-hotel-sem-hjukrunarheimili\/#breadcrumb"},"inLanguage":"is","potentialAction":[{"@type":"ReadAction","target":["https:\/\/eirikurjonsson.is\/index.php\/2024\/11\/12\/hugmynd-aldarinnar-hotel-sem-hjukrunarheimili\/"]}]},{"@type":"BreadcrumbList","@id":"https:\/\/eirikurjonsson.is\/index.php\/2024\/11\/12\/hugmynd-aldarinnar-hotel-sem-hjukrunarheimili\/#breadcrumb","itemListElement":[{"@type":"ListItem","position":1,"name":"Home","item":"https:\/\/eirikurjonsson.is\/"},{"@type":"ListItem","position":2,"name":"HUGMYND ALDARINNAR &#8211; H\u00d3TEL SEM HJ\u00daKRUNARHEIMILI"}]},{"@type":"WebSite","@id":"https:\/\/eirikurjonsson.is\/#website","url":"https:\/\/eirikurjonsson.is\/","name":"Eir\u00edkur J\u00f3nsson","description":"Eir\u00edkur J\u00f3nsson | EIR eirikurjonsson.is","potentialAction":[{"@type":"SearchAction","target":{"@type":"EntryPoint","urlTemplate":"https:\/\/eirikurjonsson.is\/?s={search_term_string}"},"query-input":"required name=search_term_string"}],"inLanguage":"is"},{"@type":"Person","@id":"https:\/\/eirikurjonsson.is\/#\/schema\/person\/308afa1d0e201918034e31b1da4f07a5","name":"eir","image":{"@type":"ImageObject","inLanguage":"is","@id":"https:\/\/eirikurjonsson.is\/#\/schema\/person\/image\/","url":"https:\/\/secure.gravatar.com\/avatar\/b6748316a4400053a1fa9f4694b38d294dc5da6f4bacc727742bd8f3e689f87c?s=96&d=mm&r=g","contentUrl":"https:\/\/secure.gravatar.com\/avatar\/b6748316a4400053a1fa9f4694b38d294dc5da6f4bacc727742bd8f3e689f87c?s=96&d=mm&r=g","caption":"eir"},"url":"https:\/\/eirikurjonsson.is\/index.php\/author\/eir\/"}]}},"_links":{"self":[{"href":"https:\/\/eirikurjonsson.is\/index.php\/wp-json\/wp\/v2\/posts\/4150","targetHints":{"allow":["GET"]}}],"collection":[{"href":"https:\/\/eirikurjonsson.is\/index.php\/wp-json\/wp\/v2\/posts"}],"about":[{"href":"https:\/\/eirikurjonsson.is\/index.php\/wp-json\/wp\/v2\/types\/post"}],"author":[{"embeddable":true,"href":"https:\/\/eirikurjonsson.is\/index.php\/wp-json\/wp\/v2\/users\/2"}],"replies":[{"embeddable":true,"href":"https:\/\/eirikurjonsson.is\/index.php\/wp-json\/wp\/v2\/comments?post=4150"}],"version-history":[{"count":3,"href":"https:\/\/eirikurjonsson.is\/index.php\/wp-json\/wp\/v2\/posts\/4150\/revisions"}],"predecessor-version":[{"id":4154,"href":"https:\/\/eirikurjonsson.is\/index.php\/wp-json\/wp\/v2\/posts\/4150\/revisions\/4154"}],"wp:featuredmedia":[{"embeddable":true,"href":"https:\/\/eirikurjonsson.is\/index.php\/wp-json\/wp\/v2\/media\/4151"}],"wp:attachment":[{"href":"https:\/\/eirikurjonsson.is\/index.php\/wp-json\/wp\/v2\/media?parent=4150"}],"wp:term":[{"taxonomy":"category","embeddable":true,"href":"https:\/\/eirikurjonsson.is\/index.php\/wp-json\/wp\/v2\/categories?post=4150"},{"taxonomy":"post_tag","embeddable":true,"href":"https:\/\/eirikurjonsson.is\/index.php\/wp-json\/wp\/v2\/tags?post=4150"}],"curies":[{"name":"wp","href":"https:\/\/api.w.org\/{rel}","templated":true}]}}