{"id":4146,"date":"2024-11-12T14:14:50","date_gmt":"2024-11-12T14:14:50","guid":{"rendered":"https:\/\/eirikurjonsson.is\/?p=4146"},"modified":"2024-11-12T14:15:09","modified_gmt":"2024-11-12T14:15:09","slug":"eg-kvidi-vidi","status":"publish","type":"post","link":"https:\/\/eirikurjonsson.is\/index.php\/2024\/11\/12\/eg-kvidi-vidi\/","title":{"rendered":"\u00c9G KV\u00cd\u00d0I V\u00cd\u00d0I"},"content":{"rendered":"<p><img loading=\"lazy\" decoding=\"async\" class=\"size-medium wp-image-4148 alignleft\" src=\"https:\/\/eirikurjonsson.is\/wp-content\/uploads\/2024\/11\/vidir-1-300x194.jpg\" alt=\"\" width=\"300\" height=\"194\" srcset=\"https:\/\/eirikurjonsson.is\/wp-content\/uploads\/2024\/11\/vidir-1-300x194.jpg 300w, https:\/\/eirikurjonsson.is\/wp-content\/uploads\/2024\/11\/vidir-1-1024x664.jpg 1024w, https:\/\/eirikurjonsson.is\/wp-content\/uploads\/2024\/11\/vidir-1-768x498.jpg 768w, https:\/\/eirikurjonsson.is\/wp-content\/uploads\/2024\/11\/vidir-1-696x451.jpg 696w, https:\/\/eirikurjonsson.is\/wp-content\/uploads\/2024\/11\/vidir-1-1068x692.jpg 1068w, https:\/\/eirikurjonsson.is\/wp-content\/uploads\/2024\/11\/vidir-1.jpg 1080w\" sizes=\"auto, (max-width: 300px) 100vw, 300px\" \/>&#8222;\u00c9g hl\u00fd\u00f0i V\u00ed\u00f0i&#8220; s\u00f6ng \u00fej\u00f3\u00f0in einum r\u00f3mi \u00ed covidinu en n\u00fa kve\u00f0ur vi\u00f0 annan t\u00f3n etir a\u00f0 V\u00ed\u00f0ir almannavarnarstj\u00f3ri f\u00f3r \u00ed frambo\u00f0 fyrir Samfylkinguna. Umm\u00e6li hans um a\u00f0 h\u00e6gt v\u00e6ri a\u00f0 n\u00e1 \u00ed auki\u00f0 skattf\u00e9 me\u00f0 \u00fev\u00ed r\u00e1\u00f0ast til atl\u00f6gu vi\u00f0 einkahlutf\u00e9l\u00f6g einyrkja og sm\u00e6rri fyrirt\u00e6kja f\u00f3r fyrir brj\u00f3sti\u00f0 \u00e1 h\u00e1rgrei\u00f0sluf\u00f3lki og p\u00edpurum &#8211; sem V\u00ed\u00f0ir nefndi svo \u00f3heppilega til s\u00f6gunnar.<\/p>\n<p>\u00cd bo\u00f0i eru n\u00fa bolir me\u00f0 n\u00fdtti \u00fatf\u00e6rslu \u00e1 bo\u00f0skap V\u00ed\u00f0is: &#8222;\u00c9g kv\u00ed\u00f0i V\u00ed\u00f0i&#8220;.<\/p>\n","protected":false},"excerpt":{"rendered":"<p>&#8222;\u00c9g hl\u00fd\u00f0i V\u00ed\u00f0i&#8220; s\u00f6ng \u00fej\u00f3\u00f0in einum r\u00f3mi \u00ed covidinu en n\u00fa kve\u00f0ur vi\u00f0 annan t\u00f3n etir a\u00f0 V\u00ed\u00f0ir almannavarnarstj\u00f3ri f\u00f3r \u00ed frambo\u00f0 fyrir Samfylkinguna. Umm\u00e6li hans um a\u00f0 h\u00e6gt v\u00e6ri a\u00f0 n\u00e1 \u00ed auki\u00f0 skattf\u00e9 me\u00f0 \u00fev\u00ed r\u00e1\u00f0ast til atl\u00f6gu vi\u00f0 einkahlutf\u00e9l\u00f6g einyrkja og sm\u00e6rri fyrirt\u00e6kja f\u00f3r fyrir brj\u00f3sti\u00f0 \u00e1 h\u00e1rgrei\u00f0sluf\u00f3lki og p\u00edpurum &#8211; sem [&hellip;]<\/p>\n","protected":false},"author":2,"featured_media":4147,"comment_status":"open","ping_status":"open","sticky":false,"template":"","format":"standard","meta":{"_monsterinsights_skip_tracking":false,"_monsterinsights_sitenote_active":false,"_monsterinsights_sitenote_note":"","_monsterinsights_sitenote_category":0,"footnotes":""},"categories":[31],"tags":[],"class_list":{"0":"post-4146","1":"post","2":"type-post","3":"status-publish","4":"format-standard","5":"has-post-thumbnail","7":"category-greinar"},"yoast_head":"<!-- This site is optimized with the Yoast SEO plugin v22.0 - https:\/\/yoast.com\/wordpress\/plugins\/seo\/ -->\n<title>\u00c9G KV\u00cd\u00d0I V\u00cd\u00d0I &#8211; Eir\u00edkur J\u00f3nsson<\/title>\n<meta name=\"robots\" content=\"index, follow, max-snippet:-1, max-image-preview:large, max-video-preview:-1\" \/>\n<link rel=\"canonical\" href=\"https:\/\/eirikurjonsson.is\/index.php\/2024\/11\/12\/eg-kvidi-vidi\/\" \/>\n<meta property=\"og:locale\" content=\"is_IS\" \/>\n<meta property=\"og:type\" content=\"article\" \/>\n<meta property=\"og:title\" content=\"\u00c9G KV\u00cd\u00d0I V\u00cd\u00d0I &#8211; Eir\u00edkur J\u00f3nsson\" \/>\n<meta property=\"og:description\" content=\"&#8222;\u00c9g hl\u00fd\u00f0i V\u00ed\u00f0i&#8220; s\u00f6ng \u00fej\u00f3\u00f0in einum r\u00f3mi \u00ed covidinu en n\u00fa kve\u00f0ur vi\u00f0 annan t\u00f3n etir a\u00f0 V\u00ed\u00f0ir almannavarnarstj\u00f3ri f\u00f3r \u00ed frambo\u00f0 fyrir Samfylkinguna. Umm\u00e6li hans um a\u00f0 h\u00e6gt v\u00e6ri a\u00f0 n\u00e1 \u00ed auki\u00f0 skattf\u00e9 me\u00f0 \u00fev\u00ed r\u00e1\u00f0ast til atl\u00f6gu vi\u00f0 einkahlutf\u00e9l\u00f6g einyrkja og sm\u00e6rri fyrirt\u00e6kja f\u00f3r fyrir brj\u00f3sti\u00f0 \u00e1 h\u00e1rgrei\u00f0sluf\u00f3lki og p\u00edpurum &#8211; sem [&hellip;]\" \/>\n<meta property=\"og:url\" content=\"https:\/\/eirikurjonsson.is\/index.php\/2024\/11\/12\/eg-kvidi-vidi\/\" \/>\n<meta property=\"og:site_name\" content=\"Eir\u00edkur J\u00f3nsson\" \/>\n<meta property=\"article:published_time\" content=\"2024-11-12T14:14:50+00:00\" \/>\n<meta property=\"article:modified_time\" content=\"2024-11-12T14:15:09+00:00\" \/>\n<meta property=\"og:image\" content=\"https:\/\/eirikurjonsson.is\/wp-content\/uploads\/2024\/11\/vidir-2.jpg\" \/>\n\t<meta property=\"og:image:width\" content=\"1080\" \/>\n\t<meta property=\"og:image:height\" content=\"698\" \/>\n\t<meta property=\"og:image:type\" content=\"image\/jpeg\" \/>\n<meta name=\"author\" content=\"eir\" \/>\n<meta name=\"twitter:card\" content=\"summary_large_image\" \/>\n<meta name=\"twitter:label1\" content=\"Written by\" \/>\n\t<meta name=\"twitter:data1\" content=\"eir\" \/>\n\t<meta name=\"twitter:label2\" content=\"Est. reading time\" \/>\n\t<meta name=\"twitter:data2\" content=\"1 minute\" \/>\n<script type=\"application\/ld+json\" class=\"yoast-schema-graph\">{\"@context\":\"https:\/\/schema.org\",\"@graph\":[{\"@type\":\"WebPage\",\"@id\":\"https:\/\/eirikurjonsson.is\/index.php\/2024\/11\/12\/eg-kvidi-vidi\/\",\"url\":\"https:\/\/eirikurjonsson.is\/index.php\/2024\/11\/12\/eg-kvidi-vidi\/\",\"name\":\"\u00c9G KV\u00cd\u00d0I V\u00cd\u00d0I &#8211; Eir\u00edkur J\u00f3nsson\",\"isPartOf\":{\"@id\":\"https:\/\/eirikurjonsson.is\/#website\"},\"datePublished\":\"2024-11-12T14:14:50+00:00\",\"dateModified\":\"2024-11-12T14:15:09+00:00\",\"author\":{\"@id\":\"https:\/\/eirikurjonsson.is\/#\/schema\/person\/308afa1d0e201918034e31b1da4f07a5\"},\"breadcrumb\":{\"@id\":\"https:\/\/eirikurjonsson.is\/index.php\/2024\/11\/12\/eg-kvidi-vidi\/#breadcrumb\"},\"inLanguage\":\"is\",\"potentialAction\":[{\"@type\":\"ReadAction\",\"target\":[\"https:\/\/eirikurjonsson.is\/index.php\/2024\/11\/12\/eg-kvidi-vidi\/\"]}]},{\"@type\":\"BreadcrumbList\",\"@id\":\"https:\/\/eirikurjonsson.is\/index.php\/2024\/11\/12\/eg-kvidi-vidi\/#breadcrumb\",\"itemListElement\":[{\"@type\":\"ListItem\",\"position\":1,\"name\":\"Home\",\"item\":\"https:\/\/eirikurjonsson.is\/\"},{\"@type\":\"ListItem\",\"position\":2,\"name\":\"\u00c9G KV\u00cd\u00d0I V\u00cd\u00d0I\"}]},{\"@type\":\"WebSite\",\"@id\":\"https:\/\/eirikurjonsson.is\/#website\",\"url\":\"https:\/\/eirikurjonsson.is\/\",\"name\":\"Eir\u00edkur J\u00f3nsson\",\"description\":\"Eir\u00edkur J\u00f3nsson | EIR eirikurjonsson.is\",\"potentialAction\":[{\"@type\":\"SearchAction\",\"target\":{\"@type\":\"EntryPoint\",\"urlTemplate\":\"https:\/\/eirikurjonsson.is\/?s={search_term_string}\"},\"query-input\":\"required name=search_term_string\"}],\"inLanguage\":\"is\"},{\"@type\":\"Person\",\"@id\":\"https:\/\/eirikurjonsson.is\/#\/schema\/person\/308afa1d0e201918034e31b1da4f07a5\",\"name\":\"eir\",\"image\":{\"@type\":\"ImageObject\",\"inLanguage\":\"is\",\"@id\":\"https:\/\/eirikurjonsson.is\/#\/schema\/person\/image\/\",\"url\":\"https:\/\/secure.gravatar.com\/avatar\/b6748316a4400053a1fa9f4694b38d294dc5da6f4bacc727742bd8f3e689f87c?s=96&d=mm&r=g\",\"contentUrl\":\"https:\/\/secure.gravatar.com\/avatar\/b6748316a4400053a1fa9f4694b38d294dc5da6f4bacc727742bd8f3e689f87c?s=96&d=mm&r=g\",\"caption\":\"eir\"},\"url\":\"https:\/\/eirikurjonsson.is\/index.php\/author\/eir\/\"}]}<\/script>\n<!-- \/ Yoast SEO plugin. -->","yoast_head_json":{"title":"\u00c9G KV\u00cd\u00d0I V\u00cd\u00d0I &#8211; Eir\u00edkur J\u00f3nsson","robots":{"index":"index","follow":"follow","max-snippet":"max-snippet:-1","max-image-preview":"max-image-preview:large","max-video-preview":"max-video-preview:-1"},"canonical":"https:\/\/eirikurjonsson.is\/index.php\/2024\/11\/12\/eg-kvidi-vidi\/","og_locale":"is_IS","og_type":"article","og_title":"\u00c9G KV\u00cd\u00d0I V\u00cd\u00d0I &#8211; Eir\u00edkur J\u00f3nsson","og_description":"&#8222;\u00c9g hl\u00fd\u00f0i V\u00ed\u00f0i&#8220; s\u00f6ng \u00fej\u00f3\u00f0in einum r\u00f3mi \u00ed covidinu en n\u00fa kve\u00f0ur vi\u00f0 annan t\u00f3n etir a\u00f0 V\u00ed\u00f0ir almannavarnarstj\u00f3ri f\u00f3r \u00ed frambo\u00f0 fyrir Samfylkinguna. Umm\u00e6li hans um a\u00f0 h\u00e6gt v\u00e6ri a\u00f0 n\u00e1 \u00ed auki\u00f0 skattf\u00e9 me\u00f0 \u00fev\u00ed r\u00e1\u00f0ast til atl\u00f6gu vi\u00f0 einkahlutf\u00e9l\u00f6g einyrkja og sm\u00e6rri fyrirt\u00e6kja f\u00f3r fyrir brj\u00f3sti\u00f0 \u00e1 h\u00e1rgrei\u00f0sluf\u00f3lki og p\u00edpurum &#8211; sem [&hellip;]","og_url":"https:\/\/eirikurjonsson.is\/index.php\/2024\/11\/12\/eg-kvidi-vidi\/","og_site_name":"Eir\u00edkur J\u00f3nsson","article_published_time":"2024-11-12T14:14:50+00:00","article_modified_time":"2024-11-12T14:15:09+00:00","og_image":[{"width":1080,"height":698,"url":"https:\/\/eirikurjonsson.is\/wp-content\/uploads\/2024\/11\/vidir-2.jpg","type":"image\/jpeg"}],"author":"eir","twitter_card":"summary_large_image","twitter_misc":{"Written by":"eir","Est. reading time":"1 minute"},"schema":{"@context":"https:\/\/schema.org","@graph":[{"@type":"WebPage","@id":"https:\/\/eirikurjonsson.is\/index.php\/2024\/11\/12\/eg-kvidi-vidi\/","url":"https:\/\/eirikurjonsson.is\/index.php\/2024\/11\/12\/eg-kvidi-vidi\/","name":"\u00c9G KV\u00cd\u00d0I V\u00cd\u00d0I &#8211; Eir\u00edkur J\u00f3nsson","isPartOf":{"@id":"https:\/\/eirikurjonsson.is\/#website"},"datePublished":"2024-11-12T14:14:50+00:00","dateModified":"2024-11-12T14:15:09+00:00","author":{"@id":"https:\/\/eirikurjonsson.is\/#\/schema\/person\/308afa1d0e201918034e31b1da4f07a5"},"breadcrumb":{"@id":"https:\/\/eirikurjonsson.is\/index.php\/2024\/11\/12\/eg-kvidi-vidi\/#breadcrumb"},"inLanguage":"is","potentialAction":[{"@type":"ReadAction","target":["https:\/\/eirikurjonsson.is\/index.php\/2024\/11\/12\/eg-kvidi-vidi\/"]}]},{"@type":"BreadcrumbList","@id":"https:\/\/eirikurjonsson.is\/index.php\/2024\/11\/12\/eg-kvidi-vidi\/#breadcrumb","itemListElement":[{"@type":"ListItem","position":1,"name":"Home","item":"https:\/\/eirikurjonsson.is\/"},{"@type":"ListItem","position":2,"name":"\u00c9G KV\u00cd\u00d0I V\u00cd\u00d0I"}]},{"@type":"WebSite","@id":"https:\/\/eirikurjonsson.is\/#website","url":"https:\/\/eirikurjonsson.is\/","name":"Eir\u00edkur J\u00f3nsson","description":"Eir\u00edkur J\u00f3nsson | EIR eirikurjonsson.is","potentialAction":[{"@type":"SearchAction","target":{"@type":"EntryPoint","urlTemplate":"https:\/\/eirikurjonsson.is\/?s={search_term_string}"},"query-input":"required name=search_term_string"}],"inLanguage":"is"},{"@type":"Person","@id":"https:\/\/eirikurjonsson.is\/#\/schema\/person\/308afa1d0e201918034e31b1da4f07a5","name":"eir","image":{"@type":"ImageObject","inLanguage":"is","@id":"https:\/\/eirikurjonsson.is\/#\/schema\/person\/image\/","url":"https:\/\/secure.gravatar.com\/avatar\/b6748316a4400053a1fa9f4694b38d294dc5da6f4bacc727742bd8f3e689f87c?s=96&d=mm&r=g","contentUrl":"https:\/\/secure.gravatar.com\/avatar\/b6748316a4400053a1fa9f4694b38d294dc5da6f4bacc727742bd8f3e689f87c?s=96&d=mm&r=g","caption":"eir"},"url":"https:\/\/eirikurjonsson.is\/index.php\/author\/eir\/"}]}},"_links":{"self":[{"href":"https:\/\/eirikurjonsson.is\/index.php\/wp-json\/wp\/v2\/posts\/4146","targetHints":{"allow":["GET"]}}],"collection":[{"href":"https:\/\/eirikurjonsson.is\/index.php\/wp-json\/wp\/v2\/posts"}],"about":[{"href":"https:\/\/eirikurjonsson.is\/index.php\/wp-json\/wp\/v2\/types\/post"}],"author":[{"embeddable":true,"href":"https:\/\/eirikurjonsson.is\/index.php\/wp-json\/wp\/v2\/users\/2"}],"replies":[{"embeddable":true,"href":"https:\/\/eirikurjonsson.is\/index.php\/wp-json\/wp\/v2\/comments?post=4146"}],"version-history":[{"count":1,"href":"https:\/\/eirikurjonsson.is\/index.php\/wp-json\/wp\/v2\/posts\/4146\/revisions"}],"predecessor-version":[{"id":4149,"href":"https:\/\/eirikurjonsson.is\/index.php\/wp-json\/wp\/v2\/posts\/4146\/revisions\/4149"}],"wp:featuredmedia":[{"embeddable":true,"href":"https:\/\/eirikurjonsson.is\/index.php\/wp-json\/wp\/v2\/media\/4147"}],"wp:attachment":[{"href":"https:\/\/eirikurjonsson.is\/index.php\/wp-json\/wp\/v2\/media?parent=4146"}],"wp:term":[{"taxonomy":"category","embeddable":true,"href":"https:\/\/eirikurjonsson.is\/index.php\/wp-json\/wp\/v2\/categories?post=4146"},{"taxonomy":"post_tag","embeddable":true,"href":"https:\/\/eirikurjonsson.is\/index.php\/wp-json\/wp\/v2\/tags?post=4146"}],"curies":[{"name":"wp","href":"https:\/\/api.w.org\/{rel}","templated":true}]}}