{"id":4100,"date":"2024-11-08T10:12:21","date_gmt":"2024-11-08T10:12:21","guid":{"rendered":"https:\/\/eirikurjonsson.is\/?p=4100"},"modified":"2024-11-08T10:14:50","modified_gmt":"2024-11-08T10:14:50","slug":"vonbidlar-i-moa","status":"publish","type":"post","link":"https:\/\/eirikurjonsson.is\/index.php\/2024\/11\/08\/vonbidlar-i-moa\/","title":{"rendered":"VONBI\u00d0LAR \u00cd M\u00d3A"},"content":{"rendered":"<p style=\"text-align: center;\">Gamall fr\u00e9ttarefur sendir p\u00f3st:<\/p>\n<p style=\"text-align: center;\">&#8211;<\/p>\n<p style=\"text-align: left;\"><em>\u00de\u00fa ert a\u00f0 <a href=\"https:\/\/eirikurjonsson.is\/index.php\/2024\/11\/02\/thu-last-thad-fyrir-her-thorgerdur-verdur-forsaetisradherra\/\">sp\u00e1<\/a> \u00fev\u00ed a\u00f0 \u00deorger\u00f0ur Katr\u00edn setjist \u00ed skrifstofuna \u00ed Stj\u00f3rnarr\u00e1\u00f0inu vi\u00f0 L\u00e6kjartorg og vel m\u00e1 vera a\u00f0 svo ver\u00f0i. En f\u00f3lk \u00e1 Mogganum \u00ed H\u00e1degism\u00f3um veltir \u00fev\u00ed n\u00fa fyrir s\u00e9r hva\u00f0 ver\u00f0i eftir kosningar \u00feegar \u00d3li Bj\u00f6rn ver\u00f0ur atvinnulaus. Stef\u00e1n kampav\u00ednsinnflytjandi er talinn \u00far s\u00f6gunni, en sonur Nat\u00f3 Manga me\u00f0 fallegu skyrtuhnappana er talinn l\u00edklegri. Hins vegar \u00f3ttast menn mj\u00f6g a\u00f0 arftaki DO ver\u00f0i t\u00e9\u00f0ur \u00d3li Bj\u00f6rn Sau\u00f0kr\u00e6kingur me\u00f0 meiru.<\/em><\/p>\n","protected":false},"excerpt":{"rendered":"<p>Gamall fr\u00e9ttarefur sendir p\u00f3st: &#8211; \u00de\u00fa ert a\u00f0 sp\u00e1 \u00fev\u00ed a\u00f0 \u00deorger\u00f0ur Katr\u00edn setjist \u00ed skrifstofuna \u00ed Stj\u00f3rnarr\u00e1\u00f0inu vi\u00f0 L\u00e6kjartorg og vel m\u00e1 vera a\u00f0 svo ver\u00f0i. En f\u00f3lk \u00e1 Mogganum \u00ed H\u00e1degism\u00f3um veltir \u00fev\u00ed n\u00fa fyrir s\u00e9r hva\u00f0 ver\u00f0i eftir kosningar \u00feegar \u00d3li Bj\u00f6rn ver\u00f0ur atvinnulaus. Stef\u00e1n kampav\u00ednsinnflytjandi er talinn \u00far s\u00f6gunni, en sonur [&hellip;]<\/p>\n","protected":false},"author":2,"featured_media":4103,"comment_status":"open","ping_status":"open","sticky":false,"template":"","format":"standard","meta":{"_monsterinsights_skip_tracking":false,"_monsterinsights_sitenote_active":false,"_monsterinsights_sitenote_note":"","_monsterinsights_sitenote_category":0,"footnotes":""},"categories":[30],"tags":[],"class_list":{"0":"post-4100","1":"post","2":"type-post","3":"status-publish","4":"format-standard","5":"has-post-thumbnail","7":"category-sagt-er"},"yoast_head":"<!-- This site is optimized with the Yoast SEO plugin v22.0 - https:\/\/yoast.com\/wordpress\/plugins\/seo\/ -->\n<title>VONBI\u00d0LAR \u00cd M\u00d3A &#8211; Eir\u00edkur J\u00f3nsson<\/title>\n<meta name=\"robots\" content=\"index, follow, max-snippet:-1, max-image-preview:large, max-video-preview:-1\" \/>\n<link rel=\"canonical\" href=\"https:\/\/eirikurjonsson.is\/index.php\/2024\/11\/08\/vonbidlar-i-moa\/\" \/>\n<meta property=\"og:locale\" content=\"is_IS\" \/>\n<meta property=\"og:type\" content=\"article\" \/>\n<meta property=\"og:title\" content=\"VONBI\u00d0LAR \u00cd M\u00d3A &#8211; Eir\u00edkur J\u00f3nsson\" \/>\n<meta property=\"og:description\" content=\"Gamall fr\u00e9ttarefur sendir p\u00f3st: &#8211; \u00de\u00fa ert a\u00f0 sp\u00e1 \u00fev\u00ed a\u00f0 \u00deorger\u00f0ur Katr\u00edn setjist \u00ed skrifstofuna \u00ed Stj\u00f3rnarr\u00e1\u00f0inu vi\u00f0 L\u00e6kjartorg og vel m\u00e1 vera a\u00f0 svo ver\u00f0i. En f\u00f3lk \u00e1 Mogganum \u00ed H\u00e1degism\u00f3um veltir \u00fev\u00ed n\u00fa fyrir s\u00e9r hva\u00f0 ver\u00f0i eftir kosningar \u00feegar \u00d3li Bj\u00f6rn ver\u00f0ur atvinnulaus. Stef\u00e1n kampav\u00ednsinnflytjandi er talinn \u00far s\u00f6gunni, en sonur [&hellip;]\" \/>\n<meta property=\"og:url\" content=\"https:\/\/eirikurjonsson.is\/index.php\/2024\/11\/08\/vonbidlar-i-moa\/\" \/>\n<meta property=\"og:site_name\" content=\"Eir\u00edkur J\u00f3nsson\" \/>\n<meta property=\"article:published_time\" content=\"2024-11-08T10:12:21+00:00\" \/>\n<meta property=\"article:modified_time\" content=\"2024-11-08T10:14:50+00:00\" \/>\n<meta property=\"og:image\" content=\"https:\/\/eirikurjonsson.is\/wp-content\/uploads\/2024\/11\/MOGGI.png\" \/>\n\t<meta property=\"og:image:width\" content=\"337\" \/>\n\t<meta property=\"og:image:height\" content=\"242\" \/>\n\t<meta property=\"og:image:type\" content=\"image\/png\" \/>\n<meta name=\"author\" content=\"eir\" \/>\n<meta name=\"twitter:card\" content=\"summary_large_image\" \/>\n<meta name=\"twitter:label1\" content=\"Written by\" \/>\n\t<meta name=\"twitter:data1\" content=\"eir\" \/>\n\t<meta name=\"twitter:label2\" content=\"Est. reading time\" \/>\n\t<meta name=\"twitter:data2\" content=\"1 minute\" \/>\n<script type=\"application\/ld+json\" class=\"yoast-schema-graph\">{\"@context\":\"https:\/\/schema.org\",\"@graph\":[{\"@type\":\"WebPage\",\"@id\":\"https:\/\/eirikurjonsson.is\/index.php\/2024\/11\/08\/vonbidlar-i-moa\/\",\"url\":\"https:\/\/eirikurjonsson.is\/index.php\/2024\/11\/08\/vonbidlar-i-moa\/\",\"name\":\"VONBI\u00d0LAR \u00cd M\u00d3A &#8211; Eir\u00edkur J\u00f3nsson\",\"isPartOf\":{\"@id\":\"https:\/\/eirikurjonsson.is\/#website\"},\"datePublished\":\"2024-11-08T10:12:21+00:00\",\"dateModified\":\"2024-11-08T10:14:50+00:00\",\"author\":{\"@id\":\"https:\/\/eirikurjonsson.is\/#\/schema\/person\/308afa1d0e201918034e31b1da4f07a5\"},\"breadcrumb\":{\"@id\":\"https:\/\/eirikurjonsson.is\/index.php\/2024\/11\/08\/vonbidlar-i-moa\/#breadcrumb\"},\"inLanguage\":\"is\",\"potentialAction\":[{\"@type\":\"ReadAction\",\"target\":[\"https:\/\/eirikurjonsson.is\/index.php\/2024\/11\/08\/vonbidlar-i-moa\/\"]}]},{\"@type\":\"BreadcrumbList\",\"@id\":\"https:\/\/eirikurjonsson.is\/index.php\/2024\/11\/08\/vonbidlar-i-moa\/#breadcrumb\",\"itemListElement\":[{\"@type\":\"ListItem\",\"position\":1,\"name\":\"Home\",\"item\":\"https:\/\/eirikurjonsson.is\/\"},{\"@type\":\"ListItem\",\"position\":2,\"name\":\"VONBI\u00d0LAR \u00cd M\u00d3A\"}]},{\"@type\":\"WebSite\",\"@id\":\"https:\/\/eirikurjonsson.is\/#website\",\"url\":\"https:\/\/eirikurjonsson.is\/\",\"name\":\"Eir\u00edkur J\u00f3nsson\",\"description\":\"Eir\u00edkur J\u00f3nsson | EIR eirikurjonsson.is\",\"potentialAction\":[{\"@type\":\"SearchAction\",\"target\":{\"@type\":\"EntryPoint\",\"urlTemplate\":\"https:\/\/eirikurjonsson.is\/?s={search_term_string}\"},\"query-input\":\"required name=search_term_string\"}],\"inLanguage\":\"is\"},{\"@type\":\"Person\",\"@id\":\"https:\/\/eirikurjonsson.is\/#\/schema\/person\/308afa1d0e201918034e31b1da4f07a5\",\"name\":\"eir\",\"image\":{\"@type\":\"ImageObject\",\"inLanguage\":\"is\",\"@id\":\"https:\/\/eirikurjonsson.is\/#\/schema\/person\/image\/\",\"url\":\"https:\/\/secure.gravatar.com\/avatar\/b6748316a4400053a1fa9f4694b38d294dc5da6f4bacc727742bd8f3e689f87c?s=96&d=mm&r=g\",\"contentUrl\":\"https:\/\/secure.gravatar.com\/avatar\/b6748316a4400053a1fa9f4694b38d294dc5da6f4bacc727742bd8f3e689f87c?s=96&d=mm&r=g\",\"caption\":\"eir\"},\"url\":\"https:\/\/eirikurjonsson.is\/index.php\/author\/eir\/\"}]}<\/script>\n<!-- \/ Yoast SEO plugin. -->","yoast_head_json":{"title":"VONBI\u00d0LAR \u00cd M\u00d3A &#8211; Eir\u00edkur J\u00f3nsson","robots":{"index":"index","follow":"follow","max-snippet":"max-snippet:-1","max-image-preview":"max-image-preview:large","max-video-preview":"max-video-preview:-1"},"canonical":"https:\/\/eirikurjonsson.is\/index.php\/2024\/11\/08\/vonbidlar-i-moa\/","og_locale":"is_IS","og_type":"article","og_title":"VONBI\u00d0LAR \u00cd M\u00d3A &#8211; Eir\u00edkur J\u00f3nsson","og_description":"Gamall fr\u00e9ttarefur sendir p\u00f3st: &#8211; \u00de\u00fa ert a\u00f0 sp\u00e1 \u00fev\u00ed a\u00f0 \u00deorger\u00f0ur Katr\u00edn setjist \u00ed skrifstofuna \u00ed Stj\u00f3rnarr\u00e1\u00f0inu vi\u00f0 L\u00e6kjartorg og vel m\u00e1 vera a\u00f0 svo ver\u00f0i. En f\u00f3lk \u00e1 Mogganum \u00ed H\u00e1degism\u00f3um veltir \u00fev\u00ed n\u00fa fyrir s\u00e9r hva\u00f0 ver\u00f0i eftir kosningar \u00feegar \u00d3li Bj\u00f6rn ver\u00f0ur atvinnulaus. Stef\u00e1n kampav\u00ednsinnflytjandi er talinn \u00far s\u00f6gunni, en sonur [&hellip;]","og_url":"https:\/\/eirikurjonsson.is\/index.php\/2024\/11\/08\/vonbidlar-i-moa\/","og_site_name":"Eir\u00edkur J\u00f3nsson","article_published_time":"2024-11-08T10:12:21+00:00","article_modified_time":"2024-11-08T10:14:50+00:00","og_image":[{"width":337,"height":242,"url":"https:\/\/eirikurjonsson.is\/wp-content\/uploads\/2024\/11\/MOGGI.png","type":"image\/png"}],"author":"eir","twitter_card":"summary_large_image","twitter_misc":{"Written by":"eir","Est. reading time":"1 minute"},"schema":{"@context":"https:\/\/schema.org","@graph":[{"@type":"WebPage","@id":"https:\/\/eirikurjonsson.is\/index.php\/2024\/11\/08\/vonbidlar-i-moa\/","url":"https:\/\/eirikurjonsson.is\/index.php\/2024\/11\/08\/vonbidlar-i-moa\/","name":"VONBI\u00d0LAR \u00cd M\u00d3A &#8211; Eir\u00edkur J\u00f3nsson","isPartOf":{"@id":"https:\/\/eirikurjonsson.is\/#website"},"datePublished":"2024-11-08T10:12:21+00:00","dateModified":"2024-11-08T10:14:50+00:00","author":{"@id":"https:\/\/eirikurjonsson.is\/#\/schema\/person\/308afa1d0e201918034e31b1da4f07a5"},"breadcrumb":{"@id":"https:\/\/eirikurjonsson.is\/index.php\/2024\/11\/08\/vonbidlar-i-moa\/#breadcrumb"},"inLanguage":"is","potentialAction":[{"@type":"ReadAction","target":["https:\/\/eirikurjonsson.is\/index.php\/2024\/11\/08\/vonbidlar-i-moa\/"]}]},{"@type":"BreadcrumbList","@id":"https:\/\/eirikurjonsson.is\/index.php\/2024\/11\/08\/vonbidlar-i-moa\/#breadcrumb","itemListElement":[{"@type":"ListItem","position":1,"name":"Home","item":"https:\/\/eirikurjonsson.is\/"},{"@type":"ListItem","position":2,"name":"VONBI\u00d0LAR \u00cd M\u00d3A"}]},{"@type":"WebSite","@id":"https:\/\/eirikurjonsson.is\/#website","url":"https:\/\/eirikurjonsson.is\/","name":"Eir\u00edkur J\u00f3nsson","description":"Eir\u00edkur J\u00f3nsson | EIR eirikurjonsson.is","potentialAction":[{"@type":"SearchAction","target":{"@type":"EntryPoint","urlTemplate":"https:\/\/eirikurjonsson.is\/?s={search_term_string}"},"query-input":"required name=search_term_string"}],"inLanguage":"is"},{"@type":"Person","@id":"https:\/\/eirikurjonsson.is\/#\/schema\/person\/308afa1d0e201918034e31b1da4f07a5","name":"eir","image":{"@type":"ImageObject","inLanguage":"is","@id":"https:\/\/eirikurjonsson.is\/#\/schema\/person\/image\/","url":"https:\/\/secure.gravatar.com\/avatar\/b6748316a4400053a1fa9f4694b38d294dc5da6f4bacc727742bd8f3e689f87c?s=96&d=mm&r=g","contentUrl":"https:\/\/secure.gravatar.com\/avatar\/b6748316a4400053a1fa9f4694b38d294dc5da6f4bacc727742bd8f3e689f87c?s=96&d=mm&r=g","caption":"eir"},"url":"https:\/\/eirikurjonsson.is\/index.php\/author\/eir\/"}]}},"_links":{"self":[{"href":"https:\/\/eirikurjonsson.is\/index.php\/wp-json\/wp\/v2\/posts\/4100","targetHints":{"allow":["GET"]}}],"collection":[{"href":"https:\/\/eirikurjonsson.is\/index.php\/wp-json\/wp\/v2\/posts"}],"about":[{"href":"https:\/\/eirikurjonsson.is\/index.php\/wp-json\/wp\/v2\/types\/post"}],"author":[{"embeddable":true,"href":"https:\/\/eirikurjonsson.is\/index.php\/wp-json\/wp\/v2\/users\/2"}],"replies":[{"embeddable":true,"href":"https:\/\/eirikurjonsson.is\/index.php\/wp-json\/wp\/v2\/comments?post=4100"}],"version-history":[{"count":1,"href":"https:\/\/eirikurjonsson.is\/index.php\/wp-json\/wp\/v2\/posts\/4100\/revisions"}],"predecessor-version":[{"id":4102,"href":"https:\/\/eirikurjonsson.is\/index.php\/wp-json\/wp\/v2\/posts\/4100\/revisions\/4102"}],"wp:featuredmedia":[{"embeddable":true,"href":"https:\/\/eirikurjonsson.is\/index.php\/wp-json\/wp\/v2\/media\/4103"}],"wp:attachment":[{"href":"https:\/\/eirikurjonsson.is\/index.php\/wp-json\/wp\/v2\/media?parent=4100"}],"wp:term":[{"taxonomy":"category","embeddable":true,"href":"https:\/\/eirikurjonsson.is\/index.php\/wp-json\/wp\/v2\/categories?post=4100"},{"taxonomy":"post_tag","embeddable":true,"href":"https:\/\/eirikurjonsson.is\/index.php\/wp-json\/wp\/v2\/tags?post=4100"}],"curies":[{"name":"wp","href":"https:\/\/api.w.org\/{rel}","templated":true}]}}