{"id":4097,"date":"2024-11-08T09:50:08","date_gmt":"2024-11-08T09:50:08","guid":{"rendered":"https:\/\/eirikurjonsson.is\/?p=4097"},"modified":"2024-11-08T09:56:01","modified_gmt":"2024-11-08T09:56:01","slug":"serfraedingur-i-sjokki-eftir-sigur-trumps","status":"publish","type":"post","link":"https:\/\/eirikurjonsson.is\/index.php\/2024\/11\/08\/serfraedingur-i-sjokki-eftir-sigur-trumps\/","title":{"rendered":"S\u00c9RFR\u00c6\u00d0INGUR \u00cd SJOKKI EFTIR SIGUR TRUMPS"},"content":{"rendered":"<p>Sigur Donalds Trumps hefur fari\u00f0 s\u00e9rstaklega illa \u00ed sumt starfsf\u00f3lk Reykjav\u00edkurborgar. Kona sem titlar sig ,,s\u00e9rfr\u00e6\u00f0ing \u00ed stj\u00f3rns\u00fdslusnatti\u201d skrifar status \u00e1 FacEbook, sem a\u00f0rir starfsmenn borgarinnar hafa \u00e1framdreift \u00e1 samf\u00e9lagsmi\u00f0linum, \u00fear sem h\u00fan harmar \u00farslitin. N\u00e1nar tilteki\u00f0 segist s\u00e9rfr\u00e6\u00f0ingurinn vera \u00ed \u00e1falli eftir sigur Trumps og hafi h\u00fan ekki treyst s\u00e9r fram \u00far fyrr en um h\u00e1degi \u00e1 mi\u00f0vikudaginn (virkur dagur) en \u00fe\u00e1 hafi h\u00fan fari\u00f0 \u00ed vinnuna og skrifa\u00f0 langan FB-status.<\/p>\n<p>\u00cd R\u00e1\u00f0h\u00fasinu segist h\u00fan hafa m\u00e6tt hverri samstarfskonunnin \u00e1 f\u00e6tur annarri ,,me\u00f0 sama \u00fer\u00f3ttleysi\u00f0\u201c og h\u00fan fann sj\u00e1lf, \u201em\u00e1la\u00f0 yfir andliti\u00f0\u201c. \u00deannig gekk dagurinn fyrir sig \u00ed vinnunni \u00ed R\u00e1\u00f0h\u00fasinu \u00fear sem konurnar s\u00e1tu vi\u00f0 t\u00f6lvuskj\u00e1na s\u00edna en me\u00f0 \u201ereglulegu millibili heyr\u00f0ist einhver segja setningar eins og ,,\u00e9g skil \u00feetta ekki\u201c, ,,\u00e9g tr\u00fai \u00feessu ekki\u201c og ,,hvernig gat \u00feetta gerst?\u201c \u00deannig gengu \u00fe\u00e6r um R\u00e1\u00f0h\u00fasi\u00f0 ,,\u00fear sem vi\u00f0 litum hver \u00e1 a\u00f0ra me\u00f0 sama flata en leitandi svipnum\u201c.<\/p>\n<p>Sumir segja stj\u00f3rns\u00fdslu borgarinnar \u00ed molum. \u00dea\u00f0 rennir sto\u00f0um undir sl\u00edk sj\u00f3narmi\u00f0 ef starfsf\u00f3lk l\u00edtur \u00e1 st\u00f6rf s\u00edn sem ,,snatt\u201c og drattast ekki \u00ed vinnuna fyrr en upp \u00far h\u00e1degi til a\u00f0 skrifa langa Facebook statusa um \u00e1f\u00f6ll s\u00edn vegna mannabreytinga \u00ed Hv\u00edta H\u00fasinu \u00ed Washington DC. Ekki er \u00f6ll vitleysan eins, myndi r\u00e6stit\u00e6knirinn segja sem kemst ekki undan st\u00f6rfum s\u00ednum sama hva\u00f0 dynur \u00e1 \u00fati \u00ed Amer\u00edku.<\/p>\n","protected":false},"excerpt":{"rendered":"<p>Sigur Donalds Trumps hefur fari\u00f0 s\u00e9rstaklega illa \u00ed sumt starfsf\u00f3lk Reykjav\u00edkurborgar. Kona sem titlar sig ,,s\u00e9rfr\u00e6\u00f0ing \u00ed stj\u00f3rns\u00fdslusnatti\u201d skrifar status \u00e1 FacEbook, sem a\u00f0rir starfsmenn borgarinnar hafa \u00e1framdreift \u00e1 samf\u00e9lagsmi\u00f0linum, \u00fear sem h\u00fan harmar \u00farslitin. N\u00e1nar tilteki\u00f0 segist s\u00e9rfr\u00e6\u00f0ingurinn vera \u00ed \u00e1falli eftir sigur Trumps og hafi h\u00fan ekki treyst s\u00e9r fram \u00far fyrr en [&hellip;]<\/p>\n","protected":false},"author":2,"featured_media":4099,"comment_status":"open","ping_status":"open","sticky":false,"template":"","format":"standard","meta":{"_monsterinsights_skip_tracking":false,"_monsterinsights_sitenote_active":false,"_monsterinsights_sitenote_note":"","_monsterinsights_sitenote_category":0,"footnotes":""},"categories":[31],"tags":[],"class_list":{"0":"post-4097","1":"post","2":"type-post","3":"status-publish","4":"format-standard","5":"has-post-thumbnail","7":"category-greinar"},"yoast_head":"<!-- This site is optimized with the Yoast SEO plugin v22.0 - https:\/\/yoast.com\/wordpress\/plugins\/seo\/ -->\n<title>S\u00c9RFR\u00c6\u00d0INGUR \u00cd SJOKKI EFTIR SIGUR TRUMPS &#8211; Eir\u00edkur J\u00f3nsson<\/title>\n<meta name=\"robots\" content=\"index, follow, max-snippet:-1, max-image-preview:large, max-video-preview:-1\" \/>\n<link rel=\"canonical\" href=\"https:\/\/eirikurjonsson.is\/index.php\/2024\/11\/08\/serfraedingur-i-sjokki-eftir-sigur-trumps\/\" \/>\n<meta property=\"og:locale\" content=\"is_IS\" \/>\n<meta property=\"og:type\" content=\"article\" \/>\n<meta property=\"og:title\" content=\"S\u00c9RFR\u00c6\u00d0INGUR \u00cd SJOKKI EFTIR SIGUR TRUMPS &#8211; Eir\u00edkur J\u00f3nsson\" \/>\n<meta property=\"og:description\" content=\"Sigur Donalds Trumps hefur fari\u00f0 s\u00e9rstaklega illa \u00ed sumt starfsf\u00f3lk Reykjav\u00edkurborgar. Kona sem titlar sig ,,s\u00e9rfr\u00e6\u00f0ing \u00ed stj\u00f3rns\u00fdslusnatti\u201d skrifar status \u00e1 FacEbook, sem a\u00f0rir starfsmenn borgarinnar hafa \u00e1framdreift \u00e1 samf\u00e9lagsmi\u00f0linum, \u00fear sem h\u00fan harmar \u00farslitin. N\u00e1nar tilteki\u00f0 segist s\u00e9rfr\u00e6\u00f0ingurinn vera \u00ed \u00e1falli eftir sigur Trumps og hafi h\u00fan ekki treyst s\u00e9r fram \u00far fyrr en [&hellip;]\" \/>\n<meta property=\"og:url\" content=\"https:\/\/eirikurjonsson.is\/index.php\/2024\/11\/08\/serfraedingur-i-sjokki-eftir-sigur-trumps\/\" \/>\n<meta property=\"og:site_name\" content=\"Eir\u00edkur J\u00f3nsson\" \/>\n<meta property=\"article:published_time\" content=\"2024-11-08T09:50:08+00:00\" \/>\n<meta property=\"article:modified_time\" content=\"2024-11-08T09:56:01+00:00\" \/>\n<meta property=\"og:image\" content=\"https:\/\/eirikurjonsson.is\/wp-content\/uploads\/2024\/11\/KONA-TRUMP.jpg\" \/>\n\t<meta property=\"og:image:width\" content=\"678\" \/>\n\t<meta property=\"og:image:height\" content=\"458\" \/>\n\t<meta property=\"og:image:type\" content=\"image\/jpeg\" \/>\n<meta name=\"author\" content=\"eir\" \/>\n<meta name=\"twitter:card\" content=\"summary_large_image\" \/>\n<meta name=\"twitter:label1\" content=\"Written by\" \/>\n\t<meta name=\"twitter:data1\" content=\"eir\" \/>\n\t<meta name=\"twitter:label2\" content=\"Est. reading time\" \/>\n\t<meta name=\"twitter:data2\" content=\"2 minutes\" \/>\n<script type=\"application\/ld+json\" class=\"yoast-schema-graph\">{\"@context\":\"https:\/\/schema.org\",\"@graph\":[{\"@type\":\"WebPage\",\"@id\":\"https:\/\/eirikurjonsson.is\/index.php\/2024\/11\/08\/serfraedingur-i-sjokki-eftir-sigur-trumps\/\",\"url\":\"https:\/\/eirikurjonsson.is\/index.php\/2024\/11\/08\/serfraedingur-i-sjokki-eftir-sigur-trumps\/\",\"name\":\"S\u00c9RFR\u00c6\u00d0INGUR \u00cd SJOKKI EFTIR SIGUR TRUMPS &#8211; Eir\u00edkur J\u00f3nsson\",\"isPartOf\":{\"@id\":\"https:\/\/eirikurjonsson.is\/#website\"},\"datePublished\":\"2024-11-08T09:50:08+00:00\",\"dateModified\":\"2024-11-08T09:56:01+00:00\",\"author\":{\"@id\":\"https:\/\/eirikurjonsson.is\/#\/schema\/person\/308afa1d0e201918034e31b1da4f07a5\"},\"breadcrumb\":{\"@id\":\"https:\/\/eirikurjonsson.is\/index.php\/2024\/11\/08\/serfraedingur-i-sjokki-eftir-sigur-trumps\/#breadcrumb\"},\"inLanguage\":\"is\",\"potentialAction\":[{\"@type\":\"ReadAction\",\"target\":[\"https:\/\/eirikurjonsson.is\/index.php\/2024\/11\/08\/serfraedingur-i-sjokki-eftir-sigur-trumps\/\"]}]},{\"@type\":\"BreadcrumbList\",\"@id\":\"https:\/\/eirikurjonsson.is\/index.php\/2024\/11\/08\/serfraedingur-i-sjokki-eftir-sigur-trumps\/#breadcrumb\",\"itemListElement\":[{\"@type\":\"ListItem\",\"position\":1,\"name\":\"Home\",\"item\":\"https:\/\/eirikurjonsson.is\/\"},{\"@type\":\"ListItem\",\"position\":2,\"name\":\"S\u00c9RFR\u00c6\u00d0INGUR \u00cd SJOKKI EFTIR SIGUR TRUMPS\"}]},{\"@type\":\"WebSite\",\"@id\":\"https:\/\/eirikurjonsson.is\/#website\",\"url\":\"https:\/\/eirikurjonsson.is\/\",\"name\":\"Eir\u00edkur J\u00f3nsson\",\"description\":\"Eir\u00edkur J\u00f3nsson | EIR eirikurjonsson.is\",\"potentialAction\":[{\"@type\":\"SearchAction\",\"target\":{\"@type\":\"EntryPoint\",\"urlTemplate\":\"https:\/\/eirikurjonsson.is\/?s={search_term_string}\"},\"query-input\":\"required name=search_term_string\"}],\"inLanguage\":\"is\"},{\"@type\":\"Person\",\"@id\":\"https:\/\/eirikurjonsson.is\/#\/schema\/person\/308afa1d0e201918034e31b1da4f07a5\",\"name\":\"eir\",\"image\":{\"@type\":\"ImageObject\",\"inLanguage\":\"is\",\"@id\":\"https:\/\/eirikurjonsson.is\/#\/schema\/person\/image\/\",\"url\":\"https:\/\/secure.gravatar.com\/avatar\/b6748316a4400053a1fa9f4694b38d294dc5da6f4bacc727742bd8f3e689f87c?s=96&d=mm&r=g\",\"contentUrl\":\"https:\/\/secure.gravatar.com\/avatar\/b6748316a4400053a1fa9f4694b38d294dc5da6f4bacc727742bd8f3e689f87c?s=96&d=mm&r=g\",\"caption\":\"eir\"},\"url\":\"https:\/\/eirikurjonsson.is\/index.php\/author\/eir\/\"}]}<\/script>\n<!-- \/ Yoast SEO plugin. -->","yoast_head_json":{"title":"S\u00c9RFR\u00c6\u00d0INGUR \u00cd SJOKKI EFTIR SIGUR TRUMPS &#8211; Eir\u00edkur J\u00f3nsson","robots":{"index":"index","follow":"follow","max-snippet":"max-snippet:-1","max-image-preview":"max-image-preview:large","max-video-preview":"max-video-preview:-1"},"canonical":"https:\/\/eirikurjonsson.is\/index.php\/2024\/11\/08\/serfraedingur-i-sjokki-eftir-sigur-trumps\/","og_locale":"is_IS","og_type":"article","og_title":"S\u00c9RFR\u00c6\u00d0INGUR \u00cd SJOKKI EFTIR SIGUR TRUMPS &#8211; Eir\u00edkur J\u00f3nsson","og_description":"Sigur Donalds Trumps hefur fari\u00f0 s\u00e9rstaklega illa \u00ed sumt starfsf\u00f3lk Reykjav\u00edkurborgar. Kona sem titlar sig ,,s\u00e9rfr\u00e6\u00f0ing \u00ed stj\u00f3rns\u00fdslusnatti\u201d skrifar status \u00e1 FacEbook, sem a\u00f0rir starfsmenn borgarinnar hafa \u00e1framdreift \u00e1 samf\u00e9lagsmi\u00f0linum, \u00fear sem h\u00fan harmar \u00farslitin. N\u00e1nar tilteki\u00f0 segist s\u00e9rfr\u00e6\u00f0ingurinn vera \u00ed \u00e1falli eftir sigur Trumps og hafi h\u00fan ekki treyst s\u00e9r fram \u00far fyrr en [&hellip;]","og_url":"https:\/\/eirikurjonsson.is\/index.php\/2024\/11\/08\/serfraedingur-i-sjokki-eftir-sigur-trumps\/","og_site_name":"Eir\u00edkur J\u00f3nsson","article_published_time":"2024-11-08T09:50:08+00:00","article_modified_time":"2024-11-08T09:56:01+00:00","og_image":[{"width":678,"height":458,"url":"https:\/\/eirikurjonsson.is\/wp-content\/uploads\/2024\/11\/KONA-TRUMP.jpg","type":"image\/jpeg"}],"author":"eir","twitter_card":"summary_large_image","twitter_misc":{"Written by":"eir","Est. reading time":"2 minutes"},"schema":{"@context":"https:\/\/schema.org","@graph":[{"@type":"WebPage","@id":"https:\/\/eirikurjonsson.is\/index.php\/2024\/11\/08\/serfraedingur-i-sjokki-eftir-sigur-trumps\/","url":"https:\/\/eirikurjonsson.is\/index.php\/2024\/11\/08\/serfraedingur-i-sjokki-eftir-sigur-trumps\/","name":"S\u00c9RFR\u00c6\u00d0INGUR \u00cd SJOKKI EFTIR SIGUR TRUMPS &#8211; Eir\u00edkur J\u00f3nsson","isPartOf":{"@id":"https:\/\/eirikurjonsson.is\/#website"},"datePublished":"2024-11-08T09:50:08+00:00","dateModified":"2024-11-08T09:56:01+00:00","author":{"@id":"https:\/\/eirikurjonsson.is\/#\/schema\/person\/308afa1d0e201918034e31b1da4f07a5"},"breadcrumb":{"@id":"https:\/\/eirikurjonsson.is\/index.php\/2024\/11\/08\/serfraedingur-i-sjokki-eftir-sigur-trumps\/#breadcrumb"},"inLanguage":"is","potentialAction":[{"@type":"ReadAction","target":["https:\/\/eirikurjonsson.is\/index.php\/2024\/11\/08\/serfraedingur-i-sjokki-eftir-sigur-trumps\/"]}]},{"@type":"BreadcrumbList","@id":"https:\/\/eirikurjonsson.is\/index.php\/2024\/11\/08\/serfraedingur-i-sjokki-eftir-sigur-trumps\/#breadcrumb","itemListElement":[{"@type":"ListItem","position":1,"name":"Home","item":"https:\/\/eirikurjonsson.is\/"},{"@type":"ListItem","position":2,"name":"S\u00c9RFR\u00c6\u00d0INGUR \u00cd SJOKKI EFTIR SIGUR TRUMPS"}]},{"@type":"WebSite","@id":"https:\/\/eirikurjonsson.is\/#website","url":"https:\/\/eirikurjonsson.is\/","name":"Eir\u00edkur J\u00f3nsson","description":"Eir\u00edkur J\u00f3nsson | EIR eirikurjonsson.is","potentialAction":[{"@type":"SearchAction","target":{"@type":"EntryPoint","urlTemplate":"https:\/\/eirikurjonsson.is\/?s={search_term_string}"},"query-input":"required name=search_term_string"}],"inLanguage":"is"},{"@type":"Person","@id":"https:\/\/eirikurjonsson.is\/#\/schema\/person\/308afa1d0e201918034e31b1da4f07a5","name":"eir","image":{"@type":"ImageObject","inLanguage":"is","@id":"https:\/\/eirikurjonsson.is\/#\/schema\/person\/image\/","url":"https:\/\/secure.gravatar.com\/avatar\/b6748316a4400053a1fa9f4694b38d294dc5da6f4bacc727742bd8f3e689f87c?s=96&d=mm&r=g","contentUrl":"https:\/\/secure.gravatar.com\/avatar\/b6748316a4400053a1fa9f4694b38d294dc5da6f4bacc727742bd8f3e689f87c?s=96&d=mm&r=g","caption":"eir"},"url":"https:\/\/eirikurjonsson.is\/index.php\/author\/eir\/"}]}},"_links":{"self":[{"href":"https:\/\/eirikurjonsson.is\/index.php\/wp-json\/wp\/v2\/posts\/4097","targetHints":{"allow":["GET"]}}],"collection":[{"href":"https:\/\/eirikurjonsson.is\/index.php\/wp-json\/wp\/v2\/posts"}],"about":[{"href":"https:\/\/eirikurjonsson.is\/index.php\/wp-json\/wp\/v2\/types\/post"}],"author":[{"embeddable":true,"href":"https:\/\/eirikurjonsson.is\/index.php\/wp-json\/wp\/v2\/users\/2"}],"replies":[{"embeddable":true,"href":"https:\/\/eirikurjonsson.is\/index.php\/wp-json\/wp\/v2\/comments?post=4097"}],"version-history":[{"count":1,"href":"https:\/\/eirikurjonsson.is\/index.php\/wp-json\/wp\/v2\/posts\/4097\/revisions"}],"predecessor-version":[{"id":4098,"href":"https:\/\/eirikurjonsson.is\/index.php\/wp-json\/wp\/v2\/posts\/4097\/revisions\/4098"}],"wp:featuredmedia":[{"embeddable":true,"href":"https:\/\/eirikurjonsson.is\/index.php\/wp-json\/wp\/v2\/media\/4099"}],"wp:attachment":[{"href":"https:\/\/eirikurjonsson.is\/index.php\/wp-json\/wp\/v2\/media?parent=4097"}],"wp:term":[{"taxonomy":"category","embeddable":true,"href":"https:\/\/eirikurjonsson.is\/index.php\/wp-json\/wp\/v2\/categories?post=4097"},{"taxonomy":"post_tag","embeddable":true,"href":"https:\/\/eirikurjonsson.is\/index.php\/wp-json\/wp\/v2\/tags?post=4097"}],"curies":[{"name":"wp","href":"https:\/\/api.w.org\/{rel}","templated":true}]}}