{"id":4087,"date":"2024-11-07T11:57:28","date_gmt":"2024-11-07T11:57:28","guid":{"rendered":"https:\/\/eirikurjonsson.is\/?p=4087"},"modified":"2024-11-07T11:57:45","modified_gmt":"2024-11-07T11:57:45","slug":"islendingar-i-bretlandi-missa-personuafslattinn-um-aramot","status":"publish","type":"post","link":"https:\/\/eirikurjonsson.is\/index.php\/2024\/11\/07\/islendingar-i-bretlandi-missa-personuafslattinn-um-aramot\/","title":{"rendered":"\u00cdSLENDINGAR \u00cd BRETLANDI MISSA PERS\u00d3NUAFSL\u00c1TTINN UM \u00c1RAM\u00d3T"},"content":{"rendered":"<p>Kuldahrollur er \u00ed \u00cdslendingum sem b\u00fasettir eru \u00ed Bretlandi vegna laga sem taka gildi um \u00e1ram\u00f3t og svipta \u00fe\u00e1 \u00edslenskum pers\u00f3nuafsl\u00e6tti. L\u00f6gin \u00e1ttu a\u00f0 taka gildi \u00ed fyrra en var \u00fe\u00e1 fresta\u00f0 um \u00e1r og n\u00fa er s\u00e1 t\u00edmi br\u00e1tt \u00fatrunninn.<\/p>\n<p>650 \u00cdslendingar \u00ed Bretlandi hafa skrifa\u00f0 undir m\u00f3tm\u00e6laskjal vegna \u00feessa enda telja \u00feeir sig missa verulegan sp\u00f3n \u00far aski s\u00ednu vi\u00f0 \u00feetta. Anna\u00f0 lagafrumvarp sem sl\u00e6r \u00feetta \u00fat af bor\u00f0inu er kl\u00e1rt \u00e1 Al\u00feingi en f\u00e6r t\u00e6past afgrei\u00f0slu fyrir \u00e1ram\u00f3t og \u00fe\u00e1 um seinan.<\/p>\n<p>Einn \u00feessara \u00cdslendinga er Vilhj\u00e1lmur Ragnarsson sem b\u00fasettur hefur veri\u00f0 \u00e1 Nor\u00f0ur \u00cdrlandi \u00ed 20 \u00e1r og starfa\u00f0 \u00fear vi\u00f0 kvikmyndager\u00f0 og a\u00f0rar skapandi greinar:<\/p>\n<p>&#8222;Ef \u00feetta frumvarp ver\u00f0ur ekki sam\u00feykkt munu l\u00edfeyris\u00feegar b\u00fasettir erlendis missa pers\u00f3nuafsl\u00e1ttinn og l\u00e6kka \u00ed \u00fatborgunum um allt a\u00f0 30% \u00e1 milli m\u00e1na\u00f0a. Fyrir er \u00feessi h\u00f3pur skertur t\u00f6luvert me\u00f0 b\u00fasetusker\u00f0ingum og f\u00e6r engar f\u00e9lagslegar b\u00e6tur sem eru st\u00f3r partur af l\u00edfeyrisb\u00f3tum,&#8220; segir Vilhj\u00e1lmur sem unir hag s\u00ednum vel \u00e1 Nor\u00f0ur \u00cdrlandi, h\u00e6ttur a\u00f0 vinna en v\u00e6ri alveg til \u00ed a\u00f0a flytja heim ef hann hefi efni \u00e1 \u00fev\u00ed eins og hann or\u00f0ar \u00fea\u00f0 sj\u00e1lfur:<\/p>\n<p>&#8222;\u00dea\u00f0 er \u00e1g\u00e6tt h\u00e9rna, \u00f3d\u00fdrt a\u00f0 lifa og g\u00f3\u00f0ur vinah\u00f3pur. Hitti b\u00f6rn og barnab\u00f6rn reglulega \u00ed sameiginlegum fr\u00edum \u00e1 heitari st\u00f6\u00f0um og \u00ed stuttum skreppum til \u00cdslands. Held m\u00e9r andlega \u00ed \u00feokkalegu jafnv\u00e6gi me\u00f0 a\u00f0 skrifa eitthva\u00f0 sem finnst \u00ed d\u00e1narb\u00fainu og ver\u00f0ur heimsfr\u00e6gt. \u00c9g fer\u00f0ast miki\u00f0 um Evr\u00f3pu \u00ed 15 \u00e1ra g\u00f6mlum SAAB bl\u00e6jub\u00edl me\u00f0 samb\u00fdliskonu minni og t\u00edkinni \u00de\u00f3ru.&#8220;<\/p>\n","protected":false},"excerpt":{"rendered":"<p>Kuldahrollur er \u00ed \u00cdslendingum sem b\u00fasettir eru \u00ed Bretlandi vegna laga sem taka gildi um \u00e1ram\u00f3t og svipta \u00fe\u00e1 \u00edslenskum pers\u00f3nuafsl\u00e6tti. L\u00f6gin \u00e1ttu a\u00f0 taka gildi \u00ed fyrra en var \u00fe\u00e1 fresta\u00f0 um \u00e1r og n\u00fa er s\u00e1 t\u00edmi br\u00e1tt \u00fatrunninn. 650 \u00cdslendingar \u00ed Bretlandi hafa skrifa\u00f0 undir m\u00f3tm\u00e6laskjal vegna \u00feessa enda telja \u00feeir sig [&hellip;]<\/p>\n","protected":false},"author":2,"featured_media":4088,"comment_status":"open","ping_status":"open","sticky":false,"template":"","format":"standard","meta":{"_monsterinsights_skip_tracking":false,"_monsterinsights_sitenote_active":false,"_monsterinsights_sitenote_note":"","_monsterinsights_sitenote_category":0,"footnotes":""},"categories":[31],"tags":[],"class_list":{"0":"post-4087","1":"post","2":"type-post","3":"status-publish","4":"format-standard","5":"has-post-thumbnail","7":"category-greinar"},"yoast_head":"<!-- This site is optimized with the Yoast SEO plugin v22.0 - https:\/\/yoast.com\/wordpress\/plugins\/seo\/ -->\n<title>\u00cdSLENDINGAR \u00cd BRETLANDI MISSA PERS\u00d3NUAFSL\u00c1TTINN UM \u00c1RAM\u00d3T &#8211; Eir\u00edkur J\u00f3nsson<\/title>\n<meta name=\"robots\" content=\"index, follow, max-snippet:-1, max-image-preview:large, max-video-preview:-1\" \/>\n<link rel=\"canonical\" href=\"https:\/\/eirikurjonsson.is\/index.php\/2024\/11\/07\/islendingar-i-bretlandi-missa-personuafslattinn-um-aramot\/\" \/>\n<meta property=\"og:locale\" content=\"is_IS\" \/>\n<meta property=\"og:type\" content=\"article\" \/>\n<meta property=\"og:title\" content=\"\u00cdSLENDINGAR \u00cd BRETLANDI MISSA PERS\u00d3NUAFSL\u00c1TTINN UM \u00c1RAM\u00d3T &#8211; Eir\u00edkur J\u00f3nsson\" \/>\n<meta property=\"og:description\" content=\"Kuldahrollur er \u00ed \u00cdslendingum sem b\u00fasettir eru \u00ed Bretlandi vegna laga sem taka gildi um \u00e1ram\u00f3t og svipta \u00fe\u00e1 \u00edslenskum pers\u00f3nuafsl\u00e6tti. L\u00f6gin \u00e1ttu a\u00f0 taka gildi \u00ed fyrra en var \u00fe\u00e1 fresta\u00f0 um \u00e1r og n\u00fa er s\u00e1 t\u00edmi br\u00e1tt \u00fatrunninn. 650 \u00cdslendingar \u00ed Bretlandi hafa skrifa\u00f0 undir m\u00f3tm\u00e6laskjal vegna \u00feessa enda telja \u00feeir sig [&hellip;]\" \/>\n<meta property=\"og:url\" content=\"https:\/\/eirikurjonsson.is\/index.php\/2024\/11\/07\/islendingar-i-bretlandi-missa-personuafslattinn-um-aramot\/\" \/>\n<meta property=\"og:site_name\" content=\"Eir\u00edkur J\u00f3nsson\" \/>\n<meta property=\"article:published_time\" content=\"2024-11-07T11:57:28+00:00\" \/>\n<meta property=\"article:modified_time\" content=\"2024-11-07T11:57:45+00:00\" \/>\n<meta property=\"og:image\" content=\"https:\/\/eirikurjonsson.is\/wp-content\/uploads\/2024\/11\/villi22.jpg\" \/>\n\t<meta property=\"og:image:width\" content=\"1024\" \/>\n\t<meta property=\"og:image:height\" content=\"768\" \/>\n\t<meta property=\"og:image:type\" content=\"image\/jpeg\" \/>\n<meta name=\"author\" content=\"eir\" \/>\n<meta name=\"twitter:card\" content=\"summary_large_image\" \/>\n<meta name=\"twitter:label1\" content=\"Written by\" \/>\n\t<meta name=\"twitter:data1\" content=\"eir\" \/>\n\t<meta name=\"twitter:label2\" content=\"Est. reading time\" \/>\n\t<meta name=\"twitter:data2\" content=\"2 minutes\" \/>\n<script type=\"application\/ld+json\" class=\"yoast-schema-graph\">{\"@context\":\"https:\/\/schema.org\",\"@graph\":[{\"@type\":\"WebPage\",\"@id\":\"https:\/\/eirikurjonsson.is\/index.php\/2024\/11\/07\/islendingar-i-bretlandi-missa-personuafslattinn-um-aramot\/\",\"url\":\"https:\/\/eirikurjonsson.is\/index.php\/2024\/11\/07\/islendingar-i-bretlandi-missa-personuafslattinn-um-aramot\/\",\"name\":\"\u00cdSLENDINGAR \u00cd BRETLANDI MISSA PERS\u00d3NUAFSL\u00c1TTINN UM \u00c1RAM\u00d3T &#8211; Eir\u00edkur J\u00f3nsson\",\"isPartOf\":{\"@id\":\"https:\/\/eirikurjonsson.is\/#website\"},\"datePublished\":\"2024-11-07T11:57:28+00:00\",\"dateModified\":\"2024-11-07T11:57:45+00:00\",\"author\":{\"@id\":\"https:\/\/eirikurjonsson.is\/#\/schema\/person\/308afa1d0e201918034e31b1da4f07a5\"},\"breadcrumb\":{\"@id\":\"https:\/\/eirikurjonsson.is\/index.php\/2024\/11\/07\/islendingar-i-bretlandi-missa-personuafslattinn-um-aramot\/#breadcrumb\"},\"inLanguage\":\"is\",\"potentialAction\":[{\"@type\":\"ReadAction\",\"target\":[\"https:\/\/eirikurjonsson.is\/index.php\/2024\/11\/07\/islendingar-i-bretlandi-missa-personuafslattinn-um-aramot\/\"]}]},{\"@type\":\"BreadcrumbList\",\"@id\":\"https:\/\/eirikurjonsson.is\/index.php\/2024\/11\/07\/islendingar-i-bretlandi-missa-personuafslattinn-um-aramot\/#breadcrumb\",\"itemListElement\":[{\"@type\":\"ListItem\",\"position\":1,\"name\":\"Home\",\"item\":\"https:\/\/eirikurjonsson.is\/\"},{\"@type\":\"ListItem\",\"position\":2,\"name\":\"\u00cdSLENDINGAR \u00cd BRETLANDI MISSA PERS\u00d3NUAFSL\u00c1TTINN UM \u00c1RAM\u00d3T\"}]},{\"@type\":\"WebSite\",\"@id\":\"https:\/\/eirikurjonsson.is\/#website\",\"url\":\"https:\/\/eirikurjonsson.is\/\",\"name\":\"Eir\u00edkur J\u00f3nsson\",\"description\":\"Eir\u00edkur J\u00f3nsson | EIR eirikurjonsson.is\",\"potentialAction\":[{\"@type\":\"SearchAction\",\"target\":{\"@type\":\"EntryPoint\",\"urlTemplate\":\"https:\/\/eirikurjonsson.is\/?s={search_term_string}\"},\"query-input\":\"required name=search_term_string\"}],\"inLanguage\":\"is\"},{\"@type\":\"Person\",\"@id\":\"https:\/\/eirikurjonsson.is\/#\/schema\/person\/308afa1d0e201918034e31b1da4f07a5\",\"name\":\"eir\",\"image\":{\"@type\":\"ImageObject\",\"inLanguage\":\"is\",\"@id\":\"https:\/\/eirikurjonsson.is\/#\/schema\/person\/image\/\",\"url\":\"https:\/\/secure.gravatar.com\/avatar\/b6748316a4400053a1fa9f4694b38d294dc5da6f4bacc727742bd8f3e689f87c?s=96&d=mm&r=g\",\"contentUrl\":\"https:\/\/secure.gravatar.com\/avatar\/b6748316a4400053a1fa9f4694b38d294dc5da6f4bacc727742bd8f3e689f87c?s=96&d=mm&r=g\",\"caption\":\"eir\"},\"url\":\"https:\/\/eirikurjonsson.is\/index.php\/author\/eir\/\"}]}<\/script>\n<!-- \/ Yoast SEO plugin. -->","yoast_head_json":{"title":"\u00cdSLENDINGAR \u00cd BRETLANDI MISSA PERS\u00d3NUAFSL\u00c1TTINN UM \u00c1RAM\u00d3T &#8211; Eir\u00edkur J\u00f3nsson","robots":{"index":"index","follow":"follow","max-snippet":"max-snippet:-1","max-image-preview":"max-image-preview:large","max-video-preview":"max-video-preview:-1"},"canonical":"https:\/\/eirikurjonsson.is\/index.php\/2024\/11\/07\/islendingar-i-bretlandi-missa-personuafslattinn-um-aramot\/","og_locale":"is_IS","og_type":"article","og_title":"\u00cdSLENDINGAR \u00cd BRETLANDI MISSA PERS\u00d3NUAFSL\u00c1TTINN UM \u00c1RAM\u00d3T &#8211; Eir\u00edkur J\u00f3nsson","og_description":"Kuldahrollur er \u00ed \u00cdslendingum sem b\u00fasettir eru \u00ed Bretlandi vegna laga sem taka gildi um \u00e1ram\u00f3t og svipta \u00fe\u00e1 \u00edslenskum pers\u00f3nuafsl\u00e6tti. L\u00f6gin \u00e1ttu a\u00f0 taka gildi \u00ed fyrra en var \u00fe\u00e1 fresta\u00f0 um \u00e1r og n\u00fa er s\u00e1 t\u00edmi br\u00e1tt \u00fatrunninn. 650 \u00cdslendingar \u00ed Bretlandi hafa skrifa\u00f0 undir m\u00f3tm\u00e6laskjal vegna \u00feessa enda telja \u00feeir sig [&hellip;]","og_url":"https:\/\/eirikurjonsson.is\/index.php\/2024\/11\/07\/islendingar-i-bretlandi-missa-personuafslattinn-um-aramot\/","og_site_name":"Eir\u00edkur J\u00f3nsson","article_published_time":"2024-11-07T11:57:28+00:00","article_modified_time":"2024-11-07T11:57:45+00:00","og_image":[{"width":1024,"height":768,"url":"https:\/\/eirikurjonsson.is\/wp-content\/uploads\/2024\/11\/villi22.jpg","type":"image\/jpeg"}],"author":"eir","twitter_card":"summary_large_image","twitter_misc":{"Written by":"eir","Est. reading time":"2 minutes"},"schema":{"@context":"https:\/\/schema.org","@graph":[{"@type":"WebPage","@id":"https:\/\/eirikurjonsson.is\/index.php\/2024\/11\/07\/islendingar-i-bretlandi-missa-personuafslattinn-um-aramot\/","url":"https:\/\/eirikurjonsson.is\/index.php\/2024\/11\/07\/islendingar-i-bretlandi-missa-personuafslattinn-um-aramot\/","name":"\u00cdSLENDINGAR \u00cd BRETLANDI MISSA PERS\u00d3NUAFSL\u00c1TTINN UM \u00c1RAM\u00d3T &#8211; Eir\u00edkur J\u00f3nsson","isPartOf":{"@id":"https:\/\/eirikurjonsson.is\/#website"},"datePublished":"2024-11-07T11:57:28+00:00","dateModified":"2024-11-07T11:57:45+00:00","author":{"@id":"https:\/\/eirikurjonsson.is\/#\/schema\/person\/308afa1d0e201918034e31b1da4f07a5"},"breadcrumb":{"@id":"https:\/\/eirikurjonsson.is\/index.php\/2024\/11\/07\/islendingar-i-bretlandi-missa-personuafslattinn-um-aramot\/#breadcrumb"},"inLanguage":"is","potentialAction":[{"@type":"ReadAction","target":["https:\/\/eirikurjonsson.is\/index.php\/2024\/11\/07\/islendingar-i-bretlandi-missa-personuafslattinn-um-aramot\/"]}]},{"@type":"BreadcrumbList","@id":"https:\/\/eirikurjonsson.is\/index.php\/2024\/11\/07\/islendingar-i-bretlandi-missa-personuafslattinn-um-aramot\/#breadcrumb","itemListElement":[{"@type":"ListItem","position":1,"name":"Home","item":"https:\/\/eirikurjonsson.is\/"},{"@type":"ListItem","position":2,"name":"\u00cdSLENDINGAR \u00cd BRETLANDI MISSA PERS\u00d3NUAFSL\u00c1TTINN UM \u00c1RAM\u00d3T"}]},{"@type":"WebSite","@id":"https:\/\/eirikurjonsson.is\/#website","url":"https:\/\/eirikurjonsson.is\/","name":"Eir\u00edkur J\u00f3nsson","description":"Eir\u00edkur J\u00f3nsson | EIR eirikurjonsson.is","potentialAction":[{"@type":"SearchAction","target":{"@type":"EntryPoint","urlTemplate":"https:\/\/eirikurjonsson.is\/?s={search_term_string}"},"query-input":"required name=search_term_string"}],"inLanguage":"is"},{"@type":"Person","@id":"https:\/\/eirikurjonsson.is\/#\/schema\/person\/308afa1d0e201918034e31b1da4f07a5","name":"eir","image":{"@type":"ImageObject","inLanguage":"is","@id":"https:\/\/eirikurjonsson.is\/#\/schema\/person\/image\/","url":"https:\/\/secure.gravatar.com\/avatar\/b6748316a4400053a1fa9f4694b38d294dc5da6f4bacc727742bd8f3e689f87c?s=96&d=mm&r=g","contentUrl":"https:\/\/secure.gravatar.com\/avatar\/b6748316a4400053a1fa9f4694b38d294dc5da6f4bacc727742bd8f3e689f87c?s=96&d=mm&r=g","caption":"eir"},"url":"https:\/\/eirikurjonsson.is\/index.php\/author\/eir\/"}]}},"_links":{"self":[{"href":"https:\/\/eirikurjonsson.is\/index.php\/wp-json\/wp\/v2\/posts\/4087","targetHints":{"allow":["GET"]}}],"collection":[{"href":"https:\/\/eirikurjonsson.is\/index.php\/wp-json\/wp\/v2\/posts"}],"about":[{"href":"https:\/\/eirikurjonsson.is\/index.php\/wp-json\/wp\/v2\/types\/post"}],"author":[{"embeddable":true,"href":"https:\/\/eirikurjonsson.is\/index.php\/wp-json\/wp\/v2\/users\/2"}],"replies":[{"embeddable":true,"href":"https:\/\/eirikurjonsson.is\/index.php\/wp-json\/wp\/v2\/comments?post=4087"}],"version-history":[{"count":1,"href":"https:\/\/eirikurjonsson.is\/index.php\/wp-json\/wp\/v2\/posts\/4087\/revisions"}],"predecessor-version":[{"id":4089,"href":"https:\/\/eirikurjonsson.is\/index.php\/wp-json\/wp\/v2\/posts\/4087\/revisions\/4089"}],"wp:featuredmedia":[{"embeddable":true,"href":"https:\/\/eirikurjonsson.is\/index.php\/wp-json\/wp\/v2\/media\/4088"}],"wp:attachment":[{"href":"https:\/\/eirikurjonsson.is\/index.php\/wp-json\/wp\/v2\/media?parent=4087"}],"wp:term":[{"taxonomy":"category","embeddable":true,"href":"https:\/\/eirikurjonsson.is\/index.php\/wp-json\/wp\/v2\/categories?post=4087"},{"taxonomy":"post_tag","embeddable":true,"href":"https:\/\/eirikurjonsson.is\/index.php\/wp-json\/wp\/v2\/tags?post=4087"}],"curies":[{"name":"wp","href":"https:\/\/api.w.org\/{rel}","templated":true}]}}