{"id":4063,"date":"2024-11-05T17:06:59","date_gmt":"2024-11-05T17:06:59","guid":{"rendered":"https:\/\/eirikurjonsson.is\/?p=4063"},"modified":"2024-11-05T17:12:10","modified_gmt":"2024-11-05T17:12:10","slug":"halla-forseti-krynir-framurskarandi-ungan-islending-2024","status":"publish","type":"post","link":"https:\/\/eirikurjonsson.is\/index.php\/2024\/11\/05\/halla-forseti-krynir-framurskarandi-ungan-islending-2024\/","title":{"rendered":"HALLA FORSETI KR\u00ddNIR FRAM\u00daRSKARANDI UNGAN \u00cdSLENDING 2024"},"content":{"rendered":"<p style=\"font-weight: 400;\">Ver\u00f0launaafhending \u00ed keppninni Fram\u00farskarandi ungur \u00edslendingur 2024\u00a0 er r\u00e1\u00f0ger\u00f0 4. desember. Halla T\u00f3masd\u00f3ttir forseti mun afhenda ver\u00f0launin vi\u00f0 h\u00e1t\u00ed\u00f0lega ath\u00f6fn.<\/p>\n<p style=\"font-weight: 400;\">\u00dea\u00f0 er JCI \u00cdsland sem me\u00f0 \u00feessu vill hei\u00f0ra ungt f\u00f3lk \u00e1 aldrinum 18-40 \u00e1ra sem er a\u00f0 takast \u00e1 vi\u00f0 krefjandi og athyglisver\u00f0 verkefni: &#8222;\u00deetta er unga f\u00f3lki\u00f0 okkar sem kemur til me\u00f0 a\u00f0 hafa \u00e1hrif \u00ed framt\u00ed\u00f0inni,&#8220; segja \u00feeir hj\u00e1 JC og hvetja landsmenn til a\u00f0 benda \u00e1 einhverja \u00ed n\u00e6rumhverfi s\u00ednu sem risi\u00f0 g\u00e6tu undir titlinum. Tilnefningarnar hrannast inn og fer hver a\u00f0 ver\u00f0a s\u00ed\u00f0astur a\u00f0 taka \u00fe\u00e1tt.<\/p>\n<p style=\"font-weight: 400;\">S\u00e9rst\u00f6k d\u00f3mnefnd mun fara yfir tilnefningar og velja 10 fram\u00farskarandi einstaklinga sem hlj\u00f3ta vi\u00f0urkenningu. Einn \u00feessara einstaklinga hl\u00fdtur svo ver\u00f0launin Fram\u00farskarandi ungur\u00a0\u00a0\u00cdslendingur 2024 &#8211; \u00far hendi H\u00f6llu forseta.<\/p>\n","protected":false},"excerpt":{"rendered":"<p>Ver\u00f0launaafhending \u00ed keppninni Fram\u00farskarandi ungur \u00edslendingur 2024\u00a0 er r\u00e1\u00f0ger\u00f0 4. desember. Halla T\u00f3masd\u00f3ttir forseti mun afhenda ver\u00f0launin vi\u00f0 h\u00e1t\u00ed\u00f0lega ath\u00f6fn. \u00dea\u00f0 er JCI \u00cdsland sem me\u00f0 \u00feessu vill hei\u00f0ra ungt f\u00f3lk \u00e1 aldrinum 18-40 \u00e1ra sem er a\u00f0 takast \u00e1 vi\u00f0 krefjandi og athyglisver\u00f0 verkefni: &#8222;\u00deetta er unga f\u00f3lki\u00f0 okkar sem kemur til me\u00f0 a\u00f0 [&hellip;]<\/p>\n","protected":false},"author":2,"featured_media":4064,"comment_status":"open","ping_status":"open","sticky":false,"template":"","format":"standard","meta":{"_monsterinsights_skip_tracking":false,"_monsterinsights_sitenote_active":false,"_monsterinsights_sitenote_note":"","_monsterinsights_sitenote_category":0,"footnotes":""},"categories":[31],"tags":[],"class_list":{"0":"post-4063","1":"post","2":"type-post","3":"status-publish","4":"format-standard","5":"has-post-thumbnail","7":"category-greinar"},"yoast_head":"<!-- This site is optimized with the Yoast SEO plugin v22.0 - https:\/\/yoast.com\/wordpress\/plugins\/seo\/ -->\n<title>HALLA FORSETI KR\u00ddNIR FRAM\u00daRSKARANDI UNGAN \u00cdSLENDING 2024 &#8211; Eir\u00edkur J\u00f3nsson<\/title>\n<meta name=\"robots\" content=\"index, follow, max-snippet:-1, max-image-preview:large, max-video-preview:-1\" \/>\n<link rel=\"canonical\" href=\"https:\/\/eirikurjonsson.is\/index.php\/2024\/11\/05\/halla-forseti-krynir-framurskarandi-ungan-islending-2024\/\" \/>\n<meta property=\"og:locale\" content=\"is_IS\" \/>\n<meta property=\"og:type\" content=\"article\" \/>\n<meta property=\"og:title\" content=\"HALLA FORSETI KR\u00ddNIR FRAM\u00daRSKARANDI UNGAN \u00cdSLENDING 2024 &#8211; Eir\u00edkur J\u00f3nsson\" \/>\n<meta property=\"og:description\" content=\"Ver\u00f0launaafhending \u00ed keppninni Fram\u00farskarandi ungur \u00edslendingur 2024\u00a0 er r\u00e1\u00f0ger\u00f0 4. desember. Halla T\u00f3masd\u00f3ttir forseti mun afhenda ver\u00f0launin vi\u00f0 h\u00e1t\u00ed\u00f0lega ath\u00f6fn. \u00dea\u00f0 er JCI \u00cdsland sem me\u00f0 \u00feessu vill hei\u00f0ra ungt f\u00f3lk \u00e1 aldrinum 18-40 \u00e1ra sem er a\u00f0 takast \u00e1 vi\u00f0 krefjandi og athyglisver\u00f0 verkefni: &#8222;\u00deetta er unga f\u00f3lki\u00f0 okkar sem kemur til me\u00f0 a\u00f0 [&hellip;]\" \/>\n<meta property=\"og:url\" content=\"https:\/\/eirikurjonsson.is\/index.php\/2024\/11\/05\/halla-forseti-krynir-framurskarandi-ungan-islending-2024\/\" \/>\n<meta property=\"og:site_name\" content=\"Eir\u00edkur J\u00f3nsson\" \/>\n<meta property=\"article:published_time\" content=\"2024-11-05T17:06:59+00:00\" \/>\n<meta property=\"article:modified_time\" content=\"2024-11-05T17:12:10+00:00\" \/>\n<meta property=\"og:image\" content=\"https:\/\/eirikurjonsson.is\/wp-content\/uploads\/2024\/11\/HALLA888.png\" \/>\n\t<meta property=\"og:image:width\" content=\"423\" \/>\n\t<meta property=\"og:image:height\" content=\"369\" \/>\n\t<meta property=\"og:image:type\" content=\"image\/png\" \/>\n<meta name=\"author\" content=\"eir\" \/>\n<meta name=\"twitter:card\" content=\"summary_large_image\" \/>\n<meta name=\"twitter:label1\" content=\"Written by\" \/>\n\t<meta name=\"twitter:data1\" content=\"eir\" \/>\n\t<meta name=\"twitter:label2\" content=\"Est. reading time\" \/>\n\t<meta name=\"twitter:data2\" content=\"1 minute\" \/>\n<script type=\"application\/ld+json\" class=\"yoast-schema-graph\">{\"@context\":\"https:\/\/schema.org\",\"@graph\":[{\"@type\":\"WebPage\",\"@id\":\"https:\/\/eirikurjonsson.is\/index.php\/2024\/11\/05\/halla-forseti-krynir-framurskarandi-ungan-islending-2024\/\",\"url\":\"https:\/\/eirikurjonsson.is\/index.php\/2024\/11\/05\/halla-forseti-krynir-framurskarandi-ungan-islending-2024\/\",\"name\":\"HALLA FORSETI KR\u00ddNIR FRAM\u00daRSKARANDI UNGAN \u00cdSLENDING 2024 &#8211; Eir\u00edkur J\u00f3nsson\",\"isPartOf\":{\"@id\":\"https:\/\/eirikurjonsson.is\/#website\"},\"datePublished\":\"2024-11-05T17:06:59+00:00\",\"dateModified\":\"2024-11-05T17:12:10+00:00\",\"author\":{\"@id\":\"https:\/\/eirikurjonsson.is\/#\/schema\/person\/308afa1d0e201918034e31b1da4f07a5\"},\"breadcrumb\":{\"@id\":\"https:\/\/eirikurjonsson.is\/index.php\/2024\/11\/05\/halla-forseti-krynir-framurskarandi-ungan-islending-2024\/#breadcrumb\"},\"inLanguage\":\"is\",\"potentialAction\":[{\"@type\":\"ReadAction\",\"target\":[\"https:\/\/eirikurjonsson.is\/index.php\/2024\/11\/05\/halla-forseti-krynir-framurskarandi-ungan-islending-2024\/\"]}]},{\"@type\":\"BreadcrumbList\",\"@id\":\"https:\/\/eirikurjonsson.is\/index.php\/2024\/11\/05\/halla-forseti-krynir-framurskarandi-ungan-islending-2024\/#breadcrumb\",\"itemListElement\":[{\"@type\":\"ListItem\",\"position\":1,\"name\":\"Home\",\"item\":\"https:\/\/eirikurjonsson.is\/\"},{\"@type\":\"ListItem\",\"position\":2,\"name\":\"HALLA FORSETI KR\u00ddNIR FRAM\u00daRSKARANDI UNGAN \u00cdSLENDING 2024\"}]},{\"@type\":\"WebSite\",\"@id\":\"https:\/\/eirikurjonsson.is\/#website\",\"url\":\"https:\/\/eirikurjonsson.is\/\",\"name\":\"Eir\u00edkur J\u00f3nsson\",\"description\":\"Eir\u00edkur J\u00f3nsson | EIR eirikurjonsson.is\",\"potentialAction\":[{\"@type\":\"SearchAction\",\"target\":{\"@type\":\"EntryPoint\",\"urlTemplate\":\"https:\/\/eirikurjonsson.is\/?s={search_term_string}\"},\"query-input\":\"required name=search_term_string\"}],\"inLanguage\":\"is\"},{\"@type\":\"Person\",\"@id\":\"https:\/\/eirikurjonsson.is\/#\/schema\/person\/308afa1d0e201918034e31b1da4f07a5\",\"name\":\"eir\",\"image\":{\"@type\":\"ImageObject\",\"inLanguage\":\"is\",\"@id\":\"https:\/\/eirikurjonsson.is\/#\/schema\/person\/image\/\",\"url\":\"https:\/\/secure.gravatar.com\/avatar\/b6748316a4400053a1fa9f4694b38d294dc5da6f4bacc727742bd8f3e689f87c?s=96&d=mm&r=g\",\"contentUrl\":\"https:\/\/secure.gravatar.com\/avatar\/b6748316a4400053a1fa9f4694b38d294dc5da6f4bacc727742bd8f3e689f87c?s=96&d=mm&r=g\",\"caption\":\"eir\"},\"url\":\"https:\/\/eirikurjonsson.is\/index.php\/author\/eir\/\"}]}<\/script>\n<!-- \/ Yoast SEO plugin. -->","yoast_head_json":{"title":"HALLA FORSETI KR\u00ddNIR FRAM\u00daRSKARANDI UNGAN \u00cdSLENDING 2024 &#8211; Eir\u00edkur J\u00f3nsson","robots":{"index":"index","follow":"follow","max-snippet":"max-snippet:-1","max-image-preview":"max-image-preview:large","max-video-preview":"max-video-preview:-1"},"canonical":"https:\/\/eirikurjonsson.is\/index.php\/2024\/11\/05\/halla-forseti-krynir-framurskarandi-ungan-islending-2024\/","og_locale":"is_IS","og_type":"article","og_title":"HALLA FORSETI KR\u00ddNIR FRAM\u00daRSKARANDI UNGAN \u00cdSLENDING 2024 &#8211; Eir\u00edkur J\u00f3nsson","og_description":"Ver\u00f0launaafhending \u00ed keppninni Fram\u00farskarandi ungur \u00edslendingur 2024\u00a0 er r\u00e1\u00f0ger\u00f0 4. desember. Halla T\u00f3masd\u00f3ttir forseti mun afhenda ver\u00f0launin vi\u00f0 h\u00e1t\u00ed\u00f0lega ath\u00f6fn. \u00dea\u00f0 er JCI \u00cdsland sem me\u00f0 \u00feessu vill hei\u00f0ra ungt f\u00f3lk \u00e1 aldrinum 18-40 \u00e1ra sem er a\u00f0 takast \u00e1 vi\u00f0 krefjandi og athyglisver\u00f0 verkefni: &#8222;\u00deetta er unga f\u00f3lki\u00f0 okkar sem kemur til me\u00f0 a\u00f0 [&hellip;]","og_url":"https:\/\/eirikurjonsson.is\/index.php\/2024\/11\/05\/halla-forseti-krynir-framurskarandi-ungan-islending-2024\/","og_site_name":"Eir\u00edkur J\u00f3nsson","article_published_time":"2024-11-05T17:06:59+00:00","article_modified_time":"2024-11-05T17:12:10+00:00","og_image":[{"width":423,"height":369,"url":"https:\/\/eirikurjonsson.is\/wp-content\/uploads\/2024\/11\/HALLA888.png","type":"image\/png"}],"author":"eir","twitter_card":"summary_large_image","twitter_misc":{"Written by":"eir","Est. reading time":"1 minute"},"schema":{"@context":"https:\/\/schema.org","@graph":[{"@type":"WebPage","@id":"https:\/\/eirikurjonsson.is\/index.php\/2024\/11\/05\/halla-forseti-krynir-framurskarandi-ungan-islending-2024\/","url":"https:\/\/eirikurjonsson.is\/index.php\/2024\/11\/05\/halla-forseti-krynir-framurskarandi-ungan-islending-2024\/","name":"HALLA FORSETI KR\u00ddNIR FRAM\u00daRSKARANDI UNGAN \u00cdSLENDING 2024 &#8211; Eir\u00edkur J\u00f3nsson","isPartOf":{"@id":"https:\/\/eirikurjonsson.is\/#website"},"datePublished":"2024-11-05T17:06:59+00:00","dateModified":"2024-11-05T17:12:10+00:00","author":{"@id":"https:\/\/eirikurjonsson.is\/#\/schema\/person\/308afa1d0e201918034e31b1da4f07a5"},"breadcrumb":{"@id":"https:\/\/eirikurjonsson.is\/index.php\/2024\/11\/05\/halla-forseti-krynir-framurskarandi-ungan-islending-2024\/#breadcrumb"},"inLanguage":"is","potentialAction":[{"@type":"ReadAction","target":["https:\/\/eirikurjonsson.is\/index.php\/2024\/11\/05\/halla-forseti-krynir-framurskarandi-ungan-islending-2024\/"]}]},{"@type":"BreadcrumbList","@id":"https:\/\/eirikurjonsson.is\/index.php\/2024\/11\/05\/halla-forseti-krynir-framurskarandi-ungan-islending-2024\/#breadcrumb","itemListElement":[{"@type":"ListItem","position":1,"name":"Home","item":"https:\/\/eirikurjonsson.is\/"},{"@type":"ListItem","position":2,"name":"HALLA FORSETI KR\u00ddNIR FRAM\u00daRSKARANDI UNGAN \u00cdSLENDING 2024"}]},{"@type":"WebSite","@id":"https:\/\/eirikurjonsson.is\/#website","url":"https:\/\/eirikurjonsson.is\/","name":"Eir\u00edkur J\u00f3nsson","description":"Eir\u00edkur J\u00f3nsson | EIR eirikurjonsson.is","potentialAction":[{"@type":"SearchAction","target":{"@type":"EntryPoint","urlTemplate":"https:\/\/eirikurjonsson.is\/?s={search_term_string}"},"query-input":"required name=search_term_string"}],"inLanguage":"is"},{"@type":"Person","@id":"https:\/\/eirikurjonsson.is\/#\/schema\/person\/308afa1d0e201918034e31b1da4f07a5","name":"eir","image":{"@type":"ImageObject","inLanguage":"is","@id":"https:\/\/eirikurjonsson.is\/#\/schema\/person\/image\/","url":"https:\/\/secure.gravatar.com\/avatar\/b6748316a4400053a1fa9f4694b38d294dc5da6f4bacc727742bd8f3e689f87c?s=96&d=mm&r=g","contentUrl":"https:\/\/secure.gravatar.com\/avatar\/b6748316a4400053a1fa9f4694b38d294dc5da6f4bacc727742bd8f3e689f87c?s=96&d=mm&r=g","caption":"eir"},"url":"https:\/\/eirikurjonsson.is\/index.php\/author\/eir\/"}]}},"_links":{"self":[{"href":"https:\/\/eirikurjonsson.is\/index.php\/wp-json\/wp\/v2\/posts\/4063","targetHints":{"allow":["GET"]}}],"collection":[{"href":"https:\/\/eirikurjonsson.is\/index.php\/wp-json\/wp\/v2\/posts"}],"about":[{"href":"https:\/\/eirikurjonsson.is\/index.php\/wp-json\/wp\/v2\/types\/post"}],"author":[{"embeddable":true,"href":"https:\/\/eirikurjonsson.is\/index.php\/wp-json\/wp\/v2\/users\/2"}],"replies":[{"embeddable":true,"href":"https:\/\/eirikurjonsson.is\/index.php\/wp-json\/wp\/v2\/comments?post=4063"}],"version-history":[{"count":1,"href":"https:\/\/eirikurjonsson.is\/index.php\/wp-json\/wp\/v2\/posts\/4063\/revisions"}],"predecessor-version":[{"id":4065,"href":"https:\/\/eirikurjonsson.is\/index.php\/wp-json\/wp\/v2\/posts\/4063\/revisions\/4065"}],"wp:featuredmedia":[{"embeddable":true,"href":"https:\/\/eirikurjonsson.is\/index.php\/wp-json\/wp\/v2\/media\/4064"}],"wp:attachment":[{"href":"https:\/\/eirikurjonsson.is\/index.php\/wp-json\/wp\/v2\/media?parent=4063"}],"wp:term":[{"taxonomy":"category","embeddable":true,"href":"https:\/\/eirikurjonsson.is\/index.php\/wp-json\/wp\/v2\/categories?post=4063"},{"taxonomy":"post_tag","embeddable":true,"href":"https:\/\/eirikurjonsson.is\/index.php\/wp-json\/wp\/v2\/tags?post=4063"}],"curies":[{"name":"wp","href":"https:\/\/api.w.org\/{rel}","templated":true}]}}