{"id":4060,"date":"2024-11-05T11:35:36","date_gmt":"2024-11-05T11:35:36","guid":{"rendered":"https:\/\/eirikurjonsson.is\/?p=4060"},"modified":"2024-11-05T11:36:24","modified_gmt":"2024-11-05T11:36:24","slug":"fegurdin-kemur-med-aldrinum","status":"publish","type":"post","link":"https:\/\/eirikurjonsson.is\/index.php\/2024\/11\/05\/fegurdin-kemur-med-aldrinum\/","title":{"rendered":"FEGUR\u00d0IN KEMUR ME\u00d0 ALDRINUM"},"content":{"rendered":"<p style=\"font-weight: 400;\"><em>\u00c1rin \u00e1 milli&#8220;<\/em>\u00a0er yfirskrift s\u00fdningar sem opnu\u00f0 ver\u00f0ur \u00ed Skoti Lj\u00f3smyndasafns Reykjav\u00edkur fimmtudaginn 7. n\u00f3vember kl. 16. \u00c1 s\u00fdningunni eru lj\u00f3smyndir eftir Laimonas Dom Baranauskas.<\/p>\n<p style=\"font-weight: 400;\">S\u00fa hugmynd um a\u00f0 fegur\u00f0 s\u00e9 einungis bundin vi\u00f0 ungt f\u00f3lk er l\u00edfseig \u00ed samf\u00e9laginu. Markmi\u00f0 Laimonas Dom Baranauskas me\u00f0 s\u00fdningunni \u201e\u00c1rin \u00e1 milli\u201c er a\u00f0 storka \u00feessari hugmynd me\u00f0 \u00fev\u00ed a\u00f0 s\u00fdna \u00fe\u00e1 fegur\u00f0 og s\u00e9rst\u00f6\u00f0u sem aldurinn f\u00e6rir f\u00f3lki.<\/p>\n<p style=\"font-weight: 400;\">Um er a\u00f0 r\u00e6\u00f0a portrett af fimm konum \u00e1 aldrinum fr\u00e1 um fimmtugt til \u00e1ttr\u00e6\u00f0s. Til a\u00f0 n\u00e1 fram t\u00edmalausum einkennum \u00ed mannsandlitinu t\u00f3k Laimonas portrettin \u00ed svarthv\u00edtu sem undirstrikar vel svipbrig\u00f0i og andlitsdr\u00e6tti \u00feeirra fyrr og n\u00fa. Hann t\u00f3k eina mynd af hverri konu sem hann svo skeytti saman vi\u00f0 gamalt st\u00fad\u00ed\u00f3 portrett af vi\u00f0komandi og \u00feannig ver\u00f0ur til 30 \u2013 60 \u00e1ra bil \u00e1 milli tveggja portretta. Me\u00f0 \u00feessari a\u00f0fer\u00f0 sko\u00f0ar Laimonas hugtaki\u00f0 a\u00f0 eldast og \u00fea\u00f0 s\u00e9st hvernig andlitsdr\u00e6ttir okkar breytast me\u00f0 t\u00edmanum. Me\u00f0 \u00feessu m\u00f3ti s\u00e9st einnig a\u00f0 eftir sem \u00e1\u00f0ur helst \u00e1sj\u00f3na okkar svipu\u00f0 \u00fe\u00f3 t\u00edmanum vindi fram.<\/p>\n","protected":false},"excerpt":{"rendered":"<p>\u00c1rin \u00e1 milli&#8220;\u00a0er yfirskrift s\u00fdningar sem opnu\u00f0 ver\u00f0ur \u00ed Skoti Lj\u00f3smyndasafns Reykjav\u00edkur fimmtudaginn 7. n\u00f3vember kl. 16. \u00c1 s\u00fdningunni eru lj\u00f3smyndir eftir Laimonas Dom Baranauskas. S\u00fa hugmynd um a\u00f0 fegur\u00f0 s\u00e9 einungis bundin vi\u00f0 ungt f\u00f3lk er l\u00edfseig \u00ed samf\u00e9laginu. Markmi\u00f0 Laimonas Dom Baranauskas me\u00f0 s\u00fdningunni \u201e\u00c1rin \u00e1 milli\u201c er a\u00f0 storka \u00feessari hugmynd me\u00f0 [&hellip;]<\/p>\n","protected":false},"author":2,"featured_media":4061,"comment_status":"open","ping_status":"open","sticky":false,"template":"","format":"standard","meta":{"_monsterinsights_skip_tracking":false,"_monsterinsights_sitenote_active":false,"_monsterinsights_sitenote_note":"","_monsterinsights_sitenote_category":0,"footnotes":""},"categories":[30],"tags":[],"class_list":{"0":"post-4060","1":"post","2":"type-post","3":"status-publish","4":"format-standard","5":"has-post-thumbnail","7":"category-sagt-er"},"yoast_head":"<!-- This site is optimized with the Yoast SEO plugin v22.0 - https:\/\/yoast.com\/wordpress\/plugins\/seo\/ -->\n<title>FEGUR\u00d0IN KEMUR ME\u00d0 ALDRINUM &#8211; Eir\u00edkur J\u00f3nsson<\/title>\n<meta name=\"robots\" content=\"index, follow, max-snippet:-1, max-image-preview:large, max-video-preview:-1\" \/>\n<link rel=\"canonical\" href=\"https:\/\/eirikurjonsson.is\/index.php\/2024\/11\/05\/fegurdin-kemur-med-aldrinum\/\" \/>\n<meta property=\"og:locale\" content=\"is_IS\" \/>\n<meta property=\"og:type\" content=\"article\" \/>\n<meta property=\"og:title\" content=\"FEGUR\u00d0IN KEMUR ME\u00d0 ALDRINUM &#8211; Eir\u00edkur J\u00f3nsson\" \/>\n<meta property=\"og:description\" content=\"\u00c1rin \u00e1 milli&#8220;\u00a0er yfirskrift s\u00fdningar sem opnu\u00f0 ver\u00f0ur \u00ed Skoti Lj\u00f3smyndasafns Reykjav\u00edkur fimmtudaginn 7. n\u00f3vember kl. 16. \u00c1 s\u00fdningunni eru lj\u00f3smyndir eftir Laimonas Dom Baranauskas. S\u00fa hugmynd um a\u00f0 fegur\u00f0 s\u00e9 einungis bundin vi\u00f0 ungt f\u00f3lk er l\u00edfseig \u00ed samf\u00e9laginu. Markmi\u00f0 Laimonas Dom Baranauskas me\u00f0 s\u00fdningunni \u201e\u00c1rin \u00e1 milli\u201c er a\u00f0 storka \u00feessari hugmynd me\u00f0 [&hellip;]\" \/>\n<meta property=\"og:url\" content=\"https:\/\/eirikurjonsson.is\/index.php\/2024\/11\/05\/fegurdin-kemur-med-aldrinum\/\" \/>\n<meta property=\"og:site_name\" content=\"Eir\u00edkur J\u00f3nsson\" \/>\n<meta property=\"article:published_time\" content=\"2024-11-05T11:35:36+00:00\" \/>\n<meta property=\"article:modified_time\" content=\"2024-11-05T11:36:24+00:00\" \/>\n<meta property=\"og:image\" content=\"https:\/\/eirikurjonsson.is\/wp-content\/uploads\/2024\/11\/FEGURIN.jpg\" \/>\n\t<meta property=\"og:image:width\" content=\"424\" \/>\n\t<meta property=\"og:image:height\" content=\"393\" \/>\n\t<meta property=\"og:image:type\" content=\"image\/jpeg\" \/>\n<meta name=\"author\" content=\"eir\" \/>\n<meta name=\"twitter:card\" content=\"summary_large_image\" \/>\n<meta name=\"twitter:label1\" content=\"Written by\" \/>\n\t<meta name=\"twitter:data1\" content=\"eir\" \/>\n\t<meta name=\"twitter:label2\" content=\"Est. reading time\" \/>\n\t<meta name=\"twitter:data2\" content=\"2 minutes\" \/>\n<script type=\"application\/ld+json\" class=\"yoast-schema-graph\">{\"@context\":\"https:\/\/schema.org\",\"@graph\":[{\"@type\":\"WebPage\",\"@id\":\"https:\/\/eirikurjonsson.is\/index.php\/2024\/11\/05\/fegurdin-kemur-med-aldrinum\/\",\"url\":\"https:\/\/eirikurjonsson.is\/index.php\/2024\/11\/05\/fegurdin-kemur-med-aldrinum\/\",\"name\":\"FEGUR\u00d0IN KEMUR ME\u00d0 ALDRINUM &#8211; Eir\u00edkur J\u00f3nsson\",\"isPartOf\":{\"@id\":\"https:\/\/eirikurjonsson.is\/#website\"},\"datePublished\":\"2024-11-05T11:35:36+00:00\",\"dateModified\":\"2024-11-05T11:36:24+00:00\",\"author\":{\"@id\":\"https:\/\/eirikurjonsson.is\/#\/schema\/person\/308afa1d0e201918034e31b1da4f07a5\"},\"breadcrumb\":{\"@id\":\"https:\/\/eirikurjonsson.is\/index.php\/2024\/11\/05\/fegurdin-kemur-med-aldrinum\/#breadcrumb\"},\"inLanguage\":\"is\",\"potentialAction\":[{\"@type\":\"ReadAction\",\"target\":[\"https:\/\/eirikurjonsson.is\/index.php\/2024\/11\/05\/fegurdin-kemur-med-aldrinum\/\"]}]},{\"@type\":\"BreadcrumbList\",\"@id\":\"https:\/\/eirikurjonsson.is\/index.php\/2024\/11\/05\/fegurdin-kemur-med-aldrinum\/#breadcrumb\",\"itemListElement\":[{\"@type\":\"ListItem\",\"position\":1,\"name\":\"Home\",\"item\":\"https:\/\/eirikurjonsson.is\/\"},{\"@type\":\"ListItem\",\"position\":2,\"name\":\"FEGUR\u00d0IN KEMUR ME\u00d0 ALDRINUM\"}]},{\"@type\":\"WebSite\",\"@id\":\"https:\/\/eirikurjonsson.is\/#website\",\"url\":\"https:\/\/eirikurjonsson.is\/\",\"name\":\"Eir\u00edkur J\u00f3nsson\",\"description\":\"Eir\u00edkur J\u00f3nsson | EIR eirikurjonsson.is\",\"potentialAction\":[{\"@type\":\"SearchAction\",\"target\":{\"@type\":\"EntryPoint\",\"urlTemplate\":\"https:\/\/eirikurjonsson.is\/?s={search_term_string}\"},\"query-input\":\"required name=search_term_string\"}],\"inLanguage\":\"is\"},{\"@type\":\"Person\",\"@id\":\"https:\/\/eirikurjonsson.is\/#\/schema\/person\/308afa1d0e201918034e31b1da4f07a5\",\"name\":\"eir\",\"image\":{\"@type\":\"ImageObject\",\"inLanguage\":\"is\",\"@id\":\"https:\/\/eirikurjonsson.is\/#\/schema\/person\/image\/\",\"url\":\"https:\/\/secure.gravatar.com\/avatar\/b6748316a4400053a1fa9f4694b38d294dc5da6f4bacc727742bd8f3e689f87c?s=96&d=mm&r=g\",\"contentUrl\":\"https:\/\/secure.gravatar.com\/avatar\/b6748316a4400053a1fa9f4694b38d294dc5da6f4bacc727742bd8f3e689f87c?s=96&d=mm&r=g\",\"caption\":\"eir\"},\"url\":\"https:\/\/eirikurjonsson.is\/index.php\/author\/eir\/\"}]}<\/script>\n<!-- \/ Yoast SEO plugin. -->","yoast_head_json":{"title":"FEGUR\u00d0IN KEMUR ME\u00d0 ALDRINUM &#8211; Eir\u00edkur J\u00f3nsson","robots":{"index":"index","follow":"follow","max-snippet":"max-snippet:-1","max-image-preview":"max-image-preview:large","max-video-preview":"max-video-preview:-1"},"canonical":"https:\/\/eirikurjonsson.is\/index.php\/2024\/11\/05\/fegurdin-kemur-med-aldrinum\/","og_locale":"is_IS","og_type":"article","og_title":"FEGUR\u00d0IN KEMUR ME\u00d0 ALDRINUM &#8211; Eir\u00edkur J\u00f3nsson","og_description":"\u00c1rin \u00e1 milli&#8220;\u00a0er yfirskrift s\u00fdningar sem opnu\u00f0 ver\u00f0ur \u00ed Skoti Lj\u00f3smyndasafns Reykjav\u00edkur fimmtudaginn 7. n\u00f3vember kl. 16. \u00c1 s\u00fdningunni eru lj\u00f3smyndir eftir Laimonas Dom Baranauskas. S\u00fa hugmynd um a\u00f0 fegur\u00f0 s\u00e9 einungis bundin vi\u00f0 ungt f\u00f3lk er l\u00edfseig \u00ed samf\u00e9laginu. Markmi\u00f0 Laimonas Dom Baranauskas me\u00f0 s\u00fdningunni \u201e\u00c1rin \u00e1 milli\u201c er a\u00f0 storka \u00feessari hugmynd me\u00f0 [&hellip;]","og_url":"https:\/\/eirikurjonsson.is\/index.php\/2024\/11\/05\/fegurdin-kemur-med-aldrinum\/","og_site_name":"Eir\u00edkur J\u00f3nsson","article_published_time":"2024-11-05T11:35:36+00:00","article_modified_time":"2024-11-05T11:36:24+00:00","og_image":[{"width":424,"height":393,"url":"https:\/\/eirikurjonsson.is\/wp-content\/uploads\/2024\/11\/FEGURIN.jpg","type":"image\/jpeg"}],"author":"eir","twitter_card":"summary_large_image","twitter_misc":{"Written by":"eir","Est. reading time":"2 minutes"},"schema":{"@context":"https:\/\/schema.org","@graph":[{"@type":"WebPage","@id":"https:\/\/eirikurjonsson.is\/index.php\/2024\/11\/05\/fegurdin-kemur-med-aldrinum\/","url":"https:\/\/eirikurjonsson.is\/index.php\/2024\/11\/05\/fegurdin-kemur-med-aldrinum\/","name":"FEGUR\u00d0IN KEMUR ME\u00d0 ALDRINUM &#8211; Eir\u00edkur J\u00f3nsson","isPartOf":{"@id":"https:\/\/eirikurjonsson.is\/#website"},"datePublished":"2024-11-05T11:35:36+00:00","dateModified":"2024-11-05T11:36:24+00:00","author":{"@id":"https:\/\/eirikurjonsson.is\/#\/schema\/person\/308afa1d0e201918034e31b1da4f07a5"},"breadcrumb":{"@id":"https:\/\/eirikurjonsson.is\/index.php\/2024\/11\/05\/fegurdin-kemur-med-aldrinum\/#breadcrumb"},"inLanguage":"is","potentialAction":[{"@type":"ReadAction","target":["https:\/\/eirikurjonsson.is\/index.php\/2024\/11\/05\/fegurdin-kemur-med-aldrinum\/"]}]},{"@type":"BreadcrumbList","@id":"https:\/\/eirikurjonsson.is\/index.php\/2024\/11\/05\/fegurdin-kemur-med-aldrinum\/#breadcrumb","itemListElement":[{"@type":"ListItem","position":1,"name":"Home","item":"https:\/\/eirikurjonsson.is\/"},{"@type":"ListItem","position":2,"name":"FEGUR\u00d0IN KEMUR ME\u00d0 ALDRINUM"}]},{"@type":"WebSite","@id":"https:\/\/eirikurjonsson.is\/#website","url":"https:\/\/eirikurjonsson.is\/","name":"Eir\u00edkur J\u00f3nsson","description":"Eir\u00edkur J\u00f3nsson | EIR eirikurjonsson.is","potentialAction":[{"@type":"SearchAction","target":{"@type":"EntryPoint","urlTemplate":"https:\/\/eirikurjonsson.is\/?s={search_term_string}"},"query-input":"required name=search_term_string"}],"inLanguage":"is"},{"@type":"Person","@id":"https:\/\/eirikurjonsson.is\/#\/schema\/person\/308afa1d0e201918034e31b1da4f07a5","name":"eir","image":{"@type":"ImageObject","inLanguage":"is","@id":"https:\/\/eirikurjonsson.is\/#\/schema\/person\/image\/","url":"https:\/\/secure.gravatar.com\/avatar\/b6748316a4400053a1fa9f4694b38d294dc5da6f4bacc727742bd8f3e689f87c?s=96&d=mm&r=g","contentUrl":"https:\/\/secure.gravatar.com\/avatar\/b6748316a4400053a1fa9f4694b38d294dc5da6f4bacc727742bd8f3e689f87c?s=96&d=mm&r=g","caption":"eir"},"url":"https:\/\/eirikurjonsson.is\/index.php\/author\/eir\/"}]}},"_links":{"self":[{"href":"https:\/\/eirikurjonsson.is\/index.php\/wp-json\/wp\/v2\/posts\/4060","targetHints":{"allow":["GET"]}}],"collection":[{"href":"https:\/\/eirikurjonsson.is\/index.php\/wp-json\/wp\/v2\/posts"}],"about":[{"href":"https:\/\/eirikurjonsson.is\/index.php\/wp-json\/wp\/v2\/types\/post"}],"author":[{"embeddable":true,"href":"https:\/\/eirikurjonsson.is\/index.php\/wp-json\/wp\/v2\/users\/2"}],"replies":[{"embeddable":true,"href":"https:\/\/eirikurjonsson.is\/index.php\/wp-json\/wp\/v2\/comments?post=4060"}],"version-history":[{"count":1,"href":"https:\/\/eirikurjonsson.is\/index.php\/wp-json\/wp\/v2\/posts\/4060\/revisions"}],"predecessor-version":[{"id":4062,"href":"https:\/\/eirikurjonsson.is\/index.php\/wp-json\/wp\/v2\/posts\/4060\/revisions\/4062"}],"wp:featuredmedia":[{"embeddable":true,"href":"https:\/\/eirikurjonsson.is\/index.php\/wp-json\/wp\/v2\/media\/4061"}],"wp:attachment":[{"href":"https:\/\/eirikurjonsson.is\/index.php\/wp-json\/wp\/v2\/media?parent=4060"}],"wp:term":[{"taxonomy":"category","embeddable":true,"href":"https:\/\/eirikurjonsson.is\/index.php\/wp-json\/wp\/v2\/categories?post=4060"},{"taxonomy":"post_tag","embeddable":true,"href":"https:\/\/eirikurjonsson.is\/index.php\/wp-json\/wp\/v2\/tags?post=4060"}],"curies":[{"name":"wp","href":"https:\/\/api.w.org\/{rel}","templated":true}]}}