{"id":4014,"date":"2024-11-02T13:47:16","date_gmt":"2024-11-02T13:47:16","guid":{"rendered":"https:\/\/eirikurjonsson.is\/?p=4014"},"modified":"2024-11-02T15:00:33","modified_gmt":"2024-11-02T15:00:33","slug":"thu-last-thad-fyrir-her-thorgerdur-verdur-forsaetisradherra","status":"publish","type":"post","link":"https:\/\/eirikurjonsson.is\/index.php\/2024\/11\/02\/thu-last-thad-fyrir-her-thorgerdur-verdur-forsaetisradherra\/","title":{"rendered":"\u00de\u00da LAST \u00deA\u00d0 FYRST H\u00c9R: \u00deORGER\u00d0UR VER\u00d0UR FORS\u00c6TISR\u00c1\u00d0HERRA"},"content":{"rendered":"<div style=\"text-align: center;\">Kj\u00f3sandi skrifar:<\/div>\n<div style=\"text-align: center;\">&#8211;<\/div>\n<div class=\"gmail_default\">Nei, Kristr\u00fan Frostad\u00f3ttir ver\u00f0ur ekki n\u00e6sti fors\u00e6tisr\u00e1\u00f0herra heldur \u00deorger\u00f0ur Katr\u00edn Gunnarsd\u00f3ttir, forma\u00f0ur Vi\u00f0reisnar. Alveg sama hvernig kosningar fara.<\/div>\n<div class=\"gmail_default\">&#8211;<\/div>\n<div class=\"gmail_default\">Mi\u00f0a\u00f0 vi\u00f0 kannanir ver\u00f0ur Vi\u00f0reisn \u00ed lykilst\u00f6\u00f0u eftir kosningar. Vi\u00f0reisn ver\u00f0ur komin \u00feanga\u00f0 sem Frams\u00f3kn hefur alltaf veri\u00f0, a\u00f0 geta halla\u00f0 s\u00e9r b\u00e6\u00f0i til h\u00e6gri og vinstri. En s\u00fa sta\u00f0a byggist \u00e1 a\u00f0 hafa \u00feokkalegan fj\u00f6lda \u00feingmanna og \u00fea\u00f0 mun Vi\u00f0reisn hafa.<\/div>\n<div class=\"gmail_default\">&#8211;<\/div>\n<div class=\"gmail_default\">Vi\u00f0reisn ver\u00f0ur l\u00edklegast me\u00f0 fleiri \u00feingmenn en Sj\u00e1lfst\u00e6\u00f0isflokkurinn, sem \u00fe\u00fd\u00f0ir a\u00f0 ef h\u00fan hallar s\u00e9r \u00feanga\u00f0 \u00e1samt Mi\u00f0flokknum til a\u00f0 mynda h\u00e6gri stj\u00f3rn, \u00fe\u00e1 tekur \u00deorger\u00f0ur vi\u00f0 sem fors\u00e6tisr\u00e1\u00f0herra. Au\u00f0vita\u00f0 g\u00e6ti Sigmundur Dav\u00ed\u00f0 krafist \u00feess a\u00f0 ver\u00f0a fors\u00e6tisr\u00e1\u00f0herra, en \u00fe\u00e1 s\u00fdnir \u00deorger\u00f0ur bara vinstri vangann.<\/div>\n<div class=\"gmail_default\">&#8211;<\/div>\n<div class=\"gmail_default\">\u00de\u00f3 Samfylkingin f\u00e1i fleiri \u00feingmenn en Vi\u00f0reisn, \u00fe\u00e1 getur Samfylkingin ekki mynda\u00f0 vinstri stj\u00f3rn \u00e1n Vi\u00f0reisnar. \u00deorger\u00f0ur K ver\u00f0ur \u00fear me\u00f0 p\u00e1lmann \u00ed h\u00f6ndunum og velur s\u00e9r st\u00f3l vi\u00f0 bor\u00f0sendann. Frams\u00f3kn \u00fearf svo til a\u00f0 n\u00e1 fullum meirihluta og hugsanlega \u00feingma\u00f0ur P\u00edrata e\u00f0a Vinstri gr\u00e6nna, ef \u00feeir ver\u00f0a fyrir hendi \u00e1 anna\u00f0 bor\u00f0.<\/div>\n<div class=\"gmail_default\">&#8211;<\/div>\n<div class=\"gmail_default\">Kristr\u00fan tekur \u00fe\u00e1 a\u00f0 sj\u00e1lfs\u00f6g\u00f0u vi\u00f0 sem fj\u00e1rm\u00e1lar\u00e1\u00f0herra, enda er \u00fea\u00f0 r\u00e9tti r\u00e1\u00f0herrast\u00f3llinn til a\u00f0 hrinda \u00ed framkv\u00e6md \u00e1formum um aukna skattlagningu.<\/div>\n<div class=\"gmail_default\"><\/div>\n","protected":false},"excerpt":{"rendered":"<p>Kj\u00f3sandi skrifar: &#8211; Nei, Kristr\u00fan Frostad\u00f3ttir ver\u00f0ur ekki n\u00e6sti fors\u00e6tisr\u00e1\u00f0herra heldur \u00deorger\u00f0ur Katr\u00edn Gunnarsd\u00f3ttir, forma\u00f0ur Vi\u00f0reisnar. Alveg sama hvernig kosningar fara. &#8211; Mi\u00f0a\u00f0 vi\u00f0 kannanir ver\u00f0ur Vi\u00f0reisn \u00ed lykilst\u00f6\u00f0u eftir kosningar. Vi\u00f0reisn ver\u00f0ur komin \u00feanga\u00f0 sem Frams\u00f3kn hefur alltaf veri\u00f0, a\u00f0 geta halla\u00f0 s\u00e9r b\u00e6\u00f0i til h\u00e6gri og vinstri. En s\u00fa sta\u00f0a byggist \u00e1 a\u00f0 [&hellip;]<\/p>\n","protected":false},"author":2,"featured_media":4015,"comment_status":"open","ping_status":"open","sticky":false,"template":"","format":"standard","meta":{"_monsterinsights_skip_tracking":false,"_monsterinsights_sitenote_active":false,"_monsterinsights_sitenote_note":"","_monsterinsights_sitenote_category":0,"footnotes":""},"categories":[31],"tags":[],"class_list":{"0":"post-4014","1":"post","2":"type-post","3":"status-publish","4":"format-standard","5":"has-post-thumbnail","7":"category-greinar"},"yoast_head":"<!-- This site is optimized with the Yoast SEO plugin v22.0 - https:\/\/yoast.com\/wordpress\/plugins\/seo\/ -->\n<title>\u00de\u00da LAST \u00deA\u00d0 FYRST H\u00c9R: \u00deORGER\u00d0UR VER\u00d0UR FORS\u00c6TISR\u00c1\u00d0HERRA &#8211; Eir\u00edkur J\u00f3nsson<\/title>\n<meta name=\"robots\" content=\"index, follow, max-snippet:-1, max-image-preview:large, max-video-preview:-1\" \/>\n<link rel=\"canonical\" href=\"https:\/\/eirikurjonsson.is\/index.php\/2024\/11\/02\/thu-last-thad-fyrir-her-thorgerdur-verdur-forsaetisradherra\/\" \/>\n<meta property=\"og:locale\" content=\"is_IS\" \/>\n<meta property=\"og:type\" content=\"article\" \/>\n<meta property=\"og:title\" content=\"\u00de\u00da LAST \u00deA\u00d0 FYRST H\u00c9R: \u00deORGER\u00d0UR VER\u00d0UR FORS\u00c6TISR\u00c1\u00d0HERRA &#8211; Eir\u00edkur J\u00f3nsson\" \/>\n<meta property=\"og:description\" content=\"Kj\u00f3sandi skrifar: &#8211; Nei, Kristr\u00fan Frostad\u00f3ttir ver\u00f0ur ekki n\u00e6sti fors\u00e6tisr\u00e1\u00f0herra heldur \u00deorger\u00f0ur Katr\u00edn Gunnarsd\u00f3ttir, forma\u00f0ur Vi\u00f0reisnar. Alveg sama hvernig kosningar fara. &#8211; Mi\u00f0a\u00f0 vi\u00f0 kannanir ver\u00f0ur Vi\u00f0reisn \u00ed lykilst\u00f6\u00f0u eftir kosningar. Vi\u00f0reisn ver\u00f0ur komin \u00feanga\u00f0 sem Frams\u00f3kn hefur alltaf veri\u00f0, a\u00f0 geta halla\u00f0 s\u00e9r b\u00e6\u00f0i til h\u00e6gri og vinstri. En s\u00fa sta\u00f0a byggist \u00e1 a\u00f0 [&hellip;]\" \/>\n<meta property=\"og:url\" content=\"https:\/\/eirikurjonsson.is\/index.php\/2024\/11\/02\/thu-last-thad-fyrir-her-thorgerdur-verdur-forsaetisradherra\/\" \/>\n<meta property=\"og:site_name\" content=\"Eir\u00edkur J\u00f3nsson\" \/>\n<meta property=\"article:published_time\" content=\"2024-11-02T13:47:16+00:00\" \/>\n<meta property=\"article:modified_time\" content=\"2024-11-02T15:00:33+00:00\" \/>\n<meta property=\"og:image\" content=\"https:\/\/eirikurjonsson.is\/wp-content\/uploads\/2024\/11\/thorgerdur.jpg\" \/>\n\t<meta property=\"og:image:width\" content=\"623\" \/>\n\t<meta property=\"og:image:height\" content=\"443\" \/>\n\t<meta property=\"og:image:type\" content=\"image\/jpeg\" \/>\n<meta name=\"author\" content=\"eir\" \/>\n<meta name=\"twitter:card\" content=\"summary_large_image\" \/>\n<meta name=\"twitter:label1\" content=\"Written by\" \/>\n\t<meta name=\"twitter:data1\" content=\"eir\" \/>\n\t<meta name=\"twitter:label2\" content=\"Est. reading time\" \/>\n\t<meta name=\"twitter:data2\" content=\"2 minutes\" \/>\n<script type=\"application\/ld+json\" class=\"yoast-schema-graph\">{\"@context\":\"https:\/\/schema.org\",\"@graph\":[{\"@type\":\"WebPage\",\"@id\":\"https:\/\/eirikurjonsson.is\/index.php\/2024\/11\/02\/thu-last-thad-fyrir-her-thorgerdur-verdur-forsaetisradherra\/\",\"url\":\"https:\/\/eirikurjonsson.is\/index.php\/2024\/11\/02\/thu-last-thad-fyrir-her-thorgerdur-verdur-forsaetisradherra\/\",\"name\":\"\u00de\u00da LAST \u00deA\u00d0 FYRST H\u00c9R: \u00deORGER\u00d0UR VER\u00d0UR FORS\u00c6TISR\u00c1\u00d0HERRA &#8211; Eir\u00edkur J\u00f3nsson\",\"isPartOf\":{\"@id\":\"https:\/\/eirikurjonsson.is\/#website\"},\"datePublished\":\"2024-11-02T13:47:16+00:00\",\"dateModified\":\"2024-11-02T15:00:33+00:00\",\"author\":{\"@id\":\"https:\/\/eirikurjonsson.is\/#\/schema\/person\/308afa1d0e201918034e31b1da4f07a5\"},\"breadcrumb\":{\"@id\":\"https:\/\/eirikurjonsson.is\/index.php\/2024\/11\/02\/thu-last-thad-fyrir-her-thorgerdur-verdur-forsaetisradherra\/#breadcrumb\"},\"inLanguage\":\"is\",\"potentialAction\":[{\"@type\":\"ReadAction\",\"target\":[\"https:\/\/eirikurjonsson.is\/index.php\/2024\/11\/02\/thu-last-thad-fyrir-her-thorgerdur-verdur-forsaetisradherra\/\"]}]},{\"@type\":\"BreadcrumbList\",\"@id\":\"https:\/\/eirikurjonsson.is\/index.php\/2024\/11\/02\/thu-last-thad-fyrir-her-thorgerdur-verdur-forsaetisradherra\/#breadcrumb\",\"itemListElement\":[{\"@type\":\"ListItem\",\"position\":1,\"name\":\"Home\",\"item\":\"https:\/\/eirikurjonsson.is\/\"},{\"@type\":\"ListItem\",\"position\":2,\"name\":\"\u00de\u00da LAST \u00deA\u00d0 FYRST H\u00c9R: \u00deORGER\u00d0UR VER\u00d0UR FORS\u00c6TISR\u00c1\u00d0HERRA\"}]},{\"@type\":\"WebSite\",\"@id\":\"https:\/\/eirikurjonsson.is\/#website\",\"url\":\"https:\/\/eirikurjonsson.is\/\",\"name\":\"Eir\u00edkur J\u00f3nsson\",\"description\":\"Eir\u00edkur J\u00f3nsson | EIR eirikurjonsson.is\",\"potentialAction\":[{\"@type\":\"SearchAction\",\"target\":{\"@type\":\"EntryPoint\",\"urlTemplate\":\"https:\/\/eirikurjonsson.is\/?s={search_term_string}\"},\"query-input\":\"required name=search_term_string\"}],\"inLanguage\":\"is\"},{\"@type\":\"Person\",\"@id\":\"https:\/\/eirikurjonsson.is\/#\/schema\/person\/308afa1d0e201918034e31b1da4f07a5\",\"name\":\"eir\",\"image\":{\"@type\":\"ImageObject\",\"inLanguage\":\"is\",\"@id\":\"https:\/\/eirikurjonsson.is\/#\/schema\/person\/image\/\",\"url\":\"https:\/\/secure.gravatar.com\/avatar\/b6748316a4400053a1fa9f4694b38d294dc5da6f4bacc727742bd8f3e689f87c?s=96&d=mm&r=g\",\"contentUrl\":\"https:\/\/secure.gravatar.com\/avatar\/b6748316a4400053a1fa9f4694b38d294dc5da6f4bacc727742bd8f3e689f87c?s=96&d=mm&r=g\",\"caption\":\"eir\"},\"url\":\"https:\/\/eirikurjonsson.is\/index.php\/author\/eir\/\"}]}<\/script>\n<!-- \/ Yoast SEO plugin. -->","yoast_head_json":{"title":"\u00de\u00da LAST \u00deA\u00d0 FYRST H\u00c9R: \u00deORGER\u00d0UR VER\u00d0UR FORS\u00c6TISR\u00c1\u00d0HERRA &#8211; Eir\u00edkur J\u00f3nsson","robots":{"index":"index","follow":"follow","max-snippet":"max-snippet:-1","max-image-preview":"max-image-preview:large","max-video-preview":"max-video-preview:-1"},"canonical":"https:\/\/eirikurjonsson.is\/index.php\/2024\/11\/02\/thu-last-thad-fyrir-her-thorgerdur-verdur-forsaetisradherra\/","og_locale":"is_IS","og_type":"article","og_title":"\u00de\u00da LAST \u00deA\u00d0 FYRST H\u00c9R: \u00deORGER\u00d0UR VER\u00d0UR FORS\u00c6TISR\u00c1\u00d0HERRA &#8211; Eir\u00edkur J\u00f3nsson","og_description":"Kj\u00f3sandi skrifar: &#8211; Nei, Kristr\u00fan Frostad\u00f3ttir ver\u00f0ur ekki n\u00e6sti fors\u00e6tisr\u00e1\u00f0herra heldur \u00deorger\u00f0ur Katr\u00edn Gunnarsd\u00f3ttir, forma\u00f0ur Vi\u00f0reisnar. Alveg sama hvernig kosningar fara. &#8211; Mi\u00f0a\u00f0 vi\u00f0 kannanir ver\u00f0ur Vi\u00f0reisn \u00ed lykilst\u00f6\u00f0u eftir kosningar. Vi\u00f0reisn ver\u00f0ur komin \u00feanga\u00f0 sem Frams\u00f3kn hefur alltaf veri\u00f0, a\u00f0 geta halla\u00f0 s\u00e9r b\u00e6\u00f0i til h\u00e6gri og vinstri. En s\u00fa sta\u00f0a byggist \u00e1 a\u00f0 [&hellip;]","og_url":"https:\/\/eirikurjonsson.is\/index.php\/2024\/11\/02\/thu-last-thad-fyrir-her-thorgerdur-verdur-forsaetisradherra\/","og_site_name":"Eir\u00edkur J\u00f3nsson","article_published_time":"2024-11-02T13:47:16+00:00","article_modified_time":"2024-11-02T15:00:33+00:00","og_image":[{"width":623,"height":443,"url":"https:\/\/eirikurjonsson.is\/wp-content\/uploads\/2024\/11\/thorgerdur.jpg","type":"image\/jpeg"}],"author":"eir","twitter_card":"summary_large_image","twitter_misc":{"Written by":"eir","Est. reading time":"2 minutes"},"schema":{"@context":"https:\/\/schema.org","@graph":[{"@type":"WebPage","@id":"https:\/\/eirikurjonsson.is\/index.php\/2024\/11\/02\/thu-last-thad-fyrir-her-thorgerdur-verdur-forsaetisradherra\/","url":"https:\/\/eirikurjonsson.is\/index.php\/2024\/11\/02\/thu-last-thad-fyrir-her-thorgerdur-verdur-forsaetisradherra\/","name":"\u00de\u00da LAST \u00deA\u00d0 FYRST H\u00c9R: \u00deORGER\u00d0UR VER\u00d0UR FORS\u00c6TISR\u00c1\u00d0HERRA &#8211; Eir\u00edkur J\u00f3nsson","isPartOf":{"@id":"https:\/\/eirikurjonsson.is\/#website"},"datePublished":"2024-11-02T13:47:16+00:00","dateModified":"2024-11-02T15:00:33+00:00","author":{"@id":"https:\/\/eirikurjonsson.is\/#\/schema\/person\/308afa1d0e201918034e31b1da4f07a5"},"breadcrumb":{"@id":"https:\/\/eirikurjonsson.is\/index.php\/2024\/11\/02\/thu-last-thad-fyrir-her-thorgerdur-verdur-forsaetisradherra\/#breadcrumb"},"inLanguage":"is","potentialAction":[{"@type":"ReadAction","target":["https:\/\/eirikurjonsson.is\/index.php\/2024\/11\/02\/thu-last-thad-fyrir-her-thorgerdur-verdur-forsaetisradherra\/"]}]},{"@type":"BreadcrumbList","@id":"https:\/\/eirikurjonsson.is\/index.php\/2024\/11\/02\/thu-last-thad-fyrir-her-thorgerdur-verdur-forsaetisradherra\/#breadcrumb","itemListElement":[{"@type":"ListItem","position":1,"name":"Home","item":"https:\/\/eirikurjonsson.is\/"},{"@type":"ListItem","position":2,"name":"\u00de\u00da LAST \u00deA\u00d0 FYRST H\u00c9R: \u00deORGER\u00d0UR VER\u00d0UR FORS\u00c6TISR\u00c1\u00d0HERRA"}]},{"@type":"WebSite","@id":"https:\/\/eirikurjonsson.is\/#website","url":"https:\/\/eirikurjonsson.is\/","name":"Eir\u00edkur J\u00f3nsson","description":"Eir\u00edkur J\u00f3nsson | EIR eirikurjonsson.is","potentialAction":[{"@type":"SearchAction","target":{"@type":"EntryPoint","urlTemplate":"https:\/\/eirikurjonsson.is\/?s={search_term_string}"},"query-input":"required name=search_term_string"}],"inLanguage":"is"},{"@type":"Person","@id":"https:\/\/eirikurjonsson.is\/#\/schema\/person\/308afa1d0e201918034e31b1da4f07a5","name":"eir","image":{"@type":"ImageObject","inLanguage":"is","@id":"https:\/\/eirikurjonsson.is\/#\/schema\/person\/image\/","url":"https:\/\/secure.gravatar.com\/avatar\/b6748316a4400053a1fa9f4694b38d294dc5da6f4bacc727742bd8f3e689f87c?s=96&d=mm&r=g","contentUrl":"https:\/\/secure.gravatar.com\/avatar\/b6748316a4400053a1fa9f4694b38d294dc5da6f4bacc727742bd8f3e689f87c?s=96&d=mm&r=g","caption":"eir"},"url":"https:\/\/eirikurjonsson.is\/index.php\/author\/eir\/"}]}},"_links":{"self":[{"href":"https:\/\/eirikurjonsson.is\/index.php\/wp-json\/wp\/v2\/posts\/4014","targetHints":{"allow":["GET"]}}],"collection":[{"href":"https:\/\/eirikurjonsson.is\/index.php\/wp-json\/wp\/v2\/posts"}],"about":[{"href":"https:\/\/eirikurjonsson.is\/index.php\/wp-json\/wp\/v2\/types\/post"}],"author":[{"embeddable":true,"href":"https:\/\/eirikurjonsson.is\/index.php\/wp-json\/wp\/v2\/users\/2"}],"replies":[{"embeddable":true,"href":"https:\/\/eirikurjonsson.is\/index.php\/wp-json\/wp\/v2\/comments?post=4014"}],"version-history":[{"count":2,"href":"https:\/\/eirikurjonsson.is\/index.php\/wp-json\/wp\/v2\/posts\/4014\/revisions"}],"predecessor-version":[{"id":4025,"href":"https:\/\/eirikurjonsson.is\/index.php\/wp-json\/wp\/v2\/posts\/4014\/revisions\/4025"}],"wp:featuredmedia":[{"embeddable":true,"href":"https:\/\/eirikurjonsson.is\/index.php\/wp-json\/wp\/v2\/media\/4015"}],"wp:attachment":[{"href":"https:\/\/eirikurjonsson.is\/index.php\/wp-json\/wp\/v2\/media?parent=4014"}],"wp:term":[{"taxonomy":"category","embeddable":true,"href":"https:\/\/eirikurjonsson.is\/index.php\/wp-json\/wp\/v2\/categories?post=4014"},{"taxonomy":"post_tag","embeddable":true,"href":"https:\/\/eirikurjonsson.is\/index.php\/wp-json\/wp\/v2\/tags?post=4014"}],"curies":[{"name":"wp","href":"https:\/\/api.w.org\/{rel}","templated":true}]}}