{"id":4011,"date":"2024-11-02T13:17:40","date_gmt":"2024-11-02T13:17:40","guid":{"rendered":"https:\/\/eirikurjonsson.is\/?p=4011"},"modified":"2024-11-02T13:18:38","modified_gmt":"2024-11-02T13:18:38","slug":"seydisfjordur-a-topp-17-lista-yfir-bestu-thorp-i-evropu","status":"publish","type":"post","link":"https:\/\/eirikurjonsson.is\/index.php\/2024\/11\/02\/seydisfjordur-a-topp-17-lista-yfir-bestu-thorp-i-evropu\/","title":{"rendered":"SEY\u00d0ISFJ\u00d6R\u00d0UR \u00c1 TOPP 17 LISTA YFIR BESTU \u00deORP \u00cd EVR\u00d3PU"},"content":{"rendered":"<p>Sey\u00f0fir\u00f0ingurinn og arkitektinn \u00de\u00f3ra Bergn\u00fd, sem h\u00f3f rekstur Farfuglaheimilis \u00ed heimab\u00e6 s\u00ednum fyrir \u00e1ratugum og rekur n\u00fa anna\u00f0 svipa\u00f0 \u00e1 Indlandi, bendir \u00e1 \u00fe\u00e1 sta\u00f0reynd a\u00f0 Sey\u00f0isfj\u00f6r\u00f0ur s\u00e9 komin \u00e1 lista yfir 17 bestu \u00feorp Evr\u00f3p sem vert s\u00e9 a\u00f0 heims\u00e6kja.<\/p>\n<p>\u00de\u00f3ra \u00e1 sinn \u00fe\u00e1tt \u00ed \u00feeirri \u00fer\u00f3un me\u00f0 starfi s\u00ednu vi\u00f0 var\u00f0veislu gamalla h\u00fasa og menningarstarfi allskonar \u00feana vi\u00f0 ysta haf e\u00f0a eins og segir m.a \u00ed ums\u00f6gn \u00e1<a href=\"https:\/\/www.travelandleisure.com\/best-small-towns-in-europe-5426391?link_source=ta_first_comment&amp;taid=67243650fe4f6c00010067c1&amp;utm_campaign=travelandleisure&amp;utm_content=photo&amp;utm_medium=social&amp;utm_source=Facebook.com&amp;utm_term=67243650fe4f6c00010067c0&amp;fbclid=IwY2xjawGS_RJleHRuA2FlbQIxMQABHUUoIv0fVKDN03Gc0YvDeNky3cZjYyJI86i1dHSVFMAeoqnfCSlsfJXoXQ_aem_K0F6qPNcOD04ox8000g3lA\"> topplistanum<\/a>:<\/p>\n<p><em>&#8222;Stationed on the far reaches of eastern Iceland, Seydisfjordur is practically hidden along the banks of a dramatic fjord&#8230;Though its population clocks in at less than 700, Seydisfjordur has been named one of the\u00a0<a href=\"https:\/\/www.travelandleisure.com\/trip-ideas\/best-small-towns-in-iceland\" data-component=\"link\" data-source=\"inlineLink\" data-type=\"internalLink\" data-ordinal=\"1\">best small towns in Iceland<\/a> thanks to its healthy arts scene and a fair share of guesthouses, breweries, and restaurants..&#8220;<\/em><\/p>\n","protected":false},"excerpt":{"rendered":"<p>Sey\u00f0fir\u00f0ingurinn og arkitektinn \u00de\u00f3ra Bergn\u00fd, sem h\u00f3f rekstur Farfuglaheimilis \u00ed heimab\u00e6 s\u00ednum fyrir \u00e1ratugum og rekur n\u00fa anna\u00f0 svipa\u00f0 \u00e1 Indlandi, bendir \u00e1 \u00fe\u00e1 sta\u00f0reynd a\u00f0 Sey\u00f0isfj\u00f6r\u00f0ur s\u00e9 komin \u00e1 lista yfir 17 bestu \u00feorp Evr\u00f3p sem vert s\u00e9 a\u00f0 heims\u00e6kja. \u00de\u00f3ra \u00e1 sinn \u00fe\u00e1tt \u00ed \u00feeirri \u00fer\u00f3un me\u00f0 starfi s\u00ednu vi\u00f0 var\u00f0veislu gamalla h\u00fasa [&hellip;]<\/p>\n","protected":false},"author":2,"featured_media":4012,"comment_status":"open","ping_status":"open","sticky":false,"template":"","format":"standard","meta":{"_monsterinsights_skip_tracking":false,"_monsterinsights_sitenote_active":false,"_monsterinsights_sitenote_note":"","_monsterinsights_sitenote_category":0,"footnotes":""},"categories":[31],"tags":[],"class_list":{"0":"post-4011","1":"post","2":"type-post","3":"status-publish","4":"format-standard","5":"has-post-thumbnail","7":"category-greinar"},"yoast_head":"<!-- This site is optimized with the Yoast SEO plugin v22.0 - https:\/\/yoast.com\/wordpress\/plugins\/seo\/ -->\n<title>SEY\u00d0ISFJ\u00d6R\u00d0UR \u00c1 TOPP 17 LISTA YFIR BESTU \u00deORP \u00cd EVR\u00d3PU &#8211; Eir\u00edkur J\u00f3nsson<\/title>\n<meta name=\"robots\" content=\"index, follow, max-snippet:-1, max-image-preview:large, max-video-preview:-1\" \/>\n<link rel=\"canonical\" href=\"https:\/\/eirikurjonsson.is\/index.php\/2024\/11\/02\/seydisfjordur-a-topp-17-lista-yfir-bestu-thorp-i-evropu\/\" \/>\n<meta property=\"og:locale\" content=\"is_IS\" \/>\n<meta property=\"og:type\" content=\"article\" \/>\n<meta property=\"og:title\" content=\"SEY\u00d0ISFJ\u00d6R\u00d0UR \u00c1 TOPP 17 LISTA YFIR BESTU \u00deORP \u00cd EVR\u00d3PU &#8211; Eir\u00edkur J\u00f3nsson\" \/>\n<meta property=\"og:description\" content=\"Sey\u00f0fir\u00f0ingurinn og arkitektinn \u00de\u00f3ra Bergn\u00fd, sem h\u00f3f rekstur Farfuglaheimilis \u00ed heimab\u00e6 s\u00ednum fyrir \u00e1ratugum og rekur n\u00fa anna\u00f0 svipa\u00f0 \u00e1 Indlandi, bendir \u00e1 \u00fe\u00e1 sta\u00f0reynd a\u00f0 Sey\u00f0isfj\u00f6r\u00f0ur s\u00e9 komin \u00e1 lista yfir 17 bestu \u00feorp Evr\u00f3p sem vert s\u00e9 a\u00f0 heims\u00e6kja. \u00de\u00f3ra \u00e1 sinn \u00fe\u00e1tt \u00ed \u00feeirri \u00fer\u00f3un me\u00f0 starfi s\u00ednu vi\u00f0 var\u00f0veislu gamalla h\u00fasa [&hellip;]\" \/>\n<meta property=\"og:url\" content=\"https:\/\/eirikurjonsson.is\/index.php\/2024\/11\/02\/seydisfjordur-a-topp-17-lista-yfir-bestu-thorp-i-evropu\/\" \/>\n<meta property=\"og:site_name\" content=\"Eir\u00edkur J\u00f3nsson\" \/>\n<meta property=\"article:published_time\" content=\"2024-11-02T13:17:40+00:00\" \/>\n<meta property=\"article:modified_time\" content=\"2024-11-02T13:18:38+00:00\" \/>\n<meta property=\"og:image\" content=\"https:\/\/eirikurjonsson.is\/wp-content\/uploads\/2024\/11\/thora.jpg\" \/>\n\t<meta property=\"og:image:width\" content=\"831\" \/>\n\t<meta property=\"og:image:height\" content=\"480\" \/>\n\t<meta property=\"og:image:type\" content=\"image\/jpeg\" \/>\n<meta name=\"author\" content=\"eir\" \/>\n<meta name=\"twitter:card\" content=\"summary_large_image\" \/>\n<meta name=\"twitter:label1\" content=\"Written by\" \/>\n\t<meta name=\"twitter:data1\" content=\"eir\" \/>\n\t<meta name=\"twitter:label2\" content=\"Est. reading time\" \/>\n\t<meta name=\"twitter:data2\" content=\"1 minute\" \/>\n<script type=\"application\/ld+json\" class=\"yoast-schema-graph\">{\"@context\":\"https:\/\/schema.org\",\"@graph\":[{\"@type\":\"WebPage\",\"@id\":\"https:\/\/eirikurjonsson.is\/index.php\/2024\/11\/02\/seydisfjordur-a-topp-17-lista-yfir-bestu-thorp-i-evropu\/\",\"url\":\"https:\/\/eirikurjonsson.is\/index.php\/2024\/11\/02\/seydisfjordur-a-topp-17-lista-yfir-bestu-thorp-i-evropu\/\",\"name\":\"SEY\u00d0ISFJ\u00d6R\u00d0UR \u00c1 TOPP 17 LISTA YFIR BESTU \u00deORP \u00cd EVR\u00d3PU &#8211; Eir\u00edkur J\u00f3nsson\",\"isPartOf\":{\"@id\":\"https:\/\/eirikurjonsson.is\/#website\"},\"datePublished\":\"2024-11-02T13:17:40+00:00\",\"dateModified\":\"2024-11-02T13:18:38+00:00\",\"author\":{\"@id\":\"https:\/\/eirikurjonsson.is\/#\/schema\/person\/308afa1d0e201918034e31b1da4f07a5\"},\"breadcrumb\":{\"@id\":\"https:\/\/eirikurjonsson.is\/index.php\/2024\/11\/02\/seydisfjordur-a-topp-17-lista-yfir-bestu-thorp-i-evropu\/#breadcrumb\"},\"inLanguage\":\"is\",\"potentialAction\":[{\"@type\":\"ReadAction\",\"target\":[\"https:\/\/eirikurjonsson.is\/index.php\/2024\/11\/02\/seydisfjordur-a-topp-17-lista-yfir-bestu-thorp-i-evropu\/\"]}]},{\"@type\":\"BreadcrumbList\",\"@id\":\"https:\/\/eirikurjonsson.is\/index.php\/2024\/11\/02\/seydisfjordur-a-topp-17-lista-yfir-bestu-thorp-i-evropu\/#breadcrumb\",\"itemListElement\":[{\"@type\":\"ListItem\",\"position\":1,\"name\":\"Home\",\"item\":\"https:\/\/eirikurjonsson.is\/\"},{\"@type\":\"ListItem\",\"position\":2,\"name\":\"SEY\u00d0ISFJ\u00d6R\u00d0UR \u00c1 TOPP 17 LISTA YFIR BESTU \u00deORP \u00cd EVR\u00d3PU\"}]},{\"@type\":\"WebSite\",\"@id\":\"https:\/\/eirikurjonsson.is\/#website\",\"url\":\"https:\/\/eirikurjonsson.is\/\",\"name\":\"Eir\u00edkur J\u00f3nsson\",\"description\":\"Eir\u00edkur J\u00f3nsson | EIR eirikurjonsson.is\",\"potentialAction\":[{\"@type\":\"SearchAction\",\"target\":{\"@type\":\"EntryPoint\",\"urlTemplate\":\"https:\/\/eirikurjonsson.is\/?s={search_term_string}\"},\"query-input\":\"required name=search_term_string\"}],\"inLanguage\":\"is\"},{\"@type\":\"Person\",\"@id\":\"https:\/\/eirikurjonsson.is\/#\/schema\/person\/308afa1d0e201918034e31b1da4f07a5\",\"name\":\"eir\",\"image\":{\"@type\":\"ImageObject\",\"inLanguage\":\"is\",\"@id\":\"https:\/\/eirikurjonsson.is\/#\/schema\/person\/image\/\",\"url\":\"https:\/\/secure.gravatar.com\/avatar\/b6748316a4400053a1fa9f4694b38d294dc5da6f4bacc727742bd8f3e689f87c?s=96&d=mm&r=g\",\"contentUrl\":\"https:\/\/secure.gravatar.com\/avatar\/b6748316a4400053a1fa9f4694b38d294dc5da6f4bacc727742bd8f3e689f87c?s=96&d=mm&r=g\",\"caption\":\"eir\"},\"url\":\"https:\/\/eirikurjonsson.is\/index.php\/author\/eir\/\"}]}<\/script>\n<!-- \/ Yoast SEO plugin. -->","yoast_head_json":{"title":"SEY\u00d0ISFJ\u00d6R\u00d0UR \u00c1 TOPP 17 LISTA YFIR BESTU \u00deORP \u00cd EVR\u00d3PU &#8211; Eir\u00edkur J\u00f3nsson","robots":{"index":"index","follow":"follow","max-snippet":"max-snippet:-1","max-image-preview":"max-image-preview:large","max-video-preview":"max-video-preview:-1"},"canonical":"https:\/\/eirikurjonsson.is\/index.php\/2024\/11\/02\/seydisfjordur-a-topp-17-lista-yfir-bestu-thorp-i-evropu\/","og_locale":"is_IS","og_type":"article","og_title":"SEY\u00d0ISFJ\u00d6R\u00d0UR \u00c1 TOPP 17 LISTA YFIR BESTU \u00deORP \u00cd EVR\u00d3PU &#8211; Eir\u00edkur J\u00f3nsson","og_description":"Sey\u00f0fir\u00f0ingurinn og arkitektinn \u00de\u00f3ra Bergn\u00fd, sem h\u00f3f rekstur Farfuglaheimilis \u00ed heimab\u00e6 s\u00ednum fyrir \u00e1ratugum og rekur n\u00fa anna\u00f0 svipa\u00f0 \u00e1 Indlandi, bendir \u00e1 \u00fe\u00e1 sta\u00f0reynd a\u00f0 Sey\u00f0isfj\u00f6r\u00f0ur s\u00e9 komin \u00e1 lista yfir 17 bestu \u00feorp Evr\u00f3p sem vert s\u00e9 a\u00f0 heims\u00e6kja. \u00de\u00f3ra \u00e1 sinn \u00fe\u00e1tt \u00ed \u00feeirri \u00fer\u00f3un me\u00f0 starfi s\u00ednu vi\u00f0 var\u00f0veislu gamalla h\u00fasa [&hellip;]","og_url":"https:\/\/eirikurjonsson.is\/index.php\/2024\/11\/02\/seydisfjordur-a-topp-17-lista-yfir-bestu-thorp-i-evropu\/","og_site_name":"Eir\u00edkur J\u00f3nsson","article_published_time":"2024-11-02T13:17:40+00:00","article_modified_time":"2024-11-02T13:18:38+00:00","og_image":[{"width":831,"height":480,"url":"https:\/\/eirikurjonsson.is\/wp-content\/uploads\/2024\/11\/thora.jpg","type":"image\/jpeg"}],"author":"eir","twitter_card":"summary_large_image","twitter_misc":{"Written by":"eir","Est. reading time":"1 minute"},"schema":{"@context":"https:\/\/schema.org","@graph":[{"@type":"WebPage","@id":"https:\/\/eirikurjonsson.is\/index.php\/2024\/11\/02\/seydisfjordur-a-topp-17-lista-yfir-bestu-thorp-i-evropu\/","url":"https:\/\/eirikurjonsson.is\/index.php\/2024\/11\/02\/seydisfjordur-a-topp-17-lista-yfir-bestu-thorp-i-evropu\/","name":"SEY\u00d0ISFJ\u00d6R\u00d0UR \u00c1 TOPP 17 LISTA YFIR BESTU \u00deORP \u00cd EVR\u00d3PU &#8211; Eir\u00edkur J\u00f3nsson","isPartOf":{"@id":"https:\/\/eirikurjonsson.is\/#website"},"datePublished":"2024-11-02T13:17:40+00:00","dateModified":"2024-11-02T13:18:38+00:00","author":{"@id":"https:\/\/eirikurjonsson.is\/#\/schema\/person\/308afa1d0e201918034e31b1da4f07a5"},"breadcrumb":{"@id":"https:\/\/eirikurjonsson.is\/index.php\/2024\/11\/02\/seydisfjordur-a-topp-17-lista-yfir-bestu-thorp-i-evropu\/#breadcrumb"},"inLanguage":"is","potentialAction":[{"@type":"ReadAction","target":["https:\/\/eirikurjonsson.is\/index.php\/2024\/11\/02\/seydisfjordur-a-topp-17-lista-yfir-bestu-thorp-i-evropu\/"]}]},{"@type":"BreadcrumbList","@id":"https:\/\/eirikurjonsson.is\/index.php\/2024\/11\/02\/seydisfjordur-a-topp-17-lista-yfir-bestu-thorp-i-evropu\/#breadcrumb","itemListElement":[{"@type":"ListItem","position":1,"name":"Home","item":"https:\/\/eirikurjonsson.is\/"},{"@type":"ListItem","position":2,"name":"SEY\u00d0ISFJ\u00d6R\u00d0UR \u00c1 TOPP 17 LISTA YFIR BESTU \u00deORP \u00cd EVR\u00d3PU"}]},{"@type":"WebSite","@id":"https:\/\/eirikurjonsson.is\/#website","url":"https:\/\/eirikurjonsson.is\/","name":"Eir\u00edkur J\u00f3nsson","description":"Eir\u00edkur J\u00f3nsson | EIR eirikurjonsson.is","potentialAction":[{"@type":"SearchAction","target":{"@type":"EntryPoint","urlTemplate":"https:\/\/eirikurjonsson.is\/?s={search_term_string}"},"query-input":"required name=search_term_string"}],"inLanguage":"is"},{"@type":"Person","@id":"https:\/\/eirikurjonsson.is\/#\/schema\/person\/308afa1d0e201918034e31b1da4f07a5","name":"eir","image":{"@type":"ImageObject","inLanguage":"is","@id":"https:\/\/eirikurjonsson.is\/#\/schema\/person\/image\/","url":"https:\/\/secure.gravatar.com\/avatar\/b6748316a4400053a1fa9f4694b38d294dc5da6f4bacc727742bd8f3e689f87c?s=96&d=mm&r=g","contentUrl":"https:\/\/secure.gravatar.com\/avatar\/b6748316a4400053a1fa9f4694b38d294dc5da6f4bacc727742bd8f3e689f87c?s=96&d=mm&r=g","caption":"eir"},"url":"https:\/\/eirikurjonsson.is\/index.php\/author\/eir\/"}]}},"_links":{"self":[{"href":"https:\/\/eirikurjonsson.is\/index.php\/wp-json\/wp\/v2\/posts\/4011","targetHints":{"allow":["GET"]}}],"collection":[{"href":"https:\/\/eirikurjonsson.is\/index.php\/wp-json\/wp\/v2\/posts"}],"about":[{"href":"https:\/\/eirikurjonsson.is\/index.php\/wp-json\/wp\/v2\/types\/post"}],"author":[{"embeddable":true,"href":"https:\/\/eirikurjonsson.is\/index.php\/wp-json\/wp\/v2\/users\/2"}],"replies":[{"embeddable":true,"href":"https:\/\/eirikurjonsson.is\/index.php\/wp-json\/wp\/v2\/comments?post=4011"}],"version-history":[{"count":1,"href":"https:\/\/eirikurjonsson.is\/index.php\/wp-json\/wp\/v2\/posts\/4011\/revisions"}],"predecessor-version":[{"id":4013,"href":"https:\/\/eirikurjonsson.is\/index.php\/wp-json\/wp\/v2\/posts\/4011\/revisions\/4013"}],"wp:featuredmedia":[{"embeddable":true,"href":"https:\/\/eirikurjonsson.is\/index.php\/wp-json\/wp\/v2\/media\/4012"}],"wp:attachment":[{"href":"https:\/\/eirikurjonsson.is\/index.php\/wp-json\/wp\/v2\/media?parent=4011"}],"wp:term":[{"taxonomy":"category","embeddable":true,"href":"https:\/\/eirikurjonsson.is\/index.php\/wp-json\/wp\/v2\/categories?post=4011"},{"taxonomy":"post_tag","embeddable":true,"href":"https:\/\/eirikurjonsson.is\/index.php\/wp-json\/wp\/v2\/tags?post=4011"}],"curies":[{"name":"wp","href":"https:\/\/api.w.org\/{rel}","templated":true}]}}