{"id":3953,"date":"2024-10-25T16:47:13","date_gmt":"2024-10-25T16:47:13","guid":{"rendered":"https:\/\/eirikurjonsson.is\/?p=3953"},"modified":"2024-10-25T16:48:10","modified_gmt":"2024-10-25T16:48:10","slug":"3953","status":"publish","type":"post","link":"https:\/\/eirikurjonsson.is\/index.php\/2024\/10\/25\/3953\/","title":{"rendered":"F\u00c1T\u00c6KI DRENGURINN SEM VAR\u00d0 AL\u00deINGISMA\u00d0UR"},"content":{"rendered":"<p><span style=\"font-weight: 400;\">Sunnudaginn 27. okt\u00f3ber kl. 14 heldur Gu\u00f0ni \u00c1g\u00fastsson, fyrrverandi r\u00e1\u00f0herra, fyrirlestur sem hann nefnir \u201eFa\u00f0ir minn \u00c1g\u00fast \u00deorvaldsson, f\u00e1t\u00e6ki drengurinn sem var\u00f0 al\u00feingisma\u00f0ur\u201c. Fyrirlesturinn er \u00e1 vegum Bygg\u00f0asafns \u00c1rnesinga og ver\u00f0ur \u00ed var\u00f0veisluh\u00fasi safnsins a\u00f0 B\u00fa\u00f0arst\u00edg 22 \u00e1 Eyrarbakka.\u00a0<\/span><\/p>\n<p><span style=\"font-weight: 400;\">Fjalla\u00f0 ver\u00f0ur um \u00e6sku \u00c1g\u00fasts \u00deorvaldssonar \u00e1 Eyrarbakka \u00fear sem hann bj\u00f3 \u00e1 nokkrum st\u00f6\u00f0um hj\u00e1 foreldrum s\u00ednum og s\u00ed\u00f0an hj\u00e1 f\u00f3sturforeldrum \u00ed s\u00e1rri f\u00e1t\u00e6kt. Me\u00f0al annars \u00ed Hraunshverfi austan Eyrarbakka og voru \u00c1g\u00fast og f\u00f3sturbr\u00f3\u00f0ir hans Hj\u00e1lmt\u00fdr \u00fev\u00ed gjarnan nefndir ur\u00f0arkettirnir \u00feegar \u00feeir \u00e1ttu lei\u00f0 \u00ed \u00feorpi\u00f0. Umskipti ur\u00f0u \u00ed l\u00edfi \u00c1g\u00fasts \u00feegar honum var t\u00edu \u00e1ra komi\u00f0 a\u00f0 Br\u00fanast\u00f6\u00f0um \u00ed Hraunger\u00f0ishreppi til f\u00f3sturforeldra \u00feeirra Ketils Arnoddssonar og Gu\u00f0laugar S\u00e6f\u00fasd\u00f3ttur. S\u00ed\u00f0an l\u00e1 lei\u00f0 hans upp \u00e1 vi\u00f0 og \u00e1ri\u00f0 1932 var\u00f0 hann b\u00f3ndi \u00e1 Br\u00fanast\u00f6\u00f0um 25 \u00e1ra. Hann var valinn til tr\u00fana\u00f0arstarfa fyrir samf\u00e9lagi\u00f0 og al\u00feingisma\u00f0ur var\u00f0 hann \u00e1ri\u00f0 1956. Hann og kona hans Ingveldur \u00c1stgeirsd\u00f3ttir eignu\u00f0ust 16 b\u00f6rn. Gu\u00f0ni mun s\u00fdna kvikmynd sem J\u00f3n \u00c1rs\u00e6ll \u00de\u00f3r\u00f0arson ger\u00f0i um \u00e6vi \u00c1g\u00fasts.\u00a0<\/span><\/p>\n<p><span style=\"font-weight: 400;\">A\u00f0 fyrirlestri loknum ver\u00f0a umr\u00e6\u00f0ur og kaffispjall. Fyrirlesturinn er dagskr\u00e1rli\u00f0ur \u00ed Menningarm\u00e1nu\u00f0i \u00c1rborgar. A\u00f0gangur \u00f3keypis.<\/span><\/p>\n","protected":false},"excerpt":{"rendered":"<p>Sunnudaginn 27. okt\u00f3ber kl. 14 heldur Gu\u00f0ni \u00c1g\u00fastsson, fyrrverandi r\u00e1\u00f0herra, fyrirlestur sem hann nefnir \u201eFa\u00f0ir minn \u00c1g\u00fast \u00deorvaldsson, f\u00e1t\u00e6ki drengurinn sem var\u00f0 al\u00feingisma\u00f0ur\u201c. Fyrirlesturinn er \u00e1 vegum Bygg\u00f0asafns \u00c1rnesinga og ver\u00f0ur \u00ed var\u00f0veisluh\u00fasi safnsins a\u00f0 B\u00fa\u00f0arst\u00edg 22 \u00e1 Eyrarbakka.\u00a0 Fjalla\u00f0 ver\u00f0ur um \u00e6sku \u00c1g\u00fasts \u00deorvaldssonar \u00e1 Eyrarbakka \u00fear sem hann bj\u00f3 \u00e1 nokkrum st\u00f6\u00f0um hj\u00e1 [&hellip;]<\/p>\n","protected":false},"author":2,"featured_media":3954,"comment_status":"open","ping_status":"open","sticky":false,"template":"","format":"standard","meta":{"_monsterinsights_skip_tracking":false,"_monsterinsights_sitenote_active":false,"_monsterinsights_sitenote_note":"","_monsterinsights_sitenote_category":0,"footnotes":""},"categories":[31],"tags":[],"class_list":{"0":"post-3953","1":"post","2":"type-post","3":"status-publish","4":"format-standard","5":"has-post-thumbnail","7":"category-greinar"},"yoast_head":"<!-- This site is optimized with the Yoast SEO plugin v22.0 - https:\/\/yoast.com\/wordpress\/plugins\/seo\/ -->\n<title>F\u00c1T\u00c6KI DRENGURINN SEM VAR\u00d0 AL\u00deINGISMA\u00d0UR &#8211; Eir\u00edkur J\u00f3nsson<\/title>\n<meta name=\"robots\" content=\"index, follow, max-snippet:-1, max-image-preview:large, max-video-preview:-1\" \/>\n<link rel=\"canonical\" href=\"https:\/\/eirikurjonsson.is\/index.php\/2024\/10\/25\/3953\/\" \/>\n<meta property=\"og:locale\" content=\"is_IS\" \/>\n<meta property=\"og:type\" content=\"article\" \/>\n<meta property=\"og:title\" content=\"F\u00c1T\u00c6KI DRENGURINN SEM VAR\u00d0 AL\u00deINGISMA\u00d0UR &#8211; Eir\u00edkur J\u00f3nsson\" \/>\n<meta property=\"og:description\" content=\"Sunnudaginn 27. okt\u00f3ber kl. 14 heldur Gu\u00f0ni \u00c1g\u00fastsson, fyrrverandi r\u00e1\u00f0herra, fyrirlestur sem hann nefnir \u201eFa\u00f0ir minn \u00c1g\u00fast \u00deorvaldsson, f\u00e1t\u00e6ki drengurinn sem var\u00f0 al\u00feingisma\u00f0ur\u201c. Fyrirlesturinn er \u00e1 vegum Bygg\u00f0asafns \u00c1rnesinga og ver\u00f0ur \u00ed var\u00f0veisluh\u00fasi safnsins a\u00f0 B\u00fa\u00f0arst\u00edg 22 \u00e1 Eyrarbakka.\u00a0 Fjalla\u00f0 ver\u00f0ur um \u00e6sku \u00c1g\u00fasts \u00deorvaldssonar \u00e1 Eyrarbakka \u00fear sem hann bj\u00f3 \u00e1 nokkrum st\u00f6\u00f0um hj\u00e1 [&hellip;]\" \/>\n<meta property=\"og:url\" content=\"https:\/\/eirikurjonsson.is\/index.php\/2024\/10\/25\/3953\/\" \/>\n<meta property=\"og:site_name\" content=\"Eir\u00edkur J\u00f3nsson\" \/>\n<meta property=\"article:published_time\" content=\"2024-10-25T16:47:13+00:00\" \/>\n<meta property=\"article:modified_time\" content=\"2024-10-25T16:48:10+00:00\" \/>\n<meta property=\"og:image\" content=\"https:\/\/eirikurjonsson.is\/wp-content\/uploads\/2024\/10\/FATAEKI.jpg\" \/>\n\t<meta property=\"og:image:width\" content=\"526\" \/>\n\t<meta property=\"og:image:height\" content=\"383\" \/>\n\t<meta property=\"og:image:type\" content=\"image\/jpeg\" \/>\n<meta name=\"author\" content=\"eir\" \/>\n<meta name=\"twitter:card\" content=\"summary_large_image\" \/>\n<meta name=\"twitter:label1\" content=\"Written by\" \/>\n\t<meta name=\"twitter:data1\" content=\"eir\" \/>\n\t<meta name=\"twitter:label2\" content=\"Est. reading time\" \/>\n\t<meta name=\"twitter:data2\" content=\"2 minutes\" \/>\n<script type=\"application\/ld+json\" class=\"yoast-schema-graph\">{\"@context\":\"https:\/\/schema.org\",\"@graph\":[{\"@type\":\"WebPage\",\"@id\":\"https:\/\/eirikurjonsson.is\/index.php\/2024\/10\/25\/3953\/\",\"url\":\"https:\/\/eirikurjonsson.is\/index.php\/2024\/10\/25\/3953\/\",\"name\":\"F\u00c1T\u00c6KI DRENGURINN SEM VAR\u00d0 AL\u00deINGISMA\u00d0UR &#8211; Eir\u00edkur J\u00f3nsson\",\"isPartOf\":{\"@id\":\"https:\/\/eirikurjonsson.is\/#website\"},\"datePublished\":\"2024-10-25T16:47:13+00:00\",\"dateModified\":\"2024-10-25T16:48:10+00:00\",\"author\":{\"@id\":\"https:\/\/eirikurjonsson.is\/#\/schema\/person\/308afa1d0e201918034e31b1da4f07a5\"},\"breadcrumb\":{\"@id\":\"https:\/\/eirikurjonsson.is\/index.php\/2024\/10\/25\/3953\/#breadcrumb\"},\"inLanguage\":\"is\",\"potentialAction\":[{\"@type\":\"ReadAction\",\"target\":[\"https:\/\/eirikurjonsson.is\/index.php\/2024\/10\/25\/3953\/\"]}]},{\"@type\":\"BreadcrumbList\",\"@id\":\"https:\/\/eirikurjonsson.is\/index.php\/2024\/10\/25\/3953\/#breadcrumb\",\"itemListElement\":[{\"@type\":\"ListItem\",\"position\":1,\"name\":\"Home\",\"item\":\"https:\/\/eirikurjonsson.is\/\"},{\"@type\":\"ListItem\",\"position\":2,\"name\":\"F\u00c1T\u00c6KI DRENGURINN SEM VAR\u00d0 AL\u00deINGISMA\u00d0UR\"}]},{\"@type\":\"WebSite\",\"@id\":\"https:\/\/eirikurjonsson.is\/#website\",\"url\":\"https:\/\/eirikurjonsson.is\/\",\"name\":\"Eir\u00edkur J\u00f3nsson\",\"description\":\"Eir\u00edkur J\u00f3nsson | EIR eirikurjonsson.is\",\"potentialAction\":[{\"@type\":\"SearchAction\",\"target\":{\"@type\":\"EntryPoint\",\"urlTemplate\":\"https:\/\/eirikurjonsson.is\/?s={search_term_string}\"},\"query-input\":\"required name=search_term_string\"}],\"inLanguage\":\"is\"},{\"@type\":\"Person\",\"@id\":\"https:\/\/eirikurjonsson.is\/#\/schema\/person\/308afa1d0e201918034e31b1da4f07a5\",\"name\":\"eir\",\"image\":{\"@type\":\"ImageObject\",\"inLanguage\":\"is\",\"@id\":\"https:\/\/eirikurjonsson.is\/#\/schema\/person\/image\/\",\"url\":\"https:\/\/secure.gravatar.com\/avatar\/b6748316a4400053a1fa9f4694b38d294dc5da6f4bacc727742bd8f3e689f87c?s=96&d=mm&r=g\",\"contentUrl\":\"https:\/\/secure.gravatar.com\/avatar\/b6748316a4400053a1fa9f4694b38d294dc5da6f4bacc727742bd8f3e689f87c?s=96&d=mm&r=g\",\"caption\":\"eir\"},\"url\":\"https:\/\/eirikurjonsson.is\/index.php\/author\/eir\/\"}]}<\/script>\n<!-- \/ Yoast SEO plugin. -->","yoast_head_json":{"title":"F\u00c1T\u00c6KI DRENGURINN SEM VAR\u00d0 AL\u00deINGISMA\u00d0UR &#8211; Eir\u00edkur J\u00f3nsson","robots":{"index":"index","follow":"follow","max-snippet":"max-snippet:-1","max-image-preview":"max-image-preview:large","max-video-preview":"max-video-preview:-1"},"canonical":"https:\/\/eirikurjonsson.is\/index.php\/2024\/10\/25\/3953\/","og_locale":"is_IS","og_type":"article","og_title":"F\u00c1T\u00c6KI DRENGURINN SEM VAR\u00d0 AL\u00deINGISMA\u00d0UR &#8211; Eir\u00edkur J\u00f3nsson","og_description":"Sunnudaginn 27. okt\u00f3ber kl. 14 heldur Gu\u00f0ni \u00c1g\u00fastsson, fyrrverandi r\u00e1\u00f0herra, fyrirlestur sem hann nefnir \u201eFa\u00f0ir minn \u00c1g\u00fast \u00deorvaldsson, f\u00e1t\u00e6ki drengurinn sem var\u00f0 al\u00feingisma\u00f0ur\u201c. Fyrirlesturinn er \u00e1 vegum Bygg\u00f0asafns \u00c1rnesinga og ver\u00f0ur \u00ed var\u00f0veisluh\u00fasi safnsins a\u00f0 B\u00fa\u00f0arst\u00edg 22 \u00e1 Eyrarbakka.\u00a0 Fjalla\u00f0 ver\u00f0ur um \u00e6sku \u00c1g\u00fasts \u00deorvaldssonar \u00e1 Eyrarbakka \u00fear sem hann bj\u00f3 \u00e1 nokkrum st\u00f6\u00f0um hj\u00e1 [&hellip;]","og_url":"https:\/\/eirikurjonsson.is\/index.php\/2024\/10\/25\/3953\/","og_site_name":"Eir\u00edkur J\u00f3nsson","article_published_time":"2024-10-25T16:47:13+00:00","article_modified_time":"2024-10-25T16:48:10+00:00","og_image":[{"width":526,"height":383,"url":"https:\/\/eirikurjonsson.is\/wp-content\/uploads\/2024\/10\/FATAEKI.jpg","type":"image\/jpeg"}],"author":"eir","twitter_card":"summary_large_image","twitter_misc":{"Written by":"eir","Est. reading time":"2 minutes"},"schema":{"@context":"https:\/\/schema.org","@graph":[{"@type":"WebPage","@id":"https:\/\/eirikurjonsson.is\/index.php\/2024\/10\/25\/3953\/","url":"https:\/\/eirikurjonsson.is\/index.php\/2024\/10\/25\/3953\/","name":"F\u00c1T\u00c6KI DRENGURINN SEM VAR\u00d0 AL\u00deINGISMA\u00d0UR &#8211; Eir\u00edkur J\u00f3nsson","isPartOf":{"@id":"https:\/\/eirikurjonsson.is\/#website"},"datePublished":"2024-10-25T16:47:13+00:00","dateModified":"2024-10-25T16:48:10+00:00","author":{"@id":"https:\/\/eirikurjonsson.is\/#\/schema\/person\/308afa1d0e201918034e31b1da4f07a5"},"breadcrumb":{"@id":"https:\/\/eirikurjonsson.is\/index.php\/2024\/10\/25\/3953\/#breadcrumb"},"inLanguage":"is","potentialAction":[{"@type":"ReadAction","target":["https:\/\/eirikurjonsson.is\/index.php\/2024\/10\/25\/3953\/"]}]},{"@type":"BreadcrumbList","@id":"https:\/\/eirikurjonsson.is\/index.php\/2024\/10\/25\/3953\/#breadcrumb","itemListElement":[{"@type":"ListItem","position":1,"name":"Home","item":"https:\/\/eirikurjonsson.is\/"},{"@type":"ListItem","position":2,"name":"F\u00c1T\u00c6KI DRENGURINN SEM VAR\u00d0 AL\u00deINGISMA\u00d0UR"}]},{"@type":"WebSite","@id":"https:\/\/eirikurjonsson.is\/#website","url":"https:\/\/eirikurjonsson.is\/","name":"Eir\u00edkur J\u00f3nsson","description":"Eir\u00edkur J\u00f3nsson | EIR eirikurjonsson.is","potentialAction":[{"@type":"SearchAction","target":{"@type":"EntryPoint","urlTemplate":"https:\/\/eirikurjonsson.is\/?s={search_term_string}"},"query-input":"required name=search_term_string"}],"inLanguage":"is"},{"@type":"Person","@id":"https:\/\/eirikurjonsson.is\/#\/schema\/person\/308afa1d0e201918034e31b1da4f07a5","name":"eir","image":{"@type":"ImageObject","inLanguage":"is","@id":"https:\/\/eirikurjonsson.is\/#\/schema\/person\/image\/","url":"https:\/\/secure.gravatar.com\/avatar\/b6748316a4400053a1fa9f4694b38d294dc5da6f4bacc727742bd8f3e689f87c?s=96&d=mm&r=g","contentUrl":"https:\/\/secure.gravatar.com\/avatar\/b6748316a4400053a1fa9f4694b38d294dc5da6f4bacc727742bd8f3e689f87c?s=96&d=mm&r=g","caption":"eir"},"url":"https:\/\/eirikurjonsson.is\/index.php\/author\/eir\/"}]}},"_links":{"self":[{"href":"https:\/\/eirikurjonsson.is\/index.php\/wp-json\/wp\/v2\/posts\/3953","targetHints":{"allow":["GET"]}}],"collection":[{"href":"https:\/\/eirikurjonsson.is\/index.php\/wp-json\/wp\/v2\/posts"}],"about":[{"href":"https:\/\/eirikurjonsson.is\/index.php\/wp-json\/wp\/v2\/types\/post"}],"author":[{"embeddable":true,"href":"https:\/\/eirikurjonsson.is\/index.php\/wp-json\/wp\/v2\/users\/2"}],"replies":[{"embeddable":true,"href":"https:\/\/eirikurjonsson.is\/index.php\/wp-json\/wp\/v2\/comments?post=3953"}],"version-history":[{"count":2,"href":"https:\/\/eirikurjonsson.is\/index.php\/wp-json\/wp\/v2\/posts\/3953\/revisions"}],"predecessor-version":[{"id":3956,"href":"https:\/\/eirikurjonsson.is\/index.php\/wp-json\/wp\/v2\/posts\/3953\/revisions\/3956"}],"wp:featuredmedia":[{"embeddable":true,"href":"https:\/\/eirikurjonsson.is\/index.php\/wp-json\/wp\/v2\/media\/3954"}],"wp:attachment":[{"href":"https:\/\/eirikurjonsson.is\/index.php\/wp-json\/wp\/v2\/media?parent=3953"}],"wp:term":[{"taxonomy":"category","embeddable":true,"href":"https:\/\/eirikurjonsson.is\/index.php\/wp-json\/wp\/v2\/categories?post=3953"},{"taxonomy":"post_tag","embeddable":true,"href":"https:\/\/eirikurjonsson.is\/index.php\/wp-json\/wp\/v2\/tags?post=3953"}],"curies":[{"name":"wp","href":"https:\/\/api.w.org\/{rel}","templated":true}]}}