{"id":3950,"date":"2024-10-25T13:36:32","date_gmt":"2024-10-25T13:36:32","guid":{"rendered":"https:\/\/eirikurjonsson.is\/?p=3950"},"modified":"2024-10-25T13:37:16","modified_gmt":"2024-10-25T13:37:16","slug":"utanrikisradherra-fekk-ser-skyndibita-a-aktu-taktu","status":"publish","type":"post","link":"https:\/\/eirikurjonsson.is\/index.php\/2024\/10\/25\/utanrikisradherra-fekk-ser-skyndibita-a-aktu-taktu\/","title":{"rendered":"UTANR\u00cdKISR\u00c1\u00d0HERRA F\u00c9KK S\u00c9R SKYNDIBITA \u00c1 AKTU TAKTU"},"content":{"rendered":"<p>\u00de\u00f3rd\u00eds Kolbr\u00fan Reykfj\u00f6r\u00f0 Gylfad\u00f3ttir utanr\u00edkisr\u00e1\u00f0herra f\u00e9kk s\u00e9r skyndibita a Aktu Taktu \u00e1 S\u00e6braut \u00ed h\u00e1deginu. R\u00e1\u00f0herrab\u00edllinn renndi \u00ed hla\u00f0, r\u00e1\u00f0herrann st\u00f6kk \u00fat til a\u00f0 n\u00e1 \u00ed bitann en \u00feurfti a\u00f0 b\u00ed\u00f0a eftir afgrei\u00f0slu eins og s\u00e9st \u00e1 mynd. En \u00far \u00fev\u00ed r\u00e6ttist.<\/p>\n","protected":false},"excerpt":{"rendered":"<p>\u00de\u00f3rd\u00eds Kolbr\u00fan Reykfj\u00f6r\u00f0 Gylfad\u00f3ttir utanr\u00edkisr\u00e1\u00f0herra f\u00e9kk s\u00e9r skyndibita a Aktu Taktu \u00e1 S\u00e6braut \u00ed h\u00e1deginu. R\u00e1\u00f0herrab\u00edllinn renndi \u00ed hla\u00f0, r\u00e1\u00f0herrann st\u00f6kk \u00fat til a\u00f0 n\u00e1 \u00ed bitann en \u00feurfti a\u00f0 b\u00ed\u00f0a eftir afgrei\u00f0slu eins og s\u00e9st \u00e1 mynd. En \u00far \u00fev\u00ed r\u00e6ttist.<\/p>\n","protected":false},"author":2,"featured_media":3951,"comment_status":"open","ping_status":"open","sticky":false,"template":"","format":"standard","meta":{"_monsterinsights_skip_tracking":false,"_monsterinsights_sitenote_active":false,"_monsterinsights_sitenote_note":"","_monsterinsights_sitenote_category":0,"footnotes":""},"categories":[31],"tags":[],"class_list":{"0":"post-3950","1":"post","2":"type-post","3":"status-publish","4":"format-standard","5":"has-post-thumbnail","7":"category-greinar"},"yoast_head":"<!-- This site is optimized with the Yoast SEO plugin v22.0 - https:\/\/yoast.com\/wordpress\/plugins\/seo\/ -->\n<title>UTANR\u00cdKISR\u00c1\u00d0HERRA F\u00c9KK S\u00c9R SKYNDIBITA \u00c1 AKTU TAKTU &#8211; Eir\u00edkur J\u00f3nsson<\/title>\n<meta name=\"robots\" content=\"index, follow, max-snippet:-1, max-image-preview:large, max-video-preview:-1\" \/>\n<link rel=\"canonical\" href=\"https:\/\/eirikurjonsson.is\/index.php\/2024\/10\/25\/utanrikisradherra-fekk-ser-skyndibita-a-aktu-taktu\/\" \/>\n<meta property=\"og:locale\" content=\"is_IS\" \/>\n<meta property=\"og:type\" content=\"article\" \/>\n<meta property=\"og:title\" content=\"UTANR\u00cdKISR\u00c1\u00d0HERRA F\u00c9KK S\u00c9R SKYNDIBITA \u00c1 AKTU TAKTU &#8211; Eir\u00edkur J\u00f3nsson\" \/>\n<meta property=\"og:description\" content=\"\u00de\u00f3rd\u00eds Kolbr\u00fan Reykfj\u00f6r\u00f0 Gylfad\u00f3ttir utanr\u00edkisr\u00e1\u00f0herra f\u00e9kk s\u00e9r skyndibita a Aktu Taktu \u00e1 S\u00e6braut \u00ed h\u00e1deginu. R\u00e1\u00f0herrab\u00edllinn renndi \u00ed hla\u00f0, r\u00e1\u00f0herrann st\u00f6kk \u00fat til a\u00f0 n\u00e1 \u00ed bitann en \u00feurfti a\u00f0 b\u00ed\u00f0a eftir afgrei\u00f0slu eins og s\u00e9st \u00e1 mynd. En \u00far \u00fev\u00ed r\u00e6ttist.\" \/>\n<meta property=\"og:url\" content=\"https:\/\/eirikurjonsson.is\/index.php\/2024\/10\/25\/utanrikisradherra-fekk-ser-skyndibita-a-aktu-taktu\/\" \/>\n<meta property=\"og:site_name\" content=\"Eir\u00edkur J\u00f3nsson\" \/>\n<meta property=\"article:published_time\" content=\"2024-10-25T13:36:32+00:00\" \/>\n<meta property=\"article:modified_time\" content=\"2024-10-25T13:37:16+00:00\" \/>\n<meta property=\"og:image\" content=\"https:\/\/eirikurjonsson.is\/wp-content\/uploads\/2024\/10\/utaanrikisrad.jpg\" \/>\n\t<meta property=\"og:image:width\" content=\"750\" \/>\n\t<meta property=\"og:image:height\" content=\"687\" \/>\n\t<meta property=\"og:image:type\" content=\"image\/jpeg\" \/>\n<meta name=\"author\" content=\"eir\" \/>\n<meta name=\"twitter:card\" content=\"summary_large_image\" \/>\n<meta name=\"twitter:label1\" content=\"Written by\" \/>\n\t<meta name=\"twitter:data1\" content=\"eir\" \/>\n\t<meta name=\"twitter:label2\" content=\"Est. reading time\" \/>\n\t<meta name=\"twitter:data2\" content=\"1 minute\" \/>\n<script type=\"application\/ld+json\" class=\"yoast-schema-graph\">{\"@context\":\"https:\/\/schema.org\",\"@graph\":[{\"@type\":\"WebPage\",\"@id\":\"https:\/\/eirikurjonsson.is\/index.php\/2024\/10\/25\/utanrikisradherra-fekk-ser-skyndibita-a-aktu-taktu\/\",\"url\":\"https:\/\/eirikurjonsson.is\/index.php\/2024\/10\/25\/utanrikisradherra-fekk-ser-skyndibita-a-aktu-taktu\/\",\"name\":\"UTANR\u00cdKISR\u00c1\u00d0HERRA F\u00c9KK S\u00c9R SKYNDIBITA \u00c1 AKTU TAKTU &#8211; Eir\u00edkur J\u00f3nsson\",\"isPartOf\":{\"@id\":\"https:\/\/eirikurjonsson.is\/#website\"},\"datePublished\":\"2024-10-25T13:36:32+00:00\",\"dateModified\":\"2024-10-25T13:37:16+00:00\",\"author\":{\"@id\":\"https:\/\/eirikurjonsson.is\/#\/schema\/person\/308afa1d0e201918034e31b1da4f07a5\"},\"breadcrumb\":{\"@id\":\"https:\/\/eirikurjonsson.is\/index.php\/2024\/10\/25\/utanrikisradherra-fekk-ser-skyndibita-a-aktu-taktu\/#breadcrumb\"},\"inLanguage\":\"is\",\"potentialAction\":[{\"@type\":\"ReadAction\",\"target\":[\"https:\/\/eirikurjonsson.is\/index.php\/2024\/10\/25\/utanrikisradherra-fekk-ser-skyndibita-a-aktu-taktu\/\"]}]},{\"@type\":\"BreadcrumbList\",\"@id\":\"https:\/\/eirikurjonsson.is\/index.php\/2024\/10\/25\/utanrikisradherra-fekk-ser-skyndibita-a-aktu-taktu\/#breadcrumb\",\"itemListElement\":[{\"@type\":\"ListItem\",\"position\":1,\"name\":\"Home\",\"item\":\"https:\/\/eirikurjonsson.is\/\"},{\"@type\":\"ListItem\",\"position\":2,\"name\":\"UTANR\u00cdKISR\u00c1\u00d0HERRA F\u00c9KK S\u00c9R SKYNDIBITA \u00c1 AKTU TAKTU\"}]},{\"@type\":\"WebSite\",\"@id\":\"https:\/\/eirikurjonsson.is\/#website\",\"url\":\"https:\/\/eirikurjonsson.is\/\",\"name\":\"Eir\u00edkur J\u00f3nsson\",\"description\":\"Eir\u00edkur J\u00f3nsson | EIR eirikurjonsson.is\",\"potentialAction\":[{\"@type\":\"SearchAction\",\"target\":{\"@type\":\"EntryPoint\",\"urlTemplate\":\"https:\/\/eirikurjonsson.is\/?s={search_term_string}\"},\"query-input\":\"required name=search_term_string\"}],\"inLanguage\":\"is\"},{\"@type\":\"Person\",\"@id\":\"https:\/\/eirikurjonsson.is\/#\/schema\/person\/308afa1d0e201918034e31b1da4f07a5\",\"name\":\"eir\",\"image\":{\"@type\":\"ImageObject\",\"inLanguage\":\"is\",\"@id\":\"https:\/\/eirikurjonsson.is\/#\/schema\/person\/image\/\",\"url\":\"https:\/\/secure.gravatar.com\/avatar\/b6748316a4400053a1fa9f4694b38d294dc5da6f4bacc727742bd8f3e689f87c?s=96&d=mm&r=g\",\"contentUrl\":\"https:\/\/secure.gravatar.com\/avatar\/b6748316a4400053a1fa9f4694b38d294dc5da6f4bacc727742bd8f3e689f87c?s=96&d=mm&r=g\",\"caption\":\"eir\"},\"url\":\"https:\/\/eirikurjonsson.is\/index.php\/author\/eir\/\"}]}<\/script>\n<!-- \/ Yoast SEO plugin. -->","yoast_head_json":{"title":"UTANR\u00cdKISR\u00c1\u00d0HERRA F\u00c9KK S\u00c9R SKYNDIBITA \u00c1 AKTU TAKTU &#8211; Eir\u00edkur J\u00f3nsson","robots":{"index":"index","follow":"follow","max-snippet":"max-snippet:-1","max-image-preview":"max-image-preview:large","max-video-preview":"max-video-preview:-1"},"canonical":"https:\/\/eirikurjonsson.is\/index.php\/2024\/10\/25\/utanrikisradherra-fekk-ser-skyndibita-a-aktu-taktu\/","og_locale":"is_IS","og_type":"article","og_title":"UTANR\u00cdKISR\u00c1\u00d0HERRA F\u00c9KK S\u00c9R SKYNDIBITA \u00c1 AKTU TAKTU &#8211; Eir\u00edkur J\u00f3nsson","og_description":"\u00de\u00f3rd\u00eds Kolbr\u00fan Reykfj\u00f6r\u00f0 Gylfad\u00f3ttir utanr\u00edkisr\u00e1\u00f0herra f\u00e9kk s\u00e9r skyndibita a Aktu Taktu \u00e1 S\u00e6braut \u00ed h\u00e1deginu. R\u00e1\u00f0herrab\u00edllinn renndi \u00ed hla\u00f0, r\u00e1\u00f0herrann st\u00f6kk \u00fat til a\u00f0 n\u00e1 \u00ed bitann en \u00feurfti a\u00f0 b\u00ed\u00f0a eftir afgrei\u00f0slu eins og s\u00e9st \u00e1 mynd. En \u00far \u00fev\u00ed r\u00e6ttist.","og_url":"https:\/\/eirikurjonsson.is\/index.php\/2024\/10\/25\/utanrikisradherra-fekk-ser-skyndibita-a-aktu-taktu\/","og_site_name":"Eir\u00edkur J\u00f3nsson","article_published_time":"2024-10-25T13:36:32+00:00","article_modified_time":"2024-10-25T13:37:16+00:00","og_image":[{"width":750,"height":687,"url":"https:\/\/eirikurjonsson.is\/wp-content\/uploads\/2024\/10\/utaanrikisrad.jpg","type":"image\/jpeg"}],"author":"eir","twitter_card":"summary_large_image","twitter_misc":{"Written by":"eir","Est. reading time":"1 minute"},"schema":{"@context":"https:\/\/schema.org","@graph":[{"@type":"WebPage","@id":"https:\/\/eirikurjonsson.is\/index.php\/2024\/10\/25\/utanrikisradherra-fekk-ser-skyndibita-a-aktu-taktu\/","url":"https:\/\/eirikurjonsson.is\/index.php\/2024\/10\/25\/utanrikisradherra-fekk-ser-skyndibita-a-aktu-taktu\/","name":"UTANR\u00cdKISR\u00c1\u00d0HERRA F\u00c9KK S\u00c9R SKYNDIBITA \u00c1 AKTU TAKTU &#8211; Eir\u00edkur J\u00f3nsson","isPartOf":{"@id":"https:\/\/eirikurjonsson.is\/#website"},"datePublished":"2024-10-25T13:36:32+00:00","dateModified":"2024-10-25T13:37:16+00:00","author":{"@id":"https:\/\/eirikurjonsson.is\/#\/schema\/person\/308afa1d0e201918034e31b1da4f07a5"},"breadcrumb":{"@id":"https:\/\/eirikurjonsson.is\/index.php\/2024\/10\/25\/utanrikisradherra-fekk-ser-skyndibita-a-aktu-taktu\/#breadcrumb"},"inLanguage":"is","potentialAction":[{"@type":"ReadAction","target":["https:\/\/eirikurjonsson.is\/index.php\/2024\/10\/25\/utanrikisradherra-fekk-ser-skyndibita-a-aktu-taktu\/"]}]},{"@type":"BreadcrumbList","@id":"https:\/\/eirikurjonsson.is\/index.php\/2024\/10\/25\/utanrikisradherra-fekk-ser-skyndibita-a-aktu-taktu\/#breadcrumb","itemListElement":[{"@type":"ListItem","position":1,"name":"Home","item":"https:\/\/eirikurjonsson.is\/"},{"@type":"ListItem","position":2,"name":"UTANR\u00cdKISR\u00c1\u00d0HERRA F\u00c9KK S\u00c9R SKYNDIBITA \u00c1 AKTU TAKTU"}]},{"@type":"WebSite","@id":"https:\/\/eirikurjonsson.is\/#website","url":"https:\/\/eirikurjonsson.is\/","name":"Eir\u00edkur J\u00f3nsson","description":"Eir\u00edkur J\u00f3nsson | EIR eirikurjonsson.is","potentialAction":[{"@type":"SearchAction","target":{"@type":"EntryPoint","urlTemplate":"https:\/\/eirikurjonsson.is\/?s={search_term_string}"},"query-input":"required name=search_term_string"}],"inLanguage":"is"},{"@type":"Person","@id":"https:\/\/eirikurjonsson.is\/#\/schema\/person\/308afa1d0e201918034e31b1da4f07a5","name":"eir","image":{"@type":"ImageObject","inLanguage":"is","@id":"https:\/\/eirikurjonsson.is\/#\/schema\/person\/image\/","url":"https:\/\/secure.gravatar.com\/avatar\/b6748316a4400053a1fa9f4694b38d294dc5da6f4bacc727742bd8f3e689f87c?s=96&d=mm&r=g","contentUrl":"https:\/\/secure.gravatar.com\/avatar\/b6748316a4400053a1fa9f4694b38d294dc5da6f4bacc727742bd8f3e689f87c?s=96&d=mm&r=g","caption":"eir"},"url":"https:\/\/eirikurjonsson.is\/index.php\/author\/eir\/"}]}},"_links":{"self":[{"href":"https:\/\/eirikurjonsson.is\/index.php\/wp-json\/wp\/v2\/posts\/3950","targetHints":{"allow":["GET"]}}],"collection":[{"href":"https:\/\/eirikurjonsson.is\/index.php\/wp-json\/wp\/v2\/posts"}],"about":[{"href":"https:\/\/eirikurjonsson.is\/index.php\/wp-json\/wp\/v2\/types\/post"}],"author":[{"embeddable":true,"href":"https:\/\/eirikurjonsson.is\/index.php\/wp-json\/wp\/v2\/users\/2"}],"replies":[{"embeddable":true,"href":"https:\/\/eirikurjonsson.is\/index.php\/wp-json\/wp\/v2\/comments?post=3950"}],"version-history":[{"count":1,"href":"https:\/\/eirikurjonsson.is\/index.php\/wp-json\/wp\/v2\/posts\/3950\/revisions"}],"predecessor-version":[{"id":3952,"href":"https:\/\/eirikurjonsson.is\/index.php\/wp-json\/wp\/v2\/posts\/3950\/revisions\/3952"}],"wp:featuredmedia":[{"embeddable":true,"href":"https:\/\/eirikurjonsson.is\/index.php\/wp-json\/wp\/v2\/media\/3951"}],"wp:attachment":[{"href":"https:\/\/eirikurjonsson.is\/index.php\/wp-json\/wp\/v2\/media?parent=3950"}],"wp:term":[{"taxonomy":"category","embeddable":true,"href":"https:\/\/eirikurjonsson.is\/index.php\/wp-json\/wp\/v2\/categories?post=3950"},{"taxonomy":"post_tag","embeddable":true,"href":"https:\/\/eirikurjonsson.is\/index.php\/wp-json\/wp\/v2\/tags?post=3950"}],"curies":[{"name":"wp","href":"https:\/\/api.w.org\/{rel}","templated":true}]}}