{"id":3922,"date":"2024-10-24T15:26:45","date_gmt":"2024-10-24T15:26:45","guid":{"rendered":"https:\/\/eirikurjonsson.is\/?p=3922"},"modified":"2024-10-24T15:27:11","modified_gmt":"2024-10-24T15:27:11","slug":"miskunsama-samhjalpin","status":"publish","type":"post","link":"https:\/\/eirikurjonsson.is\/index.php\/2024\/10\/24\/miskunsama-samhjalpin\/","title":{"rendered":"MISKUNSAMA SAMHJ\u00c1LPIN"},"content":{"rendered":"<p>\u00cd fimm m\u00e1nu\u00f0i \u00ed vetur ver\u00f0ur s\u00e9rst\u00f6k vetraropnun \u00ed Kaffistofu Samhj\u00e1lpar fyrir einstaklinga sem hafa miklar og fl\u00f3knar \u00fej\u00f3nustu\u00fearfir. \u00deetta er annar veturinn sem r\u00e1\u00f0ist er \u00ed sl\u00edka opnun en h\u00fan \u00fe\u00f3tti reynast vel \u00ed fyrra. \u00d6ll sveitarf\u00e9l\u00f6gin \u00e1 h\u00f6fu\u00f0borgarsv\u00e6\u00f0inu taka \u00fe\u00e1tt \u00ed vetraropnuninni, l\u00edkt og \u00ed fyrra.<\/p>\n<div>\n<div class=\"paragraph-type-text section-0\">\n<div id=\"section-3209712\">\n<p>Reykjav\u00edkurborg, K\u00f3pavogsb\u00e6r, Hafnarfjar\u00f0arb\u00e6r, Gar\u00f0ab\u00e6r, Mosfellsb\u00e6r og Seltjarnarnesb\u00e6r hafa undirrita\u00f0 samning vi\u00f0 Samhj\u00e1lp vegna s\u00e9rstakrar vetraropnunar.<\/p>\n<p>Vetraropnunin ver\u00f0ur \u00ed gildi fr\u00e1 1. n\u00f3vember og \u00fat marsm\u00e1nu\u00f0. \u00dea\u00f0 er tveimur m\u00e1nu\u00f0um lengri opnunart\u00edmi en \u00ed fyrra, \u00feegar opi\u00f0 var fr\u00e1 1. desember og \u00fat febr\u00faarm\u00e1nu\u00f0.<\/p>\n<p>Sveitarf\u00e9l\u00f6gin grei\u00f0a Samhj\u00e1lp 2,5 millj\u00f3nir \u00e1 m\u00e1nu\u00f0i \u00ed fimm m\u00e1nu\u00f0i fyrir \u00fej\u00f3nustuna og grei\u00f0a \u00feau \u00ed hlutfalli vi\u00f0 \u00edb\u00faafj\u00f6lda hvers sveitarf\u00e9lags.<\/p>\n<p>Kaffistofa Samhj\u00e1lpar er \u00e6tlu\u00f0 f\u00f3lki sem gl\u00edmir vi\u00f0 f\u00e1t\u00e6kt af mismunandi \u00e1st\u00e6\u00f0um og \u00feau sem eru \u00ed ney\u00f0. Venjulegur opnunart\u00edmi \u00fear er alla daga \u00e1rsins milli klukkan 10 og 14. \u00dear er alltaf \u00ed bo\u00f0i morgunver\u00f0ur, kaffi, s\u00fapa og heitur matur daglega.<\/p>\n<p>Vetraropnunin felst \u00ed \u00fev\u00ed a\u00f0 Kaffistofan ver\u00f0ur opin heimilislausum einstaklingum me\u00f0 miklar og fl\u00f3knar \u00fej\u00f3nustu\u00fearfir \u00e1 milli 14 og 16.30 en \u00e1 \u00feeim t\u00edma eru ney\u00f0arsk\u00fdlin sem rekin eru \u00ed Reykjav\u00edk loku\u00f0. \u00c1 lengdum opnunart\u00edma ver\u00f0ur bo\u00f0i\u00f0 upp \u00e1 kaffi, mj\u00f3lk, dj\u00fas, heita s\u00fapu og brau\u00f0meti \u00e1samt me\u00f0l\u00e6ti.<\/p>\n<\/div>\n<\/div>\n<\/div>\n","protected":false},"excerpt":{"rendered":"<p>\u00cd fimm m\u00e1nu\u00f0i \u00ed vetur ver\u00f0ur s\u00e9rst\u00f6k vetraropnun \u00ed Kaffistofu Samhj\u00e1lpar fyrir einstaklinga sem hafa miklar og fl\u00f3knar \u00fej\u00f3nustu\u00fearfir. \u00deetta er annar veturinn sem r\u00e1\u00f0ist er \u00ed sl\u00edka opnun en h\u00fan \u00fe\u00f3tti reynast vel \u00ed fyrra. \u00d6ll sveitarf\u00e9l\u00f6gin \u00e1 h\u00f6fu\u00f0borgarsv\u00e6\u00f0inu taka \u00fe\u00e1tt \u00ed vetraropnuninni, l\u00edkt og \u00ed fyrra. Reykjav\u00edkurborg, K\u00f3pavogsb\u00e6r, Hafnarfjar\u00f0arb\u00e6r, Gar\u00f0ab\u00e6r, Mosfellsb\u00e6r og Seltjarnarnesb\u00e6r [&hellip;]<\/p>\n","protected":false},"author":2,"featured_media":3923,"comment_status":"open","ping_status":"open","sticky":false,"template":"","format":"standard","meta":{"_monsterinsights_skip_tracking":false,"_monsterinsights_sitenote_active":false,"_monsterinsights_sitenote_note":"","_monsterinsights_sitenote_category":0,"footnotes":""},"categories":[31],"tags":[],"class_list":{"0":"post-3922","1":"post","2":"type-post","3":"status-publish","4":"format-standard","5":"has-post-thumbnail","7":"category-greinar"},"yoast_head":"<!-- This site is optimized with the Yoast SEO plugin v22.0 - https:\/\/yoast.com\/wordpress\/plugins\/seo\/ -->\n<title>MISKUNSAMA SAMHJ\u00c1LPIN &#8211; Eir\u00edkur J\u00f3nsson<\/title>\n<meta name=\"robots\" content=\"index, follow, max-snippet:-1, max-image-preview:large, max-video-preview:-1\" \/>\n<link rel=\"canonical\" href=\"https:\/\/eirikurjonsson.is\/index.php\/2024\/10\/24\/miskunsama-samhjalpin\/\" \/>\n<meta property=\"og:locale\" content=\"is_IS\" \/>\n<meta property=\"og:type\" content=\"article\" \/>\n<meta property=\"og:title\" content=\"MISKUNSAMA SAMHJ\u00c1LPIN &#8211; Eir\u00edkur J\u00f3nsson\" \/>\n<meta property=\"og:description\" content=\"\u00cd fimm m\u00e1nu\u00f0i \u00ed vetur ver\u00f0ur s\u00e9rst\u00f6k vetraropnun \u00ed Kaffistofu Samhj\u00e1lpar fyrir einstaklinga sem hafa miklar og fl\u00f3knar \u00fej\u00f3nustu\u00fearfir. \u00deetta er annar veturinn sem r\u00e1\u00f0ist er \u00ed sl\u00edka opnun en h\u00fan \u00fe\u00f3tti reynast vel \u00ed fyrra. \u00d6ll sveitarf\u00e9l\u00f6gin \u00e1 h\u00f6fu\u00f0borgarsv\u00e6\u00f0inu taka \u00fe\u00e1tt \u00ed vetraropnuninni, l\u00edkt og \u00ed fyrra. Reykjav\u00edkurborg, K\u00f3pavogsb\u00e6r, Hafnarfjar\u00f0arb\u00e6r, Gar\u00f0ab\u00e6r, Mosfellsb\u00e6r og Seltjarnarnesb\u00e6r [&hellip;]\" \/>\n<meta property=\"og:url\" content=\"https:\/\/eirikurjonsson.is\/index.php\/2024\/10\/24\/miskunsama-samhjalpin\/\" \/>\n<meta property=\"og:site_name\" content=\"Eir\u00edkur J\u00f3nsson\" \/>\n<meta property=\"article:published_time\" content=\"2024-10-24T15:26:45+00:00\" \/>\n<meta property=\"article:modified_time\" content=\"2024-10-24T15:27:11+00:00\" \/>\n<meta property=\"og:image\" content=\"https:\/\/eirikurjonsson.is\/wp-content\/uploads\/2024\/10\/kaffistofan_1.jpg\" \/>\n\t<meta property=\"og:image:width\" content=\"1024\" \/>\n\t<meta property=\"og:image:height\" content=\"768\" \/>\n\t<meta property=\"og:image:type\" content=\"image\/jpeg\" \/>\n<meta name=\"author\" content=\"eir\" \/>\n<meta name=\"twitter:card\" content=\"summary_large_image\" \/>\n<meta name=\"twitter:label1\" content=\"Written by\" \/>\n\t<meta name=\"twitter:data1\" content=\"eir\" \/>\n\t<meta name=\"twitter:label2\" content=\"Est. reading time\" \/>\n\t<meta name=\"twitter:data2\" content=\"2 minutes\" \/>\n<script type=\"application\/ld+json\" class=\"yoast-schema-graph\">{\"@context\":\"https:\/\/schema.org\",\"@graph\":[{\"@type\":\"WebPage\",\"@id\":\"https:\/\/eirikurjonsson.is\/index.php\/2024\/10\/24\/miskunsama-samhjalpin\/\",\"url\":\"https:\/\/eirikurjonsson.is\/index.php\/2024\/10\/24\/miskunsama-samhjalpin\/\",\"name\":\"MISKUNSAMA SAMHJ\u00c1LPIN &#8211; Eir\u00edkur J\u00f3nsson\",\"isPartOf\":{\"@id\":\"https:\/\/eirikurjonsson.is\/#website\"},\"datePublished\":\"2024-10-24T15:26:45+00:00\",\"dateModified\":\"2024-10-24T15:27:11+00:00\",\"author\":{\"@id\":\"https:\/\/eirikurjonsson.is\/#\/schema\/person\/308afa1d0e201918034e31b1da4f07a5\"},\"breadcrumb\":{\"@id\":\"https:\/\/eirikurjonsson.is\/index.php\/2024\/10\/24\/miskunsama-samhjalpin\/#breadcrumb\"},\"inLanguage\":\"is\",\"potentialAction\":[{\"@type\":\"ReadAction\",\"target\":[\"https:\/\/eirikurjonsson.is\/index.php\/2024\/10\/24\/miskunsama-samhjalpin\/\"]}]},{\"@type\":\"BreadcrumbList\",\"@id\":\"https:\/\/eirikurjonsson.is\/index.php\/2024\/10\/24\/miskunsama-samhjalpin\/#breadcrumb\",\"itemListElement\":[{\"@type\":\"ListItem\",\"position\":1,\"name\":\"Home\",\"item\":\"https:\/\/eirikurjonsson.is\/\"},{\"@type\":\"ListItem\",\"position\":2,\"name\":\"MISKUNSAMA SAMHJ\u00c1LPIN\"}]},{\"@type\":\"WebSite\",\"@id\":\"https:\/\/eirikurjonsson.is\/#website\",\"url\":\"https:\/\/eirikurjonsson.is\/\",\"name\":\"Eir\u00edkur J\u00f3nsson\",\"description\":\"Eir\u00edkur J\u00f3nsson | EIR eirikurjonsson.is\",\"potentialAction\":[{\"@type\":\"SearchAction\",\"target\":{\"@type\":\"EntryPoint\",\"urlTemplate\":\"https:\/\/eirikurjonsson.is\/?s={search_term_string}\"},\"query-input\":\"required name=search_term_string\"}],\"inLanguage\":\"is\"},{\"@type\":\"Person\",\"@id\":\"https:\/\/eirikurjonsson.is\/#\/schema\/person\/308afa1d0e201918034e31b1da4f07a5\",\"name\":\"eir\",\"image\":{\"@type\":\"ImageObject\",\"inLanguage\":\"is\",\"@id\":\"https:\/\/eirikurjonsson.is\/#\/schema\/person\/image\/\",\"url\":\"https:\/\/secure.gravatar.com\/avatar\/b6748316a4400053a1fa9f4694b38d294dc5da6f4bacc727742bd8f3e689f87c?s=96&d=mm&r=g\",\"contentUrl\":\"https:\/\/secure.gravatar.com\/avatar\/b6748316a4400053a1fa9f4694b38d294dc5da6f4bacc727742bd8f3e689f87c?s=96&d=mm&r=g\",\"caption\":\"eir\"},\"url\":\"https:\/\/eirikurjonsson.is\/index.php\/author\/eir\/\"}]}<\/script>\n<!-- \/ Yoast SEO plugin. -->","yoast_head_json":{"title":"MISKUNSAMA SAMHJ\u00c1LPIN &#8211; Eir\u00edkur J\u00f3nsson","robots":{"index":"index","follow":"follow","max-snippet":"max-snippet:-1","max-image-preview":"max-image-preview:large","max-video-preview":"max-video-preview:-1"},"canonical":"https:\/\/eirikurjonsson.is\/index.php\/2024\/10\/24\/miskunsama-samhjalpin\/","og_locale":"is_IS","og_type":"article","og_title":"MISKUNSAMA SAMHJ\u00c1LPIN &#8211; Eir\u00edkur J\u00f3nsson","og_description":"\u00cd fimm m\u00e1nu\u00f0i \u00ed vetur ver\u00f0ur s\u00e9rst\u00f6k vetraropnun \u00ed Kaffistofu Samhj\u00e1lpar fyrir einstaklinga sem hafa miklar og fl\u00f3knar \u00fej\u00f3nustu\u00fearfir. \u00deetta er annar veturinn sem r\u00e1\u00f0ist er \u00ed sl\u00edka opnun en h\u00fan \u00fe\u00f3tti reynast vel \u00ed fyrra. \u00d6ll sveitarf\u00e9l\u00f6gin \u00e1 h\u00f6fu\u00f0borgarsv\u00e6\u00f0inu taka \u00fe\u00e1tt \u00ed vetraropnuninni, l\u00edkt og \u00ed fyrra. Reykjav\u00edkurborg, K\u00f3pavogsb\u00e6r, Hafnarfjar\u00f0arb\u00e6r, Gar\u00f0ab\u00e6r, Mosfellsb\u00e6r og Seltjarnarnesb\u00e6r [&hellip;]","og_url":"https:\/\/eirikurjonsson.is\/index.php\/2024\/10\/24\/miskunsama-samhjalpin\/","og_site_name":"Eir\u00edkur J\u00f3nsson","article_published_time":"2024-10-24T15:26:45+00:00","article_modified_time":"2024-10-24T15:27:11+00:00","og_image":[{"width":1024,"height":768,"url":"https:\/\/eirikurjonsson.is\/wp-content\/uploads\/2024\/10\/kaffistofan_1.jpg","type":"image\/jpeg"}],"author":"eir","twitter_card":"summary_large_image","twitter_misc":{"Written by":"eir","Est. reading time":"2 minutes"},"schema":{"@context":"https:\/\/schema.org","@graph":[{"@type":"WebPage","@id":"https:\/\/eirikurjonsson.is\/index.php\/2024\/10\/24\/miskunsama-samhjalpin\/","url":"https:\/\/eirikurjonsson.is\/index.php\/2024\/10\/24\/miskunsama-samhjalpin\/","name":"MISKUNSAMA SAMHJ\u00c1LPIN &#8211; Eir\u00edkur J\u00f3nsson","isPartOf":{"@id":"https:\/\/eirikurjonsson.is\/#website"},"datePublished":"2024-10-24T15:26:45+00:00","dateModified":"2024-10-24T15:27:11+00:00","author":{"@id":"https:\/\/eirikurjonsson.is\/#\/schema\/person\/308afa1d0e201918034e31b1da4f07a5"},"breadcrumb":{"@id":"https:\/\/eirikurjonsson.is\/index.php\/2024\/10\/24\/miskunsama-samhjalpin\/#breadcrumb"},"inLanguage":"is","potentialAction":[{"@type":"ReadAction","target":["https:\/\/eirikurjonsson.is\/index.php\/2024\/10\/24\/miskunsama-samhjalpin\/"]}]},{"@type":"BreadcrumbList","@id":"https:\/\/eirikurjonsson.is\/index.php\/2024\/10\/24\/miskunsama-samhjalpin\/#breadcrumb","itemListElement":[{"@type":"ListItem","position":1,"name":"Home","item":"https:\/\/eirikurjonsson.is\/"},{"@type":"ListItem","position":2,"name":"MISKUNSAMA SAMHJ\u00c1LPIN"}]},{"@type":"WebSite","@id":"https:\/\/eirikurjonsson.is\/#website","url":"https:\/\/eirikurjonsson.is\/","name":"Eir\u00edkur J\u00f3nsson","description":"Eir\u00edkur J\u00f3nsson | EIR eirikurjonsson.is","potentialAction":[{"@type":"SearchAction","target":{"@type":"EntryPoint","urlTemplate":"https:\/\/eirikurjonsson.is\/?s={search_term_string}"},"query-input":"required name=search_term_string"}],"inLanguage":"is"},{"@type":"Person","@id":"https:\/\/eirikurjonsson.is\/#\/schema\/person\/308afa1d0e201918034e31b1da4f07a5","name":"eir","image":{"@type":"ImageObject","inLanguage":"is","@id":"https:\/\/eirikurjonsson.is\/#\/schema\/person\/image\/","url":"https:\/\/secure.gravatar.com\/avatar\/b6748316a4400053a1fa9f4694b38d294dc5da6f4bacc727742bd8f3e689f87c?s=96&d=mm&r=g","contentUrl":"https:\/\/secure.gravatar.com\/avatar\/b6748316a4400053a1fa9f4694b38d294dc5da6f4bacc727742bd8f3e689f87c?s=96&d=mm&r=g","caption":"eir"},"url":"https:\/\/eirikurjonsson.is\/index.php\/author\/eir\/"}]}},"_links":{"self":[{"href":"https:\/\/eirikurjonsson.is\/index.php\/wp-json\/wp\/v2\/posts\/3922","targetHints":{"allow":["GET"]}}],"collection":[{"href":"https:\/\/eirikurjonsson.is\/index.php\/wp-json\/wp\/v2\/posts"}],"about":[{"href":"https:\/\/eirikurjonsson.is\/index.php\/wp-json\/wp\/v2\/types\/post"}],"author":[{"embeddable":true,"href":"https:\/\/eirikurjonsson.is\/index.php\/wp-json\/wp\/v2\/users\/2"}],"replies":[{"embeddable":true,"href":"https:\/\/eirikurjonsson.is\/index.php\/wp-json\/wp\/v2\/comments?post=3922"}],"version-history":[{"count":1,"href":"https:\/\/eirikurjonsson.is\/index.php\/wp-json\/wp\/v2\/posts\/3922\/revisions"}],"predecessor-version":[{"id":3924,"href":"https:\/\/eirikurjonsson.is\/index.php\/wp-json\/wp\/v2\/posts\/3922\/revisions\/3924"}],"wp:featuredmedia":[{"embeddable":true,"href":"https:\/\/eirikurjonsson.is\/index.php\/wp-json\/wp\/v2\/media\/3923"}],"wp:attachment":[{"href":"https:\/\/eirikurjonsson.is\/index.php\/wp-json\/wp\/v2\/media?parent=3922"}],"wp:term":[{"taxonomy":"category","embeddable":true,"href":"https:\/\/eirikurjonsson.is\/index.php\/wp-json\/wp\/v2\/categories?post=3922"},{"taxonomy":"post_tag","embeddable":true,"href":"https:\/\/eirikurjonsson.is\/index.php\/wp-json\/wp\/v2\/tags?post=3922"}],"curies":[{"name":"wp","href":"https:\/\/api.w.org\/{rel}","templated":true}]}}