{"id":3833,"date":"2024-10-18T16:45:43","date_gmt":"2024-10-18T16:45:43","guid":{"rendered":"https:\/\/eirikurjonsson.is\/?p=3833"},"modified":"2024-10-18T16:46:27","modified_gmt":"2024-10-18T16:46:27","slug":"halla-hrund-hafnadi-ollum-nema-framsokn","status":"publish","type":"post","link":"https:\/\/eirikurjonsson.is\/index.php\/2024\/10\/18\/halla-hrund-hafnadi-ollum-nema-framsokn\/","title":{"rendered":"HALLA HRUND HAFNA\u00d0I \u00d6LLUM NEMA FRAMS\u00d3KN"},"content":{"rendered":"<p>Halla Hrund Logad\u00f3ttir fyrrum forsetaframbj\u00f3\u00f0andi hafna\u00f0i tilbo\u00f0i Samflylkingarinnar um oddvitas\u00e6ti\u00f0 \u00ed Reykjav\u00edk su\u00f0ur og t\u00f3k Frams\u00f3kn fram yfir. \u00dear sest h\u00fan \u00ed fyrsta s\u00e6ti listans \u00ed Su\u00f0urkj\u00f6rd\u00e6mi og Sigur\u00f0ur Ingi forma\u00f0ur Frams\u00f3knarflokksins f\u00e6rir sig ni\u00f0ur \u00ed anna\u00f0 s\u00e6ti\u00f0.<\/p>\n<p>\u00c1\u00f0ur haf\u00f0i Halla Hrund hafna\u00f0 gyllibo\u00f0um fr\u00e1 Vi\u00f0reisn, Mi\u00f0flokknum og meira a\u00f0 segja S\u00f3s\u00edalistaflokknum. Reyndar f\u00e9kk h\u00fan bo\u00f0 fr\u00e1 \u00f6llum flokkum nema Sj\u00e1lfst\u00e6\u00f0isflokknum.<\/p>\n<p>Sagt er a\u00f0 \u00e1kv\u00f6r\u00f0un hennar byggi \u00e1 \u00fev\u00ed a\u00f0 hjarta hennar sl\u00e1i me\u00f0 Fram\u00f3kn og hafi gert lengi &#8211; enda \u00far sveit.<\/p>\n","protected":false},"excerpt":{"rendered":"<p>Halla Hrund Logad\u00f3ttir fyrrum forsetaframbj\u00f3\u00f0andi hafna\u00f0i tilbo\u00f0i Samflylkingarinnar um oddvitas\u00e6ti\u00f0 \u00ed Reykjav\u00edk su\u00f0ur og t\u00f3k Frams\u00f3kn fram yfir. \u00dear sest h\u00fan \u00ed fyrsta s\u00e6ti listans \u00ed Su\u00f0urkj\u00f6rd\u00e6mi og Sigur\u00f0ur Ingi forma\u00f0ur Frams\u00f3knarflokksins f\u00e6rir sig ni\u00f0ur \u00ed anna\u00f0 s\u00e6ti\u00f0. \u00c1\u00f0ur haf\u00f0i Halla Hrund hafna\u00f0 gyllibo\u00f0um fr\u00e1 Vi\u00f0reisn, Mi\u00f0flokknum og meira a\u00f0 segja S\u00f3s\u00edalistaflokknum. Reyndar f\u00e9kk h\u00fan [&hellip;]<\/p>\n","protected":false},"author":2,"featured_media":3834,"comment_status":"open","ping_status":"open","sticky":false,"template":"","format":"standard","meta":{"_monsterinsights_skip_tracking":false,"_monsterinsights_sitenote_active":false,"_monsterinsights_sitenote_note":"","_monsterinsights_sitenote_category":0,"footnotes":""},"categories":[31],"tags":[],"class_list":{"0":"post-3833","1":"post","2":"type-post","3":"status-publish","4":"format-standard","5":"has-post-thumbnail","7":"category-greinar"},"yoast_head":"<!-- This site is optimized with the Yoast SEO plugin v22.0 - https:\/\/yoast.com\/wordpress\/plugins\/seo\/ -->\n<title>HALLA HRUND HAFNA\u00d0I \u00d6LLUM NEMA FRAMS\u00d3KN &#8211; Eir\u00edkur J\u00f3nsson<\/title>\n<meta name=\"robots\" content=\"index, follow, max-snippet:-1, max-image-preview:large, max-video-preview:-1\" \/>\n<link rel=\"canonical\" href=\"https:\/\/eirikurjonsson.is\/index.php\/2024\/10\/18\/halla-hrund-hafnadi-ollum-nema-framsokn\/\" \/>\n<meta property=\"og:locale\" content=\"is_IS\" \/>\n<meta property=\"og:type\" content=\"article\" \/>\n<meta property=\"og:title\" content=\"HALLA HRUND HAFNA\u00d0I \u00d6LLUM NEMA FRAMS\u00d3KN &#8211; Eir\u00edkur J\u00f3nsson\" \/>\n<meta property=\"og:description\" content=\"Halla Hrund Logad\u00f3ttir fyrrum forsetaframbj\u00f3\u00f0andi hafna\u00f0i tilbo\u00f0i Samflylkingarinnar um oddvitas\u00e6ti\u00f0 \u00ed Reykjav\u00edk su\u00f0ur og t\u00f3k Frams\u00f3kn fram yfir. \u00dear sest h\u00fan \u00ed fyrsta s\u00e6ti listans \u00ed Su\u00f0urkj\u00f6rd\u00e6mi og Sigur\u00f0ur Ingi forma\u00f0ur Frams\u00f3knarflokksins f\u00e6rir sig ni\u00f0ur \u00ed anna\u00f0 s\u00e6ti\u00f0. \u00c1\u00f0ur haf\u00f0i Halla Hrund hafna\u00f0 gyllibo\u00f0um fr\u00e1 Vi\u00f0reisn, Mi\u00f0flokknum og meira a\u00f0 segja S\u00f3s\u00edalistaflokknum. Reyndar f\u00e9kk h\u00fan [&hellip;]\" \/>\n<meta property=\"og:url\" content=\"https:\/\/eirikurjonsson.is\/index.php\/2024\/10\/18\/halla-hrund-hafnadi-ollum-nema-framsokn\/\" \/>\n<meta property=\"og:site_name\" content=\"Eir\u00edkur J\u00f3nsson\" \/>\n<meta property=\"article:published_time\" content=\"2024-10-18T16:45:43+00:00\" \/>\n<meta property=\"article:modified_time\" content=\"2024-10-18T16:46:27+00:00\" \/>\n<meta property=\"og:image\" content=\"https:\/\/eirikurjonsson.is\/wp-content\/uploads\/2024\/10\/halla-hrund.jpg\" \/>\n\t<meta property=\"og:image:width\" content=\"713\" \/>\n\t<meta property=\"og:image:height\" content=\"475\" \/>\n\t<meta property=\"og:image:type\" content=\"image\/jpeg\" \/>\n<meta name=\"author\" content=\"eir\" \/>\n<meta name=\"twitter:card\" content=\"summary_large_image\" \/>\n<meta name=\"twitter:label1\" content=\"Written by\" \/>\n\t<meta name=\"twitter:data1\" content=\"eir\" \/>\n\t<meta name=\"twitter:label2\" content=\"Est. reading time\" \/>\n\t<meta name=\"twitter:data2\" content=\"1 minute\" \/>\n<script type=\"application\/ld+json\" class=\"yoast-schema-graph\">{\"@context\":\"https:\/\/schema.org\",\"@graph\":[{\"@type\":\"WebPage\",\"@id\":\"https:\/\/eirikurjonsson.is\/index.php\/2024\/10\/18\/halla-hrund-hafnadi-ollum-nema-framsokn\/\",\"url\":\"https:\/\/eirikurjonsson.is\/index.php\/2024\/10\/18\/halla-hrund-hafnadi-ollum-nema-framsokn\/\",\"name\":\"HALLA HRUND HAFNA\u00d0I \u00d6LLUM NEMA FRAMS\u00d3KN &#8211; Eir\u00edkur J\u00f3nsson\",\"isPartOf\":{\"@id\":\"https:\/\/eirikurjonsson.is\/#website\"},\"datePublished\":\"2024-10-18T16:45:43+00:00\",\"dateModified\":\"2024-10-18T16:46:27+00:00\",\"author\":{\"@id\":\"https:\/\/eirikurjonsson.is\/#\/schema\/person\/308afa1d0e201918034e31b1da4f07a5\"},\"breadcrumb\":{\"@id\":\"https:\/\/eirikurjonsson.is\/index.php\/2024\/10\/18\/halla-hrund-hafnadi-ollum-nema-framsokn\/#breadcrumb\"},\"inLanguage\":\"is\",\"potentialAction\":[{\"@type\":\"ReadAction\",\"target\":[\"https:\/\/eirikurjonsson.is\/index.php\/2024\/10\/18\/halla-hrund-hafnadi-ollum-nema-framsokn\/\"]}]},{\"@type\":\"BreadcrumbList\",\"@id\":\"https:\/\/eirikurjonsson.is\/index.php\/2024\/10\/18\/halla-hrund-hafnadi-ollum-nema-framsokn\/#breadcrumb\",\"itemListElement\":[{\"@type\":\"ListItem\",\"position\":1,\"name\":\"Home\",\"item\":\"https:\/\/eirikurjonsson.is\/\"},{\"@type\":\"ListItem\",\"position\":2,\"name\":\"HALLA HRUND HAFNA\u00d0I \u00d6LLUM NEMA FRAMS\u00d3KN\"}]},{\"@type\":\"WebSite\",\"@id\":\"https:\/\/eirikurjonsson.is\/#website\",\"url\":\"https:\/\/eirikurjonsson.is\/\",\"name\":\"Eir\u00edkur J\u00f3nsson\",\"description\":\"Eir\u00edkur J\u00f3nsson | EIR eirikurjonsson.is\",\"potentialAction\":[{\"@type\":\"SearchAction\",\"target\":{\"@type\":\"EntryPoint\",\"urlTemplate\":\"https:\/\/eirikurjonsson.is\/?s={search_term_string}\"},\"query-input\":\"required name=search_term_string\"}],\"inLanguage\":\"is\"},{\"@type\":\"Person\",\"@id\":\"https:\/\/eirikurjonsson.is\/#\/schema\/person\/308afa1d0e201918034e31b1da4f07a5\",\"name\":\"eir\",\"image\":{\"@type\":\"ImageObject\",\"inLanguage\":\"is\",\"@id\":\"https:\/\/eirikurjonsson.is\/#\/schema\/person\/image\/\",\"url\":\"https:\/\/secure.gravatar.com\/avatar\/b6748316a4400053a1fa9f4694b38d294dc5da6f4bacc727742bd8f3e689f87c?s=96&d=mm&r=g\",\"contentUrl\":\"https:\/\/secure.gravatar.com\/avatar\/b6748316a4400053a1fa9f4694b38d294dc5da6f4bacc727742bd8f3e689f87c?s=96&d=mm&r=g\",\"caption\":\"eir\"},\"url\":\"https:\/\/eirikurjonsson.is\/index.php\/author\/eir\/\"}]}<\/script>\n<!-- \/ Yoast SEO plugin. -->","yoast_head_json":{"title":"HALLA HRUND HAFNA\u00d0I \u00d6LLUM NEMA FRAMS\u00d3KN &#8211; Eir\u00edkur J\u00f3nsson","robots":{"index":"index","follow":"follow","max-snippet":"max-snippet:-1","max-image-preview":"max-image-preview:large","max-video-preview":"max-video-preview:-1"},"canonical":"https:\/\/eirikurjonsson.is\/index.php\/2024\/10\/18\/halla-hrund-hafnadi-ollum-nema-framsokn\/","og_locale":"is_IS","og_type":"article","og_title":"HALLA HRUND HAFNA\u00d0I \u00d6LLUM NEMA FRAMS\u00d3KN &#8211; Eir\u00edkur J\u00f3nsson","og_description":"Halla Hrund Logad\u00f3ttir fyrrum forsetaframbj\u00f3\u00f0andi hafna\u00f0i tilbo\u00f0i Samflylkingarinnar um oddvitas\u00e6ti\u00f0 \u00ed Reykjav\u00edk su\u00f0ur og t\u00f3k Frams\u00f3kn fram yfir. \u00dear sest h\u00fan \u00ed fyrsta s\u00e6ti listans \u00ed Su\u00f0urkj\u00f6rd\u00e6mi og Sigur\u00f0ur Ingi forma\u00f0ur Frams\u00f3knarflokksins f\u00e6rir sig ni\u00f0ur \u00ed anna\u00f0 s\u00e6ti\u00f0. \u00c1\u00f0ur haf\u00f0i Halla Hrund hafna\u00f0 gyllibo\u00f0um fr\u00e1 Vi\u00f0reisn, Mi\u00f0flokknum og meira a\u00f0 segja S\u00f3s\u00edalistaflokknum. Reyndar f\u00e9kk h\u00fan [&hellip;]","og_url":"https:\/\/eirikurjonsson.is\/index.php\/2024\/10\/18\/halla-hrund-hafnadi-ollum-nema-framsokn\/","og_site_name":"Eir\u00edkur J\u00f3nsson","article_published_time":"2024-10-18T16:45:43+00:00","article_modified_time":"2024-10-18T16:46:27+00:00","og_image":[{"width":713,"height":475,"url":"https:\/\/eirikurjonsson.is\/wp-content\/uploads\/2024\/10\/halla-hrund.jpg","type":"image\/jpeg"}],"author":"eir","twitter_card":"summary_large_image","twitter_misc":{"Written by":"eir","Est. reading time":"1 minute"},"schema":{"@context":"https:\/\/schema.org","@graph":[{"@type":"WebPage","@id":"https:\/\/eirikurjonsson.is\/index.php\/2024\/10\/18\/halla-hrund-hafnadi-ollum-nema-framsokn\/","url":"https:\/\/eirikurjonsson.is\/index.php\/2024\/10\/18\/halla-hrund-hafnadi-ollum-nema-framsokn\/","name":"HALLA HRUND HAFNA\u00d0I \u00d6LLUM NEMA FRAMS\u00d3KN &#8211; Eir\u00edkur J\u00f3nsson","isPartOf":{"@id":"https:\/\/eirikurjonsson.is\/#website"},"datePublished":"2024-10-18T16:45:43+00:00","dateModified":"2024-10-18T16:46:27+00:00","author":{"@id":"https:\/\/eirikurjonsson.is\/#\/schema\/person\/308afa1d0e201918034e31b1da4f07a5"},"breadcrumb":{"@id":"https:\/\/eirikurjonsson.is\/index.php\/2024\/10\/18\/halla-hrund-hafnadi-ollum-nema-framsokn\/#breadcrumb"},"inLanguage":"is","potentialAction":[{"@type":"ReadAction","target":["https:\/\/eirikurjonsson.is\/index.php\/2024\/10\/18\/halla-hrund-hafnadi-ollum-nema-framsokn\/"]}]},{"@type":"BreadcrumbList","@id":"https:\/\/eirikurjonsson.is\/index.php\/2024\/10\/18\/halla-hrund-hafnadi-ollum-nema-framsokn\/#breadcrumb","itemListElement":[{"@type":"ListItem","position":1,"name":"Home","item":"https:\/\/eirikurjonsson.is\/"},{"@type":"ListItem","position":2,"name":"HALLA HRUND HAFNA\u00d0I \u00d6LLUM NEMA FRAMS\u00d3KN"}]},{"@type":"WebSite","@id":"https:\/\/eirikurjonsson.is\/#website","url":"https:\/\/eirikurjonsson.is\/","name":"Eir\u00edkur J\u00f3nsson","description":"Eir\u00edkur J\u00f3nsson | EIR eirikurjonsson.is","potentialAction":[{"@type":"SearchAction","target":{"@type":"EntryPoint","urlTemplate":"https:\/\/eirikurjonsson.is\/?s={search_term_string}"},"query-input":"required name=search_term_string"}],"inLanguage":"is"},{"@type":"Person","@id":"https:\/\/eirikurjonsson.is\/#\/schema\/person\/308afa1d0e201918034e31b1da4f07a5","name":"eir","image":{"@type":"ImageObject","inLanguage":"is","@id":"https:\/\/eirikurjonsson.is\/#\/schema\/person\/image\/","url":"https:\/\/secure.gravatar.com\/avatar\/b6748316a4400053a1fa9f4694b38d294dc5da6f4bacc727742bd8f3e689f87c?s=96&d=mm&r=g","contentUrl":"https:\/\/secure.gravatar.com\/avatar\/b6748316a4400053a1fa9f4694b38d294dc5da6f4bacc727742bd8f3e689f87c?s=96&d=mm&r=g","caption":"eir"},"url":"https:\/\/eirikurjonsson.is\/index.php\/author\/eir\/"}]}},"_links":{"self":[{"href":"https:\/\/eirikurjonsson.is\/index.php\/wp-json\/wp\/v2\/posts\/3833","targetHints":{"allow":["GET"]}}],"collection":[{"href":"https:\/\/eirikurjonsson.is\/index.php\/wp-json\/wp\/v2\/posts"}],"about":[{"href":"https:\/\/eirikurjonsson.is\/index.php\/wp-json\/wp\/v2\/types\/post"}],"author":[{"embeddable":true,"href":"https:\/\/eirikurjonsson.is\/index.php\/wp-json\/wp\/v2\/users\/2"}],"replies":[{"embeddable":true,"href":"https:\/\/eirikurjonsson.is\/index.php\/wp-json\/wp\/v2\/comments?post=3833"}],"version-history":[{"count":1,"href":"https:\/\/eirikurjonsson.is\/index.php\/wp-json\/wp\/v2\/posts\/3833\/revisions"}],"predecessor-version":[{"id":3835,"href":"https:\/\/eirikurjonsson.is\/index.php\/wp-json\/wp\/v2\/posts\/3833\/revisions\/3835"}],"wp:featuredmedia":[{"embeddable":true,"href":"https:\/\/eirikurjonsson.is\/index.php\/wp-json\/wp\/v2\/media\/3834"}],"wp:attachment":[{"href":"https:\/\/eirikurjonsson.is\/index.php\/wp-json\/wp\/v2\/media?parent=3833"}],"wp:term":[{"taxonomy":"category","embeddable":true,"href":"https:\/\/eirikurjonsson.is\/index.php\/wp-json\/wp\/v2\/categories?post=3833"},{"taxonomy":"post_tag","embeddable":true,"href":"https:\/\/eirikurjonsson.is\/index.php\/wp-json\/wp\/v2\/tags?post=3833"}],"curies":[{"name":"wp","href":"https:\/\/api.w.org\/{rel}","templated":true}]}}