{"id":3819,"date":"2024-10-17T15:51:34","date_gmt":"2024-10-17T15:51:34","guid":{"rendered":"https:\/\/eirikurjonsson.is\/?p=3819"},"modified":"2024-10-17T16:06:10","modified_gmt":"2024-10-17T16:06:10","slug":"kormakur-og-skjoldur-i-brynju-a-laugavegi","status":"publish","type":"post","link":"https:\/\/eirikurjonsson.is\/index.php\/2024\/10\/17\/kormakur-og-skjoldur-i-brynju-a-laugavegi\/","title":{"rendered":"KORM\u00c1KUR OG SKJ\u00d6LDUR \u00cd BRYNJU \u00c1 LAUGAVEGI"},"content":{"rendered":"<p>Vi\u00f0skiptaveldi Korm\u00e1ks og Skjaldar er a\u00f0 flytja inn \u00ed s\u00f6gufr\u00e6gt h\u00fas verslunarinnar Brynju \u00e1 Laugavegi sem sta\u00f0i\u00f0 hefur autt um skei\u00f0 eftir a\u00f0 Brynja h\u00e6tti st\u00f6rfum.<\/p>\n<p><img loading=\"lazy\" decoding=\"async\" class=\"size-medium wp-image-3820 aligncenter\" src=\"https:\/\/eirikurjonsson.is\/wp-content\/uploads\/2024\/10\/kormakur3-225x300.jpg\" alt=\"\" width=\"225\" height=\"300\" srcset=\"https:\/\/eirikurjonsson.is\/wp-content\/uploads\/2024\/10\/kormakur3-225x300.jpg 225w, https:\/\/eirikurjonsson.is\/wp-content\/uploads\/2024\/10\/kormakur3-768x1024.jpg 768w, https:\/\/eirikurjonsson.is\/wp-content\/uploads\/2024\/10\/kormakur3-1152x1536.jpg 1152w, https:\/\/eirikurjonsson.is\/wp-content\/uploads\/2024\/10\/kormakur3-696x928.jpg 696w, https:\/\/eirikurjonsson.is\/wp-content\/uploads\/2024\/10\/kormakur3-1068x1424.jpg 1068w, https:\/\/eirikurjonsson.is\/wp-content\/uploads\/2024\/10\/kormakur3.jpg 1200w\" sizes=\"auto, (max-width: 225px) 100vw, 225px\" \/><\/p>\n<p>\u00deetta er drj\u00fag vi\u00f0b\u00f3t hj\u00e1 Korm\u00e1ki og Skildi sem um \u00e1rabil hafa reki\u00f0 verslun s\u00edna \u00ed kjallaranum \u00ed gamla Kj\u00f6rgar\u00f0i ofar \u00e1 Laugavegi, a\u00f0ra verslun \u00e1 Sk\u00f3lav\u00f6r\u00f0ust\u00edg og svo \u00ed Leifsst\u00f6\u00f0. Auk \u00feess hafa \u00feeir f\u00e9lagar lengi d\u00e6lt eigin bj\u00f3r, Br\u00ed\u00f3, \u00e1 \u00d6lstofu sem vi\u00f0 \u00fe\u00e1 er kennd bak vi\u00f0 Hegningarh\u00fasi\u00f0 \u00e1 Sk\u00f3lav\u00f6r\u00f0ust\u00edg.<\/p>\n","protected":false},"excerpt":{"rendered":"<p>Vi\u00f0skiptaveldi Korm\u00e1ks og Skjaldar er a\u00f0 flytja inn \u00ed s\u00f6gufr\u00e6gt h\u00fas verslunarinnar Brynju \u00e1 Laugavegi sem sta\u00f0i\u00f0 hefur autt um skei\u00f0 eftir a\u00f0 Brynja h\u00e6tti st\u00f6rfum. \u00deetta er drj\u00fag vi\u00f0b\u00f3t hj\u00e1 Korm\u00e1ki og Skildi sem um \u00e1rabil hafa reki\u00f0 verslun s\u00edna \u00ed kjallaranum \u00ed gamla Kj\u00f6rgar\u00f0i ofar \u00e1 Laugavegi, a\u00f0ra verslun \u00e1 Sk\u00f3lav\u00f6r\u00f0ust\u00edg og svo [&hellip;]<\/p>\n","protected":false},"author":2,"featured_media":3821,"comment_status":"open","ping_status":"open","sticky":false,"template":"","format":"standard","meta":{"_monsterinsights_skip_tracking":false,"_monsterinsights_sitenote_active":false,"_monsterinsights_sitenote_note":"","_monsterinsights_sitenote_category":0,"footnotes":""},"categories":[31],"tags":[],"class_list":{"0":"post-3819","1":"post","2":"type-post","3":"status-publish","4":"format-standard","5":"has-post-thumbnail","7":"category-greinar"},"yoast_head":"<!-- This site is optimized with the Yoast SEO plugin v22.0 - https:\/\/yoast.com\/wordpress\/plugins\/seo\/ -->\n<title>KORM\u00c1KUR OG SKJ\u00d6LDUR \u00cd BRYNJU \u00c1 LAUGAVEGI &#8211; Eir\u00edkur J\u00f3nsson<\/title>\n<meta name=\"robots\" content=\"index, follow, max-snippet:-1, max-image-preview:large, max-video-preview:-1\" \/>\n<link rel=\"canonical\" href=\"https:\/\/eirikurjonsson.is\/index.php\/2024\/10\/17\/kormakur-og-skjoldur-i-brynju-a-laugavegi\/\" \/>\n<meta property=\"og:locale\" content=\"is_IS\" \/>\n<meta property=\"og:type\" content=\"article\" \/>\n<meta property=\"og:title\" content=\"KORM\u00c1KUR OG SKJ\u00d6LDUR \u00cd BRYNJU \u00c1 LAUGAVEGI &#8211; Eir\u00edkur J\u00f3nsson\" \/>\n<meta property=\"og:description\" content=\"Vi\u00f0skiptaveldi Korm\u00e1ks og Skjaldar er a\u00f0 flytja inn \u00ed s\u00f6gufr\u00e6gt h\u00fas verslunarinnar Brynju \u00e1 Laugavegi sem sta\u00f0i\u00f0 hefur autt um skei\u00f0 eftir a\u00f0 Brynja h\u00e6tti st\u00f6rfum. \u00deetta er drj\u00fag vi\u00f0b\u00f3t hj\u00e1 Korm\u00e1ki og Skildi sem um \u00e1rabil hafa reki\u00f0 verslun s\u00edna \u00ed kjallaranum \u00ed gamla Kj\u00f6rgar\u00f0i ofar \u00e1 Laugavegi, a\u00f0ra verslun \u00e1 Sk\u00f3lav\u00f6r\u00f0ust\u00edg og svo [&hellip;]\" \/>\n<meta property=\"og:url\" content=\"https:\/\/eirikurjonsson.is\/index.php\/2024\/10\/17\/kormakur-og-skjoldur-i-brynju-a-laugavegi\/\" \/>\n<meta property=\"og:site_name\" content=\"Eir\u00edkur J\u00f3nsson\" \/>\n<meta property=\"article:published_time\" content=\"2024-10-17T15:51:34+00:00\" \/>\n<meta property=\"article:modified_time\" content=\"2024-10-17T16:06:10+00:00\" \/>\n<meta property=\"og:image\" content=\"https:\/\/eirikurjonsson.is\/wp-content\/uploads\/2024\/10\/kormakur11.jpg\" \/>\n\t<meta property=\"og:image:width\" content=\"1200\" \/>\n\t<meta property=\"og:image:height\" content=\"1600\" \/>\n\t<meta property=\"og:image:type\" content=\"image\/jpeg\" \/>\n<meta name=\"author\" content=\"eir\" \/>\n<meta name=\"twitter:card\" content=\"summary_large_image\" \/>\n<meta name=\"twitter:label1\" content=\"Written by\" \/>\n\t<meta name=\"twitter:data1\" content=\"eir\" \/>\n\t<meta name=\"twitter:label2\" content=\"Est. reading time\" \/>\n\t<meta name=\"twitter:data2\" content=\"1 minute\" \/>\n<script type=\"application\/ld+json\" class=\"yoast-schema-graph\">{\"@context\":\"https:\/\/schema.org\",\"@graph\":[{\"@type\":\"WebPage\",\"@id\":\"https:\/\/eirikurjonsson.is\/index.php\/2024\/10\/17\/kormakur-og-skjoldur-i-brynju-a-laugavegi\/\",\"url\":\"https:\/\/eirikurjonsson.is\/index.php\/2024\/10\/17\/kormakur-og-skjoldur-i-brynju-a-laugavegi\/\",\"name\":\"KORM\u00c1KUR OG SKJ\u00d6LDUR \u00cd BRYNJU \u00c1 LAUGAVEGI &#8211; Eir\u00edkur J\u00f3nsson\",\"isPartOf\":{\"@id\":\"https:\/\/eirikurjonsson.is\/#website\"},\"datePublished\":\"2024-10-17T15:51:34+00:00\",\"dateModified\":\"2024-10-17T16:06:10+00:00\",\"author\":{\"@id\":\"https:\/\/eirikurjonsson.is\/#\/schema\/person\/308afa1d0e201918034e31b1da4f07a5\"},\"breadcrumb\":{\"@id\":\"https:\/\/eirikurjonsson.is\/index.php\/2024\/10\/17\/kormakur-og-skjoldur-i-brynju-a-laugavegi\/#breadcrumb\"},\"inLanguage\":\"is\",\"potentialAction\":[{\"@type\":\"ReadAction\",\"target\":[\"https:\/\/eirikurjonsson.is\/index.php\/2024\/10\/17\/kormakur-og-skjoldur-i-brynju-a-laugavegi\/\"]}]},{\"@type\":\"BreadcrumbList\",\"@id\":\"https:\/\/eirikurjonsson.is\/index.php\/2024\/10\/17\/kormakur-og-skjoldur-i-brynju-a-laugavegi\/#breadcrumb\",\"itemListElement\":[{\"@type\":\"ListItem\",\"position\":1,\"name\":\"Home\",\"item\":\"https:\/\/eirikurjonsson.is\/\"},{\"@type\":\"ListItem\",\"position\":2,\"name\":\"KORM\u00c1KUR OG SKJ\u00d6LDUR \u00cd BRYNJU \u00c1 LAUGAVEGI\"}]},{\"@type\":\"WebSite\",\"@id\":\"https:\/\/eirikurjonsson.is\/#website\",\"url\":\"https:\/\/eirikurjonsson.is\/\",\"name\":\"Eir\u00edkur J\u00f3nsson\",\"description\":\"Eir\u00edkur J\u00f3nsson | EIR eirikurjonsson.is\",\"potentialAction\":[{\"@type\":\"SearchAction\",\"target\":{\"@type\":\"EntryPoint\",\"urlTemplate\":\"https:\/\/eirikurjonsson.is\/?s={search_term_string}\"},\"query-input\":\"required name=search_term_string\"}],\"inLanguage\":\"is\"},{\"@type\":\"Person\",\"@id\":\"https:\/\/eirikurjonsson.is\/#\/schema\/person\/308afa1d0e201918034e31b1da4f07a5\",\"name\":\"eir\",\"image\":{\"@type\":\"ImageObject\",\"inLanguage\":\"is\",\"@id\":\"https:\/\/eirikurjonsson.is\/#\/schema\/person\/image\/\",\"url\":\"https:\/\/secure.gravatar.com\/avatar\/b6748316a4400053a1fa9f4694b38d294dc5da6f4bacc727742bd8f3e689f87c?s=96&d=mm&r=g\",\"contentUrl\":\"https:\/\/secure.gravatar.com\/avatar\/b6748316a4400053a1fa9f4694b38d294dc5da6f4bacc727742bd8f3e689f87c?s=96&d=mm&r=g\",\"caption\":\"eir\"},\"url\":\"https:\/\/eirikurjonsson.is\/index.php\/author\/eir\/\"}]}<\/script>\n<!-- \/ Yoast SEO plugin. -->","yoast_head_json":{"title":"KORM\u00c1KUR OG SKJ\u00d6LDUR \u00cd BRYNJU \u00c1 LAUGAVEGI &#8211; Eir\u00edkur J\u00f3nsson","robots":{"index":"index","follow":"follow","max-snippet":"max-snippet:-1","max-image-preview":"max-image-preview:large","max-video-preview":"max-video-preview:-1"},"canonical":"https:\/\/eirikurjonsson.is\/index.php\/2024\/10\/17\/kormakur-og-skjoldur-i-brynju-a-laugavegi\/","og_locale":"is_IS","og_type":"article","og_title":"KORM\u00c1KUR OG SKJ\u00d6LDUR \u00cd BRYNJU \u00c1 LAUGAVEGI &#8211; Eir\u00edkur J\u00f3nsson","og_description":"Vi\u00f0skiptaveldi Korm\u00e1ks og Skjaldar er a\u00f0 flytja inn \u00ed s\u00f6gufr\u00e6gt h\u00fas verslunarinnar Brynju \u00e1 Laugavegi sem sta\u00f0i\u00f0 hefur autt um skei\u00f0 eftir a\u00f0 Brynja h\u00e6tti st\u00f6rfum. \u00deetta er drj\u00fag vi\u00f0b\u00f3t hj\u00e1 Korm\u00e1ki og Skildi sem um \u00e1rabil hafa reki\u00f0 verslun s\u00edna \u00ed kjallaranum \u00ed gamla Kj\u00f6rgar\u00f0i ofar \u00e1 Laugavegi, a\u00f0ra verslun \u00e1 Sk\u00f3lav\u00f6r\u00f0ust\u00edg og svo [&hellip;]","og_url":"https:\/\/eirikurjonsson.is\/index.php\/2024\/10\/17\/kormakur-og-skjoldur-i-brynju-a-laugavegi\/","og_site_name":"Eir\u00edkur J\u00f3nsson","article_published_time":"2024-10-17T15:51:34+00:00","article_modified_time":"2024-10-17T16:06:10+00:00","og_image":[{"width":1200,"height":1600,"url":"https:\/\/eirikurjonsson.is\/wp-content\/uploads\/2024\/10\/kormakur11.jpg","type":"image\/jpeg"}],"author":"eir","twitter_card":"summary_large_image","twitter_misc":{"Written by":"eir","Est. reading time":"1 minute"},"schema":{"@context":"https:\/\/schema.org","@graph":[{"@type":"WebPage","@id":"https:\/\/eirikurjonsson.is\/index.php\/2024\/10\/17\/kormakur-og-skjoldur-i-brynju-a-laugavegi\/","url":"https:\/\/eirikurjonsson.is\/index.php\/2024\/10\/17\/kormakur-og-skjoldur-i-brynju-a-laugavegi\/","name":"KORM\u00c1KUR OG SKJ\u00d6LDUR \u00cd BRYNJU \u00c1 LAUGAVEGI &#8211; Eir\u00edkur J\u00f3nsson","isPartOf":{"@id":"https:\/\/eirikurjonsson.is\/#website"},"datePublished":"2024-10-17T15:51:34+00:00","dateModified":"2024-10-17T16:06:10+00:00","author":{"@id":"https:\/\/eirikurjonsson.is\/#\/schema\/person\/308afa1d0e201918034e31b1da4f07a5"},"breadcrumb":{"@id":"https:\/\/eirikurjonsson.is\/index.php\/2024\/10\/17\/kormakur-og-skjoldur-i-brynju-a-laugavegi\/#breadcrumb"},"inLanguage":"is","potentialAction":[{"@type":"ReadAction","target":["https:\/\/eirikurjonsson.is\/index.php\/2024\/10\/17\/kormakur-og-skjoldur-i-brynju-a-laugavegi\/"]}]},{"@type":"BreadcrumbList","@id":"https:\/\/eirikurjonsson.is\/index.php\/2024\/10\/17\/kormakur-og-skjoldur-i-brynju-a-laugavegi\/#breadcrumb","itemListElement":[{"@type":"ListItem","position":1,"name":"Home","item":"https:\/\/eirikurjonsson.is\/"},{"@type":"ListItem","position":2,"name":"KORM\u00c1KUR OG SKJ\u00d6LDUR \u00cd BRYNJU \u00c1 LAUGAVEGI"}]},{"@type":"WebSite","@id":"https:\/\/eirikurjonsson.is\/#website","url":"https:\/\/eirikurjonsson.is\/","name":"Eir\u00edkur J\u00f3nsson","description":"Eir\u00edkur J\u00f3nsson | EIR eirikurjonsson.is","potentialAction":[{"@type":"SearchAction","target":{"@type":"EntryPoint","urlTemplate":"https:\/\/eirikurjonsson.is\/?s={search_term_string}"},"query-input":"required name=search_term_string"}],"inLanguage":"is"},{"@type":"Person","@id":"https:\/\/eirikurjonsson.is\/#\/schema\/person\/308afa1d0e201918034e31b1da4f07a5","name":"eir","image":{"@type":"ImageObject","inLanguage":"is","@id":"https:\/\/eirikurjonsson.is\/#\/schema\/person\/image\/","url":"https:\/\/secure.gravatar.com\/avatar\/b6748316a4400053a1fa9f4694b38d294dc5da6f4bacc727742bd8f3e689f87c?s=96&d=mm&r=g","contentUrl":"https:\/\/secure.gravatar.com\/avatar\/b6748316a4400053a1fa9f4694b38d294dc5da6f4bacc727742bd8f3e689f87c?s=96&d=mm&r=g","caption":"eir"},"url":"https:\/\/eirikurjonsson.is\/index.php\/author\/eir\/"}]}},"_links":{"self":[{"href":"https:\/\/eirikurjonsson.is\/index.php\/wp-json\/wp\/v2\/posts\/3819","targetHints":{"allow":["GET"]}}],"collection":[{"href":"https:\/\/eirikurjonsson.is\/index.php\/wp-json\/wp\/v2\/posts"}],"about":[{"href":"https:\/\/eirikurjonsson.is\/index.php\/wp-json\/wp\/v2\/types\/post"}],"author":[{"embeddable":true,"href":"https:\/\/eirikurjonsson.is\/index.php\/wp-json\/wp\/v2\/users\/2"}],"replies":[{"embeddable":true,"href":"https:\/\/eirikurjonsson.is\/index.php\/wp-json\/wp\/v2\/comments?post=3819"}],"version-history":[{"count":2,"href":"https:\/\/eirikurjonsson.is\/index.php\/wp-json\/wp\/v2\/posts\/3819\/revisions"}],"predecessor-version":[{"id":3823,"href":"https:\/\/eirikurjonsson.is\/index.php\/wp-json\/wp\/v2\/posts\/3819\/revisions\/3823"}],"wp:featuredmedia":[{"embeddable":true,"href":"https:\/\/eirikurjonsson.is\/index.php\/wp-json\/wp\/v2\/media\/3821"}],"wp:attachment":[{"href":"https:\/\/eirikurjonsson.is\/index.php\/wp-json\/wp\/v2\/media?parent=3819"}],"wp:term":[{"taxonomy":"category","embeddable":true,"href":"https:\/\/eirikurjonsson.is\/index.php\/wp-json\/wp\/v2\/categories?post=3819"},{"taxonomy":"post_tag","embeddable":true,"href":"https:\/\/eirikurjonsson.is\/index.php\/wp-json\/wp\/v2\/tags?post=3819"}],"curies":[{"name":"wp","href":"https:\/\/api.w.org\/{rel}","templated":true}]}}