{"id":3809,"date":"2024-10-16T12:45:45","date_gmt":"2024-10-16T12:45:45","guid":{"rendered":"https:\/\/eirikurjonsson.is\/?p=3809"},"modified":"2024-10-16T12:49:19","modified_gmt":"2024-10-16T12:49:19","slug":"frjalst-folk-framleidir-meira","status":"publish","type":"post","link":"https:\/\/eirikurjonsson.is\/index.php\/2024\/10\/16\/frjalst-folk-framleidir-meira\/","title":{"rendered":"FRJ\u00c1LST F\u00d3LK FRAMLEI\u00d0IR MEIRA"},"content":{"rendered":"<p>Jens Gar\u00f0ar er 47 \u00e1ra gamall, f\u00e6ddur og uppalinn \u00e1 Eskifir\u00f0i. Hann \u00fatskrifa\u00f0ist sem st\u00fadent fr\u00e1 Menntask\u00f3lanum \u00e1 Akureyri \u00e1ri\u00f0 1996, stunda\u00f0i n\u00e1m vi\u00f0 vi\u00f0skiptafr\u00e6\u00f0i \u00ed H\u00e1sk\u00f3la \u00cdslands fr\u00e1 1997 til 2000 og hefur MBA gr\u00e1\u00f0u fr\u00e1 Norwegian School of Economics. Jens Gar\u00f0ar er b\u00fasettur \u00e1 Eskifir\u00f0i og \u00e1 \u00ferj\u00fa b\u00f6rn. Eiginkona hans er Krist\u00edn Lilja Eygl\u00f3ard\u00f3ttir heilaskur\u00f0l\u00e6knir. Jens s\u00e6kist eftir a\u00f0 lei\u00f0a lista Sj\u00e1lfst\u00e6\u00f0isflokksins \u00ed Nor\u00f0austurkj\u00f6rd\u00e6mi \u00ed v\u00e6ntanlegum kosningum:<\/p>\n<p>&#8222;R\u00f6dd athafnafrelsis \u00fearf a\u00f0 heyrast betur. Forsenda uppbyggingar \u00f6flugs velfer\u00f0arkerfis er meiri ver\u00f0m\u00e6task\u00f6pun. Frj\u00e1lst f\u00f3lk framlei\u00f0ir meira,\u201c segir hann.<\/p>\n","protected":false},"excerpt":{"rendered":"<p>Jens Gar\u00f0ar er 47 \u00e1ra gamall, f\u00e6ddur og uppalinn \u00e1 Eskifir\u00f0i. Hann \u00fatskrifa\u00f0ist sem st\u00fadent fr\u00e1 Menntask\u00f3lanum \u00e1 Akureyri \u00e1ri\u00f0 1996, stunda\u00f0i n\u00e1m vi\u00f0 vi\u00f0skiptafr\u00e6\u00f0i \u00ed H\u00e1sk\u00f3la \u00cdslands fr\u00e1 1997 til 2000 og hefur MBA gr\u00e1\u00f0u fr\u00e1 Norwegian School of Economics. Jens Gar\u00f0ar er b\u00fasettur \u00e1 Eskifir\u00f0i og \u00e1 \u00ferj\u00fa b\u00f6rn. Eiginkona hans er Krist\u00edn [&hellip;]<\/p>\n","protected":false},"author":2,"featured_media":3810,"comment_status":"open","ping_status":"open","sticky":false,"template":"","format":"standard","meta":{"_monsterinsights_skip_tracking":false,"_monsterinsights_sitenote_active":false,"_monsterinsights_sitenote_note":"","_monsterinsights_sitenote_category":0,"footnotes":""},"categories":[30],"tags":[],"class_list":{"0":"post-3809","1":"post","2":"type-post","3":"status-publish","4":"format-standard","5":"has-post-thumbnail","7":"category-sagt-er"},"yoast_head":"<!-- This site is optimized with the Yoast SEO plugin v22.0 - https:\/\/yoast.com\/wordpress\/plugins\/seo\/ -->\n<title>FRJ\u00c1LST F\u00d3LK FRAMLEI\u00d0IR MEIRA &#8211; Eir\u00edkur J\u00f3nsson<\/title>\n<meta name=\"robots\" content=\"index, follow, max-snippet:-1, max-image-preview:large, max-video-preview:-1\" \/>\n<link rel=\"canonical\" href=\"https:\/\/eirikurjonsson.is\/index.php\/2024\/10\/16\/frjalst-folk-framleidir-meira\/\" \/>\n<meta property=\"og:locale\" content=\"is_IS\" \/>\n<meta property=\"og:type\" content=\"article\" \/>\n<meta property=\"og:title\" content=\"FRJ\u00c1LST F\u00d3LK FRAMLEI\u00d0IR MEIRA &#8211; Eir\u00edkur J\u00f3nsson\" \/>\n<meta property=\"og:description\" content=\"Jens Gar\u00f0ar er 47 \u00e1ra gamall, f\u00e6ddur og uppalinn \u00e1 Eskifir\u00f0i. Hann \u00fatskrifa\u00f0ist sem st\u00fadent fr\u00e1 Menntask\u00f3lanum \u00e1 Akureyri \u00e1ri\u00f0 1996, stunda\u00f0i n\u00e1m vi\u00f0 vi\u00f0skiptafr\u00e6\u00f0i \u00ed H\u00e1sk\u00f3la \u00cdslands fr\u00e1 1997 til 2000 og hefur MBA gr\u00e1\u00f0u fr\u00e1 Norwegian School of Economics. Jens Gar\u00f0ar er b\u00fasettur \u00e1 Eskifir\u00f0i og \u00e1 \u00ferj\u00fa b\u00f6rn. Eiginkona hans er Krist\u00edn [&hellip;]\" \/>\n<meta property=\"og:url\" content=\"https:\/\/eirikurjonsson.is\/index.php\/2024\/10\/16\/frjalst-folk-framleidir-meira\/\" \/>\n<meta property=\"og:site_name\" content=\"Eir\u00edkur J\u00f3nsson\" \/>\n<meta property=\"article:published_time\" content=\"2024-10-16T12:45:45+00:00\" \/>\n<meta property=\"article:modified_time\" content=\"2024-10-16T12:49:19+00:00\" \/>\n<meta property=\"og:image\" content=\"https:\/\/eirikurjonsson.is\/wp-content\/uploads\/2024\/10\/Jens-scaled.jpg\" \/>\n\t<meta property=\"og:image:width\" content=\"2560\" \/>\n\t<meta property=\"og:image:height\" content=\"1328\" \/>\n\t<meta property=\"og:image:type\" content=\"image\/jpeg\" \/>\n<meta name=\"author\" content=\"eir\" \/>\n<meta name=\"twitter:card\" content=\"summary_large_image\" \/>\n<meta name=\"twitter:label1\" content=\"Written by\" \/>\n\t<meta name=\"twitter:data1\" content=\"eir\" \/>\n\t<meta name=\"twitter:label2\" content=\"Est. reading time\" \/>\n\t<meta name=\"twitter:data2\" content=\"1 minute\" \/>\n<script type=\"application\/ld+json\" class=\"yoast-schema-graph\">{\"@context\":\"https:\/\/schema.org\",\"@graph\":[{\"@type\":\"WebPage\",\"@id\":\"https:\/\/eirikurjonsson.is\/index.php\/2024\/10\/16\/frjalst-folk-framleidir-meira\/\",\"url\":\"https:\/\/eirikurjonsson.is\/index.php\/2024\/10\/16\/frjalst-folk-framleidir-meira\/\",\"name\":\"FRJ\u00c1LST F\u00d3LK FRAMLEI\u00d0IR MEIRA &#8211; Eir\u00edkur J\u00f3nsson\",\"isPartOf\":{\"@id\":\"https:\/\/eirikurjonsson.is\/#website\"},\"datePublished\":\"2024-10-16T12:45:45+00:00\",\"dateModified\":\"2024-10-16T12:49:19+00:00\",\"author\":{\"@id\":\"https:\/\/eirikurjonsson.is\/#\/schema\/person\/308afa1d0e201918034e31b1da4f07a5\"},\"breadcrumb\":{\"@id\":\"https:\/\/eirikurjonsson.is\/index.php\/2024\/10\/16\/frjalst-folk-framleidir-meira\/#breadcrumb\"},\"inLanguage\":\"is\",\"potentialAction\":[{\"@type\":\"ReadAction\",\"target\":[\"https:\/\/eirikurjonsson.is\/index.php\/2024\/10\/16\/frjalst-folk-framleidir-meira\/\"]}]},{\"@type\":\"BreadcrumbList\",\"@id\":\"https:\/\/eirikurjonsson.is\/index.php\/2024\/10\/16\/frjalst-folk-framleidir-meira\/#breadcrumb\",\"itemListElement\":[{\"@type\":\"ListItem\",\"position\":1,\"name\":\"Home\",\"item\":\"https:\/\/eirikurjonsson.is\/\"},{\"@type\":\"ListItem\",\"position\":2,\"name\":\"FRJ\u00c1LST F\u00d3LK FRAMLEI\u00d0IR MEIRA\"}]},{\"@type\":\"WebSite\",\"@id\":\"https:\/\/eirikurjonsson.is\/#website\",\"url\":\"https:\/\/eirikurjonsson.is\/\",\"name\":\"Eir\u00edkur J\u00f3nsson\",\"description\":\"Eir\u00edkur J\u00f3nsson | EIR eirikurjonsson.is\",\"potentialAction\":[{\"@type\":\"SearchAction\",\"target\":{\"@type\":\"EntryPoint\",\"urlTemplate\":\"https:\/\/eirikurjonsson.is\/?s={search_term_string}\"},\"query-input\":\"required name=search_term_string\"}],\"inLanguage\":\"is\"},{\"@type\":\"Person\",\"@id\":\"https:\/\/eirikurjonsson.is\/#\/schema\/person\/308afa1d0e201918034e31b1da4f07a5\",\"name\":\"eir\",\"image\":{\"@type\":\"ImageObject\",\"inLanguage\":\"is\",\"@id\":\"https:\/\/eirikurjonsson.is\/#\/schema\/person\/image\/\",\"url\":\"https:\/\/secure.gravatar.com\/avatar\/b6748316a4400053a1fa9f4694b38d294dc5da6f4bacc727742bd8f3e689f87c?s=96&d=mm&r=g\",\"contentUrl\":\"https:\/\/secure.gravatar.com\/avatar\/b6748316a4400053a1fa9f4694b38d294dc5da6f4bacc727742bd8f3e689f87c?s=96&d=mm&r=g\",\"caption\":\"eir\"},\"url\":\"https:\/\/eirikurjonsson.is\/index.php\/author\/eir\/\"}]}<\/script>\n<!-- \/ Yoast SEO plugin. -->","yoast_head_json":{"title":"FRJ\u00c1LST F\u00d3LK FRAMLEI\u00d0IR MEIRA &#8211; Eir\u00edkur J\u00f3nsson","robots":{"index":"index","follow":"follow","max-snippet":"max-snippet:-1","max-image-preview":"max-image-preview:large","max-video-preview":"max-video-preview:-1"},"canonical":"https:\/\/eirikurjonsson.is\/index.php\/2024\/10\/16\/frjalst-folk-framleidir-meira\/","og_locale":"is_IS","og_type":"article","og_title":"FRJ\u00c1LST F\u00d3LK FRAMLEI\u00d0IR MEIRA &#8211; Eir\u00edkur J\u00f3nsson","og_description":"Jens Gar\u00f0ar er 47 \u00e1ra gamall, f\u00e6ddur og uppalinn \u00e1 Eskifir\u00f0i. Hann \u00fatskrifa\u00f0ist sem st\u00fadent fr\u00e1 Menntask\u00f3lanum \u00e1 Akureyri \u00e1ri\u00f0 1996, stunda\u00f0i n\u00e1m vi\u00f0 vi\u00f0skiptafr\u00e6\u00f0i \u00ed H\u00e1sk\u00f3la \u00cdslands fr\u00e1 1997 til 2000 og hefur MBA gr\u00e1\u00f0u fr\u00e1 Norwegian School of Economics. Jens Gar\u00f0ar er b\u00fasettur \u00e1 Eskifir\u00f0i og \u00e1 \u00ferj\u00fa b\u00f6rn. Eiginkona hans er Krist\u00edn [&hellip;]","og_url":"https:\/\/eirikurjonsson.is\/index.php\/2024\/10\/16\/frjalst-folk-framleidir-meira\/","og_site_name":"Eir\u00edkur J\u00f3nsson","article_published_time":"2024-10-16T12:45:45+00:00","article_modified_time":"2024-10-16T12:49:19+00:00","og_image":[{"width":2560,"height":1328,"url":"https:\/\/eirikurjonsson.is\/wp-content\/uploads\/2024\/10\/Jens-scaled.jpg","type":"image\/jpeg"}],"author":"eir","twitter_card":"summary_large_image","twitter_misc":{"Written by":"eir","Est. reading time":"1 minute"},"schema":{"@context":"https:\/\/schema.org","@graph":[{"@type":"WebPage","@id":"https:\/\/eirikurjonsson.is\/index.php\/2024\/10\/16\/frjalst-folk-framleidir-meira\/","url":"https:\/\/eirikurjonsson.is\/index.php\/2024\/10\/16\/frjalst-folk-framleidir-meira\/","name":"FRJ\u00c1LST F\u00d3LK FRAMLEI\u00d0IR MEIRA &#8211; Eir\u00edkur J\u00f3nsson","isPartOf":{"@id":"https:\/\/eirikurjonsson.is\/#website"},"datePublished":"2024-10-16T12:45:45+00:00","dateModified":"2024-10-16T12:49:19+00:00","author":{"@id":"https:\/\/eirikurjonsson.is\/#\/schema\/person\/308afa1d0e201918034e31b1da4f07a5"},"breadcrumb":{"@id":"https:\/\/eirikurjonsson.is\/index.php\/2024\/10\/16\/frjalst-folk-framleidir-meira\/#breadcrumb"},"inLanguage":"is","potentialAction":[{"@type":"ReadAction","target":["https:\/\/eirikurjonsson.is\/index.php\/2024\/10\/16\/frjalst-folk-framleidir-meira\/"]}]},{"@type":"BreadcrumbList","@id":"https:\/\/eirikurjonsson.is\/index.php\/2024\/10\/16\/frjalst-folk-framleidir-meira\/#breadcrumb","itemListElement":[{"@type":"ListItem","position":1,"name":"Home","item":"https:\/\/eirikurjonsson.is\/"},{"@type":"ListItem","position":2,"name":"FRJ\u00c1LST F\u00d3LK FRAMLEI\u00d0IR MEIRA"}]},{"@type":"WebSite","@id":"https:\/\/eirikurjonsson.is\/#website","url":"https:\/\/eirikurjonsson.is\/","name":"Eir\u00edkur J\u00f3nsson","description":"Eir\u00edkur J\u00f3nsson | EIR eirikurjonsson.is","potentialAction":[{"@type":"SearchAction","target":{"@type":"EntryPoint","urlTemplate":"https:\/\/eirikurjonsson.is\/?s={search_term_string}"},"query-input":"required name=search_term_string"}],"inLanguage":"is"},{"@type":"Person","@id":"https:\/\/eirikurjonsson.is\/#\/schema\/person\/308afa1d0e201918034e31b1da4f07a5","name":"eir","image":{"@type":"ImageObject","inLanguage":"is","@id":"https:\/\/eirikurjonsson.is\/#\/schema\/person\/image\/","url":"https:\/\/secure.gravatar.com\/avatar\/b6748316a4400053a1fa9f4694b38d294dc5da6f4bacc727742bd8f3e689f87c?s=96&d=mm&r=g","contentUrl":"https:\/\/secure.gravatar.com\/avatar\/b6748316a4400053a1fa9f4694b38d294dc5da6f4bacc727742bd8f3e689f87c?s=96&d=mm&r=g","caption":"eir"},"url":"https:\/\/eirikurjonsson.is\/index.php\/author\/eir\/"}]}},"_links":{"self":[{"href":"https:\/\/eirikurjonsson.is\/index.php\/wp-json\/wp\/v2\/posts\/3809","targetHints":{"allow":["GET"]}}],"collection":[{"href":"https:\/\/eirikurjonsson.is\/index.php\/wp-json\/wp\/v2\/posts"}],"about":[{"href":"https:\/\/eirikurjonsson.is\/index.php\/wp-json\/wp\/v2\/types\/post"}],"author":[{"embeddable":true,"href":"https:\/\/eirikurjonsson.is\/index.php\/wp-json\/wp\/v2\/users\/2"}],"replies":[{"embeddable":true,"href":"https:\/\/eirikurjonsson.is\/index.php\/wp-json\/wp\/v2\/comments?post=3809"}],"version-history":[{"count":1,"href":"https:\/\/eirikurjonsson.is\/index.php\/wp-json\/wp\/v2\/posts\/3809\/revisions"}],"predecessor-version":[{"id":3811,"href":"https:\/\/eirikurjonsson.is\/index.php\/wp-json\/wp\/v2\/posts\/3809\/revisions\/3811"}],"wp:featuredmedia":[{"embeddable":true,"href":"https:\/\/eirikurjonsson.is\/index.php\/wp-json\/wp\/v2\/media\/3810"}],"wp:attachment":[{"href":"https:\/\/eirikurjonsson.is\/index.php\/wp-json\/wp\/v2\/media?parent=3809"}],"wp:term":[{"taxonomy":"category","embeddable":true,"href":"https:\/\/eirikurjonsson.is\/index.php\/wp-json\/wp\/v2\/categories?post=3809"},{"taxonomy":"post_tag","embeddable":true,"href":"https:\/\/eirikurjonsson.is\/index.php\/wp-json\/wp\/v2\/tags?post=3809"}],"curies":[{"name":"wp","href":"https:\/\/api.w.org\/{rel}","templated":true}]}}