{"id":3726,"date":"2024-10-08T13:13:59","date_gmt":"2024-10-08T13:13:59","guid":{"rendered":"https:\/\/eirikurjonsson.is\/?p=3726"},"modified":"2024-10-11T16:38:52","modified_gmt":"2024-10-11T16:38:52","slug":"sidasta-vinjetta-armanns","status":"publish","type":"post","link":"https:\/\/eirikurjonsson.is\/index.php\/2024\/10\/08\/sidasta-vinjetta-armanns\/","title":{"rendered":"S\u00cd\u00d0ASTA VINJETTA \u00c1RMANNS"},"content":{"rendered":"<p>&#8222;Um \u00feessar mundir eru kaflaskil \u00ed l\u00edfinu,&#8220; segir athafnama\u00f0urinn og rith\u00f6fundurinn \u00c1rmann Reynisson sem sendir fr\u00e1 s\u00e9r s\u00ed\u00f0ustu vinjettub\u00f3k s\u00edna &#8211; no. 24.<\/p>\n<p>&#8222;\u00c9g hef hasla\u00f0 m\u00e9r n\u00fdjan og \u00e1hugaver\u00f0an v\u00f6ll. S\u00ed\u00f0asta \u00fatg\u00e1futeiti Vinjettu\u00fatg\u00e1funnar ver\u00f0ur haldi\u00f0 me\u00f0 gl\u00e6sibrag \u00ed Tryggvask\u00e1la hj\u00e1 T\u00f3masi \u00de\u00f3roddssyni st\u00f3rvert \u00ed \u00c1rness\u00fdslu.&#8220;<\/p>\n<p>\u00c1 b\u00f3kark\u00e1pu s\u00ed\u00f0ustu vinjettub\u00f3karinnar segir:<\/p>\n<p><em>&#8222;\u00c1RNESS\u00ddSLA ER EITT AF BL\u00d3MLEGUSTU LANDB\u00daNA\u00d0ARH\u00c9RU\u00d0UM \u00cdSLANDS OG \u00deAR ERU<\/em><br \/>\n<em>MARGIR AF EFTIRS\u00d3TTUSTU FER\u00d0AMANNAPERLUM LANDSINS. \u00cd VINJETTUM XXIV ERU<\/em><br \/>\n<em>MARGAR S\u00d6GUR AF \u00c1HUGAVER\u00d0U F\u00d3LKI SEM \u00deAR LIFIR OG STARFAR \u00cd SVEIT S\u00cdNS ANDA OG TENGIST N\u00c1TT\u00daRUNNI \u00d3RJ\u00daFANLEGUM B\u00d6NDUM. \u00de\u00c1 L\u00ddSIR H\u00d6FUNDURINN MIS<\/em><br \/>\n<em>\u00c1N\u00c6GJULEGUM KYNNUM AF NOKKRUM \u00deJ\u00d3\u00d0\u00deEKKTUM SAMFER\u00d0AM\u00d6NNUM. \u00d3V\u00c6NTIR<\/em><br \/>\n<em>ATBUR\u00d0IR \u00daR DAGLEGA L\u00cdFINU OG LJ\u00daFAR \u00c6SKUMINNINGAR \u00c1RMANNS REYNISSONAR<\/em><br \/>\n<em>REKA LESTINA \u00cd VINJETTUM XXIV. \u00deAR ME\u00d0 ER TUTTUGU OG FJ\u00d6GURRA BINDA VINJETTU<\/em><br \/>\n<em>RITSSAFNS ME\u00d0 132 S\u00d6GUM LOKI\u00d0.&#8220;<\/em><\/p>\n","protected":false},"excerpt":{"rendered":"<p>&#8222;Um \u00feessar mundir eru kaflaskil \u00ed l\u00edfinu,&#8220; segir athafnama\u00f0urinn og rith\u00f6fundurinn \u00c1rmann Reynisson sem sendir fr\u00e1 s\u00e9r s\u00ed\u00f0ustu vinjettub\u00f3k s\u00edna &#8211; no. 24. &#8222;\u00c9g hef hasla\u00f0 m\u00e9r n\u00fdjan og \u00e1hugaver\u00f0an v\u00f6ll. S\u00ed\u00f0asta \u00fatg\u00e1futeiti Vinjettu\u00fatg\u00e1funnar ver\u00f0ur haldi\u00f0 me\u00f0 gl\u00e6sibrag \u00ed Tryggvask\u00e1la hj\u00e1 T\u00f3masi \u00de\u00f3roddssyni st\u00f3rvert \u00ed \u00c1rness\u00fdslu.&#8220; \u00c1 b\u00f3kark\u00e1pu s\u00ed\u00f0ustu vinjettub\u00f3karinnar segir: &#8222;\u00c1RNESS\u00ddSLA ER EITT AF [&hellip;]<\/p>\n","protected":false},"author":2,"featured_media":3727,"comment_status":"open","ping_status":"open","sticky":false,"template":"","format":"standard","meta":{"_monsterinsights_skip_tracking":false,"_monsterinsights_sitenote_active":false,"_monsterinsights_sitenote_note":"","_monsterinsights_sitenote_category":0,"footnotes":""},"categories":[30],"tags":[],"class_list":{"0":"post-3726","1":"post","2":"type-post","3":"status-publish","4":"format-standard","5":"has-post-thumbnail","7":"category-sagt-er"},"yoast_head":"<!-- This site is optimized with the Yoast SEO plugin v22.0 - https:\/\/yoast.com\/wordpress\/plugins\/seo\/ -->\n<title>S\u00cd\u00d0ASTA VINJETTA \u00c1RMANNS &#8211; Eir\u00edkur J\u00f3nsson<\/title>\n<meta name=\"robots\" content=\"index, follow, max-snippet:-1, max-image-preview:large, max-video-preview:-1\" \/>\n<link rel=\"canonical\" href=\"https:\/\/eirikurjonsson.is\/index.php\/2024\/10\/08\/sidasta-vinjetta-armanns\/\" \/>\n<meta property=\"og:locale\" content=\"is_IS\" \/>\n<meta property=\"og:type\" content=\"article\" \/>\n<meta property=\"og:title\" content=\"S\u00cd\u00d0ASTA VINJETTA \u00c1RMANNS &#8211; Eir\u00edkur J\u00f3nsson\" \/>\n<meta property=\"og:description\" content=\"&#8222;Um \u00feessar mundir eru kaflaskil \u00ed l\u00edfinu,&#8220; segir athafnama\u00f0urinn og rith\u00f6fundurinn \u00c1rmann Reynisson sem sendir fr\u00e1 s\u00e9r s\u00ed\u00f0ustu vinjettub\u00f3k s\u00edna &#8211; no. 24. &#8222;\u00c9g hef hasla\u00f0 m\u00e9r n\u00fdjan og \u00e1hugaver\u00f0an v\u00f6ll. S\u00ed\u00f0asta \u00fatg\u00e1futeiti Vinjettu\u00fatg\u00e1funnar ver\u00f0ur haldi\u00f0 me\u00f0 gl\u00e6sibrag \u00ed Tryggvask\u00e1la hj\u00e1 T\u00f3masi \u00de\u00f3roddssyni st\u00f3rvert \u00ed \u00c1rness\u00fdslu.&#8220; \u00c1 b\u00f3kark\u00e1pu s\u00ed\u00f0ustu vinjettub\u00f3karinnar segir: &#8222;\u00c1RNESS\u00ddSLA ER EITT AF [&hellip;]\" \/>\n<meta property=\"og:url\" content=\"https:\/\/eirikurjonsson.is\/index.php\/2024\/10\/08\/sidasta-vinjetta-armanns\/\" \/>\n<meta property=\"og:site_name\" content=\"Eir\u00edkur J\u00f3nsson\" \/>\n<meta property=\"article:published_time\" content=\"2024-10-08T13:13:59+00:00\" \/>\n<meta property=\"article:modified_time\" content=\"2024-10-11T16:38:52+00:00\" \/>\n<meta property=\"og:image\" content=\"https:\/\/eirikurjonsson.is\/wp-content\/uploads\/2024\/10\/VINJETTA.jpg\" \/>\n\t<meta property=\"og:image:width\" content=\"1440\" \/>\n\t<meta property=\"og:image:height\" content=\"1337\" \/>\n\t<meta property=\"og:image:type\" content=\"image\/jpeg\" \/>\n<meta name=\"author\" content=\"eir\" \/>\n<meta name=\"twitter:card\" content=\"summary_large_image\" \/>\n<meta name=\"twitter:label1\" content=\"Written by\" \/>\n\t<meta name=\"twitter:data1\" content=\"eir\" \/>\n\t<meta name=\"twitter:label2\" content=\"Est. reading time\" \/>\n\t<meta name=\"twitter:data2\" content=\"1 minute\" \/>\n<script type=\"application\/ld+json\" class=\"yoast-schema-graph\">{\"@context\":\"https:\/\/schema.org\",\"@graph\":[{\"@type\":\"WebPage\",\"@id\":\"https:\/\/eirikurjonsson.is\/index.php\/2024\/10\/08\/sidasta-vinjetta-armanns\/\",\"url\":\"https:\/\/eirikurjonsson.is\/index.php\/2024\/10\/08\/sidasta-vinjetta-armanns\/\",\"name\":\"S\u00cd\u00d0ASTA VINJETTA \u00c1RMANNS &#8211; Eir\u00edkur J\u00f3nsson\",\"isPartOf\":{\"@id\":\"https:\/\/eirikurjonsson.is\/#website\"},\"datePublished\":\"2024-10-08T13:13:59+00:00\",\"dateModified\":\"2024-10-11T16:38:52+00:00\",\"author\":{\"@id\":\"https:\/\/eirikurjonsson.is\/#\/schema\/person\/308afa1d0e201918034e31b1da4f07a5\"},\"breadcrumb\":{\"@id\":\"https:\/\/eirikurjonsson.is\/index.php\/2024\/10\/08\/sidasta-vinjetta-armanns\/#breadcrumb\"},\"inLanguage\":\"is\",\"potentialAction\":[{\"@type\":\"ReadAction\",\"target\":[\"https:\/\/eirikurjonsson.is\/index.php\/2024\/10\/08\/sidasta-vinjetta-armanns\/\"]}]},{\"@type\":\"BreadcrumbList\",\"@id\":\"https:\/\/eirikurjonsson.is\/index.php\/2024\/10\/08\/sidasta-vinjetta-armanns\/#breadcrumb\",\"itemListElement\":[{\"@type\":\"ListItem\",\"position\":1,\"name\":\"Home\",\"item\":\"https:\/\/eirikurjonsson.is\/\"},{\"@type\":\"ListItem\",\"position\":2,\"name\":\"S\u00cd\u00d0ASTA VINJETTA \u00c1RMANNS\"}]},{\"@type\":\"WebSite\",\"@id\":\"https:\/\/eirikurjonsson.is\/#website\",\"url\":\"https:\/\/eirikurjonsson.is\/\",\"name\":\"Eir\u00edkur J\u00f3nsson\",\"description\":\"Eir\u00edkur J\u00f3nsson | EIR eirikurjonsson.is\",\"potentialAction\":[{\"@type\":\"SearchAction\",\"target\":{\"@type\":\"EntryPoint\",\"urlTemplate\":\"https:\/\/eirikurjonsson.is\/?s={search_term_string}\"},\"query-input\":\"required name=search_term_string\"}],\"inLanguage\":\"is\"},{\"@type\":\"Person\",\"@id\":\"https:\/\/eirikurjonsson.is\/#\/schema\/person\/308afa1d0e201918034e31b1da4f07a5\",\"name\":\"eir\",\"image\":{\"@type\":\"ImageObject\",\"inLanguage\":\"is\",\"@id\":\"https:\/\/eirikurjonsson.is\/#\/schema\/person\/image\/\",\"url\":\"https:\/\/secure.gravatar.com\/avatar\/b6748316a4400053a1fa9f4694b38d294dc5da6f4bacc727742bd8f3e689f87c?s=96&d=mm&r=g\",\"contentUrl\":\"https:\/\/secure.gravatar.com\/avatar\/b6748316a4400053a1fa9f4694b38d294dc5da6f4bacc727742bd8f3e689f87c?s=96&d=mm&r=g\",\"caption\":\"eir\"},\"url\":\"https:\/\/eirikurjonsson.is\/index.php\/author\/eir\/\"}]}<\/script>\n<!-- \/ Yoast SEO plugin. -->","yoast_head_json":{"title":"S\u00cd\u00d0ASTA VINJETTA \u00c1RMANNS &#8211; Eir\u00edkur J\u00f3nsson","robots":{"index":"index","follow":"follow","max-snippet":"max-snippet:-1","max-image-preview":"max-image-preview:large","max-video-preview":"max-video-preview:-1"},"canonical":"https:\/\/eirikurjonsson.is\/index.php\/2024\/10\/08\/sidasta-vinjetta-armanns\/","og_locale":"is_IS","og_type":"article","og_title":"S\u00cd\u00d0ASTA VINJETTA \u00c1RMANNS &#8211; Eir\u00edkur J\u00f3nsson","og_description":"&#8222;Um \u00feessar mundir eru kaflaskil \u00ed l\u00edfinu,&#8220; segir athafnama\u00f0urinn og rith\u00f6fundurinn \u00c1rmann Reynisson sem sendir fr\u00e1 s\u00e9r s\u00ed\u00f0ustu vinjettub\u00f3k s\u00edna &#8211; no. 24. &#8222;\u00c9g hef hasla\u00f0 m\u00e9r n\u00fdjan og \u00e1hugaver\u00f0an v\u00f6ll. S\u00ed\u00f0asta \u00fatg\u00e1futeiti Vinjettu\u00fatg\u00e1funnar ver\u00f0ur haldi\u00f0 me\u00f0 gl\u00e6sibrag \u00ed Tryggvask\u00e1la hj\u00e1 T\u00f3masi \u00de\u00f3roddssyni st\u00f3rvert \u00ed \u00c1rness\u00fdslu.&#8220; \u00c1 b\u00f3kark\u00e1pu s\u00ed\u00f0ustu vinjettub\u00f3karinnar segir: &#8222;\u00c1RNESS\u00ddSLA ER EITT AF [&hellip;]","og_url":"https:\/\/eirikurjonsson.is\/index.php\/2024\/10\/08\/sidasta-vinjetta-armanns\/","og_site_name":"Eir\u00edkur J\u00f3nsson","article_published_time":"2024-10-08T13:13:59+00:00","article_modified_time":"2024-10-11T16:38:52+00:00","og_image":[{"width":1440,"height":1337,"url":"https:\/\/eirikurjonsson.is\/wp-content\/uploads\/2024\/10\/VINJETTA.jpg","type":"image\/jpeg"}],"author":"eir","twitter_card":"summary_large_image","twitter_misc":{"Written by":"eir","Est. reading time":"1 minute"},"schema":{"@context":"https:\/\/schema.org","@graph":[{"@type":"WebPage","@id":"https:\/\/eirikurjonsson.is\/index.php\/2024\/10\/08\/sidasta-vinjetta-armanns\/","url":"https:\/\/eirikurjonsson.is\/index.php\/2024\/10\/08\/sidasta-vinjetta-armanns\/","name":"S\u00cd\u00d0ASTA VINJETTA \u00c1RMANNS &#8211; Eir\u00edkur J\u00f3nsson","isPartOf":{"@id":"https:\/\/eirikurjonsson.is\/#website"},"datePublished":"2024-10-08T13:13:59+00:00","dateModified":"2024-10-11T16:38:52+00:00","author":{"@id":"https:\/\/eirikurjonsson.is\/#\/schema\/person\/308afa1d0e201918034e31b1da4f07a5"},"breadcrumb":{"@id":"https:\/\/eirikurjonsson.is\/index.php\/2024\/10\/08\/sidasta-vinjetta-armanns\/#breadcrumb"},"inLanguage":"is","potentialAction":[{"@type":"ReadAction","target":["https:\/\/eirikurjonsson.is\/index.php\/2024\/10\/08\/sidasta-vinjetta-armanns\/"]}]},{"@type":"BreadcrumbList","@id":"https:\/\/eirikurjonsson.is\/index.php\/2024\/10\/08\/sidasta-vinjetta-armanns\/#breadcrumb","itemListElement":[{"@type":"ListItem","position":1,"name":"Home","item":"https:\/\/eirikurjonsson.is\/"},{"@type":"ListItem","position":2,"name":"S\u00cd\u00d0ASTA VINJETTA \u00c1RMANNS"}]},{"@type":"WebSite","@id":"https:\/\/eirikurjonsson.is\/#website","url":"https:\/\/eirikurjonsson.is\/","name":"Eir\u00edkur J\u00f3nsson","description":"Eir\u00edkur J\u00f3nsson | EIR eirikurjonsson.is","potentialAction":[{"@type":"SearchAction","target":{"@type":"EntryPoint","urlTemplate":"https:\/\/eirikurjonsson.is\/?s={search_term_string}"},"query-input":"required name=search_term_string"}],"inLanguage":"is"},{"@type":"Person","@id":"https:\/\/eirikurjonsson.is\/#\/schema\/person\/308afa1d0e201918034e31b1da4f07a5","name":"eir","image":{"@type":"ImageObject","inLanguage":"is","@id":"https:\/\/eirikurjonsson.is\/#\/schema\/person\/image\/","url":"https:\/\/secure.gravatar.com\/avatar\/b6748316a4400053a1fa9f4694b38d294dc5da6f4bacc727742bd8f3e689f87c?s=96&d=mm&r=g","contentUrl":"https:\/\/secure.gravatar.com\/avatar\/b6748316a4400053a1fa9f4694b38d294dc5da6f4bacc727742bd8f3e689f87c?s=96&d=mm&r=g","caption":"eir"},"url":"https:\/\/eirikurjonsson.is\/index.php\/author\/eir\/"}]}},"_links":{"self":[{"href":"https:\/\/eirikurjonsson.is\/index.php\/wp-json\/wp\/v2\/posts\/3726","targetHints":{"allow":["GET"]}}],"collection":[{"href":"https:\/\/eirikurjonsson.is\/index.php\/wp-json\/wp\/v2\/posts"}],"about":[{"href":"https:\/\/eirikurjonsson.is\/index.php\/wp-json\/wp\/v2\/types\/post"}],"author":[{"embeddable":true,"href":"https:\/\/eirikurjonsson.is\/index.php\/wp-json\/wp\/v2\/users\/2"}],"replies":[{"embeddable":true,"href":"https:\/\/eirikurjonsson.is\/index.php\/wp-json\/wp\/v2\/comments?post=3726"}],"version-history":[{"count":2,"href":"https:\/\/eirikurjonsson.is\/index.php\/wp-json\/wp\/v2\/posts\/3726\/revisions"}],"predecessor-version":[{"id":3729,"href":"https:\/\/eirikurjonsson.is\/index.php\/wp-json\/wp\/v2\/posts\/3726\/revisions\/3729"}],"wp:featuredmedia":[{"embeddable":true,"href":"https:\/\/eirikurjonsson.is\/index.php\/wp-json\/wp\/v2\/media\/3727"}],"wp:attachment":[{"href":"https:\/\/eirikurjonsson.is\/index.php\/wp-json\/wp\/v2\/media?parent=3726"}],"wp:term":[{"taxonomy":"category","embeddable":true,"href":"https:\/\/eirikurjonsson.is\/index.php\/wp-json\/wp\/v2\/categories?post=3726"},{"taxonomy":"post_tag","embeddable":true,"href":"https:\/\/eirikurjonsson.is\/index.php\/wp-json\/wp\/v2\/tags?post=3726"}],"curies":[{"name":"wp","href":"https:\/\/api.w.org\/{rel}","templated":true}]}}