{"id":3668,"date":"2024-10-04T12:24:03","date_gmt":"2024-10-04T12:24:03","guid":{"rendered":"https:\/\/eirikurjonsson.is\/?p=3668"},"modified":"2024-10-04T12:27:05","modified_gmt":"2024-10-04T12:27:05","slug":"svona-mida-aettu-allir-ad-hafa-i-vasanum","status":"publish","type":"post","link":"https:\/\/eirikurjonsson.is\/index.php\/2024\/10\/04\/svona-mida-aettu-allir-ad-hafa-i-vasanum\/","title":{"rendered":"SVONA MI\u00d0A \u00c6TTU ALLIR A\u00d0 HAFA \u00cd VASANUM"},"content":{"rendered":"<p>\u00deessari gl\u00e6sibifrei\u00f0 var haganlega lagt \u00e1 n\u00fdjum g\u00f6ngust\u00edg sem tengir Laugaveg vi\u00f0 Hverfisg\u00f6tu. Vegfarandi sem \u00e1tti lei\u00f0 hj\u00e1 komst vart framhj\u00e1 en hann var me\u00f0 mi\u00f0a \u00ed vasanum sem smellpassa\u00f0i \u00e1 bifrei\u00f0 b\u00edlad\u00f3lgsins.<\/p>\n<p>&#8222;&#8220;Svona mi\u00f0a \u00e6ttu allir a\u00f0 hafa \u00ed vasanum,&#8220; sag\u00f0i hann og h\u00e9lt \u00e1fram g\u00f6ngu sinni.<\/p>\n","protected":false},"excerpt":{"rendered":"<p>\u00deessari gl\u00e6sibifrei\u00f0 var haganlega lagt \u00e1 n\u00fdjum g\u00f6ngust\u00edg sem tengir Laugaveg vi\u00f0 Hverfisg\u00f6tu. Vegfarandi sem \u00e1tti lei\u00f0 hj\u00e1 komst vart framhj\u00e1 en hann var me\u00f0 mi\u00f0a \u00ed vasanum sem smellpassa\u00f0i \u00e1 bifrei\u00f0 b\u00edlad\u00f3lgsins. &#8222;&#8220;Svona mi\u00f0a \u00e6ttu allir a\u00f0 hafa \u00ed vasanum,&#8220; sag\u00f0i hann og h\u00e9lt \u00e1fram g\u00f6ngu sinni.<\/p>\n","protected":false},"author":2,"featured_media":3670,"comment_status":"open","ping_status":"open","sticky":false,"template":"","format":"standard","meta":{"_monsterinsights_skip_tracking":false,"_monsterinsights_sitenote_active":false,"_monsterinsights_sitenote_note":"","_monsterinsights_sitenote_category":0,"footnotes":""},"categories":[31],"tags":[],"class_list":{"0":"post-3668","1":"post","2":"type-post","3":"status-publish","4":"format-standard","5":"has-post-thumbnail","7":"category-greinar"},"yoast_head":"<!-- This site is optimized with the Yoast SEO plugin v22.0 - https:\/\/yoast.com\/wordpress\/plugins\/seo\/ -->\n<title>SVONA MI\u00d0A \u00c6TTU ALLIR A\u00d0 HAFA \u00cd VASANUM &#8211; Eir\u00edkur J\u00f3nsson<\/title>\n<meta name=\"robots\" content=\"index, follow, max-snippet:-1, max-image-preview:large, max-video-preview:-1\" \/>\n<link rel=\"canonical\" href=\"https:\/\/eirikurjonsson.is\/index.php\/2024\/10\/04\/svona-mida-aettu-allir-ad-hafa-i-vasanum\/\" \/>\n<meta property=\"og:locale\" content=\"is_IS\" \/>\n<meta property=\"og:type\" content=\"article\" \/>\n<meta property=\"og:title\" content=\"SVONA MI\u00d0A \u00c6TTU ALLIR A\u00d0 HAFA \u00cd VASANUM &#8211; Eir\u00edkur J\u00f3nsson\" \/>\n<meta property=\"og:description\" content=\"\u00deessari gl\u00e6sibifrei\u00f0 var haganlega lagt \u00e1 n\u00fdjum g\u00f6ngust\u00edg sem tengir Laugaveg vi\u00f0 Hverfisg\u00f6tu. Vegfarandi sem \u00e1tti lei\u00f0 hj\u00e1 komst vart framhj\u00e1 en hann var me\u00f0 mi\u00f0a \u00ed vasanum sem smellpassa\u00f0i \u00e1 bifrei\u00f0 b\u00edlad\u00f3lgsins. &#8222;&#8220;Svona mi\u00f0a \u00e6ttu allir a\u00f0 hafa \u00ed vasanum,&#8220; sag\u00f0i hann og h\u00e9lt \u00e1fram g\u00f6ngu sinni.\" \/>\n<meta property=\"og:url\" content=\"https:\/\/eirikurjonsson.is\/index.php\/2024\/10\/04\/svona-mida-aettu-allir-ad-hafa-i-vasanum\/\" \/>\n<meta property=\"og:site_name\" content=\"Eir\u00edkur J\u00f3nsson\" \/>\n<meta property=\"article:published_time\" content=\"2024-10-04T12:24:03+00:00\" \/>\n<meta property=\"article:modified_time\" content=\"2024-10-04T12:27:05+00:00\" \/>\n<meta property=\"og:image\" content=\"https:\/\/eirikurjonsson.is\/wp-content\/uploads\/2024\/10\/PARK.jpg\" \/>\n\t<meta property=\"og:image:width\" content=\"437\" \/>\n\t<meta property=\"og:image:height\" content=\"323\" \/>\n\t<meta property=\"og:image:type\" content=\"image\/jpeg\" \/>\n<meta name=\"author\" content=\"eir\" \/>\n<meta name=\"twitter:card\" content=\"summary_large_image\" \/>\n<meta name=\"twitter:label1\" content=\"Written by\" \/>\n\t<meta name=\"twitter:data1\" content=\"eir\" \/>\n\t<meta name=\"twitter:label2\" content=\"Est. reading time\" \/>\n\t<meta name=\"twitter:data2\" content=\"1 minute\" \/>\n<script type=\"application\/ld+json\" class=\"yoast-schema-graph\">{\"@context\":\"https:\/\/schema.org\",\"@graph\":[{\"@type\":\"WebPage\",\"@id\":\"https:\/\/eirikurjonsson.is\/index.php\/2024\/10\/04\/svona-mida-aettu-allir-ad-hafa-i-vasanum\/\",\"url\":\"https:\/\/eirikurjonsson.is\/index.php\/2024\/10\/04\/svona-mida-aettu-allir-ad-hafa-i-vasanum\/\",\"name\":\"SVONA MI\u00d0A \u00c6TTU ALLIR A\u00d0 HAFA \u00cd VASANUM &#8211; Eir\u00edkur J\u00f3nsson\",\"isPartOf\":{\"@id\":\"https:\/\/eirikurjonsson.is\/#website\"},\"datePublished\":\"2024-10-04T12:24:03+00:00\",\"dateModified\":\"2024-10-04T12:27:05+00:00\",\"author\":{\"@id\":\"https:\/\/eirikurjonsson.is\/#\/schema\/person\/308afa1d0e201918034e31b1da4f07a5\"},\"breadcrumb\":{\"@id\":\"https:\/\/eirikurjonsson.is\/index.php\/2024\/10\/04\/svona-mida-aettu-allir-ad-hafa-i-vasanum\/#breadcrumb\"},\"inLanguage\":\"is\",\"potentialAction\":[{\"@type\":\"ReadAction\",\"target\":[\"https:\/\/eirikurjonsson.is\/index.php\/2024\/10\/04\/svona-mida-aettu-allir-ad-hafa-i-vasanum\/\"]}]},{\"@type\":\"BreadcrumbList\",\"@id\":\"https:\/\/eirikurjonsson.is\/index.php\/2024\/10\/04\/svona-mida-aettu-allir-ad-hafa-i-vasanum\/#breadcrumb\",\"itemListElement\":[{\"@type\":\"ListItem\",\"position\":1,\"name\":\"Home\",\"item\":\"https:\/\/eirikurjonsson.is\/\"},{\"@type\":\"ListItem\",\"position\":2,\"name\":\"SVONA MI\u00d0A \u00c6TTU ALLIR A\u00d0 HAFA \u00cd VASANUM\"}]},{\"@type\":\"WebSite\",\"@id\":\"https:\/\/eirikurjonsson.is\/#website\",\"url\":\"https:\/\/eirikurjonsson.is\/\",\"name\":\"Eir\u00edkur J\u00f3nsson\",\"description\":\"Eir\u00edkur J\u00f3nsson | EIR eirikurjonsson.is\",\"potentialAction\":[{\"@type\":\"SearchAction\",\"target\":{\"@type\":\"EntryPoint\",\"urlTemplate\":\"https:\/\/eirikurjonsson.is\/?s={search_term_string}\"},\"query-input\":\"required name=search_term_string\"}],\"inLanguage\":\"is\"},{\"@type\":\"Person\",\"@id\":\"https:\/\/eirikurjonsson.is\/#\/schema\/person\/308afa1d0e201918034e31b1da4f07a5\",\"name\":\"eir\",\"image\":{\"@type\":\"ImageObject\",\"inLanguage\":\"is\",\"@id\":\"https:\/\/eirikurjonsson.is\/#\/schema\/person\/image\/\",\"url\":\"https:\/\/secure.gravatar.com\/avatar\/b6748316a4400053a1fa9f4694b38d294dc5da6f4bacc727742bd8f3e689f87c?s=96&d=mm&r=g\",\"contentUrl\":\"https:\/\/secure.gravatar.com\/avatar\/b6748316a4400053a1fa9f4694b38d294dc5da6f4bacc727742bd8f3e689f87c?s=96&d=mm&r=g\",\"caption\":\"eir\"},\"url\":\"https:\/\/eirikurjonsson.is\/index.php\/author\/eir\/\"}]}<\/script>\n<!-- \/ Yoast SEO plugin. -->","yoast_head_json":{"title":"SVONA MI\u00d0A \u00c6TTU ALLIR A\u00d0 HAFA \u00cd VASANUM &#8211; Eir\u00edkur J\u00f3nsson","robots":{"index":"index","follow":"follow","max-snippet":"max-snippet:-1","max-image-preview":"max-image-preview:large","max-video-preview":"max-video-preview:-1"},"canonical":"https:\/\/eirikurjonsson.is\/index.php\/2024\/10\/04\/svona-mida-aettu-allir-ad-hafa-i-vasanum\/","og_locale":"is_IS","og_type":"article","og_title":"SVONA MI\u00d0A \u00c6TTU ALLIR A\u00d0 HAFA \u00cd VASANUM &#8211; Eir\u00edkur J\u00f3nsson","og_description":"\u00deessari gl\u00e6sibifrei\u00f0 var haganlega lagt \u00e1 n\u00fdjum g\u00f6ngust\u00edg sem tengir Laugaveg vi\u00f0 Hverfisg\u00f6tu. Vegfarandi sem \u00e1tti lei\u00f0 hj\u00e1 komst vart framhj\u00e1 en hann var me\u00f0 mi\u00f0a \u00ed vasanum sem smellpassa\u00f0i \u00e1 bifrei\u00f0 b\u00edlad\u00f3lgsins. &#8222;&#8220;Svona mi\u00f0a \u00e6ttu allir a\u00f0 hafa \u00ed vasanum,&#8220; sag\u00f0i hann og h\u00e9lt \u00e1fram g\u00f6ngu sinni.","og_url":"https:\/\/eirikurjonsson.is\/index.php\/2024\/10\/04\/svona-mida-aettu-allir-ad-hafa-i-vasanum\/","og_site_name":"Eir\u00edkur J\u00f3nsson","article_published_time":"2024-10-04T12:24:03+00:00","article_modified_time":"2024-10-04T12:27:05+00:00","og_image":[{"width":437,"height":323,"url":"https:\/\/eirikurjonsson.is\/wp-content\/uploads\/2024\/10\/PARK.jpg","type":"image\/jpeg"}],"author":"eir","twitter_card":"summary_large_image","twitter_misc":{"Written by":"eir","Est. reading time":"1 minute"},"schema":{"@context":"https:\/\/schema.org","@graph":[{"@type":"WebPage","@id":"https:\/\/eirikurjonsson.is\/index.php\/2024\/10\/04\/svona-mida-aettu-allir-ad-hafa-i-vasanum\/","url":"https:\/\/eirikurjonsson.is\/index.php\/2024\/10\/04\/svona-mida-aettu-allir-ad-hafa-i-vasanum\/","name":"SVONA MI\u00d0A \u00c6TTU ALLIR A\u00d0 HAFA \u00cd VASANUM &#8211; Eir\u00edkur J\u00f3nsson","isPartOf":{"@id":"https:\/\/eirikurjonsson.is\/#website"},"datePublished":"2024-10-04T12:24:03+00:00","dateModified":"2024-10-04T12:27:05+00:00","author":{"@id":"https:\/\/eirikurjonsson.is\/#\/schema\/person\/308afa1d0e201918034e31b1da4f07a5"},"breadcrumb":{"@id":"https:\/\/eirikurjonsson.is\/index.php\/2024\/10\/04\/svona-mida-aettu-allir-ad-hafa-i-vasanum\/#breadcrumb"},"inLanguage":"is","potentialAction":[{"@type":"ReadAction","target":["https:\/\/eirikurjonsson.is\/index.php\/2024\/10\/04\/svona-mida-aettu-allir-ad-hafa-i-vasanum\/"]}]},{"@type":"BreadcrumbList","@id":"https:\/\/eirikurjonsson.is\/index.php\/2024\/10\/04\/svona-mida-aettu-allir-ad-hafa-i-vasanum\/#breadcrumb","itemListElement":[{"@type":"ListItem","position":1,"name":"Home","item":"https:\/\/eirikurjonsson.is\/"},{"@type":"ListItem","position":2,"name":"SVONA MI\u00d0A \u00c6TTU ALLIR A\u00d0 HAFA \u00cd VASANUM"}]},{"@type":"WebSite","@id":"https:\/\/eirikurjonsson.is\/#website","url":"https:\/\/eirikurjonsson.is\/","name":"Eir\u00edkur J\u00f3nsson","description":"Eir\u00edkur J\u00f3nsson | EIR eirikurjonsson.is","potentialAction":[{"@type":"SearchAction","target":{"@type":"EntryPoint","urlTemplate":"https:\/\/eirikurjonsson.is\/?s={search_term_string}"},"query-input":"required name=search_term_string"}],"inLanguage":"is"},{"@type":"Person","@id":"https:\/\/eirikurjonsson.is\/#\/schema\/person\/308afa1d0e201918034e31b1da4f07a5","name":"eir","image":{"@type":"ImageObject","inLanguage":"is","@id":"https:\/\/eirikurjonsson.is\/#\/schema\/person\/image\/","url":"https:\/\/secure.gravatar.com\/avatar\/b6748316a4400053a1fa9f4694b38d294dc5da6f4bacc727742bd8f3e689f87c?s=96&d=mm&r=g","contentUrl":"https:\/\/secure.gravatar.com\/avatar\/b6748316a4400053a1fa9f4694b38d294dc5da6f4bacc727742bd8f3e689f87c?s=96&d=mm&r=g","caption":"eir"},"url":"https:\/\/eirikurjonsson.is\/index.php\/author\/eir\/"}]}},"_links":{"self":[{"href":"https:\/\/eirikurjonsson.is\/index.php\/wp-json\/wp\/v2\/posts\/3668","targetHints":{"allow":["GET"]}}],"collection":[{"href":"https:\/\/eirikurjonsson.is\/index.php\/wp-json\/wp\/v2\/posts"}],"about":[{"href":"https:\/\/eirikurjonsson.is\/index.php\/wp-json\/wp\/v2\/types\/post"}],"author":[{"embeddable":true,"href":"https:\/\/eirikurjonsson.is\/index.php\/wp-json\/wp\/v2\/users\/2"}],"replies":[{"embeddable":true,"href":"https:\/\/eirikurjonsson.is\/index.php\/wp-json\/wp\/v2\/comments?post=3668"}],"version-history":[{"count":3,"href":"https:\/\/eirikurjonsson.is\/index.php\/wp-json\/wp\/v2\/posts\/3668\/revisions"}],"predecessor-version":[{"id":3673,"href":"https:\/\/eirikurjonsson.is\/index.php\/wp-json\/wp\/v2\/posts\/3668\/revisions\/3673"}],"wp:featuredmedia":[{"embeddable":true,"href":"https:\/\/eirikurjonsson.is\/index.php\/wp-json\/wp\/v2\/media\/3670"}],"wp:attachment":[{"href":"https:\/\/eirikurjonsson.is\/index.php\/wp-json\/wp\/v2\/media?parent=3668"}],"wp:term":[{"taxonomy":"category","embeddable":true,"href":"https:\/\/eirikurjonsson.is\/index.php\/wp-json\/wp\/v2\/categories?post=3668"},{"taxonomy":"post_tag","embeddable":true,"href":"https:\/\/eirikurjonsson.is\/index.php\/wp-json\/wp\/v2\/tags?post=3668"}],"curies":[{"name":"wp","href":"https:\/\/api.w.org\/{rel}","templated":true}]}}