{"id":3637,"date":"2024-10-02T12:41:03","date_gmt":"2024-10-02T12:41:03","guid":{"rendered":"https:\/\/eirikurjonsson.is\/?p=3637"},"modified":"2024-10-02T12:41:27","modified_gmt":"2024-10-02T12:41:27","slug":"pizzusveifla-a-laugavegi","status":"publish","type":"post","link":"https:\/\/eirikurjonsson.is\/index.php\/2024\/10\/02\/pizzusveifla-a-laugavegi\/","title":{"rendered":"PIZZUSVEIFLA \u00c1 LAUGAVEGI"},"content":{"rendered":"<p>Pizzasta\u00f0urinn Popolare sem n\u00fdtur s\u00edvaxandi vins\u00e6lda \u00ed Math\u00f6llinni \u00ed P\u00f3sth\u00fasstr\u00e6ti stefnir \u00ed \u00fatr\u00e1s upp \u00e1 Lauveg 11 \u00fear sem veitingah\u00fasi\u00f0 \u00cdtal\u00eda var reki\u00f0 um \u00e1rabil vi\u00f0 jafnvel enn meiri vins\u00e6ldir. \u00cdal\u00eda var seld og flutt \u00e1 Frakkast\u00edg \u00fear sem allt enda\u00f0i me\u00f0 \u00f3sk\u00f6pum sem fr\u00e6gt er vegna a\u00f0er\u00f0a Eflingar gegn sta\u00f0num.<\/p>\n<p>N\u00fa er veri\u00f0 a\u00f0 gera allt \u00ed stand fyrir Popolare \u00e1 Laugavegi 11 \u00fear sem pizzurnar munu v\u00e6ntanlega seljast eins og heitar lummur eins og \u00e1 \u00cdtal\u00edu \u00e1\u00f0ur fyrr. Svona l\u00fdsa \u00feeir pizzunum \u00e1 Popolare:<\/p>\n<p style=\"text-align: center;\">&#8211;<\/p>\n<p><em>&#8222;Pizza Italiana Contemporanea eins og \u00fe\u00e6r gerast bestar; \u00feunnir botnar, fl\u00f6ff\u00ed kantar, s\u00e9rinnflutt \u00edtalskt, DOP.<\/em><\/p>\n<p><em>\u00deegar \u00fe\u00fa heims\u00e6kir Pizza Popolare \u00fe\u00e1 ertu kominn h\u00e1lfa lei\u00f0 til \u00cdtal\u00edu, \u00fe\u00fa f\u00e6r\u00f0 amk. s\u00f6mu upplifun \u00ed gegnum sannar \u00edtalskar h\u00e1g\u00e6\u00f0a pizzur. Til a\u00f0 fullkomna \u00fe\u00edna upplifun \u00fe\u00e1 notum vi\u00f0 votu\u00f0 h\u00e1g\u00e6\u00f0a hr\u00e1efni fr\u00e1 \u00feekktum \u00edt\u00f6lskum framlei\u00f0sluh\u00e9ru\u00f0um vi\u00f0 baksturinn.&#8220;<\/em><\/p>\n","protected":false},"excerpt":{"rendered":"<p>Pizzasta\u00f0urinn Popolare sem n\u00fdtur s\u00edvaxandi vins\u00e6lda \u00ed Math\u00f6llinni \u00ed P\u00f3sth\u00fasstr\u00e6ti stefnir \u00ed \u00fatr\u00e1s upp \u00e1 Lauveg 11 \u00fear sem veitingah\u00fasi\u00f0 \u00cdtal\u00eda var reki\u00f0 um \u00e1rabil vi\u00f0 jafnvel enn meiri vins\u00e6ldir. \u00cdal\u00eda var seld og flutt \u00e1 Frakkast\u00edg \u00fear sem allt enda\u00f0i me\u00f0 \u00f3sk\u00f6pum sem fr\u00e6gt er vegna a\u00f0er\u00f0a Eflingar gegn sta\u00f0num. N\u00fa er veri\u00f0 a\u00f0 [&hellip;]<\/p>\n","protected":false},"author":2,"featured_media":3638,"comment_status":"open","ping_status":"open","sticky":false,"template":"","format":"standard","meta":{"_monsterinsights_skip_tracking":false,"_monsterinsights_sitenote_active":false,"_monsterinsights_sitenote_note":"","_monsterinsights_sitenote_category":0,"footnotes":""},"categories":[30],"tags":[],"class_list":{"0":"post-3637","1":"post","2":"type-post","3":"status-publish","4":"format-standard","5":"has-post-thumbnail","7":"category-sagt-er"},"yoast_head":"<!-- This site is optimized with the Yoast SEO plugin v22.0 - https:\/\/yoast.com\/wordpress\/plugins\/seo\/ -->\n<title>PIZZUSVEIFLA \u00c1 LAUGAVEGI &#8211; Eir\u00edkur J\u00f3nsson<\/title>\n<meta name=\"robots\" content=\"index, follow, max-snippet:-1, max-image-preview:large, max-video-preview:-1\" \/>\n<link rel=\"canonical\" href=\"https:\/\/eirikurjonsson.is\/index.php\/2024\/10\/02\/pizzusveifla-a-laugavegi\/\" \/>\n<meta property=\"og:locale\" content=\"is_IS\" \/>\n<meta property=\"og:type\" content=\"article\" \/>\n<meta property=\"og:title\" content=\"PIZZUSVEIFLA \u00c1 LAUGAVEGI &#8211; Eir\u00edkur J\u00f3nsson\" \/>\n<meta property=\"og:description\" content=\"Pizzasta\u00f0urinn Popolare sem n\u00fdtur s\u00edvaxandi vins\u00e6lda \u00ed Math\u00f6llinni \u00ed P\u00f3sth\u00fasstr\u00e6ti stefnir \u00ed \u00fatr\u00e1s upp \u00e1 Lauveg 11 \u00fear sem veitingah\u00fasi\u00f0 \u00cdtal\u00eda var reki\u00f0 um \u00e1rabil vi\u00f0 jafnvel enn meiri vins\u00e6ldir. \u00cdal\u00eda var seld og flutt \u00e1 Frakkast\u00edg \u00fear sem allt enda\u00f0i me\u00f0 \u00f3sk\u00f6pum sem fr\u00e6gt er vegna a\u00f0er\u00f0a Eflingar gegn sta\u00f0num. N\u00fa er veri\u00f0 a\u00f0 [&hellip;]\" \/>\n<meta property=\"og:url\" content=\"https:\/\/eirikurjonsson.is\/index.php\/2024\/10\/02\/pizzusveifla-a-laugavegi\/\" \/>\n<meta property=\"og:site_name\" content=\"Eir\u00edkur J\u00f3nsson\" \/>\n<meta property=\"article:published_time\" content=\"2024-10-02T12:41:03+00:00\" \/>\n<meta property=\"article:modified_time\" content=\"2024-10-02T12:41:27+00:00\" \/>\n<meta property=\"og:image\" content=\"https:\/\/eirikurjonsson.is\/wp-content\/uploads\/2024\/10\/pizza.jpg\" \/>\n\t<meta property=\"og:image:width\" content=\"675\" \/>\n\t<meta property=\"og:image:height\" content=\"439\" \/>\n\t<meta property=\"og:image:type\" content=\"image\/jpeg\" \/>\n<meta name=\"author\" content=\"eir\" \/>\n<meta name=\"twitter:card\" content=\"summary_large_image\" \/>\n<meta name=\"twitter:label1\" content=\"Written by\" \/>\n\t<meta name=\"twitter:data1\" content=\"eir\" \/>\n\t<meta name=\"twitter:label2\" content=\"Est. reading time\" \/>\n\t<meta name=\"twitter:data2\" content=\"1 minute\" \/>\n<script type=\"application\/ld+json\" class=\"yoast-schema-graph\">{\"@context\":\"https:\/\/schema.org\",\"@graph\":[{\"@type\":\"WebPage\",\"@id\":\"https:\/\/eirikurjonsson.is\/index.php\/2024\/10\/02\/pizzusveifla-a-laugavegi\/\",\"url\":\"https:\/\/eirikurjonsson.is\/index.php\/2024\/10\/02\/pizzusveifla-a-laugavegi\/\",\"name\":\"PIZZUSVEIFLA \u00c1 LAUGAVEGI &#8211; Eir\u00edkur J\u00f3nsson\",\"isPartOf\":{\"@id\":\"https:\/\/eirikurjonsson.is\/#website\"},\"datePublished\":\"2024-10-02T12:41:03+00:00\",\"dateModified\":\"2024-10-02T12:41:27+00:00\",\"author\":{\"@id\":\"https:\/\/eirikurjonsson.is\/#\/schema\/person\/308afa1d0e201918034e31b1da4f07a5\"},\"breadcrumb\":{\"@id\":\"https:\/\/eirikurjonsson.is\/index.php\/2024\/10\/02\/pizzusveifla-a-laugavegi\/#breadcrumb\"},\"inLanguage\":\"is\",\"potentialAction\":[{\"@type\":\"ReadAction\",\"target\":[\"https:\/\/eirikurjonsson.is\/index.php\/2024\/10\/02\/pizzusveifla-a-laugavegi\/\"]}]},{\"@type\":\"BreadcrumbList\",\"@id\":\"https:\/\/eirikurjonsson.is\/index.php\/2024\/10\/02\/pizzusveifla-a-laugavegi\/#breadcrumb\",\"itemListElement\":[{\"@type\":\"ListItem\",\"position\":1,\"name\":\"Home\",\"item\":\"https:\/\/eirikurjonsson.is\/\"},{\"@type\":\"ListItem\",\"position\":2,\"name\":\"PIZZUSVEIFLA \u00c1 LAUGAVEGI\"}]},{\"@type\":\"WebSite\",\"@id\":\"https:\/\/eirikurjonsson.is\/#website\",\"url\":\"https:\/\/eirikurjonsson.is\/\",\"name\":\"Eir\u00edkur J\u00f3nsson\",\"description\":\"Eir\u00edkur J\u00f3nsson | EIR eirikurjonsson.is\",\"potentialAction\":[{\"@type\":\"SearchAction\",\"target\":{\"@type\":\"EntryPoint\",\"urlTemplate\":\"https:\/\/eirikurjonsson.is\/?s={search_term_string}\"},\"query-input\":\"required name=search_term_string\"}],\"inLanguage\":\"is\"},{\"@type\":\"Person\",\"@id\":\"https:\/\/eirikurjonsson.is\/#\/schema\/person\/308afa1d0e201918034e31b1da4f07a5\",\"name\":\"eir\",\"image\":{\"@type\":\"ImageObject\",\"inLanguage\":\"is\",\"@id\":\"https:\/\/eirikurjonsson.is\/#\/schema\/person\/image\/\",\"url\":\"https:\/\/secure.gravatar.com\/avatar\/b6748316a4400053a1fa9f4694b38d294dc5da6f4bacc727742bd8f3e689f87c?s=96&d=mm&r=g\",\"contentUrl\":\"https:\/\/secure.gravatar.com\/avatar\/b6748316a4400053a1fa9f4694b38d294dc5da6f4bacc727742bd8f3e689f87c?s=96&d=mm&r=g\",\"caption\":\"eir\"},\"url\":\"https:\/\/eirikurjonsson.is\/index.php\/author\/eir\/\"}]}<\/script>\n<!-- \/ Yoast SEO plugin. -->","yoast_head_json":{"title":"PIZZUSVEIFLA \u00c1 LAUGAVEGI &#8211; Eir\u00edkur J\u00f3nsson","robots":{"index":"index","follow":"follow","max-snippet":"max-snippet:-1","max-image-preview":"max-image-preview:large","max-video-preview":"max-video-preview:-1"},"canonical":"https:\/\/eirikurjonsson.is\/index.php\/2024\/10\/02\/pizzusveifla-a-laugavegi\/","og_locale":"is_IS","og_type":"article","og_title":"PIZZUSVEIFLA \u00c1 LAUGAVEGI &#8211; Eir\u00edkur J\u00f3nsson","og_description":"Pizzasta\u00f0urinn Popolare sem n\u00fdtur s\u00edvaxandi vins\u00e6lda \u00ed Math\u00f6llinni \u00ed P\u00f3sth\u00fasstr\u00e6ti stefnir \u00ed \u00fatr\u00e1s upp \u00e1 Lauveg 11 \u00fear sem veitingah\u00fasi\u00f0 \u00cdtal\u00eda var reki\u00f0 um \u00e1rabil vi\u00f0 jafnvel enn meiri vins\u00e6ldir. \u00cdal\u00eda var seld og flutt \u00e1 Frakkast\u00edg \u00fear sem allt enda\u00f0i me\u00f0 \u00f3sk\u00f6pum sem fr\u00e6gt er vegna a\u00f0er\u00f0a Eflingar gegn sta\u00f0num. N\u00fa er veri\u00f0 a\u00f0 [&hellip;]","og_url":"https:\/\/eirikurjonsson.is\/index.php\/2024\/10\/02\/pizzusveifla-a-laugavegi\/","og_site_name":"Eir\u00edkur J\u00f3nsson","article_published_time":"2024-10-02T12:41:03+00:00","article_modified_time":"2024-10-02T12:41:27+00:00","og_image":[{"width":675,"height":439,"url":"https:\/\/eirikurjonsson.is\/wp-content\/uploads\/2024\/10\/pizza.jpg","type":"image\/jpeg"}],"author":"eir","twitter_card":"summary_large_image","twitter_misc":{"Written by":"eir","Est. reading time":"1 minute"},"schema":{"@context":"https:\/\/schema.org","@graph":[{"@type":"WebPage","@id":"https:\/\/eirikurjonsson.is\/index.php\/2024\/10\/02\/pizzusveifla-a-laugavegi\/","url":"https:\/\/eirikurjonsson.is\/index.php\/2024\/10\/02\/pizzusveifla-a-laugavegi\/","name":"PIZZUSVEIFLA \u00c1 LAUGAVEGI &#8211; Eir\u00edkur J\u00f3nsson","isPartOf":{"@id":"https:\/\/eirikurjonsson.is\/#website"},"datePublished":"2024-10-02T12:41:03+00:00","dateModified":"2024-10-02T12:41:27+00:00","author":{"@id":"https:\/\/eirikurjonsson.is\/#\/schema\/person\/308afa1d0e201918034e31b1da4f07a5"},"breadcrumb":{"@id":"https:\/\/eirikurjonsson.is\/index.php\/2024\/10\/02\/pizzusveifla-a-laugavegi\/#breadcrumb"},"inLanguage":"is","potentialAction":[{"@type":"ReadAction","target":["https:\/\/eirikurjonsson.is\/index.php\/2024\/10\/02\/pizzusveifla-a-laugavegi\/"]}]},{"@type":"BreadcrumbList","@id":"https:\/\/eirikurjonsson.is\/index.php\/2024\/10\/02\/pizzusveifla-a-laugavegi\/#breadcrumb","itemListElement":[{"@type":"ListItem","position":1,"name":"Home","item":"https:\/\/eirikurjonsson.is\/"},{"@type":"ListItem","position":2,"name":"PIZZUSVEIFLA \u00c1 LAUGAVEGI"}]},{"@type":"WebSite","@id":"https:\/\/eirikurjonsson.is\/#website","url":"https:\/\/eirikurjonsson.is\/","name":"Eir\u00edkur J\u00f3nsson","description":"Eir\u00edkur J\u00f3nsson | EIR eirikurjonsson.is","potentialAction":[{"@type":"SearchAction","target":{"@type":"EntryPoint","urlTemplate":"https:\/\/eirikurjonsson.is\/?s={search_term_string}"},"query-input":"required name=search_term_string"}],"inLanguage":"is"},{"@type":"Person","@id":"https:\/\/eirikurjonsson.is\/#\/schema\/person\/308afa1d0e201918034e31b1da4f07a5","name":"eir","image":{"@type":"ImageObject","inLanguage":"is","@id":"https:\/\/eirikurjonsson.is\/#\/schema\/person\/image\/","url":"https:\/\/secure.gravatar.com\/avatar\/b6748316a4400053a1fa9f4694b38d294dc5da6f4bacc727742bd8f3e689f87c?s=96&d=mm&r=g","contentUrl":"https:\/\/secure.gravatar.com\/avatar\/b6748316a4400053a1fa9f4694b38d294dc5da6f4bacc727742bd8f3e689f87c?s=96&d=mm&r=g","caption":"eir"},"url":"https:\/\/eirikurjonsson.is\/index.php\/author\/eir\/"}]}},"_links":{"self":[{"href":"https:\/\/eirikurjonsson.is\/index.php\/wp-json\/wp\/v2\/posts\/3637","targetHints":{"allow":["GET"]}}],"collection":[{"href":"https:\/\/eirikurjonsson.is\/index.php\/wp-json\/wp\/v2\/posts"}],"about":[{"href":"https:\/\/eirikurjonsson.is\/index.php\/wp-json\/wp\/v2\/types\/post"}],"author":[{"embeddable":true,"href":"https:\/\/eirikurjonsson.is\/index.php\/wp-json\/wp\/v2\/users\/2"}],"replies":[{"embeddable":true,"href":"https:\/\/eirikurjonsson.is\/index.php\/wp-json\/wp\/v2\/comments?post=3637"}],"version-history":[{"count":1,"href":"https:\/\/eirikurjonsson.is\/index.php\/wp-json\/wp\/v2\/posts\/3637\/revisions"}],"predecessor-version":[{"id":3639,"href":"https:\/\/eirikurjonsson.is\/index.php\/wp-json\/wp\/v2\/posts\/3637\/revisions\/3639"}],"wp:featuredmedia":[{"embeddable":true,"href":"https:\/\/eirikurjonsson.is\/index.php\/wp-json\/wp\/v2\/media\/3638"}],"wp:attachment":[{"href":"https:\/\/eirikurjonsson.is\/index.php\/wp-json\/wp\/v2\/media?parent=3637"}],"wp:term":[{"taxonomy":"category","embeddable":true,"href":"https:\/\/eirikurjonsson.is\/index.php\/wp-json\/wp\/v2\/categories?post=3637"},{"taxonomy":"post_tag","embeddable":true,"href":"https:\/\/eirikurjonsson.is\/index.php\/wp-json\/wp\/v2\/tags?post=3637"}],"curies":[{"name":"wp","href":"https:\/\/api.w.org\/{rel}","templated":true}]}}