{"id":3611,"date":"2024-09-30T12:57:27","date_gmt":"2024-09-30T12:57:27","guid":{"rendered":"https:\/\/eirikurjonsson.is\/?p=3611"},"modified":"2024-09-30T14:34:21","modified_gmt":"2024-09-30T14:34:21","slug":"buxnalausir-bankamenn","status":"publish","type":"post","link":"https:\/\/eirikurjonsson.is\/index.php\/2024\/09\/30\/buxnalausir-bankamenn\/","title":{"rendered":"BUXNALAUSIR BANKAMENN"},"content":{"rendered":"<div class=\"xdj266r x11i5rnm xat24cr x1mh8g0r x1vvkbs x126k92a\">\n<div dir=\"auto\">\n<figure id=\"attachment_3613\" aria-describedby=\"caption-attachment-3613\" style=\"width: 250px\" class=\"wp-caption alignleft\"><img loading=\"lazy\" decoding=\"async\" class=\"wp-image-3613 size-full\" src=\"https:\/\/eirikurjonsson.is\/wp-content\/uploads\/2024\/09\/heimssyn-ragnar-onundarson.jpg\" alt=\"Ragnar \u00d6nundarson\" width=\"250\" height=\"141\" \/><figcaption id=\"caption-attachment-3613\" class=\"wp-caption-text\">Ragnar \u00d6nundarson<\/figcaption><\/figure>\n<p>&#8222;Ef \u00fei\u00f0 sj\u00e1i\u00f0 mann sem er b\u00e6\u00f0i me\u00f0 belti og axlab\u00f6nd, en hefur gleymt a\u00f0 fara \u00ed buxur, \u00fe\u00e1 er \u00fea\u00f0 bankama\u00f0ur,&#8220; segir Ragnar \u00d6nundarson &#8211; fyrrum bankastj\u00f3ri:<\/p><\/div>\n<div dir=\"auto\"><\/div>\n<\/div>\n<div class=\"x11i5rnm xat24cr x1mh8g0r x1vvkbs xtlvy1s x126k92a\">\n<div dir=\"auto\">&#8222;Um allan heim eru bankar farnir a\u00f0 fj\u00e1rmagna eignatil\u00e6rslur og brask. Vi\u00f0skiptamenn komast \u00e1 sno\u00f0ir um b\u00f3nuskerfin og bj\u00f3\u00f0a vi\u00f0skipti sem gefa \u201chinum buxnalausa\u201d b\u00f3nus. \u00dea\u00f0 l\u00ed\u00f0ur \u00f3\u00f0um a\u00f0 \u00fev\u00ed a\u00f0 \u00feeir missi aftur ni\u00f0rum sig.&#8220;<\/div>\n<\/div>\n","protected":false},"excerpt":{"rendered":"<p>&#8222;Ef \u00fei\u00f0 sj\u00e1i\u00f0 mann sem er b\u00e6\u00f0i me\u00f0 belti og axlab\u00f6nd, en hefur gleymt a\u00f0 fara \u00ed buxur, \u00fe\u00e1 er \u00fea\u00f0 bankama\u00f0ur,&#8220; segir Ragnar \u00d6nundarson &#8211; fyrrum bankastj\u00f3ri: &#8222;Um allan heim eru bankar farnir a\u00f0 fj\u00e1rmagna eignatil\u00e6rslur og brask. Vi\u00f0skiptamenn komast \u00e1 sno\u00f0ir um b\u00f3nuskerfin og bj\u00f3\u00f0a vi\u00f0skipti sem gefa \u201chinum buxnalausa\u201d b\u00f3nus. \u00dea\u00f0 l\u00ed\u00f0ur [&hellip;]<\/p>\n","protected":false},"author":2,"featured_media":3612,"comment_status":"open","ping_status":"open","sticky":false,"template":"","format":"standard","meta":{"_monsterinsights_skip_tracking":false,"_monsterinsights_sitenote_active":false,"_monsterinsights_sitenote_note":"","_monsterinsights_sitenote_category":0,"footnotes":""},"categories":[31],"tags":[],"class_list":{"0":"post-3611","1":"post","2":"type-post","3":"status-publish","4":"format-standard","5":"has-post-thumbnail","7":"category-greinar"},"yoast_head":"<!-- This site is optimized with the Yoast SEO plugin v22.0 - https:\/\/yoast.com\/wordpress\/plugins\/seo\/ -->\n<title>BUXNALAUSIR BANKAMENN &#8211; Eir\u00edkur J\u00f3nsson<\/title>\n<meta name=\"robots\" content=\"index, follow, max-snippet:-1, max-image-preview:large, max-video-preview:-1\" \/>\n<link rel=\"canonical\" href=\"https:\/\/eirikurjonsson.is\/index.php\/2024\/09\/30\/buxnalausir-bankamenn\/\" \/>\n<meta property=\"og:locale\" content=\"is_IS\" \/>\n<meta property=\"og:type\" content=\"article\" \/>\n<meta property=\"og:title\" content=\"BUXNALAUSIR BANKAMENN &#8211; Eir\u00edkur J\u00f3nsson\" \/>\n<meta property=\"og:description\" content=\"&#8222;Ef \u00fei\u00f0 sj\u00e1i\u00f0 mann sem er b\u00e6\u00f0i me\u00f0 belti og axlab\u00f6nd, en hefur gleymt a\u00f0 fara \u00ed buxur, \u00fe\u00e1 er \u00fea\u00f0 bankama\u00f0ur,&#8220; segir Ragnar \u00d6nundarson &#8211; fyrrum bankastj\u00f3ri: &#8222;Um allan heim eru bankar farnir a\u00f0 fj\u00e1rmagna eignatil\u00e6rslur og brask. Vi\u00f0skiptamenn komast \u00e1 sno\u00f0ir um b\u00f3nuskerfin og bj\u00f3\u00f0a vi\u00f0skipti sem gefa \u201chinum buxnalausa\u201d b\u00f3nus. \u00dea\u00f0 l\u00ed\u00f0ur [&hellip;]\" \/>\n<meta property=\"og:url\" content=\"https:\/\/eirikurjonsson.is\/index.php\/2024\/09\/30\/buxnalausir-bankamenn\/\" \/>\n<meta property=\"og:site_name\" content=\"Eir\u00edkur J\u00f3nsson\" \/>\n<meta property=\"article:published_time\" content=\"2024-09-30T12:57:27+00:00\" \/>\n<meta property=\"article:modified_time\" content=\"2024-09-30T14:34:21+00:00\" \/>\n<meta property=\"og:image\" content=\"https:\/\/eirikurjonsson.is\/wp-content\/uploads\/2024\/09\/PANTS.jpg\" \/>\n\t<meta property=\"og:image:width\" content=\"430\" \/>\n\t<meta property=\"og:image:height\" content=\"355\" \/>\n\t<meta property=\"og:image:type\" content=\"image\/jpeg\" \/>\n<meta name=\"author\" content=\"eir\" \/>\n<meta name=\"twitter:card\" content=\"summary_large_image\" \/>\n<meta name=\"twitter:label1\" content=\"Written by\" \/>\n\t<meta name=\"twitter:data1\" content=\"eir\" \/>\n\t<meta name=\"twitter:label2\" content=\"Est. reading time\" \/>\n\t<meta name=\"twitter:data2\" content=\"1 minute\" \/>\n<script type=\"application\/ld+json\" class=\"yoast-schema-graph\">{\"@context\":\"https:\/\/schema.org\",\"@graph\":[{\"@type\":\"WebPage\",\"@id\":\"https:\/\/eirikurjonsson.is\/index.php\/2024\/09\/30\/buxnalausir-bankamenn\/\",\"url\":\"https:\/\/eirikurjonsson.is\/index.php\/2024\/09\/30\/buxnalausir-bankamenn\/\",\"name\":\"BUXNALAUSIR BANKAMENN &#8211; Eir\u00edkur J\u00f3nsson\",\"isPartOf\":{\"@id\":\"https:\/\/eirikurjonsson.is\/#website\"},\"datePublished\":\"2024-09-30T12:57:27+00:00\",\"dateModified\":\"2024-09-30T14:34:21+00:00\",\"author\":{\"@id\":\"https:\/\/eirikurjonsson.is\/#\/schema\/person\/308afa1d0e201918034e31b1da4f07a5\"},\"breadcrumb\":{\"@id\":\"https:\/\/eirikurjonsson.is\/index.php\/2024\/09\/30\/buxnalausir-bankamenn\/#breadcrumb\"},\"inLanguage\":\"is\",\"potentialAction\":[{\"@type\":\"ReadAction\",\"target\":[\"https:\/\/eirikurjonsson.is\/index.php\/2024\/09\/30\/buxnalausir-bankamenn\/\"]}]},{\"@type\":\"BreadcrumbList\",\"@id\":\"https:\/\/eirikurjonsson.is\/index.php\/2024\/09\/30\/buxnalausir-bankamenn\/#breadcrumb\",\"itemListElement\":[{\"@type\":\"ListItem\",\"position\":1,\"name\":\"Home\",\"item\":\"https:\/\/eirikurjonsson.is\/\"},{\"@type\":\"ListItem\",\"position\":2,\"name\":\"BUXNALAUSIR BANKAMENN\"}]},{\"@type\":\"WebSite\",\"@id\":\"https:\/\/eirikurjonsson.is\/#website\",\"url\":\"https:\/\/eirikurjonsson.is\/\",\"name\":\"Eir\u00edkur J\u00f3nsson\",\"description\":\"Eir\u00edkur J\u00f3nsson | EIR eirikurjonsson.is\",\"potentialAction\":[{\"@type\":\"SearchAction\",\"target\":{\"@type\":\"EntryPoint\",\"urlTemplate\":\"https:\/\/eirikurjonsson.is\/?s={search_term_string}\"},\"query-input\":\"required name=search_term_string\"}],\"inLanguage\":\"is\"},{\"@type\":\"Person\",\"@id\":\"https:\/\/eirikurjonsson.is\/#\/schema\/person\/308afa1d0e201918034e31b1da4f07a5\",\"name\":\"eir\",\"image\":{\"@type\":\"ImageObject\",\"inLanguage\":\"is\",\"@id\":\"https:\/\/eirikurjonsson.is\/#\/schema\/person\/image\/\",\"url\":\"https:\/\/secure.gravatar.com\/avatar\/b6748316a4400053a1fa9f4694b38d294dc5da6f4bacc727742bd8f3e689f87c?s=96&d=mm&r=g\",\"contentUrl\":\"https:\/\/secure.gravatar.com\/avatar\/b6748316a4400053a1fa9f4694b38d294dc5da6f4bacc727742bd8f3e689f87c?s=96&d=mm&r=g\",\"caption\":\"eir\"},\"url\":\"https:\/\/eirikurjonsson.is\/index.php\/author\/eir\/\"}]}<\/script>\n<!-- \/ Yoast SEO plugin. -->","yoast_head_json":{"title":"BUXNALAUSIR BANKAMENN &#8211; Eir\u00edkur J\u00f3nsson","robots":{"index":"index","follow":"follow","max-snippet":"max-snippet:-1","max-image-preview":"max-image-preview:large","max-video-preview":"max-video-preview:-1"},"canonical":"https:\/\/eirikurjonsson.is\/index.php\/2024\/09\/30\/buxnalausir-bankamenn\/","og_locale":"is_IS","og_type":"article","og_title":"BUXNALAUSIR BANKAMENN &#8211; Eir\u00edkur J\u00f3nsson","og_description":"&#8222;Ef \u00fei\u00f0 sj\u00e1i\u00f0 mann sem er b\u00e6\u00f0i me\u00f0 belti og axlab\u00f6nd, en hefur gleymt a\u00f0 fara \u00ed buxur, \u00fe\u00e1 er \u00fea\u00f0 bankama\u00f0ur,&#8220; segir Ragnar \u00d6nundarson &#8211; fyrrum bankastj\u00f3ri: &#8222;Um allan heim eru bankar farnir a\u00f0 fj\u00e1rmagna eignatil\u00e6rslur og brask. Vi\u00f0skiptamenn komast \u00e1 sno\u00f0ir um b\u00f3nuskerfin og bj\u00f3\u00f0a vi\u00f0skipti sem gefa \u201chinum buxnalausa\u201d b\u00f3nus. \u00dea\u00f0 l\u00ed\u00f0ur [&hellip;]","og_url":"https:\/\/eirikurjonsson.is\/index.php\/2024\/09\/30\/buxnalausir-bankamenn\/","og_site_name":"Eir\u00edkur J\u00f3nsson","article_published_time":"2024-09-30T12:57:27+00:00","article_modified_time":"2024-09-30T14:34:21+00:00","og_image":[{"width":430,"height":355,"url":"https:\/\/eirikurjonsson.is\/wp-content\/uploads\/2024\/09\/PANTS.jpg","type":"image\/jpeg"}],"author":"eir","twitter_card":"summary_large_image","twitter_misc":{"Written by":"eir","Est. reading time":"1 minute"},"schema":{"@context":"https:\/\/schema.org","@graph":[{"@type":"WebPage","@id":"https:\/\/eirikurjonsson.is\/index.php\/2024\/09\/30\/buxnalausir-bankamenn\/","url":"https:\/\/eirikurjonsson.is\/index.php\/2024\/09\/30\/buxnalausir-bankamenn\/","name":"BUXNALAUSIR BANKAMENN &#8211; Eir\u00edkur J\u00f3nsson","isPartOf":{"@id":"https:\/\/eirikurjonsson.is\/#website"},"datePublished":"2024-09-30T12:57:27+00:00","dateModified":"2024-09-30T14:34:21+00:00","author":{"@id":"https:\/\/eirikurjonsson.is\/#\/schema\/person\/308afa1d0e201918034e31b1da4f07a5"},"breadcrumb":{"@id":"https:\/\/eirikurjonsson.is\/index.php\/2024\/09\/30\/buxnalausir-bankamenn\/#breadcrumb"},"inLanguage":"is","potentialAction":[{"@type":"ReadAction","target":["https:\/\/eirikurjonsson.is\/index.php\/2024\/09\/30\/buxnalausir-bankamenn\/"]}]},{"@type":"BreadcrumbList","@id":"https:\/\/eirikurjonsson.is\/index.php\/2024\/09\/30\/buxnalausir-bankamenn\/#breadcrumb","itemListElement":[{"@type":"ListItem","position":1,"name":"Home","item":"https:\/\/eirikurjonsson.is\/"},{"@type":"ListItem","position":2,"name":"BUXNALAUSIR BANKAMENN"}]},{"@type":"WebSite","@id":"https:\/\/eirikurjonsson.is\/#website","url":"https:\/\/eirikurjonsson.is\/","name":"Eir\u00edkur J\u00f3nsson","description":"Eir\u00edkur J\u00f3nsson | EIR eirikurjonsson.is","potentialAction":[{"@type":"SearchAction","target":{"@type":"EntryPoint","urlTemplate":"https:\/\/eirikurjonsson.is\/?s={search_term_string}"},"query-input":"required name=search_term_string"}],"inLanguage":"is"},{"@type":"Person","@id":"https:\/\/eirikurjonsson.is\/#\/schema\/person\/308afa1d0e201918034e31b1da4f07a5","name":"eir","image":{"@type":"ImageObject","inLanguage":"is","@id":"https:\/\/eirikurjonsson.is\/#\/schema\/person\/image\/","url":"https:\/\/secure.gravatar.com\/avatar\/b6748316a4400053a1fa9f4694b38d294dc5da6f4bacc727742bd8f3e689f87c?s=96&d=mm&r=g","contentUrl":"https:\/\/secure.gravatar.com\/avatar\/b6748316a4400053a1fa9f4694b38d294dc5da6f4bacc727742bd8f3e689f87c?s=96&d=mm&r=g","caption":"eir"},"url":"https:\/\/eirikurjonsson.is\/index.php\/author\/eir\/"}]}},"_links":{"self":[{"href":"https:\/\/eirikurjonsson.is\/index.php\/wp-json\/wp\/v2\/posts\/3611","targetHints":{"allow":["GET"]}}],"collection":[{"href":"https:\/\/eirikurjonsson.is\/index.php\/wp-json\/wp\/v2\/posts"}],"about":[{"href":"https:\/\/eirikurjonsson.is\/index.php\/wp-json\/wp\/v2\/types\/post"}],"author":[{"embeddable":true,"href":"https:\/\/eirikurjonsson.is\/index.php\/wp-json\/wp\/v2\/users\/2"}],"replies":[{"embeddable":true,"href":"https:\/\/eirikurjonsson.is\/index.php\/wp-json\/wp\/v2\/comments?post=3611"}],"version-history":[{"count":1,"href":"https:\/\/eirikurjonsson.is\/index.php\/wp-json\/wp\/v2\/posts\/3611\/revisions"}],"predecessor-version":[{"id":3614,"href":"https:\/\/eirikurjonsson.is\/index.php\/wp-json\/wp\/v2\/posts\/3611\/revisions\/3614"}],"wp:featuredmedia":[{"embeddable":true,"href":"https:\/\/eirikurjonsson.is\/index.php\/wp-json\/wp\/v2\/media\/3612"}],"wp:attachment":[{"href":"https:\/\/eirikurjonsson.is\/index.php\/wp-json\/wp\/v2\/media?parent=3611"}],"wp:term":[{"taxonomy":"category","embeddable":true,"href":"https:\/\/eirikurjonsson.is\/index.php\/wp-json\/wp\/v2\/categories?post=3611"},{"taxonomy":"post_tag","embeddable":true,"href":"https:\/\/eirikurjonsson.is\/index.php\/wp-json\/wp\/v2\/tags?post=3611"}],"curies":[{"name":"wp","href":"https:\/\/api.w.org\/{rel}","templated":true}]}}