{"id":3516,"date":"2024-09-21T13:50:07","date_gmt":"2024-09-21T13:50:07","guid":{"rendered":"https:\/\/eirikurjonsson.is\/?p=3516"},"modified":"2024-09-21T13:50:27","modified_gmt":"2024-09-21T13:50:27","slug":"thett-setid-a-thingvollum","status":"publish","type":"post","link":"https:\/\/eirikurjonsson.is\/index.php\/2024\/09\/21\/thett-setid-a-thingvollum\/","title":{"rendered":"\u00de\u00c9TT SETI\u00d0 \u00c1 \u00deINGV\u00d6LLUM"},"content":{"rendered":"<figure id=\"attachment_3518\" aria-describedby=\"caption-attachment-3518\" style=\"width: 202px\" class=\"wp-caption alignleft\"><img loading=\"lazy\" decoding=\"async\" class=\"wp-image-3518 \" src=\"https:\/\/eirikurjonsson.is\/wp-content\/uploads\/2024\/09\/thimgvellir22-300x300.png\" alt=\"Gaui \u00ed Hern\u00e1mssetrinu.\" width=\"202\" height=\"202\" srcset=\"https:\/\/eirikurjonsson.is\/wp-content\/uploads\/2024\/09\/thimgvellir22-300x300.png 300w, https:\/\/eirikurjonsson.is\/wp-content\/uploads\/2024\/09\/thimgvellir22-150x150.png 150w, https:\/\/eirikurjonsson.is\/wp-content\/uploads\/2024\/09\/thimgvellir22.png 362w\" sizes=\"auto, (max-width: 202px) 100vw, 202px\" \/><figcaption id=\"caption-attachment-3518\" class=\"wp-caption-text\">Gaui \u00ed Hern\u00e1mssetrinu.<\/figcaption><\/figure>\n<p>&#8222;Getur einhver sagt m\u00e9r hven\u00e6r \u00feessi mynd er tekin,&#8220; spyr Gu\u00f0j\u00f3n Sigmundsson (Gaui litli) sta\u00f0arhaldari \u00e1 Hern\u00e1mssetrinu a\u00f0 Hl\u00f6\u00f0um \u00ed Hvalfir\u00f0i.<\/p>\n<p>F\u00e1tt er um sv\u00f6r en \u00e1hugasamir skj\u00f3ta anna\u00f0 hvort \u00e1 Al\u00feingish\u00e1t\u00ed\u00f0ina 1930 e\u00f0a L\u00fd\u00f0veldisstofnunina 1944. Anna\u00f0 getur \u00fea\u00f0 varla veri\u00f0.<\/p>\n","protected":false},"excerpt":{"rendered":"<p>&#8222;Getur einhver sagt m\u00e9r hven\u00e6r \u00feessi mynd er tekin,&#8220; spyr Gu\u00f0j\u00f3n Sigmundsson (Gaui litli) sta\u00f0arhaldari \u00e1 Hern\u00e1mssetrinu a\u00f0 Hl\u00f6\u00f0um \u00ed Hvalfir\u00f0i. F\u00e1tt er um sv\u00f6r en \u00e1hugasamir skj\u00f3ta anna\u00f0 hvort \u00e1 Al\u00feingish\u00e1t\u00ed\u00f0ina 1930 e\u00f0a L\u00fd\u00f0veldisstofnunina 1944. Anna\u00f0 getur \u00fea\u00f0 varla veri\u00f0.<\/p>\n","protected":false},"author":2,"featured_media":3517,"comment_status":"open","ping_status":"open","sticky":false,"template":"","format":"standard","meta":{"_monsterinsights_skip_tracking":false,"_monsterinsights_sitenote_active":false,"_monsterinsights_sitenote_note":"","_monsterinsights_sitenote_category":0,"footnotes":""},"categories":[31],"tags":[],"class_list":{"0":"post-3516","1":"post","2":"type-post","3":"status-publish","4":"format-standard","5":"has-post-thumbnail","7":"category-greinar"},"yoast_head":"<!-- This site is optimized with the Yoast SEO plugin v22.0 - https:\/\/yoast.com\/wordpress\/plugins\/seo\/ -->\n<title>\u00de\u00c9TT SETI\u00d0 \u00c1 \u00deINGV\u00d6LLUM &#8211; Eir\u00edkur J\u00f3nsson<\/title>\n<meta name=\"robots\" content=\"index, follow, max-snippet:-1, max-image-preview:large, max-video-preview:-1\" \/>\n<link rel=\"canonical\" href=\"https:\/\/eirikurjonsson.is\/index.php\/2024\/09\/21\/thett-setid-a-thingvollum\/\" \/>\n<meta property=\"og:locale\" content=\"is_IS\" \/>\n<meta property=\"og:type\" content=\"article\" \/>\n<meta property=\"og:title\" content=\"\u00de\u00c9TT SETI\u00d0 \u00c1 \u00deINGV\u00d6LLUM &#8211; Eir\u00edkur J\u00f3nsson\" \/>\n<meta property=\"og:description\" content=\"&#8222;Getur einhver sagt m\u00e9r hven\u00e6r \u00feessi mynd er tekin,&#8220; spyr Gu\u00f0j\u00f3n Sigmundsson (Gaui litli) sta\u00f0arhaldari \u00e1 Hern\u00e1mssetrinu a\u00f0 Hl\u00f6\u00f0um \u00ed Hvalfir\u00f0i. F\u00e1tt er um sv\u00f6r en \u00e1hugasamir skj\u00f3ta anna\u00f0 hvort \u00e1 Al\u00feingish\u00e1t\u00ed\u00f0ina 1930 e\u00f0a L\u00fd\u00f0veldisstofnunina 1944. Anna\u00f0 getur \u00fea\u00f0 varla veri\u00f0.\" \/>\n<meta property=\"og:url\" content=\"https:\/\/eirikurjonsson.is\/index.php\/2024\/09\/21\/thett-setid-a-thingvollum\/\" \/>\n<meta property=\"og:site_name\" content=\"Eir\u00edkur J\u00f3nsson\" \/>\n<meta property=\"article:published_time\" content=\"2024-09-21T13:50:07+00:00\" \/>\n<meta property=\"article:modified_time\" content=\"2024-09-21T13:50:27+00:00\" \/>\n<meta property=\"og:image\" content=\"https:\/\/eirikurjonsson.is\/wp-content\/uploads\/2024\/09\/thigvellir.jpg\" \/>\n\t<meta property=\"og:image:width\" content=\"1265\" \/>\n\t<meta property=\"og:image:height\" content=\"606\" \/>\n\t<meta property=\"og:image:type\" content=\"image\/jpeg\" \/>\n<meta name=\"author\" content=\"eir\" \/>\n<meta name=\"twitter:card\" content=\"summary_large_image\" \/>\n<meta name=\"twitter:label1\" content=\"Written by\" \/>\n\t<meta name=\"twitter:data1\" content=\"eir\" \/>\n\t<meta name=\"twitter:label2\" content=\"Est. reading time\" \/>\n\t<meta name=\"twitter:data2\" content=\"1 minute\" \/>\n<script type=\"application\/ld+json\" class=\"yoast-schema-graph\">{\"@context\":\"https:\/\/schema.org\",\"@graph\":[{\"@type\":\"WebPage\",\"@id\":\"https:\/\/eirikurjonsson.is\/index.php\/2024\/09\/21\/thett-setid-a-thingvollum\/\",\"url\":\"https:\/\/eirikurjonsson.is\/index.php\/2024\/09\/21\/thett-setid-a-thingvollum\/\",\"name\":\"\u00de\u00c9TT SETI\u00d0 \u00c1 \u00deINGV\u00d6LLUM &#8211; Eir\u00edkur J\u00f3nsson\",\"isPartOf\":{\"@id\":\"https:\/\/eirikurjonsson.is\/#website\"},\"datePublished\":\"2024-09-21T13:50:07+00:00\",\"dateModified\":\"2024-09-21T13:50:27+00:00\",\"author\":{\"@id\":\"https:\/\/eirikurjonsson.is\/#\/schema\/person\/308afa1d0e201918034e31b1da4f07a5\"},\"breadcrumb\":{\"@id\":\"https:\/\/eirikurjonsson.is\/index.php\/2024\/09\/21\/thett-setid-a-thingvollum\/#breadcrumb\"},\"inLanguage\":\"is\",\"potentialAction\":[{\"@type\":\"ReadAction\",\"target\":[\"https:\/\/eirikurjonsson.is\/index.php\/2024\/09\/21\/thett-setid-a-thingvollum\/\"]}]},{\"@type\":\"BreadcrumbList\",\"@id\":\"https:\/\/eirikurjonsson.is\/index.php\/2024\/09\/21\/thett-setid-a-thingvollum\/#breadcrumb\",\"itemListElement\":[{\"@type\":\"ListItem\",\"position\":1,\"name\":\"Home\",\"item\":\"https:\/\/eirikurjonsson.is\/\"},{\"@type\":\"ListItem\",\"position\":2,\"name\":\"\u00de\u00c9TT SETI\u00d0 \u00c1 \u00deINGV\u00d6LLUM\"}]},{\"@type\":\"WebSite\",\"@id\":\"https:\/\/eirikurjonsson.is\/#website\",\"url\":\"https:\/\/eirikurjonsson.is\/\",\"name\":\"Eir\u00edkur J\u00f3nsson\",\"description\":\"Eir\u00edkur J\u00f3nsson | EIR eirikurjonsson.is\",\"potentialAction\":[{\"@type\":\"SearchAction\",\"target\":{\"@type\":\"EntryPoint\",\"urlTemplate\":\"https:\/\/eirikurjonsson.is\/?s={search_term_string}\"},\"query-input\":\"required name=search_term_string\"}],\"inLanguage\":\"is\"},{\"@type\":\"Person\",\"@id\":\"https:\/\/eirikurjonsson.is\/#\/schema\/person\/308afa1d0e201918034e31b1da4f07a5\",\"name\":\"eir\",\"image\":{\"@type\":\"ImageObject\",\"inLanguage\":\"is\",\"@id\":\"https:\/\/eirikurjonsson.is\/#\/schema\/person\/image\/\",\"url\":\"https:\/\/secure.gravatar.com\/avatar\/b6748316a4400053a1fa9f4694b38d294dc5da6f4bacc727742bd8f3e689f87c?s=96&d=mm&r=g\",\"contentUrl\":\"https:\/\/secure.gravatar.com\/avatar\/b6748316a4400053a1fa9f4694b38d294dc5da6f4bacc727742bd8f3e689f87c?s=96&d=mm&r=g\",\"caption\":\"eir\"},\"url\":\"https:\/\/eirikurjonsson.is\/index.php\/author\/eir\/\"}]}<\/script>\n<!-- \/ Yoast SEO plugin. -->","yoast_head_json":{"title":"\u00de\u00c9TT SETI\u00d0 \u00c1 \u00deINGV\u00d6LLUM &#8211; Eir\u00edkur J\u00f3nsson","robots":{"index":"index","follow":"follow","max-snippet":"max-snippet:-1","max-image-preview":"max-image-preview:large","max-video-preview":"max-video-preview:-1"},"canonical":"https:\/\/eirikurjonsson.is\/index.php\/2024\/09\/21\/thett-setid-a-thingvollum\/","og_locale":"is_IS","og_type":"article","og_title":"\u00de\u00c9TT SETI\u00d0 \u00c1 \u00deINGV\u00d6LLUM &#8211; Eir\u00edkur J\u00f3nsson","og_description":"&#8222;Getur einhver sagt m\u00e9r hven\u00e6r \u00feessi mynd er tekin,&#8220; spyr Gu\u00f0j\u00f3n Sigmundsson (Gaui litli) sta\u00f0arhaldari \u00e1 Hern\u00e1mssetrinu a\u00f0 Hl\u00f6\u00f0um \u00ed Hvalfir\u00f0i. F\u00e1tt er um sv\u00f6r en \u00e1hugasamir skj\u00f3ta anna\u00f0 hvort \u00e1 Al\u00feingish\u00e1t\u00ed\u00f0ina 1930 e\u00f0a L\u00fd\u00f0veldisstofnunina 1944. Anna\u00f0 getur \u00fea\u00f0 varla veri\u00f0.","og_url":"https:\/\/eirikurjonsson.is\/index.php\/2024\/09\/21\/thett-setid-a-thingvollum\/","og_site_name":"Eir\u00edkur J\u00f3nsson","article_published_time":"2024-09-21T13:50:07+00:00","article_modified_time":"2024-09-21T13:50:27+00:00","og_image":[{"width":1265,"height":606,"url":"https:\/\/eirikurjonsson.is\/wp-content\/uploads\/2024\/09\/thigvellir.jpg","type":"image\/jpeg"}],"author":"eir","twitter_card":"summary_large_image","twitter_misc":{"Written by":"eir","Est. reading time":"1 minute"},"schema":{"@context":"https:\/\/schema.org","@graph":[{"@type":"WebPage","@id":"https:\/\/eirikurjonsson.is\/index.php\/2024\/09\/21\/thett-setid-a-thingvollum\/","url":"https:\/\/eirikurjonsson.is\/index.php\/2024\/09\/21\/thett-setid-a-thingvollum\/","name":"\u00de\u00c9TT SETI\u00d0 \u00c1 \u00deINGV\u00d6LLUM &#8211; Eir\u00edkur J\u00f3nsson","isPartOf":{"@id":"https:\/\/eirikurjonsson.is\/#website"},"datePublished":"2024-09-21T13:50:07+00:00","dateModified":"2024-09-21T13:50:27+00:00","author":{"@id":"https:\/\/eirikurjonsson.is\/#\/schema\/person\/308afa1d0e201918034e31b1da4f07a5"},"breadcrumb":{"@id":"https:\/\/eirikurjonsson.is\/index.php\/2024\/09\/21\/thett-setid-a-thingvollum\/#breadcrumb"},"inLanguage":"is","potentialAction":[{"@type":"ReadAction","target":["https:\/\/eirikurjonsson.is\/index.php\/2024\/09\/21\/thett-setid-a-thingvollum\/"]}]},{"@type":"BreadcrumbList","@id":"https:\/\/eirikurjonsson.is\/index.php\/2024\/09\/21\/thett-setid-a-thingvollum\/#breadcrumb","itemListElement":[{"@type":"ListItem","position":1,"name":"Home","item":"https:\/\/eirikurjonsson.is\/"},{"@type":"ListItem","position":2,"name":"\u00de\u00c9TT SETI\u00d0 \u00c1 \u00deINGV\u00d6LLUM"}]},{"@type":"WebSite","@id":"https:\/\/eirikurjonsson.is\/#website","url":"https:\/\/eirikurjonsson.is\/","name":"Eir\u00edkur J\u00f3nsson","description":"Eir\u00edkur J\u00f3nsson | EIR eirikurjonsson.is","potentialAction":[{"@type":"SearchAction","target":{"@type":"EntryPoint","urlTemplate":"https:\/\/eirikurjonsson.is\/?s={search_term_string}"},"query-input":"required name=search_term_string"}],"inLanguage":"is"},{"@type":"Person","@id":"https:\/\/eirikurjonsson.is\/#\/schema\/person\/308afa1d0e201918034e31b1da4f07a5","name":"eir","image":{"@type":"ImageObject","inLanguage":"is","@id":"https:\/\/eirikurjonsson.is\/#\/schema\/person\/image\/","url":"https:\/\/secure.gravatar.com\/avatar\/b6748316a4400053a1fa9f4694b38d294dc5da6f4bacc727742bd8f3e689f87c?s=96&d=mm&r=g","contentUrl":"https:\/\/secure.gravatar.com\/avatar\/b6748316a4400053a1fa9f4694b38d294dc5da6f4bacc727742bd8f3e689f87c?s=96&d=mm&r=g","caption":"eir"},"url":"https:\/\/eirikurjonsson.is\/index.php\/author\/eir\/"}]}},"_links":{"self":[{"href":"https:\/\/eirikurjonsson.is\/index.php\/wp-json\/wp\/v2\/posts\/3516","targetHints":{"allow":["GET"]}}],"collection":[{"href":"https:\/\/eirikurjonsson.is\/index.php\/wp-json\/wp\/v2\/posts"}],"about":[{"href":"https:\/\/eirikurjonsson.is\/index.php\/wp-json\/wp\/v2\/types\/post"}],"author":[{"embeddable":true,"href":"https:\/\/eirikurjonsson.is\/index.php\/wp-json\/wp\/v2\/users\/2"}],"replies":[{"embeddable":true,"href":"https:\/\/eirikurjonsson.is\/index.php\/wp-json\/wp\/v2\/comments?post=3516"}],"version-history":[{"count":1,"href":"https:\/\/eirikurjonsson.is\/index.php\/wp-json\/wp\/v2\/posts\/3516\/revisions"}],"predecessor-version":[{"id":3519,"href":"https:\/\/eirikurjonsson.is\/index.php\/wp-json\/wp\/v2\/posts\/3516\/revisions\/3519"}],"wp:featuredmedia":[{"embeddable":true,"href":"https:\/\/eirikurjonsson.is\/index.php\/wp-json\/wp\/v2\/media\/3517"}],"wp:attachment":[{"href":"https:\/\/eirikurjonsson.is\/index.php\/wp-json\/wp\/v2\/media?parent=3516"}],"wp:term":[{"taxonomy":"category","embeddable":true,"href":"https:\/\/eirikurjonsson.is\/index.php\/wp-json\/wp\/v2\/categories?post=3516"},{"taxonomy":"post_tag","embeddable":true,"href":"https:\/\/eirikurjonsson.is\/index.php\/wp-json\/wp\/v2\/tags?post=3516"}],"curies":[{"name":"wp","href":"https:\/\/api.w.org\/{rel}","templated":true}]}}