{"id":3464,"date":"2024-09-17T17:08:52","date_gmt":"2024-09-17T17:08:52","guid":{"rendered":"https:\/\/eirikurjonsson.is\/?p=3464"},"modified":"2024-09-17T17:10:12","modified_gmt":"2024-09-17T17:10:12","slug":"godan-daginn","status":"publish","type":"post","link":"https:\/\/eirikurjonsson.is\/index.php\/2024\/09\/17\/godan-daginn\/","title":{"rendered":"G\u00d3\u00d0AN DAGINN!"},"content":{"rendered":"<figure id=\"attachment_3465\" aria-describedby=\"caption-attachment-3465\" style=\"width: 110px\" class=\"wp-caption alignleft\"><img loading=\"lazy\" decoding=\"async\" class=\"wp-image-3465 \" src=\"https:\/\/eirikurjonsson.is\/wp-content\/uploads\/2024\/09\/dadi2-250x300.jpg\" alt=\"Da\u00f0i morgunhress.\" width=\"110\" height=\"132\" srcset=\"https:\/\/eirikurjonsson.is\/wp-content\/uploads\/2024\/09\/dadi2-250x300.jpg 250w, https:\/\/eirikurjonsson.is\/wp-content\/uploads\/2024\/09\/dadi2.jpg 651w\" sizes=\"auto, (max-width: 110px) 100vw, 110px\" \/><figcaption id=\"caption-attachment-3465\" class=\"wp-caption-text\">Da\u00f0i morgunhress.<\/figcaption><\/figure>\n<p>Da\u00f0i Gu\u00f0bj\u00f6rnsson myndlistarma\u00f0ur vakna\u00f0i \u00ed morgun \u00e1 N\u00fdlendug\u00f6tu \u00fear sem hann b\u00fdr og starfar og leit \u00fe\u00e1 mynd sem hann haf\u00f0i kl\u00e1ra\u00f0 r\u00e9tt fyrir svefninn. Skellti henni beint \u00e1 Neti\u00f0 og sag\u00f0i: G\u00f3\u00f0an daginn!<\/p>\n","protected":false},"excerpt":{"rendered":"<p>Da\u00f0i Gu\u00f0bj\u00f6rnsson myndlistarma\u00f0ur vakna\u00f0i \u00ed morgun \u00e1 N\u00fdlendug\u00f6tu \u00fear sem hann b\u00fdr og starfar og leit \u00fe\u00e1 mynd sem hann haf\u00f0i kl\u00e1ra\u00f0 r\u00e9tt fyrir svefninn. Skellti henni beint \u00e1 Neti\u00f0 og sag\u00f0i: G\u00f3\u00f0an daginn!<\/p>\n","protected":false},"author":2,"featured_media":3466,"comment_status":"open","ping_status":"open","sticky":false,"template":"","format":"standard","meta":{"_monsterinsights_skip_tracking":false,"_monsterinsights_sitenote_active":false,"_monsterinsights_sitenote_note":"","_monsterinsights_sitenote_category":0,"footnotes":""},"categories":[30],"tags":[],"class_list":{"0":"post-3464","1":"post","2":"type-post","3":"status-publish","4":"format-standard","5":"has-post-thumbnail","7":"category-sagt-er"},"yoast_head":"<!-- This site is optimized with the Yoast SEO plugin v22.0 - https:\/\/yoast.com\/wordpress\/plugins\/seo\/ -->\n<title>G\u00d3\u00d0AN DAGINN! &#8211; Eir\u00edkur J\u00f3nsson<\/title>\n<meta name=\"robots\" content=\"index, follow, max-snippet:-1, max-image-preview:large, max-video-preview:-1\" \/>\n<link rel=\"canonical\" href=\"https:\/\/eirikurjonsson.is\/index.php\/2024\/09\/17\/godan-daginn\/\" \/>\n<meta property=\"og:locale\" content=\"is_IS\" \/>\n<meta property=\"og:type\" content=\"article\" \/>\n<meta property=\"og:title\" content=\"G\u00d3\u00d0AN DAGINN! &#8211; Eir\u00edkur J\u00f3nsson\" \/>\n<meta property=\"og:description\" content=\"Da\u00f0i Gu\u00f0bj\u00f6rnsson myndlistarma\u00f0ur vakna\u00f0i \u00ed morgun \u00e1 N\u00fdlendug\u00f6tu \u00fear sem hann b\u00fdr og starfar og leit \u00fe\u00e1 mynd sem hann haf\u00f0i kl\u00e1ra\u00f0 r\u00e9tt fyrir svefninn. Skellti henni beint \u00e1 Neti\u00f0 og sag\u00f0i: G\u00f3\u00f0an daginn!\" \/>\n<meta property=\"og:url\" content=\"https:\/\/eirikurjonsson.is\/index.php\/2024\/09\/17\/godan-daginn\/\" \/>\n<meta property=\"og:site_name\" content=\"Eir\u00edkur J\u00f3nsson\" \/>\n<meta property=\"article:published_time\" content=\"2024-09-17T17:08:52+00:00\" \/>\n<meta property=\"article:modified_time\" content=\"2024-09-17T17:10:12+00:00\" \/>\n<meta property=\"og:image\" content=\"https:\/\/eirikurjonsson.is\/wp-content\/uploads\/2024\/09\/dadi.jpg\" \/>\n\t<meta property=\"og:image:width\" content=\"2048\" \/>\n\t<meta property=\"og:image:height\" content=\"1467\" \/>\n\t<meta property=\"og:image:type\" content=\"image\/jpeg\" \/>\n<meta name=\"author\" content=\"eir\" \/>\n<meta name=\"twitter:card\" content=\"summary_large_image\" \/>\n<meta name=\"twitter:label1\" content=\"Written by\" \/>\n\t<meta name=\"twitter:data1\" content=\"eir\" \/>\n\t<meta name=\"twitter:label2\" content=\"Est. reading time\" \/>\n\t<meta name=\"twitter:data2\" content=\"1 minute\" \/>\n<script type=\"application\/ld+json\" class=\"yoast-schema-graph\">{\"@context\":\"https:\/\/schema.org\",\"@graph\":[{\"@type\":\"WebPage\",\"@id\":\"https:\/\/eirikurjonsson.is\/index.php\/2024\/09\/17\/godan-daginn\/\",\"url\":\"https:\/\/eirikurjonsson.is\/index.php\/2024\/09\/17\/godan-daginn\/\",\"name\":\"G\u00d3\u00d0AN DAGINN! &#8211; Eir\u00edkur J\u00f3nsson\",\"isPartOf\":{\"@id\":\"https:\/\/eirikurjonsson.is\/#website\"},\"datePublished\":\"2024-09-17T17:08:52+00:00\",\"dateModified\":\"2024-09-17T17:10:12+00:00\",\"author\":{\"@id\":\"https:\/\/eirikurjonsson.is\/#\/schema\/person\/308afa1d0e201918034e31b1da4f07a5\"},\"breadcrumb\":{\"@id\":\"https:\/\/eirikurjonsson.is\/index.php\/2024\/09\/17\/godan-daginn\/#breadcrumb\"},\"inLanguage\":\"is\",\"potentialAction\":[{\"@type\":\"ReadAction\",\"target\":[\"https:\/\/eirikurjonsson.is\/index.php\/2024\/09\/17\/godan-daginn\/\"]}]},{\"@type\":\"BreadcrumbList\",\"@id\":\"https:\/\/eirikurjonsson.is\/index.php\/2024\/09\/17\/godan-daginn\/#breadcrumb\",\"itemListElement\":[{\"@type\":\"ListItem\",\"position\":1,\"name\":\"Home\",\"item\":\"https:\/\/eirikurjonsson.is\/\"},{\"@type\":\"ListItem\",\"position\":2,\"name\":\"G\u00d3\u00d0AN DAGINN!\"}]},{\"@type\":\"WebSite\",\"@id\":\"https:\/\/eirikurjonsson.is\/#website\",\"url\":\"https:\/\/eirikurjonsson.is\/\",\"name\":\"Eir\u00edkur J\u00f3nsson\",\"description\":\"Eir\u00edkur J\u00f3nsson | EIR eirikurjonsson.is\",\"potentialAction\":[{\"@type\":\"SearchAction\",\"target\":{\"@type\":\"EntryPoint\",\"urlTemplate\":\"https:\/\/eirikurjonsson.is\/?s={search_term_string}\"},\"query-input\":\"required name=search_term_string\"}],\"inLanguage\":\"is\"},{\"@type\":\"Person\",\"@id\":\"https:\/\/eirikurjonsson.is\/#\/schema\/person\/308afa1d0e201918034e31b1da4f07a5\",\"name\":\"eir\",\"image\":{\"@type\":\"ImageObject\",\"inLanguage\":\"is\",\"@id\":\"https:\/\/eirikurjonsson.is\/#\/schema\/person\/image\/\",\"url\":\"https:\/\/secure.gravatar.com\/avatar\/b6748316a4400053a1fa9f4694b38d294dc5da6f4bacc727742bd8f3e689f87c?s=96&d=mm&r=g\",\"contentUrl\":\"https:\/\/secure.gravatar.com\/avatar\/b6748316a4400053a1fa9f4694b38d294dc5da6f4bacc727742bd8f3e689f87c?s=96&d=mm&r=g\",\"caption\":\"eir\"},\"url\":\"https:\/\/eirikurjonsson.is\/index.php\/author\/eir\/\"}]}<\/script>\n<!-- \/ Yoast SEO plugin. -->","yoast_head_json":{"title":"G\u00d3\u00d0AN DAGINN! &#8211; Eir\u00edkur J\u00f3nsson","robots":{"index":"index","follow":"follow","max-snippet":"max-snippet:-1","max-image-preview":"max-image-preview:large","max-video-preview":"max-video-preview:-1"},"canonical":"https:\/\/eirikurjonsson.is\/index.php\/2024\/09\/17\/godan-daginn\/","og_locale":"is_IS","og_type":"article","og_title":"G\u00d3\u00d0AN DAGINN! &#8211; Eir\u00edkur J\u00f3nsson","og_description":"Da\u00f0i Gu\u00f0bj\u00f6rnsson myndlistarma\u00f0ur vakna\u00f0i \u00ed morgun \u00e1 N\u00fdlendug\u00f6tu \u00fear sem hann b\u00fdr og starfar og leit \u00fe\u00e1 mynd sem hann haf\u00f0i kl\u00e1ra\u00f0 r\u00e9tt fyrir svefninn. Skellti henni beint \u00e1 Neti\u00f0 og sag\u00f0i: G\u00f3\u00f0an daginn!","og_url":"https:\/\/eirikurjonsson.is\/index.php\/2024\/09\/17\/godan-daginn\/","og_site_name":"Eir\u00edkur J\u00f3nsson","article_published_time":"2024-09-17T17:08:52+00:00","article_modified_time":"2024-09-17T17:10:12+00:00","og_image":[{"width":2048,"height":1467,"url":"https:\/\/eirikurjonsson.is\/wp-content\/uploads\/2024\/09\/dadi.jpg","type":"image\/jpeg"}],"author":"eir","twitter_card":"summary_large_image","twitter_misc":{"Written by":"eir","Est. reading time":"1 minute"},"schema":{"@context":"https:\/\/schema.org","@graph":[{"@type":"WebPage","@id":"https:\/\/eirikurjonsson.is\/index.php\/2024\/09\/17\/godan-daginn\/","url":"https:\/\/eirikurjonsson.is\/index.php\/2024\/09\/17\/godan-daginn\/","name":"G\u00d3\u00d0AN DAGINN! &#8211; Eir\u00edkur J\u00f3nsson","isPartOf":{"@id":"https:\/\/eirikurjonsson.is\/#website"},"datePublished":"2024-09-17T17:08:52+00:00","dateModified":"2024-09-17T17:10:12+00:00","author":{"@id":"https:\/\/eirikurjonsson.is\/#\/schema\/person\/308afa1d0e201918034e31b1da4f07a5"},"breadcrumb":{"@id":"https:\/\/eirikurjonsson.is\/index.php\/2024\/09\/17\/godan-daginn\/#breadcrumb"},"inLanguage":"is","potentialAction":[{"@type":"ReadAction","target":["https:\/\/eirikurjonsson.is\/index.php\/2024\/09\/17\/godan-daginn\/"]}]},{"@type":"BreadcrumbList","@id":"https:\/\/eirikurjonsson.is\/index.php\/2024\/09\/17\/godan-daginn\/#breadcrumb","itemListElement":[{"@type":"ListItem","position":1,"name":"Home","item":"https:\/\/eirikurjonsson.is\/"},{"@type":"ListItem","position":2,"name":"G\u00d3\u00d0AN DAGINN!"}]},{"@type":"WebSite","@id":"https:\/\/eirikurjonsson.is\/#website","url":"https:\/\/eirikurjonsson.is\/","name":"Eir\u00edkur J\u00f3nsson","description":"Eir\u00edkur J\u00f3nsson | EIR eirikurjonsson.is","potentialAction":[{"@type":"SearchAction","target":{"@type":"EntryPoint","urlTemplate":"https:\/\/eirikurjonsson.is\/?s={search_term_string}"},"query-input":"required name=search_term_string"}],"inLanguage":"is"},{"@type":"Person","@id":"https:\/\/eirikurjonsson.is\/#\/schema\/person\/308afa1d0e201918034e31b1da4f07a5","name":"eir","image":{"@type":"ImageObject","inLanguage":"is","@id":"https:\/\/eirikurjonsson.is\/#\/schema\/person\/image\/","url":"https:\/\/secure.gravatar.com\/avatar\/b6748316a4400053a1fa9f4694b38d294dc5da6f4bacc727742bd8f3e689f87c?s=96&d=mm&r=g","contentUrl":"https:\/\/secure.gravatar.com\/avatar\/b6748316a4400053a1fa9f4694b38d294dc5da6f4bacc727742bd8f3e689f87c?s=96&d=mm&r=g","caption":"eir"},"url":"https:\/\/eirikurjonsson.is\/index.php\/author\/eir\/"}]}},"_links":{"self":[{"href":"https:\/\/eirikurjonsson.is\/index.php\/wp-json\/wp\/v2\/posts\/3464","targetHints":{"allow":["GET"]}}],"collection":[{"href":"https:\/\/eirikurjonsson.is\/index.php\/wp-json\/wp\/v2\/posts"}],"about":[{"href":"https:\/\/eirikurjonsson.is\/index.php\/wp-json\/wp\/v2\/types\/post"}],"author":[{"embeddable":true,"href":"https:\/\/eirikurjonsson.is\/index.php\/wp-json\/wp\/v2\/users\/2"}],"replies":[{"embeddable":true,"href":"https:\/\/eirikurjonsson.is\/index.php\/wp-json\/wp\/v2\/comments?post=3464"}],"version-history":[{"count":1,"href":"https:\/\/eirikurjonsson.is\/index.php\/wp-json\/wp\/v2\/posts\/3464\/revisions"}],"predecessor-version":[{"id":3467,"href":"https:\/\/eirikurjonsson.is\/index.php\/wp-json\/wp\/v2\/posts\/3464\/revisions\/3467"}],"wp:featuredmedia":[{"embeddable":true,"href":"https:\/\/eirikurjonsson.is\/index.php\/wp-json\/wp\/v2\/media\/3466"}],"wp:attachment":[{"href":"https:\/\/eirikurjonsson.is\/index.php\/wp-json\/wp\/v2\/media?parent=3464"}],"wp:term":[{"taxonomy":"category","embeddable":true,"href":"https:\/\/eirikurjonsson.is\/index.php\/wp-json\/wp\/v2\/categories?post=3464"},{"taxonomy":"post_tag","embeddable":true,"href":"https:\/\/eirikurjonsson.is\/index.php\/wp-json\/wp\/v2\/tags?post=3464"}],"curies":[{"name":"wp","href":"https:\/\/api.w.org\/{rel}","templated":true}]}}