{"id":3370,"date":"2024-09-11T13:45:24","date_gmt":"2024-09-11T13:45:24","guid":{"rendered":"https:\/\/eirikurjonsson.is\/?p=3370"},"modified":"2024-09-11T13:47:43","modified_gmt":"2024-09-11T13:47:43","slug":"pall-saekir-um-reynslulausn-i-stora-kokainmalinu","status":"publish","type":"post","link":"https:\/\/eirikurjonsson.is\/index.php\/2024\/09\/11\/pall-saekir-um-reynslulausn-i-stora-kokainmalinu\/","title":{"rendered":"P\u00c1LL S\u00c6KIR UM REYNSLULAUSN \u00cd ST\u00d3RA K\u00d3KA\u00cdNM\u00c1LINU"},"content":{"rendered":"<p>&#8222;\u00c9g var a\u00f0 leggja inn ums\u00f3kn um reynslulausn, \u00e6tti a\u00f0 hafa g\u00f3\u00f0an m\u00f6guleika,&#8220; segir P\u00e1ll J\u00f3nsson har\u00f0vi\u00f0arsali sem hlaut \u00feyngsta d\u00f3minn \u00ed st\u00f3ra k\u00f3ka\u00ednm\u00e1linu (100 k\u00edl\u00f3) sem teyg\u00f0i anga s\u00edna fr\u00e1 Brasil\u00edu me\u00f0 vi\u00f0komu \u00ed Hollandi og handt\u00f6kum \u00e1 \u00cdslandi \u00fear sem P\u00e1ll hlaut \u00feyngsta d\u00f3minn, n\u00edu \u00e1r, \u00e1 me\u00f0an meintir samverkamenn hans og h\u00f6fu\u00f0paurar fengu n\u00e6stum helmingi styttri d\u00f3m.<\/p>\n<div>&#8222;Tek \u00fevi r\u00f3lega fram a\u00f0 ni\u00f0urst\u00f6\u00f0u sem m\u00e1 v\u00e6nta \u00ed byrjun okt\u00f3ber. Annars er svo miki\u00f0 \u00ed gangi i \u00feessum undirheimum, \u00feetta er svo rotin maf\u00eda, sj\u00e1lfur f\u00e9kk \u00e9g \u00feyngsta d\u00f3minn \u00e1 me\u00f0an hinir \u00ed m\u00e1linu vir\u00f0ast vera f\u00f3rnarl\u00f6mb. Sorglegt. Kannski skrifa \u00e9g kvikmyndahandrit og sl\u00e6 \u00ed gegn,&#8220; segir P\u00e1ll \u00ed l\u00e9ttum d\u00far \u00fe\u00f3 allt s\u00e9 \u00feetta honum \u00feungb\u00e6rt.<\/div>\n","protected":false},"excerpt":{"rendered":"<p>&#8222;\u00c9g var a\u00f0 leggja inn ums\u00f3kn um reynslulausn, \u00e6tti a\u00f0 hafa g\u00f3\u00f0an m\u00f6guleika,&#8220; segir P\u00e1ll J\u00f3nsson har\u00f0vi\u00f0arsali sem hlaut \u00feyngsta d\u00f3minn \u00ed st\u00f3ra k\u00f3ka\u00ednm\u00e1linu (100 k\u00edl\u00f3) sem teyg\u00f0i anga s\u00edna fr\u00e1 Brasil\u00edu me\u00f0 vi\u00f0komu \u00ed Hollandi og handt\u00f6kum \u00e1 \u00cdslandi \u00fear sem P\u00e1ll hlaut \u00feyngsta d\u00f3minn, n\u00edu \u00e1r, \u00e1 me\u00f0an meintir samverkamenn hans og h\u00f6fu\u00f0paurar [&hellip;]<\/p>\n","protected":false},"author":2,"featured_media":3371,"comment_status":"open","ping_status":"open","sticky":false,"template":"","format":"standard","meta":{"_monsterinsights_skip_tracking":false,"_monsterinsights_sitenote_active":false,"_monsterinsights_sitenote_note":"","_monsterinsights_sitenote_category":0,"footnotes":""},"categories":[31],"tags":[],"class_list":{"0":"post-3370","1":"post","2":"type-post","3":"status-publish","4":"format-standard","5":"has-post-thumbnail","7":"category-greinar"},"yoast_head":"<!-- This site is optimized with the Yoast SEO plugin v22.0 - https:\/\/yoast.com\/wordpress\/plugins\/seo\/ -->\n<title>P\u00c1LL S\u00c6KIR UM REYNSLULAUSN \u00cd ST\u00d3RA K\u00d3KA\u00cdNM\u00c1LINU &#8211; Eir\u00edkur J\u00f3nsson<\/title>\n<meta name=\"robots\" content=\"index, follow, max-snippet:-1, max-image-preview:large, max-video-preview:-1\" \/>\n<link rel=\"canonical\" href=\"https:\/\/eirikurjonsson.is\/index.php\/2024\/09\/11\/pall-saekir-um-reynslulausn-i-stora-kokainmalinu\/\" \/>\n<meta property=\"og:locale\" content=\"is_IS\" \/>\n<meta property=\"og:type\" content=\"article\" \/>\n<meta property=\"og:title\" content=\"P\u00c1LL S\u00c6KIR UM REYNSLULAUSN \u00cd ST\u00d3RA K\u00d3KA\u00cdNM\u00c1LINU &#8211; Eir\u00edkur J\u00f3nsson\" \/>\n<meta property=\"og:description\" content=\"&#8222;\u00c9g var a\u00f0 leggja inn ums\u00f3kn um reynslulausn, \u00e6tti a\u00f0 hafa g\u00f3\u00f0an m\u00f6guleika,&#8220; segir P\u00e1ll J\u00f3nsson har\u00f0vi\u00f0arsali sem hlaut \u00feyngsta d\u00f3minn \u00ed st\u00f3ra k\u00f3ka\u00ednm\u00e1linu (100 k\u00edl\u00f3) sem teyg\u00f0i anga s\u00edna fr\u00e1 Brasil\u00edu me\u00f0 vi\u00f0komu \u00ed Hollandi og handt\u00f6kum \u00e1 \u00cdslandi \u00fear sem P\u00e1ll hlaut \u00feyngsta d\u00f3minn, n\u00edu \u00e1r, \u00e1 me\u00f0an meintir samverkamenn hans og h\u00f6fu\u00f0paurar [&hellip;]\" \/>\n<meta property=\"og:url\" content=\"https:\/\/eirikurjonsson.is\/index.php\/2024\/09\/11\/pall-saekir-um-reynslulausn-i-stora-kokainmalinu\/\" \/>\n<meta property=\"og:site_name\" content=\"Eir\u00edkur J\u00f3nsson\" \/>\n<meta property=\"article:published_time\" content=\"2024-09-11T13:45:24+00:00\" \/>\n<meta property=\"article:modified_time\" content=\"2024-09-11T13:47:43+00:00\" \/>\n<meta property=\"og:image\" content=\"https:\/\/eirikurjonsson.is\/wp-content\/uploads\/2024\/09\/PallJonsson.helena.cover_.jpg\" \/>\n\t<meta property=\"og:image:width\" content=\"617\" \/>\n\t<meta property=\"og:image:height\" content=\"527\" \/>\n\t<meta property=\"og:image:type\" content=\"image\/jpeg\" \/>\n<meta name=\"author\" content=\"eir\" \/>\n<meta name=\"twitter:card\" content=\"summary_large_image\" \/>\n<meta name=\"twitter:label1\" content=\"Written by\" \/>\n\t<meta name=\"twitter:data1\" content=\"eir\" \/>\n\t<meta name=\"twitter:label2\" content=\"Est. reading time\" \/>\n\t<meta name=\"twitter:data2\" content=\"1 minute\" \/>\n<script type=\"application\/ld+json\" class=\"yoast-schema-graph\">{\"@context\":\"https:\/\/schema.org\",\"@graph\":[{\"@type\":\"WebPage\",\"@id\":\"https:\/\/eirikurjonsson.is\/index.php\/2024\/09\/11\/pall-saekir-um-reynslulausn-i-stora-kokainmalinu\/\",\"url\":\"https:\/\/eirikurjonsson.is\/index.php\/2024\/09\/11\/pall-saekir-um-reynslulausn-i-stora-kokainmalinu\/\",\"name\":\"P\u00c1LL S\u00c6KIR UM REYNSLULAUSN \u00cd ST\u00d3RA K\u00d3KA\u00cdNM\u00c1LINU &#8211; Eir\u00edkur J\u00f3nsson\",\"isPartOf\":{\"@id\":\"https:\/\/eirikurjonsson.is\/#website\"},\"datePublished\":\"2024-09-11T13:45:24+00:00\",\"dateModified\":\"2024-09-11T13:47:43+00:00\",\"author\":{\"@id\":\"https:\/\/eirikurjonsson.is\/#\/schema\/person\/308afa1d0e201918034e31b1da4f07a5\"},\"breadcrumb\":{\"@id\":\"https:\/\/eirikurjonsson.is\/index.php\/2024\/09\/11\/pall-saekir-um-reynslulausn-i-stora-kokainmalinu\/#breadcrumb\"},\"inLanguage\":\"is\",\"potentialAction\":[{\"@type\":\"ReadAction\",\"target\":[\"https:\/\/eirikurjonsson.is\/index.php\/2024\/09\/11\/pall-saekir-um-reynslulausn-i-stora-kokainmalinu\/\"]}]},{\"@type\":\"BreadcrumbList\",\"@id\":\"https:\/\/eirikurjonsson.is\/index.php\/2024\/09\/11\/pall-saekir-um-reynslulausn-i-stora-kokainmalinu\/#breadcrumb\",\"itemListElement\":[{\"@type\":\"ListItem\",\"position\":1,\"name\":\"Home\",\"item\":\"https:\/\/eirikurjonsson.is\/\"},{\"@type\":\"ListItem\",\"position\":2,\"name\":\"P\u00c1LL S\u00c6KIR UM REYNSLULAUSN \u00cd ST\u00d3RA K\u00d3KA\u00cdNM\u00c1LINU\"}]},{\"@type\":\"WebSite\",\"@id\":\"https:\/\/eirikurjonsson.is\/#website\",\"url\":\"https:\/\/eirikurjonsson.is\/\",\"name\":\"Eir\u00edkur J\u00f3nsson\",\"description\":\"Eir\u00edkur J\u00f3nsson | EIR eirikurjonsson.is\",\"potentialAction\":[{\"@type\":\"SearchAction\",\"target\":{\"@type\":\"EntryPoint\",\"urlTemplate\":\"https:\/\/eirikurjonsson.is\/?s={search_term_string}\"},\"query-input\":\"required name=search_term_string\"}],\"inLanguage\":\"is\"},{\"@type\":\"Person\",\"@id\":\"https:\/\/eirikurjonsson.is\/#\/schema\/person\/308afa1d0e201918034e31b1da4f07a5\",\"name\":\"eir\",\"image\":{\"@type\":\"ImageObject\",\"inLanguage\":\"is\",\"@id\":\"https:\/\/eirikurjonsson.is\/#\/schema\/person\/image\/\",\"url\":\"https:\/\/secure.gravatar.com\/avatar\/b6748316a4400053a1fa9f4694b38d294dc5da6f4bacc727742bd8f3e689f87c?s=96&d=mm&r=g\",\"contentUrl\":\"https:\/\/secure.gravatar.com\/avatar\/b6748316a4400053a1fa9f4694b38d294dc5da6f4bacc727742bd8f3e689f87c?s=96&d=mm&r=g\",\"caption\":\"eir\"},\"url\":\"https:\/\/eirikurjonsson.is\/index.php\/author\/eir\/\"}]}<\/script>\n<!-- \/ Yoast SEO plugin. -->","yoast_head_json":{"title":"P\u00c1LL S\u00c6KIR UM REYNSLULAUSN \u00cd ST\u00d3RA K\u00d3KA\u00cdNM\u00c1LINU &#8211; Eir\u00edkur J\u00f3nsson","robots":{"index":"index","follow":"follow","max-snippet":"max-snippet:-1","max-image-preview":"max-image-preview:large","max-video-preview":"max-video-preview:-1"},"canonical":"https:\/\/eirikurjonsson.is\/index.php\/2024\/09\/11\/pall-saekir-um-reynslulausn-i-stora-kokainmalinu\/","og_locale":"is_IS","og_type":"article","og_title":"P\u00c1LL S\u00c6KIR UM REYNSLULAUSN \u00cd ST\u00d3RA K\u00d3KA\u00cdNM\u00c1LINU &#8211; Eir\u00edkur J\u00f3nsson","og_description":"&#8222;\u00c9g var a\u00f0 leggja inn ums\u00f3kn um reynslulausn, \u00e6tti a\u00f0 hafa g\u00f3\u00f0an m\u00f6guleika,&#8220; segir P\u00e1ll J\u00f3nsson har\u00f0vi\u00f0arsali sem hlaut \u00feyngsta d\u00f3minn \u00ed st\u00f3ra k\u00f3ka\u00ednm\u00e1linu (100 k\u00edl\u00f3) sem teyg\u00f0i anga s\u00edna fr\u00e1 Brasil\u00edu me\u00f0 vi\u00f0komu \u00ed Hollandi og handt\u00f6kum \u00e1 \u00cdslandi \u00fear sem P\u00e1ll hlaut \u00feyngsta d\u00f3minn, n\u00edu \u00e1r, \u00e1 me\u00f0an meintir samverkamenn hans og h\u00f6fu\u00f0paurar [&hellip;]","og_url":"https:\/\/eirikurjonsson.is\/index.php\/2024\/09\/11\/pall-saekir-um-reynslulausn-i-stora-kokainmalinu\/","og_site_name":"Eir\u00edkur J\u00f3nsson","article_published_time":"2024-09-11T13:45:24+00:00","article_modified_time":"2024-09-11T13:47:43+00:00","og_image":[{"width":617,"height":527,"url":"https:\/\/eirikurjonsson.is\/wp-content\/uploads\/2024\/09\/PallJonsson.helena.cover_.jpg","type":"image\/jpeg"}],"author":"eir","twitter_card":"summary_large_image","twitter_misc":{"Written by":"eir","Est. reading time":"1 minute"},"schema":{"@context":"https:\/\/schema.org","@graph":[{"@type":"WebPage","@id":"https:\/\/eirikurjonsson.is\/index.php\/2024\/09\/11\/pall-saekir-um-reynslulausn-i-stora-kokainmalinu\/","url":"https:\/\/eirikurjonsson.is\/index.php\/2024\/09\/11\/pall-saekir-um-reynslulausn-i-stora-kokainmalinu\/","name":"P\u00c1LL S\u00c6KIR UM REYNSLULAUSN \u00cd ST\u00d3RA K\u00d3KA\u00cdNM\u00c1LINU &#8211; Eir\u00edkur J\u00f3nsson","isPartOf":{"@id":"https:\/\/eirikurjonsson.is\/#website"},"datePublished":"2024-09-11T13:45:24+00:00","dateModified":"2024-09-11T13:47:43+00:00","author":{"@id":"https:\/\/eirikurjonsson.is\/#\/schema\/person\/308afa1d0e201918034e31b1da4f07a5"},"breadcrumb":{"@id":"https:\/\/eirikurjonsson.is\/index.php\/2024\/09\/11\/pall-saekir-um-reynslulausn-i-stora-kokainmalinu\/#breadcrumb"},"inLanguage":"is","potentialAction":[{"@type":"ReadAction","target":["https:\/\/eirikurjonsson.is\/index.php\/2024\/09\/11\/pall-saekir-um-reynslulausn-i-stora-kokainmalinu\/"]}]},{"@type":"BreadcrumbList","@id":"https:\/\/eirikurjonsson.is\/index.php\/2024\/09\/11\/pall-saekir-um-reynslulausn-i-stora-kokainmalinu\/#breadcrumb","itemListElement":[{"@type":"ListItem","position":1,"name":"Home","item":"https:\/\/eirikurjonsson.is\/"},{"@type":"ListItem","position":2,"name":"P\u00c1LL S\u00c6KIR UM REYNSLULAUSN \u00cd ST\u00d3RA K\u00d3KA\u00cdNM\u00c1LINU"}]},{"@type":"WebSite","@id":"https:\/\/eirikurjonsson.is\/#website","url":"https:\/\/eirikurjonsson.is\/","name":"Eir\u00edkur J\u00f3nsson","description":"Eir\u00edkur J\u00f3nsson | EIR eirikurjonsson.is","potentialAction":[{"@type":"SearchAction","target":{"@type":"EntryPoint","urlTemplate":"https:\/\/eirikurjonsson.is\/?s={search_term_string}"},"query-input":"required name=search_term_string"}],"inLanguage":"is"},{"@type":"Person","@id":"https:\/\/eirikurjonsson.is\/#\/schema\/person\/308afa1d0e201918034e31b1da4f07a5","name":"eir","image":{"@type":"ImageObject","inLanguage":"is","@id":"https:\/\/eirikurjonsson.is\/#\/schema\/person\/image\/","url":"https:\/\/secure.gravatar.com\/avatar\/b6748316a4400053a1fa9f4694b38d294dc5da6f4bacc727742bd8f3e689f87c?s=96&d=mm&r=g","contentUrl":"https:\/\/secure.gravatar.com\/avatar\/b6748316a4400053a1fa9f4694b38d294dc5da6f4bacc727742bd8f3e689f87c?s=96&d=mm&r=g","caption":"eir"},"url":"https:\/\/eirikurjonsson.is\/index.php\/author\/eir\/"}]}},"_links":{"self":[{"href":"https:\/\/eirikurjonsson.is\/index.php\/wp-json\/wp\/v2\/posts\/3370","targetHints":{"allow":["GET"]}}],"collection":[{"href":"https:\/\/eirikurjonsson.is\/index.php\/wp-json\/wp\/v2\/posts"}],"about":[{"href":"https:\/\/eirikurjonsson.is\/index.php\/wp-json\/wp\/v2\/types\/post"}],"author":[{"embeddable":true,"href":"https:\/\/eirikurjonsson.is\/index.php\/wp-json\/wp\/v2\/users\/2"}],"replies":[{"embeddable":true,"href":"https:\/\/eirikurjonsson.is\/index.php\/wp-json\/wp\/v2\/comments?post=3370"}],"version-history":[{"count":3,"href":"https:\/\/eirikurjonsson.is\/index.php\/wp-json\/wp\/v2\/posts\/3370\/revisions"}],"predecessor-version":[{"id":3374,"href":"https:\/\/eirikurjonsson.is\/index.php\/wp-json\/wp\/v2\/posts\/3370\/revisions\/3374"}],"wp:featuredmedia":[{"embeddable":true,"href":"https:\/\/eirikurjonsson.is\/index.php\/wp-json\/wp\/v2\/media\/3371"}],"wp:attachment":[{"href":"https:\/\/eirikurjonsson.is\/index.php\/wp-json\/wp\/v2\/media?parent=3370"}],"wp:term":[{"taxonomy":"category","embeddable":true,"href":"https:\/\/eirikurjonsson.is\/index.php\/wp-json\/wp\/v2\/categories?post=3370"},{"taxonomy":"post_tag","embeddable":true,"href":"https:\/\/eirikurjonsson.is\/index.php\/wp-json\/wp\/v2\/tags?post=3370"}],"curies":[{"name":"wp","href":"https:\/\/api.w.org\/{rel}","templated":true}]}}