{"id":3360,"date":"2024-09-10T16:05:49","date_gmt":"2024-09-10T16:05:49","guid":{"rendered":"https:\/\/eirikurjonsson.is\/?p=3360"},"modified":"2024-09-10T16:06:06","modified_gmt":"2024-09-10T16:06:06","slug":"bara-baldurs-67","status":"publish","type":"post","link":"https:\/\/eirikurjonsson.is\/index.php\/2024\/09\/10\/bara-baldurs-67\/","title":{"rendered":"B\u00c1RA BALDURS (67)"},"content":{"rendered":"<p>B\u00e1ra Baldursd\u00f3ttir, sagnfr\u00e6\u00f0ingur, rith\u00f6fundur og \u00e1\u00f0ur h\u00e1rgrei\u00f0slukona er afm\u00e6lisbarn dagsins (67). B\u00e1ra er h\u00f6fundur sagnfr\u00e6\u00f0iritanna Kynlegt str\u00ed\u00f0 &#8211; \u00c1standi\u00f0 \u00ed n\u00fdju lj\u00f3si, um samskipti \u00edslenskra kvenna og erlendra hermanna h\u00e9r \u00e1 landi \u00e1 sr\u00ed\u00f0s\u00e1runum og Krulla\u00f0 og klippt, saga h\u00e1ri\u00f0na\u00f0ar \u00e1 \u00cdslandi \u00fear sem \u00ed forgrunni\u00a0eru rakarastofan, gri\u00f0land karlmennskunnar, og h\u00e1rgrei\u00f0slustofan, sem var ver\u00f6ld kvenna, allt \u00fear til h\u00e1rsnyrtistofur n\u00fat\u00edmans leystu \u00fe\u00e6r af h\u00f3lmi sem vettvangur beggja kynja.<\/p>\n<div class=\"youtube-embed\" data-video_id=\"iiEFjoo5vYw\"><iframe loading=\"lazy\" title=\"\u00dea\u00f0 er draumur a\u00f0 vera me\u00f0 d\u00e1ta\" width=\"696\" height=\"522\" src=\"https:\/\/www.youtube.com\/embed\/iiEFjoo5vYw?feature=oembed&#038;enablejsapi=1\" frameborder=\"0\" allow=\"accelerometer; autoplay; clipboard-write; encrypted-media; gyroscope; picture-in-picture; web-share\" referrerpolicy=\"strict-origin-when-cross-origin\" allowfullscreen><\/iframe><\/div>\n","protected":false},"excerpt":{"rendered":"<p>B\u00e1ra Baldursd\u00f3ttir, sagnfr\u00e6\u00f0ingur, rith\u00f6fundur og \u00e1\u00f0ur h\u00e1rgrei\u00f0slukona er afm\u00e6lisbarn dagsins (67). B\u00e1ra er h\u00f6fundur sagnfr\u00e6\u00f0iritanna Kynlegt str\u00ed\u00f0 &#8211; \u00c1standi\u00f0 \u00ed n\u00fdju lj\u00f3si, um samskipti \u00edslenskra kvenna og erlendra hermanna h\u00e9r \u00e1 landi \u00e1 sr\u00ed\u00f0s\u00e1runum og Krulla\u00f0 og klippt, saga h\u00e1ri\u00f0na\u00f0ar \u00e1 \u00cdslandi \u00fear sem \u00ed forgrunni\u00a0eru rakarastofan, gri\u00f0land karlmennskunnar, og h\u00e1rgrei\u00f0slustofan, sem var ver\u00f6ld kvenna, [&hellip;]<\/p>\n","protected":false},"author":2,"featured_media":3361,"comment_status":"open","ping_status":"open","sticky":false,"template":"","format":"standard","meta":{"_monsterinsights_skip_tracking":false,"_monsterinsights_sitenote_active":false,"_monsterinsights_sitenote_note":"","_monsterinsights_sitenote_category":0,"footnotes":""},"categories":[32],"tags":[],"class_list":{"0":"post-3360","1":"post","2":"type-post","3":"status-publish","4":"format-standard","5":"has-post-thumbnail","7":"category-lag-dagsins"},"yoast_head":"<!-- This site is optimized with the Yoast SEO plugin v22.0 - https:\/\/yoast.com\/wordpress\/plugins\/seo\/ -->\n<title>B\u00c1RA BALDURS (67) &#8211; Eir\u00edkur J\u00f3nsson<\/title>\n<meta name=\"robots\" content=\"index, follow, max-snippet:-1, max-image-preview:large, max-video-preview:-1\" \/>\n<link rel=\"canonical\" href=\"https:\/\/eirikurjonsson.is\/index.php\/2024\/09\/10\/bara-baldurs-67\/\" \/>\n<meta property=\"og:locale\" content=\"is_IS\" \/>\n<meta property=\"og:type\" content=\"article\" \/>\n<meta property=\"og:title\" content=\"B\u00c1RA BALDURS (67) &#8211; Eir\u00edkur J\u00f3nsson\" \/>\n<meta property=\"og:description\" content=\"B\u00e1ra Baldursd\u00f3ttir, sagnfr\u00e6\u00f0ingur, rith\u00f6fundur og \u00e1\u00f0ur h\u00e1rgrei\u00f0slukona er afm\u00e6lisbarn dagsins (67). B\u00e1ra er h\u00f6fundur sagnfr\u00e6\u00f0iritanna Kynlegt str\u00ed\u00f0 &#8211; \u00c1standi\u00f0 \u00ed n\u00fdju lj\u00f3si, um samskipti \u00edslenskra kvenna og erlendra hermanna h\u00e9r \u00e1 landi \u00e1 sr\u00ed\u00f0s\u00e1runum og Krulla\u00f0 og klippt, saga h\u00e1ri\u00f0na\u00f0ar \u00e1 \u00cdslandi \u00fear sem \u00ed forgrunni\u00a0eru rakarastofan, gri\u00f0land karlmennskunnar, og h\u00e1rgrei\u00f0slustofan, sem var ver\u00f6ld kvenna, [&hellip;]\" \/>\n<meta property=\"og:url\" content=\"https:\/\/eirikurjonsson.is\/index.php\/2024\/09\/10\/bara-baldurs-67\/\" \/>\n<meta property=\"og:site_name\" content=\"Eir\u00edkur J\u00f3nsson\" \/>\n<meta property=\"article:published_time\" content=\"2024-09-10T16:05:49+00:00\" \/>\n<meta property=\"article:modified_time\" content=\"2024-09-10T16:06:06+00:00\" \/>\n<meta property=\"og:image\" content=\"https:\/\/eirikurjonsson.is\/wp-content\/uploads\/2024\/09\/bara.jpg\" \/>\n\t<meta property=\"og:image:width\" content=\"512\" \/>\n\t<meta property=\"og:image:height\" content=\"611\" \/>\n\t<meta property=\"og:image:type\" content=\"image\/jpeg\" \/>\n<meta name=\"author\" content=\"eir\" \/>\n<meta name=\"twitter:card\" content=\"summary_large_image\" \/>\n<meta name=\"twitter:label1\" content=\"Written by\" \/>\n\t<meta name=\"twitter:data1\" content=\"eir\" \/>\n\t<meta name=\"twitter:label2\" content=\"Est. reading time\" \/>\n\t<meta name=\"twitter:data2\" content=\"1 minute\" \/>\n<script type=\"application\/ld+json\" class=\"yoast-schema-graph\">{\"@context\":\"https:\/\/schema.org\",\"@graph\":[{\"@type\":\"WebPage\",\"@id\":\"https:\/\/eirikurjonsson.is\/index.php\/2024\/09\/10\/bara-baldurs-67\/\",\"url\":\"https:\/\/eirikurjonsson.is\/index.php\/2024\/09\/10\/bara-baldurs-67\/\",\"name\":\"B\u00c1RA BALDURS (67) &#8211; Eir\u00edkur J\u00f3nsson\",\"isPartOf\":{\"@id\":\"https:\/\/eirikurjonsson.is\/#website\"},\"datePublished\":\"2024-09-10T16:05:49+00:00\",\"dateModified\":\"2024-09-10T16:06:06+00:00\",\"author\":{\"@id\":\"https:\/\/eirikurjonsson.is\/#\/schema\/person\/308afa1d0e201918034e31b1da4f07a5\"},\"breadcrumb\":{\"@id\":\"https:\/\/eirikurjonsson.is\/index.php\/2024\/09\/10\/bara-baldurs-67\/#breadcrumb\"},\"inLanguage\":\"is\",\"potentialAction\":[{\"@type\":\"ReadAction\",\"target\":[\"https:\/\/eirikurjonsson.is\/index.php\/2024\/09\/10\/bara-baldurs-67\/\"]}]},{\"@type\":\"BreadcrumbList\",\"@id\":\"https:\/\/eirikurjonsson.is\/index.php\/2024\/09\/10\/bara-baldurs-67\/#breadcrumb\",\"itemListElement\":[{\"@type\":\"ListItem\",\"position\":1,\"name\":\"Home\",\"item\":\"https:\/\/eirikurjonsson.is\/\"},{\"@type\":\"ListItem\",\"position\":2,\"name\":\"B\u00c1RA BALDURS (67)\"}]},{\"@type\":\"WebSite\",\"@id\":\"https:\/\/eirikurjonsson.is\/#website\",\"url\":\"https:\/\/eirikurjonsson.is\/\",\"name\":\"Eir\u00edkur J\u00f3nsson\",\"description\":\"Eir\u00edkur J\u00f3nsson | EIR eirikurjonsson.is\",\"potentialAction\":[{\"@type\":\"SearchAction\",\"target\":{\"@type\":\"EntryPoint\",\"urlTemplate\":\"https:\/\/eirikurjonsson.is\/?s={search_term_string}\"},\"query-input\":\"required name=search_term_string\"}],\"inLanguage\":\"is\"},{\"@type\":\"Person\",\"@id\":\"https:\/\/eirikurjonsson.is\/#\/schema\/person\/308afa1d0e201918034e31b1da4f07a5\",\"name\":\"eir\",\"image\":{\"@type\":\"ImageObject\",\"inLanguage\":\"is\",\"@id\":\"https:\/\/eirikurjonsson.is\/#\/schema\/person\/image\/\",\"url\":\"https:\/\/secure.gravatar.com\/avatar\/b6748316a4400053a1fa9f4694b38d294dc5da6f4bacc727742bd8f3e689f87c?s=96&d=mm&r=g\",\"contentUrl\":\"https:\/\/secure.gravatar.com\/avatar\/b6748316a4400053a1fa9f4694b38d294dc5da6f4bacc727742bd8f3e689f87c?s=96&d=mm&r=g\",\"caption\":\"eir\"},\"url\":\"https:\/\/eirikurjonsson.is\/index.php\/author\/eir\/\"}]}<\/script>\n<!-- \/ Yoast SEO plugin. -->","yoast_head_json":{"title":"B\u00c1RA BALDURS (67) &#8211; Eir\u00edkur J\u00f3nsson","robots":{"index":"index","follow":"follow","max-snippet":"max-snippet:-1","max-image-preview":"max-image-preview:large","max-video-preview":"max-video-preview:-1"},"canonical":"https:\/\/eirikurjonsson.is\/index.php\/2024\/09\/10\/bara-baldurs-67\/","og_locale":"is_IS","og_type":"article","og_title":"B\u00c1RA BALDURS (67) &#8211; Eir\u00edkur J\u00f3nsson","og_description":"B\u00e1ra Baldursd\u00f3ttir, sagnfr\u00e6\u00f0ingur, rith\u00f6fundur og \u00e1\u00f0ur h\u00e1rgrei\u00f0slukona er afm\u00e6lisbarn dagsins (67). B\u00e1ra er h\u00f6fundur sagnfr\u00e6\u00f0iritanna Kynlegt str\u00ed\u00f0 &#8211; \u00c1standi\u00f0 \u00ed n\u00fdju lj\u00f3si, um samskipti \u00edslenskra kvenna og erlendra hermanna h\u00e9r \u00e1 landi \u00e1 sr\u00ed\u00f0s\u00e1runum og Krulla\u00f0 og klippt, saga h\u00e1ri\u00f0na\u00f0ar \u00e1 \u00cdslandi \u00fear sem \u00ed forgrunni\u00a0eru rakarastofan, gri\u00f0land karlmennskunnar, og h\u00e1rgrei\u00f0slustofan, sem var ver\u00f6ld kvenna, [&hellip;]","og_url":"https:\/\/eirikurjonsson.is\/index.php\/2024\/09\/10\/bara-baldurs-67\/","og_site_name":"Eir\u00edkur J\u00f3nsson","article_published_time":"2024-09-10T16:05:49+00:00","article_modified_time":"2024-09-10T16:06:06+00:00","og_image":[{"width":512,"height":611,"url":"https:\/\/eirikurjonsson.is\/wp-content\/uploads\/2024\/09\/bara.jpg","type":"image\/jpeg"}],"author":"eir","twitter_card":"summary_large_image","twitter_misc":{"Written by":"eir","Est. reading time":"1 minute"},"schema":{"@context":"https:\/\/schema.org","@graph":[{"@type":"WebPage","@id":"https:\/\/eirikurjonsson.is\/index.php\/2024\/09\/10\/bara-baldurs-67\/","url":"https:\/\/eirikurjonsson.is\/index.php\/2024\/09\/10\/bara-baldurs-67\/","name":"B\u00c1RA BALDURS (67) &#8211; Eir\u00edkur J\u00f3nsson","isPartOf":{"@id":"https:\/\/eirikurjonsson.is\/#website"},"datePublished":"2024-09-10T16:05:49+00:00","dateModified":"2024-09-10T16:06:06+00:00","author":{"@id":"https:\/\/eirikurjonsson.is\/#\/schema\/person\/308afa1d0e201918034e31b1da4f07a5"},"breadcrumb":{"@id":"https:\/\/eirikurjonsson.is\/index.php\/2024\/09\/10\/bara-baldurs-67\/#breadcrumb"},"inLanguage":"is","potentialAction":[{"@type":"ReadAction","target":["https:\/\/eirikurjonsson.is\/index.php\/2024\/09\/10\/bara-baldurs-67\/"]}]},{"@type":"BreadcrumbList","@id":"https:\/\/eirikurjonsson.is\/index.php\/2024\/09\/10\/bara-baldurs-67\/#breadcrumb","itemListElement":[{"@type":"ListItem","position":1,"name":"Home","item":"https:\/\/eirikurjonsson.is\/"},{"@type":"ListItem","position":2,"name":"B\u00c1RA BALDURS (67)"}]},{"@type":"WebSite","@id":"https:\/\/eirikurjonsson.is\/#website","url":"https:\/\/eirikurjonsson.is\/","name":"Eir\u00edkur J\u00f3nsson","description":"Eir\u00edkur J\u00f3nsson | EIR eirikurjonsson.is","potentialAction":[{"@type":"SearchAction","target":{"@type":"EntryPoint","urlTemplate":"https:\/\/eirikurjonsson.is\/?s={search_term_string}"},"query-input":"required name=search_term_string"}],"inLanguage":"is"},{"@type":"Person","@id":"https:\/\/eirikurjonsson.is\/#\/schema\/person\/308afa1d0e201918034e31b1da4f07a5","name":"eir","image":{"@type":"ImageObject","inLanguage":"is","@id":"https:\/\/eirikurjonsson.is\/#\/schema\/person\/image\/","url":"https:\/\/secure.gravatar.com\/avatar\/b6748316a4400053a1fa9f4694b38d294dc5da6f4bacc727742bd8f3e689f87c?s=96&d=mm&r=g","contentUrl":"https:\/\/secure.gravatar.com\/avatar\/b6748316a4400053a1fa9f4694b38d294dc5da6f4bacc727742bd8f3e689f87c?s=96&d=mm&r=g","caption":"eir"},"url":"https:\/\/eirikurjonsson.is\/index.php\/author\/eir\/"}]}},"_links":{"self":[{"href":"https:\/\/eirikurjonsson.is\/index.php\/wp-json\/wp\/v2\/posts\/3360","targetHints":{"allow":["GET"]}}],"collection":[{"href":"https:\/\/eirikurjonsson.is\/index.php\/wp-json\/wp\/v2\/posts"}],"about":[{"href":"https:\/\/eirikurjonsson.is\/index.php\/wp-json\/wp\/v2\/types\/post"}],"author":[{"embeddable":true,"href":"https:\/\/eirikurjonsson.is\/index.php\/wp-json\/wp\/v2\/users\/2"}],"replies":[{"embeddable":true,"href":"https:\/\/eirikurjonsson.is\/index.php\/wp-json\/wp\/v2\/comments?post=3360"}],"version-history":[{"count":2,"href":"https:\/\/eirikurjonsson.is\/index.php\/wp-json\/wp\/v2\/posts\/3360\/revisions"}],"predecessor-version":[{"id":3363,"href":"https:\/\/eirikurjonsson.is\/index.php\/wp-json\/wp\/v2\/posts\/3360\/revisions\/3363"}],"wp:featuredmedia":[{"embeddable":true,"href":"https:\/\/eirikurjonsson.is\/index.php\/wp-json\/wp\/v2\/media\/3361"}],"wp:attachment":[{"href":"https:\/\/eirikurjonsson.is\/index.php\/wp-json\/wp\/v2\/media?parent=3360"}],"wp:term":[{"taxonomy":"category","embeddable":true,"href":"https:\/\/eirikurjonsson.is\/index.php\/wp-json\/wp\/v2\/categories?post=3360"},{"taxonomy":"post_tag","embeddable":true,"href":"https:\/\/eirikurjonsson.is\/index.php\/wp-json\/wp\/v2\/tags?post=3360"}],"curies":[{"name":"wp","href":"https:\/\/api.w.org\/{rel}","templated":true}]}}