{"id":3295,"date":"2024-09-02T12:09:41","date_gmt":"2024-09-02T12:09:41","guid":{"rendered":"https:\/\/eirikurjonsson.is\/?p=3295"},"modified":"2024-09-02T12:10:26","modified_gmt":"2024-09-02T12:10:26","slug":"born-hengd-upp-i-farangursgeymslu-i-flugferdum","status":"publish","type":"post","link":"https:\/\/eirikurjonsson.is\/index.php\/2024\/09\/02\/born-hengd-upp-i-farangursgeymslu-i-flugferdum\/","title":{"rendered":"B\u00d6RN HENGD UPP \u00cd FARANGURSGEYMSLU \u00cd FLUGFER\u00d0UM"},"content":{"rendered":"<p>Svona var fer\u00f0ast me\u00f0 b\u00f6rn \u00ed flugv\u00e9lum \u00e1 sj\u00f6unda \u00e1ratugnum. Fest upp \u00ed s\u00e9rhanna\u00f0ri koju \u00ed farangursgeymslu yfir far\u00feegum. Flugfreyja hugar a\u00f0 barni \u00e1 me\u00f0an m\u00f3\u00f0irinn l\u00edtur upp \u00far s\u00e6ti s\u00ednu me\u00f0 \u00f3r\u00e6\u00f0an svip og karlarnir slaka \u00e1. \u00dearna var hugsa\u00f0 \u00ed lausnum.<\/p>\n","protected":false},"excerpt":{"rendered":"<p>Svona var fer\u00f0ast me\u00f0 b\u00f6rn \u00ed flugv\u00e9lum \u00e1 sj\u00f6unda \u00e1ratugnum. Fest upp \u00ed s\u00e9rhanna\u00f0ri koju \u00ed farangursgeymslu yfir far\u00feegum. Flugfreyja hugar a\u00f0 barni \u00e1 me\u00f0an m\u00f3\u00f0irinn l\u00edtur upp \u00far s\u00e6ti s\u00ednu me\u00f0 \u00f3r\u00e6\u00f0an svip og karlarnir slaka \u00e1. \u00dearna var hugsa\u00f0 \u00ed lausnum.<\/p>\n","protected":false},"author":2,"featured_media":3297,"comment_status":"open","ping_status":"open","sticky":false,"template":"","format":"standard","meta":{"_monsterinsights_skip_tracking":false,"_monsterinsights_sitenote_active":false,"_monsterinsights_sitenote_note":"","_monsterinsights_sitenote_category":0,"footnotes":""},"categories":[31],"tags":[],"class_list":{"0":"post-3295","1":"post","2":"type-post","3":"status-publish","4":"format-standard","5":"has-post-thumbnail","7":"category-greinar"},"yoast_head":"<!-- This site is optimized with the Yoast SEO plugin v22.0 - https:\/\/yoast.com\/wordpress\/plugins\/seo\/ -->\n<title>B\u00d6RN HENGD UPP \u00cd FARANGURSGEYMSLU \u00cd FLUGFER\u00d0UM &#8211; Eir\u00edkur J\u00f3nsson<\/title>\n<meta name=\"robots\" content=\"index, follow, max-snippet:-1, max-image-preview:large, max-video-preview:-1\" \/>\n<link rel=\"canonical\" href=\"https:\/\/eirikurjonsson.is\/index.php\/2024\/09\/02\/born-hengd-upp-i-farangursgeymslu-i-flugferdum\/\" \/>\n<meta property=\"og:locale\" content=\"is_IS\" \/>\n<meta property=\"og:type\" content=\"article\" \/>\n<meta property=\"og:title\" content=\"B\u00d6RN HENGD UPP \u00cd FARANGURSGEYMSLU \u00cd FLUGFER\u00d0UM &#8211; Eir\u00edkur J\u00f3nsson\" \/>\n<meta property=\"og:description\" content=\"Svona var fer\u00f0ast me\u00f0 b\u00f6rn \u00ed flugv\u00e9lum \u00e1 sj\u00f6unda \u00e1ratugnum. Fest upp \u00ed s\u00e9rhanna\u00f0ri koju \u00ed farangursgeymslu yfir far\u00feegum. Flugfreyja hugar a\u00f0 barni \u00e1 me\u00f0an m\u00f3\u00f0irinn l\u00edtur upp \u00far s\u00e6ti s\u00ednu me\u00f0 \u00f3r\u00e6\u00f0an svip og karlarnir slaka \u00e1. \u00dearna var hugsa\u00f0 \u00ed lausnum.\" \/>\n<meta property=\"og:url\" content=\"https:\/\/eirikurjonsson.is\/index.php\/2024\/09\/02\/born-hengd-upp-i-farangursgeymslu-i-flugferdum\/\" \/>\n<meta property=\"og:site_name\" content=\"Eir\u00edkur J\u00f3nsson\" \/>\n<meta property=\"article:published_time\" content=\"2024-09-02T12:09:41+00:00\" \/>\n<meta property=\"article:modified_time\" content=\"2024-09-02T12:10:26+00:00\" \/>\n<meta property=\"og:image\" content=\"https:\/\/eirikurjonsson.is\/wp-content\/uploads\/2024\/09\/barn-i-vel.jpg\" \/>\n\t<meta property=\"og:image:width\" content=\"960\" \/>\n\t<meta property=\"og:image:height\" content=\"720\" \/>\n\t<meta property=\"og:image:type\" content=\"image\/jpeg\" \/>\n<meta name=\"author\" content=\"eir\" \/>\n<meta name=\"twitter:card\" content=\"summary_large_image\" \/>\n<meta name=\"twitter:label1\" content=\"Written by\" \/>\n\t<meta name=\"twitter:data1\" content=\"eir\" \/>\n\t<meta name=\"twitter:label2\" content=\"Est. reading time\" \/>\n\t<meta name=\"twitter:data2\" content=\"1 minute\" \/>\n<script type=\"application\/ld+json\" class=\"yoast-schema-graph\">{\"@context\":\"https:\/\/schema.org\",\"@graph\":[{\"@type\":\"WebPage\",\"@id\":\"https:\/\/eirikurjonsson.is\/index.php\/2024\/09\/02\/born-hengd-upp-i-farangursgeymslu-i-flugferdum\/\",\"url\":\"https:\/\/eirikurjonsson.is\/index.php\/2024\/09\/02\/born-hengd-upp-i-farangursgeymslu-i-flugferdum\/\",\"name\":\"B\u00d6RN HENGD UPP \u00cd FARANGURSGEYMSLU \u00cd FLUGFER\u00d0UM &#8211; Eir\u00edkur J\u00f3nsson\",\"isPartOf\":{\"@id\":\"https:\/\/eirikurjonsson.is\/#website\"},\"datePublished\":\"2024-09-02T12:09:41+00:00\",\"dateModified\":\"2024-09-02T12:10:26+00:00\",\"author\":{\"@id\":\"https:\/\/eirikurjonsson.is\/#\/schema\/person\/308afa1d0e201918034e31b1da4f07a5\"},\"breadcrumb\":{\"@id\":\"https:\/\/eirikurjonsson.is\/index.php\/2024\/09\/02\/born-hengd-upp-i-farangursgeymslu-i-flugferdum\/#breadcrumb\"},\"inLanguage\":\"is\",\"potentialAction\":[{\"@type\":\"ReadAction\",\"target\":[\"https:\/\/eirikurjonsson.is\/index.php\/2024\/09\/02\/born-hengd-upp-i-farangursgeymslu-i-flugferdum\/\"]}]},{\"@type\":\"BreadcrumbList\",\"@id\":\"https:\/\/eirikurjonsson.is\/index.php\/2024\/09\/02\/born-hengd-upp-i-farangursgeymslu-i-flugferdum\/#breadcrumb\",\"itemListElement\":[{\"@type\":\"ListItem\",\"position\":1,\"name\":\"Home\",\"item\":\"https:\/\/eirikurjonsson.is\/\"},{\"@type\":\"ListItem\",\"position\":2,\"name\":\"B\u00d6RN HENGD UPP \u00cd FARANGURSGEYMSLU \u00cd FLUGFER\u00d0UM\"}]},{\"@type\":\"WebSite\",\"@id\":\"https:\/\/eirikurjonsson.is\/#website\",\"url\":\"https:\/\/eirikurjonsson.is\/\",\"name\":\"Eir\u00edkur J\u00f3nsson\",\"description\":\"Eir\u00edkur J\u00f3nsson | EIR eirikurjonsson.is\",\"potentialAction\":[{\"@type\":\"SearchAction\",\"target\":{\"@type\":\"EntryPoint\",\"urlTemplate\":\"https:\/\/eirikurjonsson.is\/?s={search_term_string}\"},\"query-input\":\"required name=search_term_string\"}],\"inLanguage\":\"is\"},{\"@type\":\"Person\",\"@id\":\"https:\/\/eirikurjonsson.is\/#\/schema\/person\/308afa1d0e201918034e31b1da4f07a5\",\"name\":\"eir\",\"image\":{\"@type\":\"ImageObject\",\"inLanguage\":\"is\",\"@id\":\"https:\/\/eirikurjonsson.is\/#\/schema\/person\/image\/\",\"url\":\"https:\/\/secure.gravatar.com\/avatar\/b6748316a4400053a1fa9f4694b38d294dc5da6f4bacc727742bd8f3e689f87c?s=96&d=mm&r=g\",\"contentUrl\":\"https:\/\/secure.gravatar.com\/avatar\/b6748316a4400053a1fa9f4694b38d294dc5da6f4bacc727742bd8f3e689f87c?s=96&d=mm&r=g\",\"caption\":\"eir\"},\"url\":\"https:\/\/eirikurjonsson.is\/index.php\/author\/eir\/\"}]}<\/script>\n<!-- \/ Yoast SEO plugin. -->","yoast_head_json":{"title":"B\u00d6RN HENGD UPP \u00cd FARANGURSGEYMSLU \u00cd FLUGFER\u00d0UM &#8211; Eir\u00edkur J\u00f3nsson","robots":{"index":"index","follow":"follow","max-snippet":"max-snippet:-1","max-image-preview":"max-image-preview:large","max-video-preview":"max-video-preview:-1"},"canonical":"https:\/\/eirikurjonsson.is\/index.php\/2024\/09\/02\/born-hengd-upp-i-farangursgeymslu-i-flugferdum\/","og_locale":"is_IS","og_type":"article","og_title":"B\u00d6RN HENGD UPP \u00cd FARANGURSGEYMSLU \u00cd FLUGFER\u00d0UM &#8211; Eir\u00edkur J\u00f3nsson","og_description":"Svona var fer\u00f0ast me\u00f0 b\u00f6rn \u00ed flugv\u00e9lum \u00e1 sj\u00f6unda \u00e1ratugnum. Fest upp \u00ed s\u00e9rhanna\u00f0ri koju \u00ed farangursgeymslu yfir far\u00feegum. Flugfreyja hugar a\u00f0 barni \u00e1 me\u00f0an m\u00f3\u00f0irinn l\u00edtur upp \u00far s\u00e6ti s\u00ednu me\u00f0 \u00f3r\u00e6\u00f0an svip og karlarnir slaka \u00e1. \u00dearna var hugsa\u00f0 \u00ed lausnum.","og_url":"https:\/\/eirikurjonsson.is\/index.php\/2024\/09\/02\/born-hengd-upp-i-farangursgeymslu-i-flugferdum\/","og_site_name":"Eir\u00edkur J\u00f3nsson","article_published_time":"2024-09-02T12:09:41+00:00","article_modified_time":"2024-09-02T12:10:26+00:00","og_image":[{"width":960,"height":720,"url":"https:\/\/eirikurjonsson.is\/wp-content\/uploads\/2024\/09\/barn-i-vel.jpg","type":"image\/jpeg"}],"author":"eir","twitter_card":"summary_large_image","twitter_misc":{"Written by":"eir","Est. reading time":"1 minute"},"schema":{"@context":"https:\/\/schema.org","@graph":[{"@type":"WebPage","@id":"https:\/\/eirikurjonsson.is\/index.php\/2024\/09\/02\/born-hengd-upp-i-farangursgeymslu-i-flugferdum\/","url":"https:\/\/eirikurjonsson.is\/index.php\/2024\/09\/02\/born-hengd-upp-i-farangursgeymslu-i-flugferdum\/","name":"B\u00d6RN HENGD UPP \u00cd FARANGURSGEYMSLU \u00cd FLUGFER\u00d0UM &#8211; Eir\u00edkur J\u00f3nsson","isPartOf":{"@id":"https:\/\/eirikurjonsson.is\/#website"},"datePublished":"2024-09-02T12:09:41+00:00","dateModified":"2024-09-02T12:10:26+00:00","author":{"@id":"https:\/\/eirikurjonsson.is\/#\/schema\/person\/308afa1d0e201918034e31b1da4f07a5"},"breadcrumb":{"@id":"https:\/\/eirikurjonsson.is\/index.php\/2024\/09\/02\/born-hengd-upp-i-farangursgeymslu-i-flugferdum\/#breadcrumb"},"inLanguage":"is","potentialAction":[{"@type":"ReadAction","target":["https:\/\/eirikurjonsson.is\/index.php\/2024\/09\/02\/born-hengd-upp-i-farangursgeymslu-i-flugferdum\/"]}]},{"@type":"BreadcrumbList","@id":"https:\/\/eirikurjonsson.is\/index.php\/2024\/09\/02\/born-hengd-upp-i-farangursgeymslu-i-flugferdum\/#breadcrumb","itemListElement":[{"@type":"ListItem","position":1,"name":"Home","item":"https:\/\/eirikurjonsson.is\/"},{"@type":"ListItem","position":2,"name":"B\u00d6RN HENGD UPP \u00cd FARANGURSGEYMSLU \u00cd FLUGFER\u00d0UM"}]},{"@type":"WebSite","@id":"https:\/\/eirikurjonsson.is\/#website","url":"https:\/\/eirikurjonsson.is\/","name":"Eir\u00edkur J\u00f3nsson","description":"Eir\u00edkur J\u00f3nsson | EIR eirikurjonsson.is","potentialAction":[{"@type":"SearchAction","target":{"@type":"EntryPoint","urlTemplate":"https:\/\/eirikurjonsson.is\/?s={search_term_string}"},"query-input":"required name=search_term_string"}],"inLanguage":"is"},{"@type":"Person","@id":"https:\/\/eirikurjonsson.is\/#\/schema\/person\/308afa1d0e201918034e31b1da4f07a5","name":"eir","image":{"@type":"ImageObject","inLanguage":"is","@id":"https:\/\/eirikurjonsson.is\/#\/schema\/person\/image\/","url":"https:\/\/secure.gravatar.com\/avatar\/b6748316a4400053a1fa9f4694b38d294dc5da6f4bacc727742bd8f3e689f87c?s=96&d=mm&r=g","contentUrl":"https:\/\/secure.gravatar.com\/avatar\/b6748316a4400053a1fa9f4694b38d294dc5da6f4bacc727742bd8f3e689f87c?s=96&d=mm&r=g","caption":"eir"},"url":"https:\/\/eirikurjonsson.is\/index.php\/author\/eir\/"}]}},"_links":{"self":[{"href":"https:\/\/eirikurjonsson.is\/index.php\/wp-json\/wp\/v2\/posts\/3295","targetHints":{"allow":["GET"]}}],"collection":[{"href":"https:\/\/eirikurjonsson.is\/index.php\/wp-json\/wp\/v2\/posts"}],"about":[{"href":"https:\/\/eirikurjonsson.is\/index.php\/wp-json\/wp\/v2\/types\/post"}],"author":[{"embeddable":true,"href":"https:\/\/eirikurjonsson.is\/index.php\/wp-json\/wp\/v2\/users\/2"}],"replies":[{"embeddable":true,"href":"https:\/\/eirikurjonsson.is\/index.php\/wp-json\/wp\/v2\/comments?post=3295"}],"version-history":[{"count":1,"href":"https:\/\/eirikurjonsson.is\/index.php\/wp-json\/wp\/v2\/posts\/3295\/revisions"}],"predecessor-version":[{"id":3296,"href":"https:\/\/eirikurjonsson.is\/index.php\/wp-json\/wp\/v2\/posts\/3295\/revisions\/3296"}],"wp:featuredmedia":[{"embeddable":true,"href":"https:\/\/eirikurjonsson.is\/index.php\/wp-json\/wp\/v2\/media\/3297"}],"wp:attachment":[{"href":"https:\/\/eirikurjonsson.is\/index.php\/wp-json\/wp\/v2\/media?parent=3295"}],"wp:term":[{"taxonomy":"category","embeddable":true,"href":"https:\/\/eirikurjonsson.is\/index.php\/wp-json\/wp\/v2\/categories?post=3295"},{"taxonomy":"post_tag","embeddable":true,"href":"https:\/\/eirikurjonsson.is\/index.php\/wp-json\/wp\/v2\/tags?post=3295"}],"curies":[{"name":"wp","href":"https:\/\/api.w.org\/{rel}","templated":true}]}}