{"id":3288,"date":"2024-08-31T14:18:03","date_gmt":"2024-08-31T14:18:03","guid":{"rendered":"https:\/\/eirikurjonsson.is\/?p=3288"},"modified":"2024-08-31T14:19:34","modified_gmt":"2024-08-31T14:19:34","slug":"fridarsulan-finpussud","status":"publish","type":"post","link":"https:\/\/eirikurjonsson.is\/index.php\/2024\/08\/31\/fridarsulan-finpussud\/","title":{"rendered":"FRI\u00d0ARS\u00daLAN F\u00cdNP\u00daSSU\u00d0"},"content":{"rendered":"<p style=\"text-align: center;\">Reykjav\u00edkurborg tilkynnir:<\/p>\n<p style=\"text-align: center;\">&#8211;<\/p>\n<p><em>Framkv\u00e6mdir vi\u00f0 endurb\u00e6tur \u00e1 Fri\u00f0ars\u00falunni \u00ed Vi\u00f0ey eru hafnar. \u00de\u00e6r ganga samkv\u00e6mt \u00e1\u00e6tlun og \u00e1 \u00feeim a\u00f0 lj\u00faka \u00e1\u00f0ur en s\u00falan ver\u00f0ur tendru\u00f0, \u00feann 9. okt\u00f3ber n\u00e6stkomandi.<\/em><\/p>\n<div>\n<div class=\"paragraph-type-text section-0\">\n<div id=\"section-3207603\">\n<p><em>Alllengi hefur legi\u00f0 fyrir a\u00f0 r\u00e1\u00f0ast \u00feurfi \u00ed endurb\u00e6tur \u00e1 Fri\u00f0ars\u00falu Yoko Ono \u00ed Vi\u00f0ey. Verkefni\u00f0 er \u00ed meginatri\u00f0um tv\u00ed\u00fe\u00e6tt, annars vegar endurb\u00e6tur og uppf\u00e6rslur \u00e1 t\u00e6knib\u00fana\u00f0i og hins vegar lagf\u00e6ringar \u00e1 \u201e\u00f3skabrunni\u201c sem lj\u00f3ss\u00falan r\u00eds upp \u00far og palli umhverfis brunninn sem \u00feakinn er \u00ferenns konar \u00edslensku grj\u00f3ti.<\/em><\/p>\n<p><em>\u00cd kj\u00f6lfar ver\u00f0- og h\u00e6fnik\u00f6nnunar var sami\u00f0 um sm\u00ed\u00f0i og uppsetningu t\u00e6knib\u00fana\u00f0ar vi\u00f0 \u00edtalska framlei\u00f0endur sem komu a\u00f0 sm\u00ed\u00f0i og uppsetningu t\u00e6knib\u00fana\u00f0arins \u00ed upphafi. B\u00fana\u00f0ur var fluttur til landsins \u00ed sumar og \u00fat \u00ed Vi\u00f0ey 23. j\u00fal\u00ed, \u00fear sem t\u00e6knimenn fr\u00e1 fyrirt\u00e6kinu unnu a\u00f0 uppsetningu fram \u00ed \u00e1g\u00fast. Vinnan gekk samkv\u00e6mt \u00e1\u00e6tlun og hefur b\u00fana\u00f0ur veri\u00f0 pr\u00f3fa\u00f0ur og virkar vel. Fyrir liggur a\u00f0 f\u00ednstilla geislann \u00ed lok september og ver\u00f0ur s\u00fa vinna unnin af t\u00e6knim\u00f6nnum safnsins. Vi\u00f0ger\u00f0 \u00e1 steinl\u00f6gn hefst \u00e1 n\u00e6stu d\u00f6gum og \u00e1 henni a\u00f0 lj\u00faka fyrir tendrun \u00feann 9. okt\u00f3ber.<\/em><\/p>\n<\/div>\n<\/div>\n<\/div>\n","protected":false},"excerpt":{"rendered":"<p>Reykjav\u00edkurborg tilkynnir: &#8211; Framkv\u00e6mdir vi\u00f0 endurb\u00e6tur \u00e1 Fri\u00f0ars\u00falunni \u00ed Vi\u00f0ey eru hafnar. \u00de\u00e6r ganga samkv\u00e6mt \u00e1\u00e6tlun og \u00e1 \u00feeim a\u00f0 lj\u00faka \u00e1\u00f0ur en s\u00falan ver\u00f0ur tendru\u00f0, \u00feann 9. okt\u00f3ber n\u00e6stkomandi. Alllengi hefur legi\u00f0 fyrir a\u00f0 r\u00e1\u00f0ast \u00feurfi \u00ed endurb\u00e6tur \u00e1 Fri\u00f0ars\u00falu Yoko Ono \u00ed Vi\u00f0ey. Verkefni\u00f0 er \u00ed meginatri\u00f0um tv\u00ed\u00fe\u00e6tt, annars vegar endurb\u00e6tur og uppf\u00e6rslur [&hellip;]<\/p>\n","protected":false},"author":2,"featured_media":3290,"comment_status":"open","ping_status":"open","sticky":false,"template":"","format":"standard","meta":{"_monsterinsights_skip_tracking":false,"_monsterinsights_sitenote_active":false,"_monsterinsights_sitenote_note":"","_monsterinsights_sitenote_category":0,"footnotes":""},"categories":[31],"tags":[],"class_list":{"0":"post-3288","1":"post","2":"type-post","3":"status-publish","4":"format-standard","5":"has-post-thumbnail","7":"category-greinar"},"yoast_head":"<!-- This site is optimized with the Yoast SEO plugin v22.0 - https:\/\/yoast.com\/wordpress\/plugins\/seo\/ -->\n<title>FRI\u00d0ARS\u00daLAN F\u00cdNP\u00daSSU\u00d0 &#8211; Eir\u00edkur J\u00f3nsson<\/title>\n<meta name=\"robots\" content=\"index, follow, max-snippet:-1, max-image-preview:large, max-video-preview:-1\" \/>\n<link rel=\"canonical\" href=\"https:\/\/eirikurjonsson.is\/index.php\/2024\/08\/31\/fridarsulan-finpussud\/\" \/>\n<meta property=\"og:locale\" content=\"is_IS\" \/>\n<meta property=\"og:type\" content=\"article\" \/>\n<meta property=\"og:title\" content=\"FRI\u00d0ARS\u00daLAN F\u00cdNP\u00daSSU\u00d0 &#8211; Eir\u00edkur J\u00f3nsson\" \/>\n<meta property=\"og:description\" content=\"Reykjav\u00edkurborg tilkynnir: &#8211; Framkv\u00e6mdir vi\u00f0 endurb\u00e6tur \u00e1 Fri\u00f0ars\u00falunni \u00ed Vi\u00f0ey eru hafnar. \u00de\u00e6r ganga samkv\u00e6mt \u00e1\u00e6tlun og \u00e1 \u00feeim a\u00f0 lj\u00faka \u00e1\u00f0ur en s\u00falan ver\u00f0ur tendru\u00f0, \u00feann 9. okt\u00f3ber n\u00e6stkomandi. Alllengi hefur legi\u00f0 fyrir a\u00f0 r\u00e1\u00f0ast \u00feurfi \u00ed endurb\u00e6tur \u00e1 Fri\u00f0ars\u00falu Yoko Ono \u00ed Vi\u00f0ey. Verkefni\u00f0 er \u00ed meginatri\u00f0um tv\u00ed\u00fe\u00e6tt, annars vegar endurb\u00e6tur og uppf\u00e6rslur [&hellip;]\" \/>\n<meta property=\"og:url\" content=\"https:\/\/eirikurjonsson.is\/index.php\/2024\/08\/31\/fridarsulan-finpussud\/\" \/>\n<meta property=\"og:site_name\" content=\"Eir\u00edkur J\u00f3nsson\" \/>\n<meta property=\"article:published_time\" content=\"2024-08-31T14:18:03+00:00\" \/>\n<meta property=\"article:modified_time\" content=\"2024-08-31T14:19:34+00:00\" \/>\n<meta property=\"og:image\" content=\"https:\/\/eirikurjonsson.is\/wp-content\/uploads\/2024\/08\/fridarsulan.png\" \/>\n\t<meta property=\"og:image:width\" content=\"1024\" \/>\n\t<meta property=\"og:image:height\" content=\"768\" \/>\n\t<meta property=\"og:image:type\" content=\"image\/png\" \/>\n<meta name=\"author\" content=\"eir\" \/>\n<meta name=\"twitter:card\" content=\"summary_large_image\" \/>\n<meta name=\"twitter:label1\" content=\"Written by\" \/>\n\t<meta name=\"twitter:data1\" content=\"eir\" \/>\n\t<meta name=\"twitter:label2\" content=\"Est. reading time\" \/>\n\t<meta name=\"twitter:data2\" content=\"2 minutes\" \/>\n<script type=\"application\/ld+json\" class=\"yoast-schema-graph\">{\"@context\":\"https:\/\/schema.org\",\"@graph\":[{\"@type\":\"WebPage\",\"@id\":\"https:\/\/eirikurjonsson.is\/index.php\/2024\/08\/31\/fridarsulan-finpussud\/\",\"url\":\"https:\/\/eirikurjonsson.is\/index.php\/2024\/08\/31\/fridarsulan-finpussud\/\",\"name\":\"FRI\u00d0ARS\u00daLAN F\u00cdNP\u00daSSU\u00d0 &#8211; Eir\u00edkur J\u00f3nsson\",\"isPartOf\":{\"@id\":\"https:\/\/eirikurjonsson.is\/#website\"},\"datePublished\":\"2024-08-31T14:18:03+00:00\",\"dateModified\":\"2024-08-31T14:19:34+00:00\",\"author\":{\"@id\":\"https:\/\/eirikurjonsson.is\/#\/schema\/person\/308afa1d0e201918034e31b1da4f07a5\"},\"breadcrumb\":{\"@id\":\"https:\/\/eirikurjonsson.is\/index.php\/2024\/08\/31\/fridarsulan-finpussud\/#breadcrumb\"},\"inLanguage\":\"is\",\"potentialAction\":[{\"@type\":\"ReadAction\",\"target\":[\"https:\/\/eirikurjonsson.is\/index.php\/2024\/08\/31\/fridarsulan-finpussud\/\"]}]},{\"@type\":\"BreadcrumbList\",\"@id\":\"https:\/\/eirikurjonsson.is\/index.php\/2024\/08\/31\/fridarsulan-finpussud\/#breadcrumb\",\"itemListElement\":[{\"@type\":\"ListItem\",\"position\":1,\"name\":\"Home\",\"item\":\"https:\/\/eirikurjonsson.is\/\"},{\"@type\":\"ListItem\",\"position\":2,\"name\":\"FRI\u00d0ARS\u00daLAN F\u00cdNP\u00daSSU\u00d0\"}]},{\"@type\":\"WebSite\",\"@id\":\"https:\/\/eirikurjonsson.is\/#website\",\"url\":\"https:\/\/eirikurjonsson.is\/\",\"name\":\"Eir\u00edkur J\u00f3nsson\",\"description\":\"Eir\u00edkur J\u00f3nsson | EIR eirikurjonsson.is\",\"potentialAction\":[{\"@type\":\"SearchAction\",\"target\":{\"@type\":\"EntryPoint\",\"urlTemplate\":\"https:\/\/eirikurjonsson.is\/?s={search_term_string}\"},\"query-input\":\"required name=search_term_string\"}],\"inLanguage\":\"is\"},{\"@type\":\"Person\",\"@id\":\"https:\/\/eirikurjonsson.is\/#\/schema\/person\/308afa1d0e201918034e31b1da4f07a5\",\"name\":\"eir\",\"image\":{\"@type\":\"ImageObject\",\"inLanguage\":\"is\",\"@id\":\"https:\/\/eirikurjonsson.is\/#\/schema\/person\/image\/\",\"url\":\"https:\/\/secure.gravatar.com\/avatar\/b6748316a4400053a1fa9f4694b38d294dc5da6f4bacc727742bd8f3e689f87c?s=96&d=mm&r=g\",\"contentUrl\":\"https:\/\/secure.gravatar.com\/avatar\/b6748316a4400053a1fa9f4694b38d294dc5da6f4bacc727742bd8f3e689f87c?s=96&d=mm&r=g\",\"caption\":\"eir\"},\"url\":\"https:\/\/eirikurjonsson.is\/index.php\/author\/eir\/\"}]}<\/script>\n<!-- \/ Yoast SEO plugin. -->","yoast_head_json":{"title":"FRI\u00d0ARS\u00daLAN F\u00cdNP\u00daSSU\u00d0 &#8211; Eir\u00edkur J\u00f3nsson","robots":{"index":"index","follow":"follow","max-snippet":"max-snippet:-1","max-image-preview":"max-image-preview:large","max-video-preview":"max-video-preview:-1"},"canonical":"https:\/\/eirikurjonsson.is\/index.php\/2024\/08\/31\/fridarsulan-finpussud\/","og_locale":"is_IS","og_type":"article","og_title":"FRI\u00d0ARS\u00daLAN F\u00cdNP\u00daSSU\u00d0 &#8211; Eir\u00edkur J\u00f3nsson","og_description":"Reykjav\u00edkurborg tilkynnir: &#8211; Framkv\u00e6mdir vi\u00f0 endurb\u00e6tur \u00e1 Fri\u00f0ars\u00falunni \u00ed Vi\u00f0ey eru hafnar. \u00de\u00e6r ganga samkv\u00e6mt \u00e1\u00e6tlun og \u00e1 \u00feeim a\u00f0 lj\u00faka \u00e1\u00f0ur en s\u00falan ver\u00f0ur tendru\u00f0, \u00feann 9. okt\u00f3ber n\u00e6stkomandi. Alllengi hefur legi\u00f0 fyrir a\u00f0 r\u00e1\u00f0ast \u00feurfi \u00ed endurb\u00e6tur \u00e1 Fri\u00f0ars\u00falu Yoko Ono \u00ed Vi\u00f0ey. Verkefni\u00f0 er \u00ed meginatri\u00f0um tv\u00ed\u00fe\u00e6tt, annars vegar endurb\u00e6tur og uppf\u00e6rslur [&hellip;]","og_url":"https:\/\/eirikurjonsson.is\/index.php\/2024\/08\/31\/fridarsulan-finpussud\/","og_site_name":"Eir\u00edkur J\u00f3nsson","article_published_time":"2024-08-31T14:18:03+00:00","article_modified_time":"2024-08-31T14:19:34+00:00","og_image":[{"width":1024,"height":768,"url":"https:\/\/eirikurjonsson.is\/wp-content\/uploads\/2024\/08\/fridarsulan.png","type":"image\/png"}],"author":"eir","twitter_card":"summary_large_image","twitter_misc":{"Written by":"eir","Est. reading time":"2 minutes"},"schema":{"@context":"https:\/\/schema.org","@graph":[{"@type":"WebPage","@id":"https:\/\/eirikurjonsson.is\/index.php\/2024\/08\/31\/fridarsulan-finpussud\/","url":"https:\/\/eirikurjonsson.is\/index.php\/2024\/08\/31\/fridarsulan-finpussud\/","name":"FRI\u00d0ARS\u00daLAN F\u00cdNP\u00daSSU\u00d0 &#8211; Eir\u00edkur J\u00f3nsson","isPartOf":{"@id":"https:\/\/eirikurjonsson.is\/#website"},"datePublished":"2024-08-31T14:18:03+00:00","dateModified":"2024-08-31T14:19:34+00:00","author":{"@id":"https:\/\/eirikurjonsson.is\/#\/schema\/person\/308afa1d0e201918034e31b1da4f07a5"},"breadcrumb":{"@id":"https:\/\/eirikurjonsson.is\/index.php\/2024\/08\/31\/fridarsulan-finpussud\/#breadcrumb"},"inLanguage":"is","potentialAction":[{"@type":"ReadAction","target":["https:\/\/eirikurjonsson.is\/index.php\/2024\/08\/31\/fridarsulan-finpussud\/"]}]},{"@type":"BreadcrumbList","@id":"https:\/\/eirikurjonsson.is\/index.php\/2024\/08\/31\/fridarsulan-finpussud\/#breadcrumb","itemListElement":[{"@type":"ListItem","position":1,"name":"Home","item":"https:\/\/eirikurjonsson.is\/"},{"@type":"ListItem","position":2,"name":"FRI\u00d0ARS\u00daLAN F\u00cdNP\u00daSSU\u00d0"}]},{"@type":"WebSite","@id":"https:\/\/eirikurjonsson.is\/#website","url":"https:\/\/eirikurjonsson.is\/","name":"Eir\u00edkur J\u00f3nsson","description":"Eir\u00edkur J\u00f3nsson | EIR eirikurjonsson.is","potentialAction":[{"@type":"SearchAction","target":{"@type":"EntryPoint","urlTemplate":"https:\/\/eirikurjonsson.is\/?s={search_term_string}"},"query-input":"required name=search_term_string"}],"inLanguage":"is"},{"@type":"Person","@id":"https:\/\/eirikurjonsson.is\/#\/schema\/person\/308afa1d0e201918034e31b1da4f07a5","name":"eir","image":{"@type":"ImageObject","inLanguage":"is","@id":"https:\/\/eirikurjonsson.is\/#\/schema\/person\/image\/","url":"https:\/\/secure.gravatar.com\/avatar\/b6748316a4400053a1fa9f4694b38d294dc5da6f4bacc727742bd8f3e689f87c?s=96&d=mm&r=g","contentUrl":"https:\/\/secure.gravatar.com\/avatar\/b6748316a4400053a1fa9f4694b38d294dc5da6f4bacc727742bd8f3e689f87c?s=96&d=mm&r=g","caption":"eir"},"url":"https:\/\/eirikurjonsson.is\/index.php\/author\/eir\/"}]}},"_links":{"self":[{"href":"https:\/\/eirikurjonsson.is\/index.php\/wp-json\/wp\/v2\/posts\/3288","targetHints":{"allow":["GET"]}}],"collection":[{"href":"https:\/\/eirikurjonsson.is\/index.php\/wp-json\/wp\/v2\/posts"}],"about":[{"href":"https:\/\/eirikurjonsson.is\/index.php\/wp-json\/wp\/v2\/types\/post"}],"author":[{"embeddable":true,"href":"https:\/\/eirikurjonsson.is\/index.php\/wp-json\/wp\/v2\/users\/2"}],"replies":[{"embeddable":true,"href":"https:\/\/eirikurjonsson.is\/index.php\/wp-json\/wp\/v2\/comments?post=3288"}],"version-history":[{"count":1,"href":"https:\/\/eirikurjonsson.is\/index.php\/wp-json\/wp\/v2\/posts\/3288\/revisions"}],"predecessor-version":[{"id":3289,"href":"https:\/\/eirikurjonsson.is\/index.php\/wp-json\/wp\/v2\/posts\/3288\/revisions\/3289"}],"wp:featuredmedia":[{"embeddable":true,"href":"https:\/\/eirikurjonsson.is\/index.php\/wp-json\/wp\/v2\/media\/3290"}],"wp:attachment":[{"href":"https:\/\/eirikurjonsson.is\/index.php\/wp-json\/wp\/v2\/media?parent=3288"}],"wp:term":[{"taxonomy":"category","embeddable":true,"href":"https:\/\/eirikurjonsson.is\/index.php\/wp-json\/wp\/v2\/categories?post=3288"},{"taxonomy":"post_tag","embeddable":true,"href":"https:\/\/eirikurjonsson.is\/index.php\/wp-json\/wp\/v2\/tags?post=3288"}],"curies":[{"name":"wp","href":"https:\/\/api.w.org\/{rel}","templated":true}]}}