{"id":3267,"date":"2024-08-30T12:03:18","date_gmt":"2024-08-30T12:03:18","guid":{"rendered":"https:\/\/eirikurjonsson.is\/?p=3267"},"modified":"2024-08-30T12:03:18","modified_gmt":"2024-08-30T12:03:18","slug":"gosmoda-yfir-hofudborginni","status":"publish","type":"post","link":"https:\/\/eirikurjonsson.is\/index.php\/2024\/08\/30\/gosmoda-yfir-hofudborginni\/","title":{"rendered":"GOSM\u00d3\u00d0A YFIR H\u00d6FU\u00d0BORGINNI"},"content":{"rendered":"<p style=\"font-weight: 400;\">Heilbrig\u00f0iseftirlit Reykjav\u00edkur vill vara vi\u00f0 a\u00f0 gosm\u00f3\u00f0a og gasmengun liggur n\u00fa yfir h\u00f6fu\u00f0borginni en r\u00edkjandi sunnan\u00e1tt ber gosmengun til nor\u00f0urs. Mun \u00fea\u00f0 \u00e1stand vara fram eftir degi skv. Ve\u00f0urstofu \u00cdslands en me\u00f0 aukinni \u00farkomu og vindi \u00e6ttu loftg\u00e6\u00f0i a\u00f0 batna eftir \u00fev\u00ed sem l\u00ed\u00f0ur \u00e1 daginn. N\u00fa \u00ed morgun m\u00e6last h\u00e6kku\u00f0 gildi af f\u00ednna svifryki og einnig h\u00e6kku\u00f0 gildi brennisteinsd\u00edox\u00ed\u00f0s sem berst fr\u00e1 eldgosinu.<\/p>\n<p style=\"font-weight: 400;\">Gosm\u00f3\u00f0a e\u00f0a bl\u00e1m\u00f3\u00f0a (Volcanic smog) er loftmengun sem ver\u00f0ur til \u00feegar SO2, \u00f6nnur g\u00f6s og agnir hvarfast vi\u00f0 s\u00farefni og raka me\u00f0 tilstu\u00f0lan s\u00f3larlj\u00f3ssins.\u00a0 H\u00fan hefur einkennandi bl\u00e1gr\u00e1an lit sem myndast er s\u00f3larlj\u00f3si\u00f0. Ekki er m\u00e6lt me\u00f0 \u00fev\u00ed a\u00f0 l\u00e1ta ung b\u00f6rn sofa \u00fati \u00ed vagni vi\u00f0 \u00feessar a\u00f0st\u00e6\u00f0ur.<\/p>\n<p style=\"text-align: center;\">&#8211;<\/p>\n<ul>\n<li style=\"font-weight: 400;\">Lungna og hjartasj\u00faklingar hafi s\u00edn lyf tilt\u00e6k<\/li>\n<li style=\"font-weight: 400;\">Andi\u00f0 sem mest me\u00f0 nefi og for\u00f0ast l\u00edkamlega \u00e1reynslu utandyra \u00ed mikill mengun \u00fev\u00ed \u00fea\u00f0 dregur \u00far \u00feeim styrk sem kemst ni\u00f0ur \u00ed lungu.<\/li>\n<li style=\"font-weight: 400;\">Dv\u00f6l innanh\u00fass me\u00f0 loka\u00f0a glugga og sl\u00f6kkt \u00e1 loftr\u00e6stingu veitir verulega v\u00f6rn fyrir menguninni.<\/li>\n<li style=\"font-weight: 400;\">Athugi\u00f0 a\u00f0 rykgr\u00edmur veita enga v\u00f6rn gegn gasmengun<\/li>\n<li style=\"font-weight: 400;\">R\u00e1\u00f0stafanir til varnar SO2 og annarri gosmengun mengun innandyra<\/li>\n<li style=\"font-weight: 400;\">Loka\u00f0u gluggum og minnka\u00f0u umgengni um \u00fatidyr.<\/li>\n<li style=\"font-weight: 400;\">H\u00e6kka\u00f0u hitastigi\u00f0 \u00ed h\u00fasinu.<\/li>\n<li style=\"font-weight: 400;\">Lofta\u00f0u \u00fat um lei\u00f0 og loftg\u00e6\u00f0i batna utandyra.<\/li>\n<\/ul>\n","protected":false},"excerpt":{"rendered":"<p>Heilbrig\u00f0iseftirlit Reykjav\u00edkur vill vara vi\u00f0 a\u00f0 gosm\u00f3\u00f0a og gasmengun liggur n\u00fa yfir h\u00f6fu\u00f0borginni en r\u00edkjandi sunnan\u00e1tt ber gosmengun til nor\u00f0urs. Mun \u00fea\u00f0 \u00e1stand vara fram eftir degi skv. Ve\u00f0urstofu \u00cdslands en me\u00f0 aukinni \u00farkomu og vindi \u00e6ttu loftg\u00e6\u00f0i a\u00f0 batna eftir \u00fev\u00ed sem l\u00ed\u00f0ur \u00e1 daginn. N\u00fa \u00ed morgun m\u00e6last h\u00e6kku\u00f0 gildi af f\u00ednna svifryki [&hellip;]<\/p>\n","protected":false},"author":2,"featured_media":3269,"comment_status":"open","ping_status":"open","sticky":false,"template":"","format":"standard","meta":{"_monsterinsights_skip_tracking":false,"_monsterinsights_sitenote_active":false,"_monsterinsights_sitenote_note":"","_monsterinsights_sitenote_category":0,"footnotes":""},"categories":[31],"tags":[],"class_list":{"0":"post-3267","1":"post","2":"type-post","3":"status-publish","4":"format-standard","5":"has-post-thumbnail","7":"category-greinar"},"yoast_head":"<!-- This site is optimized with the Yoast SEO plugin v22.0 - https:\/\/yoast.com\/wordpress\/plugins\/seo\/ -->\n<title>GOSM\u00d3\u00d0A YFIR H\u00d6FU\u00d0BORGINNI &#8211; Eir\u00edkur J\u00f3nsson<\/title>\n<meta name=\"robots\" content=\"index, follow, max-snippet:-1, max-image-preview:large, max-video-preview:-1\" \/>\n<link rel=\"canonical\" href=\"https:\/\/eirikurjonsson.is\/index.php\/2024\/08\/30\/gosmoda-yfir-hofudborginni\/\" \/>\n<meta property=\"og:locale\" content=\"is_IS\" \/>\n<meta property=\"og:type\" content=\"article\" \/>\n<meta property=\"og:title\" content=\"GOSM\u00d3\u00d0A YFIR H\u00d6FU\u00d0BORGINNI &#8211; Eir\u00edkur J\u00f3nsson\" \/>\n<meta property=\"og:description\" content=\"Heilbrig\u00f0iseftirlit Reykjav\u00edkur vill vara vi\u00f0 a\u00f0 gosm\u00f3\u00f0a og gasmengun liggur n\u00fa yfir h\u00f6fu\u00f0borginni en r\u00edkjandi sunnan\u00e1tt ber gosmengun til nor\u00f0urs. Mun \u00fea\u00f0 \u00e1stand vara fram eftir degi skv. Ve\u00f0urstofu \u00cdslands en me\u00f0 aukinni \u00farkomu og vindi \u00e6ttu loftg\u00e6\u00f0i a\u00f0 batna eftir \u00fev\u00ed sem l\u00ed\u00f0ur \u00e1 daginn. N\u00fa \u00ed morgun m\u00e6last h\u00e6kku\u00f0 gildi af f\u00ednna svifryki [&hellip;]\" \/>\n<meta property=\"og:url\" content=\"https:\/\/eirikurjonsson.is\/index.php\/2024\/08\/30\/gosmoda-yfir-hofudborginni\/\" \/>\n<meta property=\"og:site_name\" content=\"Eir\u00edkur J\u00f3nsson\" \/>\n<meta property=\"article:published_time\" content=\"2024-08-30T12:03:18+00:00\" \/>\n<meta property=\"og:image\" content=\"https:\/\/eirikurjonsson.is\/wp-content\/uploads\/2024\/08\/VOLCANIC.jpg\" \/>\n\t<meta property=\"og:image:width\" content=\"1640\" \/>\n\t<meta property=\"og:image:height\" content=\"952\" \/>\n\t<meta property=\"og:image:type\" content=\"image\/jpeg\" \/>\n<meta name=\"author\" content=\"eir\" \/>\n<meta name=\"twitter:card\" content=\"summary_large_image\" \/>\n<meta name=\"twitter:label1\" content=\"Written by\" \/>\n\t<meta name=\"twitter:data1\" content=\"eir\" \/>\n\t<meta name=\"twitter:label2\" content=\"Est. reading time\" \/>\n\t<meta name=\"twitter:data2\" content=\"2 minutes\" \/>\n<script type=\"application\/ld+json\" class=\"yoast-schema-graph\">{\"@context\":\"https:\/\/schema.org\",\"@graph\":[{\"@type\":\"WebPage\",\"@id\":\"https:\/\/eirikurjonsson.is\/index.php\/2024\/08\/30\/gosmoda-yfir-hofudborginni\/\",\"url\":\"https:\/\/eirikurjonsson.is\/index.php\/2024\/08\/30\/gosmoda-yfir-hofudborginni\/\",\"name\":\"GOSM\u00d3\u00d0A YFIR H\u00d6FU\u00d0BORGINNI &#8211; Eir\u00edkur J\u00f3nsson\",\"isPartOf\":{\"@id\":\"https:\/\/eirikurjonsson.is\/#website\"},\"datePublished\":\"2024-08-30T12:03:18+00:00\",\"dateModified\":\"2024-08-30T12:03:18+00:00\",\"author\":{\"@id\":\"https:\/\/eirikurjonsson.is\/#\/schema\/person\/308afa1d0e201918034e31b1da4f07a5\"},\"breadcrumb\":{\"@id\":\"https:\/\/eirikurjonsson.is\/index.php\/2024\/08\/30\/gosmoda-yfir-hofudborginni\/#breadcrumb\"},\"inLanguage\":\"is\",\"potentialAction\":[{\"@type\":\"ReadAction\",\"target\":[\"https:\/\/eirikurjonsson.is\/index.php\/2024\/08\/30\/gosmoda-yfir-hofudborginni\/\"]}]},{\"@type\":\"BreadcrumbList\",\"@id\":\"https:\/\/eirikurjonsson.is\/index.php\/2024\/08\/30\/gosmoda-yfir-hofudborginni\/#breadcrumb\",\"itemListElement\":[{\"@type\":\"ListItem\",\"position\":1,\"name\":\"Home\",\"item\":\"https:\/\/eirikurjonsson.is\/\"},{\"@type\":\"ListItem\",\"position\":2,\"name\":\"GOSM\u00d3\u00d0A YFIR H\u00d6FU\u00d0BORGINNI\"}]},{\"@type\":\"WebSite\",\"@id\":\"https:\/\/eirikurjonsson.is\/#website\",\"url\":\"https:\/\/eirikurjonsson.is\/\",\"name\":\"Eir\u00edkur J\u00f3nsson\",\"description\":\"Eir\u00edkur J\u00f3nsson | EIR eirikurjonsson.is\",\"potentialAction\":[{\"@type\":\"SearchAction\",\"target\":{\"@type\":\"EntryPoint\",\"urlTemplate\":\"https:\/\/eirikurjonsson.is\/?s={search_term_string}\"},\"query-input\":\"required name=search_term_string\"}],\"inLanguage\":\"is\"},{\"@type\":\"Person\",\"@id\":\"https:\/\/eirikurjonsson.is\/#\/schema\/person\/308afa1d0e201918034e31b1da4f07a5\",\"name\":\"eir\",\"image\":{\"@type\":\"ImageObject\",\"inLanguage\":\"is\",\"@id\":\"https:\/\/eirikurjonsson.is\/#\/schema\/person\/image\/\",\"url\":\"https:\/\/secure.gravatar.com\/avatar\/b6748316a4400053a1fa9f4694b38d294dc5da6f4bacc727742bd8f3e689f87c?s=96&d=mm&r=g\",\"contentUrl\":\"https:\/\/secure.gravatar.com\/avatar\/b6748316a4400053a1fa9f4694b38d294dc5da6f4bacc727742bd8f3e689f87c?s=96&d=mm&r=g\",\"caption\":\"eir\"},\"url\":\"https:\/\/eirikurjonsson.is\/index.php\/author\/eir\/\"}]}<\/script>\n<!-- \/ Yoast SEO plugin. -->","yoast_head_json":{"title":"GOSM\u00d3\u00d0A YFIR H\u00d6FU\u00d0BORGINNI &#8211; Eir\u00edkur J\u00f3nsson","robots":{"index":"index","follow":"follow","max-snippet":"max-snippet:-1","max-image-preview":"max-image-preview:large","max-video-preview":"max-video-preview:-1"},"canonical":"https:\/\/eirikurjonsson.is\/index.php\/2024\/08\/30\/gosmoda-yfir-hofudborginni\/","og_locale":"is_IS","og_type":"article","og_title":"GOSM\u00d3\u00d0A YFIR H\u00d6FU\u00d0BORGINNI &#8211; Eir\u00edkur J\u00f3nsson","og_description":"Heilbrig\u00f0iseftirlit Reykjav\u00edkur vill vara vi\u00f0 a\u00f0 gosm\u00f3\u00f0a og gasmengun liggur n\u00fa yfir h\u00f6fu\u00f0borginni en r\u00edkjandi sunnan\u00e1tt ber gosmengun til nor\u00f0urs. Mun \u00fea\u00f0 \u00e1stand vara fram eftir degi skv. Ve\u00f0urstofu \u00cdslands en me\u00f0 aukinni \u00farkomu og vindi \u00e6ttu loftg\u00e6\u00f0i a\u00f0 batna eftir \u00fev\u00ed sem l\u00ed\u00f0ur \u00e1 daginn. N\u00fa \u00ed morgun m\u00e6last h\u00e6kku\u00f0 gildi af f\u00ednna svifryki [&hellip;]","og_url":"https:\/\/eirikurjonsson.is\/index.php\/2024\/08\/30\/gosmoda-yfir-hofudborginni\/","og_site_name":"Eir\u00edkur J\u00f3nsson","article_published_time":"2024-08-30T12:03:18+00:00","og_image":[{"width":1640,"height":952,"url":"https:\/\/eirikurjonsson.is\/wp-content\/uploads\/2024\/08\/VOLCANIC.jpg","type":"image\/jpeg"}],"author":"eir","twitter_card":"summary_large_image","twitter_misc":{"Written by":"eir","Est. reading time":"2 minutes"},"schema":{"@context":"https:\/\/schema.org","@graph":[{"@type":"WebPage","@id":"https:\/\/eirikurjonsson.is\/index.php\/2024\/08\/30\/gosmoda-yfir-hofudborginni\/","url":"https:\/\/eirikurjonsson.is\/index.php\/2024\/08\/30\/gosmoda-yfir-hofudborginni\/","name":"GOSM\u00d3\u00d0A YFIR H\u00d6FU\u00d0BORGINNI &#8211; Eir\u00edkur J\u00f3nsson","isPartOf":{"@id":"https:\/\/eirikurjonsson.is\/#website"},"datePublished":"2024-08-30T12:03:18+00:00","dateModified":"2024-08-30T12:03:18+00:00","author":{"@id":"https:\/\/eirikurjonsson.is\/#\/schema\/person\/308afa1d0e201918034e31b1da4f07a5"},"breadcrumb":{"@id":"https:\/\/eirikurjonsson.is\/index.php\/2024\/08\/30\/gosmoda-yfir-hofudborginni\/#breadcrumb"},"inLanguage":"is","potentialAction":[{"@type":"ReadAction","target":["https:\/\/eirikurjonsson.is\/index.php\/2024\/08\/30\/gosmoda-yfir-hofudborginni\/"]}]},{"@type":"BreadcrumbList","@id":"https:\/\/eirikurjonsson.is\/index.php\/2024\/08\/30\/gosmoda-yfir-hofudborginni\/#breadcrumb","itemListElement":[{"@type":"ListItem","position":1,"name":"Home","item":"https:\/\/eirikurjonsson.is\/"},{"@type":"ListItem","position":2,"name":"GOSM\u00d3\u00d0A YFIR H\u00d6FU\u00d0BORGINNI"}]},{"@type":"WebSite","@id":"https:\/\/eirikurjonsson.is\/#website","url":"https:\/\/eirikurjonsson.is\/","name":"Eir\u00edkur J\u00f3nsson","description":"Eir\u00edkur J\u00f3nsson | EIR eirikurjonsson.is","potentialAction":[{"@type":"SearchAction","target":{"@type":"EntryPoint","urlTemplate":"https:\/\/eirikurjonsson.is\/?s={search_term_string}"},"query-input":"required name=search_term_string"}],"inLanguage":"is"},{"@type":"Person","@id":"https:\/\/eirikurjonsson.is\/#\/schema\/person\/308afa1d0e201918034e31b1da4f07a5","name":"eir","image":{"@type":"ImageObject","inLanguage":"is","@id":"https:\/\/eirikurjonsson.is\/#\/schema\/person\/image\/","url":"https:\/\/secure.gravatar.com\/avatar\/b6748316a4400053a1fa9f4694b38d294dc5da6f4bacc727742bd8f3e689f87c?s=96&d=mm&r=g","contentUrl":"https:\/\/secure.gravatar.com\/avatar\/b6748316a4400053a1fa9f4694b38d294dc5da6f4bacc727742bd8f3e689f87c?s=96&d=mm&r=g","caption":"eir"},"url":"https:\/\/eirikurjonsson.is\/index.php\/author\/eir\/"}]}},"_links":{"self":[{"href":"https:\/\/eirikurjonsson.is\/index.php\/wp-json\/wp\/v2\/posts\/3267","targetHints":{"allow":["GET"]}}],"collection":[{"href":"https:\/\/eirikurjonsson.is\/index.php\/wp-json\/wp\/v2\/posts"}],"about":[{"href":"https:\/\/eirikurjonsson.is\/index.php\/wp-json\/wp\/v2\/types\/post"}],"author":[{"embeddable":true,"href":"https:\/\/eirikurjonsson.is\/index.php\/wp-json\/wp\/v2\/users\/2"}],"replies":[{"embeddable":true,"href":"https:\/\/eirikurjonsson.is\/index.php\/wp-json\/wp\/v2\/comments?post=3267"}],"version-history":[{"count":1,"href":"https:\/\/eirikurjonsson.is\/index.php\/wp-json\/wp\/v2\/posts\/3267\/revisions"}],"predecessor-version":[{"id":3270,"href":"https:\/\/eirikurjonsson.is\/index.php\/wp-json\/wp\/v2\/posts\/3267\/revisions\/3270"}],"wp:featuredmedia":[{"embeddable":true,"href":"https:\/\/eirikurjonsson.is\/index.php\/wp-json\/wp\/v2\/media\/3269"}],"wp:attachment":[{"href":"https:\/\/eirikurjonsson.is\/index.php\/wp-json\/wp\/v2\/media?parent=3267"}],"wp:term":[{"taxonomy":"category","embeddable":true,"href":"https:\/\/eirikurjonsson.is\/index.php\/wp-json\/wp\/v2\/categories?post=3267"},{"taxonomy":"post_tag","embeddable":true,"href":"https:\/\/eirikurjonsson.is\/index.php\/wp-json\/wp\/v2\/tags?post=3267"}],"curies":[{"name":"wp","href":"https:\/\/api.w.org\/{rel}","templated":true}]}}