{"id":3172,"date":"2024-08-20T15:42:07","date_gmt":"2024-08-20T15:42:07","guid":{"rendered":"https:\/\/eirikurjonsson.is\/?p=3172"},"modified":"2024-08-23T11:25:31","modified_gmt":"2024-08-23T11:25:31","slug":"morgunkaffi-spekinganna-a-skolavordustig","status":"publish","type":"post","link":"https:\/\/eirikurjonsson.is\/index.php\/2024\/08\/20\/morgunkaffi-spekinganna-a-skolavordustig\/","title":{"rendered":"MORGUNKAFFI SPEKINGANNA \u00c1 SK\u00d3LAV\u00d6R\u00d0UST\u00cdG"},"content":{"rendered":"<p>&#8222;Eldg\u00f6mul teikning af senu \u00e1 Sk\u00f3lav\u00f6r\u00f0ust\u00edg. \u00c9g veit ekki me\u00f0 \u00feig en m\u00e9r finnst h\u00fan enn\u00fe\u00e1 fyndin,&#8220; segir listama\u00f0urinn L\u00f3aborator\u00edum.<\/p>\n<p>\u00c1 Sk\u00f3lav\u00f6r\u00f0ust\u00edg drekka fastagestir morgunkaffi sitt eldsnemma \u00e1 virkum d\u00f6gum \u00e1 tveimur kaffih\u00fasum sem standa n\u00e1nast gegnt hvort \u00f6\u00f0ru \u00ed g\u00f6tunni. \u00c1 Kaffif\u00e9laginu er oft fj\u00f6lmenni \u00fear sem f\u00f3lk toppar hvort anna\u00f0 me\u00f0 \u00f3heyr\u00f0um t\u00ed\u00f0indum og sk\u00fdringum og ver\u00f0ur \u00fear stundum \u00e6rslagangur. \u00c1 Mokka eru f\u00e6rri \u00e1 \u00feessum t\u00edma og \u00fear hugsa menn sitt r\u00e1\u00f0 \u00ed hlj\u00f3\u00f0i.<\/p>\n","protected":false},"excerpt":{"rendered":"<p>&#8222;Eldg\u00f6mul teikning af senu \u00e1 Sk\u00f3lav\u00f6r\u00f0ust\u00edg. \u00c9g veit ekki me\u00f0 \u00feig en m\u00e9r finnst h\u00fan enn\u00fe\u00e1 fyndin,&#8220; segir listama\u00f0urinn L\u00f3aborator\u00edum. \u00c1 Sk\u00f3lav\u00f6r\u00f0ust\u00edg drekka fastagestir morgunkaffi sitt eldsnemma \u00e1 virkum d\u00f6gum \u00e1 tveimur kaffih\u00fasum sem standa n\u00e1nast gegnt hvort \u00f6\u00f0ru \u00ed g\u00f6tunni. \u00c1 Kaffif\u00e9laginu er oft fj\u00f6lmenni \u00fear sem f\u00f3lk toppar hvort anna\u00f0 me\u00f0 \u00f3heyr\u00f0um t\u00ed\u00f0indum [&hellip;]<\/p>\n","protected":false},"author":2,"featured_media":3173,"comment_status":"open","ping_status":"open","sticky":false,"template":"","format":"standard","meta":{"_monsterinsights_skip_tracking":false,"_monsterinsights_sitenote_active":false,"_monsterinsights_sitenote_note":"","_monsterinsights_sitenote_category":0,"footnotes":""},"categories":[30],"tags":[],"class_list":{"0":"post-3172","1":"post","2":"type-post","3":"status-publish","4":"format-standard","5":"has-post-thumbnail","7":"category-sagt-er"},"yoast_head":"<!-- This site is optimized with the Yoast SEO plugin v22.0 - https:\/\/yoast.com\/wordpress\/plugins\/seo\/ -->\n<title>MORGUNKAFFI SPEKINGANNA \u00c1 SK\u00d3LAV\u00d6R\u00d0UST\u00cdG &#8211; Eir\u00edkur J\u00f3nsson<\/title>\n<meta name=\"robots\" content=\"index, follow, max-snippet:-1, max-image-preview:large, max-video-preview:-1\" \/>\n<link rel=\"canonical\" href=\"https:\/\/eirikurjonsson.is\/index.php\/2024\/08\/20\/morgunkaffi-spekinganna-a-skolavordustig\/\" \/>\n<meta property=\"og:locale\" content=\"is_IS\" \/>\n<meta property=\"og:type\" content=\"article\" \/>\n<meta property=\"og:title\" content=\"MORGUNKAFFI SPEKINGANNA \u00c1 SK\u00d3LAV\u00d6R\u00d0UST\u00cdG &#8211; Eir\u00edkur J\u00f3nsson\" \/>\n<meta property=\"og:description\" content=\"&#8222;Eldg\u00f6mul teikning af senu \u00e1 Sk\u00f3lav\u00f6r\u00f0ust\u00edg. \u00c9g veit ekki me\u00f0 \u00feig en m\u00e9r finnst h\u00fan enn\u00fe\u00e1 fyndin,&#8220; segir listama\u00f0urinn L\u00f3aborator\u00edum. \u00c1 Sk\u00f3lav\u00f6r\u00f0ust\u00edg drekka fastagestir morgunkaffi sitt eldsnemma \u00e1 virkum d\u00f6gum \u00e1 tveimur kaffih\u00fasum sem standa n\u00e1nast gegnt hvort \u00f6\u00f0ru \u00ed g\u00f6tunni. \u00c1 Kaffif\u00e9laginu er oft fj\u00f6lmenni \u00fear sem f\u00f3lk toppar hvort anna\u00f0 me\u00f0 \u00f3heyr\u00f0um t\u00ed\u00f0indum [&hellip;]\" \/>\n<meta property=\"og:url\" content=\"https:\/\/eirikurjonsson.is\/index.php\/2024\/08\/20\/morgunkaffi-spekinganna-a-skolavordustig\/\" \/>\n<meta property=\"og:site_name\" content=\"Eir\u00edkur J\u00f3nsson\" \/>\n<meta property=\"article:published_time\" content=\"2024-08-20T15:42:07+00:00\" \/>\n<meta property=\"article:modified_time\" content=\"2024-08-23T11:25:31+00:00\" \/>\n<meta property=\"og:image\" content=\"https:\/\/eirikurjonsson.is\/wp-content\/uploads\/2024\/08\/kaffi-ok.jpg\" \/>\n\t<meta property=\"og:image:width\" content=\"1440\" \/>\n\t<meta property=\"og:image:height\" content=\"1536\" \/>\n\t<meta property=\"og:image:type\" content=\"image\/jpeg\" \/>\n<meta name=\"author\" content=\"eir\" \/>\n<meta name=\"twitter:card\" content=\"summary_large_image\" \/>\n<meta name=\"twitter:label1\" content=\"Written by\" \/>\n\t<meta name=\"twitter:data1\" content=\"eir\" \/>\n\t<meta name=\"twitter:label2\" content=\"Est. reading time\" \/>\n\t<meta name=\"twitter:data2\" content=\"1 minute\" \/>\n<script type=\"application\/ld+json\" class=\"yoast-schema-graph\">{\"@context\":\"https:\/\/schema.org\",\"@graph\":[{\"@type\":\"WebPage\",\"@id\":\"https:\/\/eirikurjonsson.is\/index.php\/2024\/08\/20\/morgunkaffi-spekinganna-a-skolavordustig\/\",\"url\":\"https:\/\/eirikurjonsson.is\/index.php\/2024\/08\/20\/morgunkaffi-spekinganna-a-skolavordustig\/\",\"name\":\"MORGUNKAFFI SPEKINGANNA \u00c1 SK\u00d3LAV\u00d6R\u00d0UST\u00cdG &#8211; Eir\u00edkur J\u00f3nsson\",\"isPartOf\":{\"@id\":\"https:\/\/eirikurjonsson.is\/#website\"},\"datePublished\":\"2024-08-20T15:42:07+00:00\",\"dateModified\":\"2024-08-23T11:25:31+00:00\",\"author\":{\"@id\":\"https:\/\/eirikurjonsson.is\/#\/schema\/person\/308afa1d0e201918034e31b1da4f07a5\"},\"breadcrumb\":{\"@id\":\"https:\/\/eirikurjonsson.is\/index.php\/2024\/08\/20\/morgunkaffi-spekinganna-a-skolavordustig\/#breadcrumb\"},\"inLanguage\":\"is\",\"potentialAction\":[{\"@type\":\"ReadAction\",\"target\":[\"https:\/\/eirikurjonsson.is\/index.php\/2024\/08\/20\/morgunkaffi-spekinganna-a-skolavordustig\/\"]}]},{\"@type\":\"BreadcrumbList\",\"@id\":\"https:\/\/eirikurjonsson.is\/index.php\/2024\/08\/20\/morgunkaffi-spekinganna-a-skolavordustig\/#breadcrumb\",\"itemListElement\":[{\"@type\":\"ListItem\",\"position\":1,\"name\":\"Home\",\"item\":\"https:\/\/eirikurjonsson.is\/\"},{\"@type\":\"ListItem\",\"position\":2,\"name\":\"MORGUNKAFFI SPEKINGANNA \u00c1 SK\u00d3LAV\u00d6R\u00d0UST\u00cdG\"}]},{\"@type\":\"WebSite\",\"@id\":\"https:\/\/eirikurjonsson.is\/#website\",\"url\":\"https:\/\/eirikurjonsson.is\/\",\"name\":\"Eir\u00edkur J\u00f3nsson\",\"description\":\"Eir\u00edkur J\u00f3nsson | EIR eirikurjonsson.is\",\"potentialAction\":[{\"@type\":\"SearchAction\",\"target\":{\"@type\":\"EntryPoint\",\"urlTemplate\":\"https:\/\/eirikurjonsson.is\/?s={search_term_string}\"},\"query-input\":\"required name=search_term_string\"}],\"inLanguage\":\"is\"},{\"@type\":\"Person\",\"@id\":\"https:\/\/eirikurjonsson.is\/#\/schema\/person\/308afa1d0e201918034e31b1da4f07a5\",\"name\":\"eir\",\"image\":{\"@type\":\"ImageObject\",\"inLanguage\":\"is\",\"@id\":\"https:\/\/eirikurjonsson.is\/#\/schema\/person\/image\/\",\"url\":\"https:\/\/secure.gravatar.com\/avatar\/b6748316a4400053a1fa9f4694b38d294dc5da6f4bacc727742bd8f3e689f87c?s=96&d=mm&r=g\",\"contentUrl\":\"https:\/\/secure.gravatar.com\/avatar\/b6748316a4400053a1fa9f4694b38d294dc5da6f4bacc727742bd8f3e689f87c?s=96&d=mm&r=g\",\"caption\":\"eir\"},\"url\":\"https:\/\/eirikurjonsson.is\/index.php\/author\/eir\/\"}]}<\/script>\n<!-- \/ Yoast SEO plugin. -->","yoast_head_json":{"title":"MORGUNKAFFI SPEKINGANNA \u00c1 SK\u00d3LAV\u00d6R\u00d0UST\u00cdG &#8211; Eir\u00edkur J\u00f3nsson","robots":{"index":"index","follow":"follow","max-snippet":"max-snippet:-1","max-image-preview":"max-image-preview:large","max-video-preview":"max-video-preview:-1"},"canonical":"https:\/\/eirikurjonsson.is\/index.php\/2024\/08\/20\/morgunkaffi-spekinganna-a-skolavordustig\/","og_locale":"is_IS","og_type":"article","og_title":"MORGUNKAFFI SPEKINGANNA \u00c1 SK\u00d3LAV\u00d6R\u00d0UST\u00cdG &#8211; Eir\u00edkur J\u00f3nsson","og_description":"&#8222;Eldg\u00f6mul teikning af senu \u00e1 Sk\u00f3lav\u00f6r\u00f0ust\u00edg. \u00c9g veit ekki me\u00f0 \u00feig en m\u00e9r finnst h\u00fan enn\u00fe\u00e1 fyndin,&#8220; segir listama\u00f0urinn L\u00f3aborator\u00edum. \u00c1 Sk\u00f3lav\u00f6r\u00f0ust\u00edg drekka fastagestir morgunkaffi sitt eldsnemma \u00e1 virkum d\u00f6gum \u00e1 tveimur kaffih\u00fasum sem standa n\u00e1nast gegnt hvort \u00f6\u00f0ru \u00ed g\u00f6tunni. \u00c1 Kaffif\u00e9laginu er oft fj\u00f6lmenni \u00fear sem f\u00f3lk toppar hvort anna\u00f0 me\u00f0 \u00f3heyr\u00f0um t\u00ed\u00f0indum [&hellip;]","og_url":"https:\/\/eirikurjonsson.is\/index.php\/2024\/08\/20\/morgunkaffi-spekinganna-a-skolavordustig\/","og_site_name":"Eir\u00edkur J\u00f3nsson","article_published_time":"2024-08-20T15:42:07+00:00","article_modified_time":"2024-08-23T11:25:31+00:00","og_image":[{"width":1440,"height":1536,"url":"https:\/\/eirikurjonsson.is\/wp-content\/uploads\/2024\/08\/kaffi-ok.jpg","type":"image\/jpeg"}],"author":"eir","twitter_card":"summary_large_image","twitter_misc":{"Written by":"eir","Est. reading time":"1 minute"},"schema":{"@context":"https:\/\/schema.org","@graph":[{"@type":"WebPage","@id":"https:\/\/eirikurjonsson.is\/index.php\/2024\/08\/20\/morgunkaffi-spekinganna-a-skolavordustig\/","url":"https:\/\/eirikurjonsson.is\/index.php\/2024\/08\/20\/morgunkaffi-spekinganna-a-skolavordustig\/","name":"MORGUNKAFFI SPEKINGANNA \u00c1 SK\u00d3LAV\u00d6R\u00d0UST\u00cdG &#8211; Eir\u00edkur J\u00f3nsson","isPartOf":{"@id":"https:\/\/eirikurjonsson.is\/#website"},"datePublished":"2024-08-20T15:42:07+00:00","dateModified":"2024-08-23T11:25:31+00:00","author":{"@id":"https:\/\/eirikurjonsson.is\/#\/schema\/person\/308afa1d0e201918034e31b1da4f07a5"},"breadcrumb":{"@id":"https:\/\/eirikurjonsson.is\/index.php\/2024\/08\/20\/morgunkaffi-spekinganna-a-skolavordustig\/#breadcrumb"},"inLanguage":"is","potentialAction":[{"@type":"ReadAction","target":["https:\/\/eirikurjonsson.is\/index.php\/2024\/08\/20\/morgunkaffi-spekinganna-a-skolavordustig\/"]}]},{"@type":"BreadcrumbList","@id":"https:\/\/eirikurjonsson.is\/index.php\/2024\/08\/20\/morgunkaffi-spekinganna-a-skolavordustig\/#breadcrumb","itemListElement":[{"@type":"ListItem","position":1,"name":"Home","item":"https:\/\/eirikurjonsson.is\/"},{"@type":"ListItem","position":2,"name":"MORGUNKAFFI SPEKINGANNA \u00c1 SK\u00d3LAV\u00d6R\u00d0UST\u00cdG"}]},{"@type":"WebSite","@id":"https:\/\/eirikurjonsson.is\/#website","url":"https:\/\/eirikurjonsson.is\/","name":"Eir\u00edkur J\u00f3nsson","description":"Eir\u00edkur J\u00f3nsson | EIR eirikurjonsson.is","potentialAction":[{"@type":"SearchAction","target":{"@type":"EntryPoint","urlTemplate":"https:\/\/eirikurjonsson.is\/?s={search_term_string}"},"query-input":"required name=search_term_string"}],"inLanguage":"is"},{"@type":"Person","@id":"https:\/\/eirikurjonsson.is\/#\/schema\/person\/308afa1d0e201918034e31b1da4f07a5","name":"eir","image":{"@type":"ImageObject","inLanguage":"is","@id":"https:\/\/eirikurjonsson.is\/#\/schema\/person\/image\/","url":"https:\/\/secure.gravatar.com\/avatar\/b6748316a4400053a1fa9f4694b38d294dc5da6f4bacc727742bd8f3e689f87c?s=96&d=mm&r=g","contentUrl":"https:\/\/secure.gravatar.com\/avatar\/b6748316a4400053a1fa9f4694b38d294dc5da6f4bacc727742bd8f3e689f87c?s=96&d=mm&r=g","caption":"eir"},"url":"https:\/\/eirikurjonsson.is\/index.php\/author\/eir\/"}]}},"_links":{"self":[{"href":"https:\/\/eirikurjonsson.is\/index.php\/wp-json\/wp\/v2\/posts\/3172","targetHints":{"allow":["GET"]}}],"collection":[{"href":"https:\/\/eirikurjonsson.is\/index.php\/wp-json\/wp\/v2\/posts"}],"about":[{"href":"https:\/\/eirikurjonsson.is\/index.php\/wp-json\/wp\/v2\/types\/post"}],"author":[{"embeddable":true,"href":"https:\/\/eirikurjonsson.is\/index.php\/wp-json\/wp\/v2\/users\/2"}],"replies":[{"embeddable":true,"href":"https:\/\/eirikurjonsson.is\/index.php\/wp-json\/wp\/v2\/comments?post=3172"}],"version-history":[{"count":1,"href":"https:\/\/eirikurjonsson.is\/index.php\/wp-json\/wp\/v2\/posts\/3172\/revisions"}],"predecessor-version":[{"id":3174,"href":"https:\/\/eirikurjonsson.is\/index.php\/wp-json\/wp\/v2\/posts\/3172\/revisions\/3174"}],"wp:featuredmedia":[{"embeddable":true,"href":"https:\/\/eirikurjonsson.is\/index.php\/wp-json\/wp\/v2\/media\/3173"}],"wp:attachment":[{"href":"https:\/\/eirikurjonsson.is\/index.php\/wp-json\/wp\/v2\/media?parent=3172"}],"wp:term":[{"taxonomy":"category","embeddable":true,"href":"https:\/\/eirikurjonsson.is\/index.php\/wp-json\/wp\/v2\/categories?post=3172"},{"taxonomy":"post_tag","embeddable":true,"href":"https:\/\/eirikurjonsson.is\/index.php\/wp-json\/wp\/v2\/tags?post=3172"}],"curies":[{"name":"wp","href":"https:\/\/api.w.org\/{rel}","templated":true}]}}