{"id":3082,"date":"2024-08-12T16:32:57","date_gmt":"2024-08-12T16:32:57","guid":{"rendered":"https:\/\/eirikurjonsson.is\/?p=3082"},"modified":"2024-08-12T16:32:57","modified_gmt":"2024-08-12T16:32:57","slug":"asa-safnar-fyrir-skolagjoldum-i-columbia-a-karolina-fund","status":"publish","type":"post","link":"https:\/\/eirikurjonsson.is\/index.php\/2024\/08\/12\/asa-safnar-fyrir-skolagjoldum-i-columbia-a-karolina-fund\/","title":{"rendered":"\u00c1SA SAFNAR FYRIR SK\u00d3LAGJ\u00d6LDUM \u00cd COLUMBIA \u00c1 KAROLINA FUND"},"content":{"rendered":"<p>&#8222;\u00c9g komst inn \u00ed Sound Art MFA n\u00e1mi\u00f0 \u00ed Columbia University \u00ed New York. A\u00f0eins 3 komast inn \u00e1 hverju \u00e1ri. \u00c9g er mj\u00f6g spennt fyrir \u00fev\u00ed a\u00f0 byrja \u00ed n\u00e1minu, en n\u00fa stend \u00e9g frammi fyrir \u00fev\u00ed a\u00f0 borga himinh\u00e1 sk\u00f3lagj\u00f6ld,&#8220; segir \u00c1sa \u00d6nnu \u00d3lafsd\u00f3ttir t\u00f3nsk\u00e1ld, g\u00edtar-, p\u00edan\u00f3- og orgelleikari. H\u00fan gengur undir listamannsnafninu Asalaus og hef veri\u00f0 virk \u00ed grasr\u00f3tarsenunni \u00ed Reykjav\u00edk:<\/p>\n<p>&#8222;Sk\u00f3lagj\u00f6ldin fyrir \u00e1ri\u00f0 eru 74.722 bandar\u00edskir dollarar, en sk\u00f3linn veitir m\u00e9r styrk upp \u00e1 29.000 dollara. \u00de\u00e1 eru eftir 45.722 dollarar, auk allskonar kostna\u00f0ar vi\u00f0 n\u00e1msefni og annan efnivi\u00f0. Me\u00f0 \u00feessari s\u00f6fnun langar mig a\u00f0 h\u00f6ggva sm\u00e1 skar\u00f0 \u00ed \u00feessa t\u00f6lu, restina borga \u00e9g me\u00f0 n\u00e1msl\u00e1num og m\u00f6gulega \u00f6\u00f0rum styrkjum.&#8220;<\/p>\n<p>\u00c1sa stefnir a\u00f0 10 \u00fe\u00fasund evra marki, kominn upp \u00ed 2.152 evrur og 25 dagar eftir.<\/p>\n<div class=\"col-xs-12\"><\/div>\n","protected":false},"excerpt":{"rendered":"<p>&#8222;\u00c9g komst inn \u00ed Sound Art MFA n\u00e1mi\u00f0 \u00ed Columbia University \u00ed New York. A\u00f0eins 3 komast inn \u00e1 hverju \u00e1ri. \u00c9g er mj\u00f6g spennt fyrir \u00fev\u00ed a\u00f0 byrja \u00ed n\u00e1minu, en n\u00fa stend \u00e9g frammi fyrir \u00fev\u00ed a\u00f0 borga himinh\u00e1 sk\u00f3lagj\u00f6ld,&#8220; segir \u00c1sa \u00d6nnu \u00d3lafsd\u00f3ttir t\u00f3nsk\u00e1ld, g\u00edtar-, p\u00edan\u00f3- og orgelleikari. H\u00fan gengur undir listamannsnafninu [&hellip;]<\/p>\n","protected":false},"author":2,"featured_media":3083,"comment_status":"open","ping_status":"open","sticky":false,"template":"","format":"standard","meta":{"_monsterinsights_skip_tracking":false,"_monsterinsights_sitenote_active":false,"_monsterinsights_sitenote_note":"","_monsterinsights_sitenote_category":0,"footnotes":""},"categories":[31],"tags":[],"class_list":{"0":"post-3082","1":"post","2":"type-post","3":"status-publish","4":"format-standard","5":"has-post-thumbnail","7":"category-greinar"},"yoast_head":"<!-- This site is optimized with the Yoast SEO plugin v22.0 - https:\/\/yoast.com\/wordpress\/plugins\/seo\/ -->\n<title>\u00c1SA SAFNAR FYRIR SK\u00d3LAGJ\u00d6LDUM \u00cd COLUMBIA \u00c1 KAROLINA FUND &#8211; Eir\u00edkur J\u00f3nsson<\/title>\n<meta name=\"robots\" content=\"index, follow, max-snippet:-1, max-image-preview:large, max-video-preview:-1\" \/>\n<link rel=\"canonical\" href=\"https:\/\/eirikurjonsson.is\/index.php\/2024\/08\/12\/asa-safnar-fyrir-skolagjoldum-i-columbia-a-karolina-fund\/\" \/>\n<meta property=\"og:locale\" content=\"is_IS\" \/>\n<meta property=\"og:type\" content=\"article\" \/>\n<meta property=\"og:title\" content=\"\u00c1SA SAFNAR FYRIR SK\u00d3LAGJ\u00d6LDUM \u00cd COLUMBIA \u00c1 KAROLINA FUND &#8211; Eir\u00edkur J\u00f3nsson\" \/>\n<meta property=\"og:description\" content=\"&#8222;\u00c9g komst inn \u00ed Sound Art MFA n\u00e1mi\u00f0 \u00ed Columbia University \u00ed New York. A\u00f0eins 3 komast inn \u00e1 hverju \u00e1ri. \u00c9g er mj\u00f6g spennt fyrir \u00fev\u00ed a\u00f0 byrja \u00ed n\u00e1minu, en n\u00fa stend \u00e9g frammi fyrir \u00fev\u00ed a\u00f0 borga himinh\u00e1 sk\u00f3lagj\u00f6ld,&#8220; segir \u00c1sa \u00d6nnu \u00d3lafsd\u00f3ttir t\u00f3nsk\u00e1ld, g\u00edtar-, p\u00edan\u00f3- og orgelleikari. H\u00fan gengur undir listamannsnafninu [&hellip;]\" \/>\n<meta property=\"og:url\" content=\"https:\/\/eirikurjonsson.is\/index.php\/2024\/08\/12\/asa-safnar-fyrir-skolagjoldum-i-columbia-a-karolina-fund\/\" \/>\n<meta property=\"og:site_name\" content=\"Eir\u00edkur J\u00f3nsson\" \/>\n<meta property=\"article:published_time\" content=\"2024-08-12T16:32:57+00:00\" \/>\n<meta property=\"og:image\" content=\"https:\/\/eirikurjonsson.is\/wp-content\/uploads\/2024\/08\/ASA-COLUMBIA.webp\" \/>\n\t<meta property=\"og:image:width\" content=\"751\" \/>\n\t<meta property=\"og:image:height\" content=\"475\" \/>\n\t<meta property=\"og:image:type\" content=\"image\/webp\" \/>\n<meta name=\"author\" content=\"eir\" \/>\n<meta name=\"twitter:card\" content=\"summary_large_image\" \/>\n<meta name=\"twitter:label1\" content=\"Written by\" \/>\n\t<meta name=\"twitter:data1\" content=\"eir\" \/>\n\t<meta name=\"twitter:label2\" content=\"Est. reading time\" \/>\n\t<meta name=\"twitter:data2\" content=\"1 minute\" \/>\n<script type=\"application\/ld+json\" class=\"yoast-schema-graph\">{\"@context\":\"https:\/\/schema.org\",\"@graph\":[{\"@type\":\"WebPage\",\"@id\":\"https:\/\/eirikurjonsson.is\/index.php\/2024\/08\/12\/asa-safnar-fyrir-skolagjoldum-i-columbia-a-karolina-fund\/\",\"url\":\"https:\/\/eirikurjonsson.is\/index.php\/2024\/08\/12\/asa-safnar-fyrir-skolagjoldum-i-columbia-a-karolina-fund\/\",\"name\":\"\u00c1SA SAFNAR FYRIR SK\u00d3LAGJ\u00d6LDUM \u00cd COLUMBIA \u00c1 KAROLINA FUND &#8211; Eir\u00edkur J\u00f3nsson\",\"isPartOf\":{\"@id\":\"https:\/\/eirikurjonsson.is\/#website\"},\"datePublished\":\"2024-08-12T16:32:57+00:00\",\"dateModified\":\"2024-08-12T16:32:57+00:00\",\"author\":{\"@id\":\"https:\/\/eirikurjonsson.is\/#\/schema\/person\/308afa1d0e201918034e31b1da4f07a5\"},\"breadcrumb\":{\"@id\":\"https:\/\/eirikurjonsson.is\/index.php\/2024\/08\/12\/asa-safnar-fyrir-skolagjoldum-i-columbia-a-karolina-fund\/#breadcrumb\"},\"inLanguage\":\"is\",\"potentialAction\":[{\"@type\":\"ReadAction\",\"target\":[\"https:\/\/eirikurjonsson.is\/index.php\/2024\/08\/12\/asa-safnar-fyrir-skolagjoldum-i-columbia-a-karolina-fund\/\"]}]},{\"@type\":\"BreadcrumbList\",\"@id\":\"https:\/\/eirikurjonsson.is\/index.php\/2024\/08\/12\/asa-safnar-fyrir-skolagjoldum-i-columbia-a-karolina-fund\/#breadcrumb\",\"itemListElement\":[{\"@type\":\"ListItem\",\"position\":1,\"name\":\"Home\",\"item\":\"https:\/\/eirikurjonsson.is\/\"},{\"@type\":\"ListItem\",\"position\":2,\"name\":\"\u00c1SA SAFNAR FYRIR SK\u00d3LAGJ\u00d6LDUM \u00cd COLUMBIA \u00c1 KAROLINA FUND\"}]},{\"@type\":\"WebSite\",\"@id\":\"https:\/\/eirikurjonsson.is\/#website\",\"url\":\"https:\/\/eirikurjonsson.is\/\",\"name\":\"Eir\u00edkur J\u00f3nsson\",\"description\":\"Eir\u00edkur J\u00f3nsson | EIR eirikurjonsson.is\",\"potentialAction\":[{\"@type\":\"SearchAction\",\"target\":{\"@type\":\"EntryPoint\",\"urlTemplate\":\"https:\/\/eirikurjonsson.is\/?s={search_term_string}\"},\"query-input\":\"required name=search_term_string\"}],\"inLanguage\":\"is\"},{\"@type\":\"Person\",\"@id\":\"https:\/\/eirikurjonsson.is\/#\/schema\/person\/308afa1d0e201918034e31b1da4f07a5\",\"name\":\"eir\",\"image\":{\"@type\":\"ImageObject\",\"inLanguage\":\"is\",\"@id\":\"https:\/\/eirikurjonsson.is\/#\/schema\/person\/image\/\",\"url\":\"https:\/\/secure.gravatar.com\/avatar\/b6748316a4400053a1fa9f4694b38d294dc5da6f4bacc727742bd8f3e689f87c?s=96&d=mm&r=g\",\"contentUrl\":\"https:\/\/secure.gravatar.com\/avatar\/b6748316a4400053a1fa9f4694b38d294dc5da6f4bacc727742bd8f3e689f87c?s=96&d=mm&r=g\",\"caption\":\"eir\"},\"url\":\"https:\/\/eirikurjonsson.is\/index.php\/author\/eir\/\"}]}<\/script>\n<!-- \/ Yoast SEO plugin. -->","yoast_head_json":{"title":"\u00c1SA SAFNAR FYRIR SK\u00d3LAGJ\u00d6LDUM \u00cd COLUMBIA \u00c1 KAROLINA FUND &#8211; Eir\u00edkur J\u00f3nsson","robots":{"index":"index","follow":"follow","max-snippet":"max-snippet:-1","max-image-preview":"max-image-preview:large","max-video-preview":"max-video-preview:-1"},"canonical":"https:\/\/eirikurjonsson.is\/index.php\/2024\/08\/12\/asa-safnar-fyrir-skolagjoldum-i-columbia-a-karolina-fund\/","og_locale":"is_IS","og_type":"article","og_title":"\u00c1SA SAFNAR FYRIR SK\u00d3LAGJ\u00d6LDUM \u00cd COLUMBIA \u00c1 KAROLINA FUND &#8211; Eir\u00edkur J\u00f3nsson","og_description":"&#8222;\u00c9g komst inn \u00ed Sound Art MFA n\u00e1mi\u00f0 \u00ed Columbia University \u00ed New York. A\u00f0eins 3 komast inn \u00e1 hverju \u00e1ri. \u00c9g er mj\u00f6g spennt fyrir \u00fev\u00ed a\u00f0 byrja \u00ed n\u00e1minu, en n\u00fa stend \u00e9g frammi fyrir \u00fev\u00ed a\u00f0 borga himinh\u00e1 sk\u00f3lagj\u00f6ld,&#8220; segir \u00c1sa \u00d6nnu \u00d3lafsd\u00f3ttir t\u00f3nsk\u00e1ld, g\u00edtar-, p\u00edan\u00f3- og orgelleikari. H\u00fan gengur undir listamannsnafninu [&hellip;]","og_url":"https:\/\/eirikurjonsson.is\/index.php\/2024\/08\/12\/asa-safnar-fyrir-skolagjoldum-i-columbia-a-karolina-fund\/","og_site_name":"Eir\u00edkur J\u00f3nsson","article_published_time":"2024-08-12T16:32:57+00:00","og_image":[{"width":751,"height":475,"url":"https:\/\/eirikurjonsson.is\/wp-content\/uploads\/2024\/08\/ASA-COLUMBIA.webp","type":"image\/webp"}],"author":"eir","twitter_card":"summary_large_image","twitter_misc":{"Written by":"eir","Est. reading time":"1 minute"},"schema":{"@context":"https:\/\/schema.org","@graph":[{"@type":"WebPage","@id":"https:\/\/eirikurjonsson.is\/index.php\/2024\/08\/12\/asa-safnar-fyrir-skolagjoldum-i-columbia-a-karolina-fund\/","url":"https:\/\/eirikurjonsson.is\/index.php\/2024\/08\/12\/asa-safnar-fyrir-skolagjoldum-i-columbia-a-karolina-fund\/","name":"\u00c1SA SAFNAR FYRIR SK\u00d3LAGJ\u00d6LDUM \u00cd COLUMBIA \u00c1 KAROLINA FUND &#8211; Eir\u00edkur J\u00f3nsson","isPartOf":{"@id":"https:\/\/eirikurjonsson.is\/#website"},"datePublished":"2024-08-12T16:32:57+00:00","dateModified":"2024-08-12T16:32:57+00:00","author":{"@id":"https:\/\/eirikurjonsson.is\/#\/schema\/person\/308afa1d0e201918034e31b1da4f07a5"},"breadcrumb":{"@id":"https:\/\/eirikurjonsson.is\/index.php\/2024\/08\/12\/asa-safnar-fyrir-skolagjoldum-i-columbia-a-karolina-fund\/#breadcrumb"},"inLanguage":"is","potentialAction":[{"@type":"ReadAction","target":["https:\/\/eirikurjonsson.is\/index.php\/2024\/08\/12\/asa-safnar-fyrir-skolagjoldum-i-columbia-a-karolina-fund\/"]}]},{"@type":"BreadcrumbList","@id":"https:\/\/eirikurjonsson.is\/index.php\/2024\/08\/12\/asa-safnar-fyrir-skolagjoldum-i-columbia-a-karolina-fund\/#breadcrumb","itemListElement":[{"@type":"ListItem","position":1,"name":"Home","item":"https:\/\/eirikurjonsson.is\/"},{"@type":"ListItem","position":2,"name":"\u00c1SA SAFNAR FYRIR SK\u00d3LAGJ\u00d6LDUM \u00cd COLUMBIA \u00c1 KAROLINA FUND"}]},{"@type":"WebSite","@id":"https:\/\/eirikurjonsson.is\/#website","url":"https:\/\/eirikurjonsson.is\/","name":"Eir\u00edkur J\u00f3nsson","description":"Eir\u00edkur J\u00f3nsson | EIR eirikurjonsson.is","potentialAction":[{"@type":"SearchAction","target":{"@type":"EntryPoint","urlTemplate":"https:\/\/eirikurjonsson.is\/?s={search_term_string}"},"query-input":"required name=search_term_string"}],"inLanguage":"is"},{"@type":"Person","@id":"https:\/\/eirikurjonsson.is\/#\/schema\/person\/308afa1d0e201918034e31b1da4f07a5","name":"eir","image":{"@type":"ImageObject","inLanguage":"is","@id":"https:\/\/eirikurjonsson.is\/#\/schema\/person\/image\/","url":"https:\/\/secure.gravatar.com\/avatar\/b6748316a4400053a1fa9f4694b38d294dc5da6f4bacc727742bd8f3e689f87c?s=96&d=mm&r=g","contentUrl":"https:\/\/secure.gravatar.com\/avatar\/b6748316a4400053a1fa9f4694b38d294dc5da6f4bacc727742bd8f3e689f87c?s=96&d=mm&r=g","caption":"eir"},"url":"https:\/\/eirikurjonsson.is\/index.php\/author\/eir\/"}]}},"_links":{"self":[{"href":"https:\/\/eirikurjonsson.is\/index.php\/wp-json\/wp\/v2\/posts\/3082","targetHints":{"allow":["GET"]}}],"collection":[{"href":"https:\/\/eirikurjonsson.is\/index.php\/wp-json\/wp\/v2\/posts"}],"about":[{"href":"https:\/\/eirikurjonsson.is\/index.php\/wp-json\/wp\/v2\/types\/post"}],"author":[{"embeddable":true,"href":"https:\/\/eirikurjonsson.is\/index.php\/wp-json\/wp\/v2\/users\/2"}],"replies":[{"embeddable":true,"href":"https:\/\/eirikurjonsson.is\/index.php\/wp-json\/wp\/v2\/comments?post=3082"}],"version-history":[{"count":1,"href":"https:\/\/eirikurjonsson.is\/index.php\/wp-json\/wp\/v2\/posts\/3082\/revisions"}],"predecessor-version":[{"id":3084,"href":"https:\/\/eirikurjonsson.is\/index.php\/wp-json\/wp\/v2\/posts\/3082\/revisions\/3084"}],"wp:featuredmedia":[{"embeddable":true,"href":"https:\/\/eirikurjonsson.is\/index.php\/wp-json\/wp\/v2\/media\/3083"}],"wp:attachment":[{"href":"https:\/\/eirikurjonsson.is\/index.php\/wp-json\/wp\/v2\/media?parent=3082"}],"wp:term":[{"taxonomy":"category","embeddable":true,"href":"https:\/\/eirikurjonsson.is\/index.php\/wp-json\/wp\/v2\/categories?post=3082"},{"taxonomy":"post_tag","embeddable":true,"href":"https:\/\/eirikurjonsson.is\/index.php\/wp-json\/wp\/v2\/tags?post=3082"}],"curies":[{"name":"wp","href":"https:\/\/api.w.org\/{rel}","templated":true}]}}