{"id":3041,"date":"2024-08-08T12:54:05","date_gmt":"2024-08-08T12:54:05","guid":{"rendered":"https:\/\/eirikurjonsson.is\/?p=3041"},"modified":"2024-08-09T10:00:01","modified_gmt":"2024-08-09T10:00:01","slug":"fotboltastjornurnar-nenna-ekki-a-ol-32-ara-aldurshamark","status":"publish","type":"post","link":"https:\/\/eirikurjonsson.is\/index.php\/2024\/08\/08\/fotboltastjornurnar-nenna-ekki-a-ol-32-ara-aldurshamark\/","title":{"rendered":"F\u00d3TBOLTASTJ\u00d6RNURNAR NENNA EKKI \u00c1 \u00d3L &#8211; 32 \u00c1RA ALDURSH\u00c1MARK"},"content":{"rendered":"<p>Landsli\u00f0menn \u00ed knattspyrnu sem taka \u00fe\u00e1 \u00ed \u00d3lympiuleikunum mega ekki vera eldri en 32 \u00e1ra. \u00deegar spurt er um \u00e1st\u00e6\u00f0ur er svari\u00f0 lo\u00f0i\u00f0 \u00fev\u00ed \u00feetta gildir ekki um handbolta, k\u00f6rfubolta e\u00f0a anna\u00f0.<\/p>\n<p>Helst er a\u00f0 skilja a\u00f0 reglan hafi veri\u00f0 sett \u00feegar lj\u00f3st var a\u00f0 heimsfr\u00e6gar stj\u00f6rnurnar nenntu ekki a\u00f0 ey\u00f0a t\u00edma s\u00ednum \u00ed \u00d3L &#8211; \u00feetta tekur j\u00fa langan t\u00edma.<\/p>\n<p>Opinbera sk\u00fdringin er \u00feessi: <em>Rosters for the men\u2019s tournament can only consist of 18 players under the age of 23, with the exception of three players over that age limit.<\/em><\/p>\n<p>\u00dea\u00f0 \u00e1 v\u00edst e\u00f0 gefa ungu str\u00e1kunum sj\u00e9ns.<\/p>\n","protected":false},"excerpt":{"rendered":"<p>Landsli\u00f0menn \u00ed knattspyrnu sem taka \u00fe\u00e1 \u00ed \u00d3lympiuleikunum mega ekki vera eldri en 32 \u00e1ra. \u00deegar spurt er um \u00e1st\u00e6\u00f0ur er svari\u00f0 lo\u00f0i\u00f0 \u00fev\u00ed \u00feetta gildir ekki um handbolta, k\u00f6rfubolta e\u00f0a anna\u00f0. Helst er a\u00f0 skilja a\u00f0 reglan hafi veri\u00f0 sett \u00feegar lj\u00f3st var a\u00f0 heimsfr\u00e6gar stj\u00f6rnurnar nenntu ekki a\u00f0 ey\u00f0a t\u00edma s\u00ednum \u00ed \u00d3L [&hellip;]<\/p>\n","protected":false},"author":2,"featured_media":3042,"comment_status":"open","ping_status":"open","sticky":false,"template":"","format":"standard","meta":{"_monsterinsights_skip_tracking":false,"_monsterinsights_sitenote_active":false,"_monsterinsights_sitenote_note":"","_monsterinsights_sitenote_category":0,"footnotes":""},"categories":[30],"tags":[],"class_list":{"0":"post-3041","1":"post","2":"type-post","3":"status-publish","4":"format-standard","5":"has-post-thumbnail","7":"category-sagt-er"},"yoast_head":"<!-- This site is optimized with the Yoast SEO plugin v22.0 - https:\/\/yoast.com\/wordpress\/plugins\/seo\/ -->\n<title>F\u00d3TBOLTASTJ\u00d6RNURNAR NENNA EKKI \u00c1 \u00d3L - 32 \u00c1RA ALDURSH\u00c1MARK &#8211; Eir\u00edkur J\u00f3nsson<\/title>\n<meta name=\"robots\" content=\"index, follow, max-snippet:-1, max-image-preview:large, max-video-preview:-1\" \/>\n<link rel=\"canonical\" href=\"https:\/\/eirikurjonsson.is\/index.php\/2024\/08\/08\/fotboltastjornurnar-nenna-ekki-a-ol-32-ara-aldurshamark\/\" \/>\n<meta property=\"og:locale\" content=\"is_IS\" \/>\n<meta property=\"og:type\" content=\"article\" \/>\n<meta property=\"og:title\" content=\"F\u00d3TBOLTASTJ\u00d6RNURNAR NENNA EKKI \u00c1 \u00d3L - 32 \u00c1RA ALDURSH\u00c1MARK &#8211; Eir\u00edkur J\u00f3nsson\" \/>\n<meta property=\"og:description\" content=\"Landsli\u00f0menn \u00ed knattspyrnu sem taka \u00fe\u00e1 \u00ed \u00d3lympiuleikunum mega ekki vera eldri en 32 \u00e1ra. \u00deegar spurt er um \u00e1st\u00e6\u00f0ur er svari\u00f0 lo\u00f0i\u00f0 \u00fev\u00ed \u00feetta gildir ekki um handbolta, k\u00f6rfubolta e\u00f0a anna\u00f0. Helst er a\u00f0 skilja a\u00f0 reglan hafi veri\u00f0 sett \u00feegar lj\u00f3st var a\u00f0 heimsfr\u00e6gar stj\u00f6rnurnar nenntu ekki a\u00f0 ey\u00f0a t\u00edma s\u00ednum \u00ed \u00d3L [&hellip;]\" \/>\n<meta property=\"og:url\" content=\"https:\/\/eirikurjonsson.is\/index.php\/2024\/08\/08\/fotboltastjornurnar-nenna-ekki-a-ol-32-ara-aldurshamark\/\" \/>\n<meta property=\"og:site_name\" content=\"Eir\u00edkur J\u00f3nsson\" \/>\n<meta property=\"article:published_time\" content=\"2024-08-08T12:54:05+00:00\" \/>\n<meta property=\"article:modified_time\" content=\"2024-08-09T10:00:01+00:00\" \/>\n<meta property=\"og:image\" content=\"https:\/\/eirikurjonsson.is\/wp-content\/uploads\/2024\/08\/frakkar-ol.png\" \/>\n\t<meta property=\"og:image:width\" content=\"525\" \/>\n\t<meta property=\"og:image:height\" content=\"420\" \/>\n\t<meta property=\"og:image:type\" content=\"image\/png\" \/>\n<meta name=\"author\" content=\"eir\" \/>\n<meta name=\"twitter:card\" content=\"summary_large_image\" \/>\n<meta name=\"twitter:label1\" content=\"Written by\" \/>\n\t<meta name=\"twitter:data1\" content=\"eir\" \/>\n\t<meta name=\"twitter:label2\" content=\"Est. reading time\" \/>\n\t<meta name=\"twitter:data2\" content=\"1 minute\" \/>\n<script type=\"application\/ld+json\" class=\"yoast-schema-graph\">{\"@context\":\"https:\/\/schema.org\",\"@graph\":[{\"@type\":\"WebPage\",\"@id\":\"https:\/\/eirikurjonsson.is\/index.php\/2024\/08\/08\/fotboltastjornurnar-nenna-ekki-a-ol-32-ara-aldurshamark\/\",\"url\":\"https:\/\/eirikurjonsson.is\/index.php\/2024\/08\/08\/fotboltastjornurnar-nenna-ekki-a-ol-32-ara-aldurshamark\/\",\"name\":\"F\u00d3TBOLTASTJ\u00d6RNURNAR NENNA EKKI \u00c1 \u00d3L - 32 \u00c1RA ALDURSH\u00c1MARK &#8211; Eir\u00edkur J\u00f3nsson\",\"isPartOf\":{\"@id\":\"https:\/\/eirikurjonsson.is\/#website\"},\"datePublished\":\"2024-08-08T12:54:05+00:00\",\"dateModified\":\"2024-08-09T10:00:01+00:00\",\"author\":{\"@id\":\"https:\/\/eirikurjonsson.is\/#\/schema\/person\/308afa1d0e201918034e31b1da4f07a5\"},\"breadcrumb\":{\"@id\":\"https:\/\/eirikurjonsson.is\/index.php\/2024\/08\/08\/fotboltastjornurnar-nenna-ekki-a-ol-32-ara-aldurshamark\/#breadcrumb\"},\"inLanguage\":\"is\",\"potentialAction\":[{\"@type\":\"ReadAction\",\"target\":[\"https:\/\/eirikurjonsson.is\/index.php\/2024\/08\/08\/fotboltastjornurnar-nenna-ekki-a-ol-32-ara-aldurshamark\/\"]}]},{\"@type\":\"BreadcrumbList\",\"@id\":\"https:\/\/eirikurjonsson.is\/index.php\/2024\/08\/08\/fotboltastjornurnar-nenna-ekki-a-ol-32-ara-aldurshamark\/#breadcrumb\",\"itemListElement\":[{\"@type\":\"ListItem\",\"position\":1,\"name\":\"Home\",\"item\":\"https:\/\/eirikurjonsson.is\/\"},{\"@type\":\"ListItem\",\"position\":2,\"name\":\"F\u00d3TBOLTASTJ\u00d6RNURNAR NENNA EKKI \u00c1 \u00d3L &#8211; 32 \u00c1RA ALDURSH\u00c1MARK\"}]},{\"@type\":\"WebSite\",\"@id\":\"https:\/\/eirikurjonsson.is\/#website\",\"url\":\"https:\/\/eirikurjonsson.is\/\",\"name\":\"Eir\u00edkur J\u00f3nsson\",\"description\":\"Eir\u00edkur J\u00f3nsson | EIR eirikurjonsson.is\",\"potentialAction\":[{\"@type\":\"SearchAction\",\"target\":{\"@type\":\"EntryPoint\",\"urlTemplate\":\"https:\/\/eirikurjonsson.is\/?s={search_term_string}\"},\"query-input\":\"required name=search_term_string\"}],\"inLanguage\":\"is\"},{\"@type\":\"Person\",\"@id\":\"https:\/\/eirikurjonsson.is\/#\/schema\/person\/308afa1d0e201918034e31b1da4f07a5\",\"name\":\"eir\",\"image\":{\"@type\":\"ImageObject\",\"inLanguage\":\"is\",\"@id\":\"https:\/\/eirikurjonsson.is\/#\/schema\/person\/image\/\",\"url\":\"https:\/\/secure.gravatar.com\/avatar\/b6748316a4400053a1fa9f4694b38d294dc5da6f4bacc727742bd8f3e689f87c?s=96&d=mm&r=g\",\"contentUrl\":\"https:\/\/secure.gravatar.com\/avatar\/b6748316a4400053a1fa9f4694b38d294dc5da6f4bacc727742bd8f3e689f87c?s=96&d=mm&r=g\",\"caption\":\"eir\"},\"url\":\"https:\/\/eirikurjonsson.is\/index.php\/author\/eir\/\"}]}<\/script>\n<!-- \/ Yoast SEO plugin. -->","yoast_head_json":{"title":"F\u00d3TBOLTASTJ\u00d6RNURNAR NENNA EKKI \u00c1 \u00d3L - 32 \u00c1RA ALDURSH\u00c1MARK &#8211; Eir\u00edkur J\u00f3nsson","robots":{"index":"index","follow":"follow","max-snippet":"max-snippet:-1","max-image-preview":"max-image-preview:large","max-video-preview":"max-video-preview:-1"},"canonical":"https:\/\/eirikurjonsson.is\/index.php\/2024\/08\/08\/fotboltastjornurnar-nenna-ekki-a-ol-32-ara-aldurshamark\/","og_locale":"is_IS","og_type":"article","og_title":"F\u00d3TBOLTASTJ\u00d6RNURNAR NENNA EKKI \u00c1 \u00d3L - 32 \u00c1RA ALDURSH\u00c1MARK &#8211; Eir\u00edkur J\u00f3nsson","og_description":"Landsli\u00f0menn \u00ed knattspyrnu sem taka \u00fe\u00e1 \u00ed \u00d3lympiuleikunum mega ekki vera eldri en 32 \u00e1ra. \u00deegar spurt er um \u00e1st\u00e6\u00f0ur er svari\u00f0 lo\u00f0i\u00f0 \u00fev\u00ed \u00feetta gildir ekki um handbolta, k\u00f6rfubolta e\u00f0a anna\u00f0. Helst er a\u00f0 skilja a\u00f0 reglan hafi veri\u00f0 sett \u00feegar lj\u00f3st var a\u00f0 heimsfr\u00e6gar stj\u00f6rnurnar nenntu ekki a\u00f0 ey\u00f0a t\u00edma s\u00ednum \u00ed \u00d3L [&hellip;]","og_url":"https:\/\/eirikurjonsson.is\/index.php\/2024\/08\/08\/fotboltastjornurnar-nenna-ekki-a-ol-32-ara-aldurshamark\/","og_site_name":"Eir\u00edkur J\u00f3nsson","article_published_time":"2024-08-08T12:54:05+00:00","article_modified_time":"2024-08-09T10:00:01+00:00","og_image":[{"width":525,"height":420,"url":"https:\/\/eirikurjonsson.is\/wp-content\/uploads\/2024\/08\/frakkar-ol.png","type":"image\/png"}],"author":"eir","twitter_card":"summary_large_image","twitter_misc":{"Written by":"eir","Est. reading time":"1 minute"},"schema":{"@context":"https:\/\/schema.org","@graph":[{"@type":"WebPage","@id":"https:\/\/eirikurjonsson.is\/index.php\/2024\/08\/08\/fotboltastjornurnar-nenna-ekki-a-ol-32-ara-aldurshamark\/","url":"https:\/\/eirikurjonsson.is\/index.php\/2024\/08\/08\/fotboltastjornurnar-nenna-ekki-a-ol-32-ara-aldurshamark\/","name":"F\u00d3TBOLTASTJ\u00d6RNURNAR NENNA EKKI \u00c1 \u00d3L - 32 \u00c1RA ALDURSH\u00c1MARK &#8211; Eir\u00edkur J\u00f3nsson","isPartOf":{"@id":"https:\/\/eirikurjonsson.is\/#website"},"datePublished":"2024-08-08T12:54:05+00:00","dateModified":"2024-08-09T10:00:01+00:00","author":{"@id":"https:\/\/eirikurjonsson.is\/#\/schema\/person\/308afa1d0e201918034e31b1da4f07a5"},"breadcrumb":{"@id":"https:\/\/eirikurjonsson.is\/index.php\/2024\/08\/08\/fotboltastjornurnar-nenna-ekki-a-ol-32-ara-aldurshamark\/#breadcrumb"},"inLanguage":"is","potentialAction":[{"@type":"ReadAction","target":["https:\/\/eirikurjonsson.is\/index.php\/2024\/08\/08\/fotboltastjornurnar-nenna-ekki-a-ol-32-ara-aldurshamark\/"]}]},{"@type":"BreadcrumbList","@id":"https:\/\/eirikurjonsson.is\/index.php\/2024\/08\/08\/fotboltastjornurnar-nenna-ekki-a-ol-32-ara-aldurshamark\/#breadcrumb","itemListElement":[{"@type":"ListItem","position":1,"name":"Home","item":"https:\/\/eirikurjonsson.is\/"},{"@type":"ListItem","position":2,"name":"F\u00d3TBOLTASTJ\u00d6RNURNAR NENNA EKKI \u00c1 \u00d3L &#8211; 32 \u00c1RA ALDURSH\u00c1MARK"}]},{"@type":"WebSite","@id":"https:\/\/eirikurjonsson.is\/#website","url":"https:\/\/eirikurjonsson.is\/","name":"Eir\u00edkur J\u00f3nsson","description":"Eir\u00edkur J\u00f3nsson | EIR eirikurjonsson.is","potentialAction":[{"@type":"SearchAction","target":{"@type":"EntryPoint","urlTemplate":"https:\/\/eirikurjonsson.is\/?s={search_term_string}"},"query-input":"required name=search_term_string"}],"inLanguage":"is"},{"@type":"Person","@id":"https:\/\/eirikurjonsson.is\/#\/schema\/person\/308afa1d0e201918034e31b1da4f07a5","name":"eir","image":{"@type":"ImageObject","inLanguage":"is","@id":"https:\/\/eirikurjonsson.is\/#\/schema\/person\/image\/","url":"https:\/\/secure.gravatar.com\/avatar\/b6748316a4400053a1fa9f4694b38d294dc5da6f4bacc727742bd8f3e689f87c?s=96&d=mm&r=g","contentUrl":"https:\/\/secure.gravatar.com\/avatar\/b6748316a4400053a1fa9f4694b38d294dc5da6f4bacc727742bd8f3e689f87c?s=96&d=mm&r=g","caption":"eir"},"url":"https:\/\/eirikurjonsson.is\/index.php\/author\/eir\/"}]}},"_links":{"self":[{"href":"https:\/\/eirikurjonsson.is\/index.php\/wp-json\/wp\/v2\/posts\/3041","targetHints":{"allow":["GET"]}}],"collection":[{"href":"https:\/\/eirikurjonsson.is\/index.php\/wp-json\/wp\/v2\/posts"}],"about":[{"href":"https:\/\/eirikurjonsson.is\/index.php\/wp-json\/wp\/v2\/types\/post"}],"author":[{"embeddable":true,"href":"https:\/\/eirikurjonsson.is\/index.php\/wp-json\/wp\/v2\/users\/2"}],"replies":[{"embeddable":true,"href":"https:\/\/eirikurjonsson.is\/index.php\/wp-json\/wp\/v2\/comments?post=3041"}],"version-history":[{"count":2,"href":"https:\/\/eirikurjonsson.is\/index.php\/wp-json\/wp\/v2\/posts\/3041\/revisions"}],"predecessor-version":[{"id":3044,"href":"https:\/\/eirikurjonsson.is\/index.php\/wp-json\/wp\/v2\/posts\/3041\/revisions\/3044"}],"wp:featuredmedia":[{"embeddable":true,"href":"https:\/\/eirikurjonsson.is\/index.php\/wp-json\/wp\/v2\/media\/3042"}],"wp:attachment":[{"href":"https:\/\/eirikurjonsson.is\/index.php\/wp-json\/wp\/v2\/media?parent=3041"}],"wp:term":[{"taxonomy":"category","embeddable":true,"href":"https:\/\/eirikurjonsson.is\/index.php\/wp-json\/wp\/v2\/categories?post=3041"},{"taxonomy":"post_tag","embeddable":true,"href":"https:\/\/eirikurjonsson.is\/index.php\/wp-json\/wp\/v2\/tags?post=3041"}],"curies":[{"name":"wp","href":"https:\/\/api.w.org\/{rel}","templated":true}]}}