{"id":3022,"date":"2024-08-06T12:11:11","date_gmt":"2024-08-06T12:11:11","guid":{"rendered":"https:\/\/eirikurjonsson.is\/?p=3022"},"modified":"2024-08-07T13:17:47","modified_gmt":"2024-08-07T13:17:47","slug":"upp-a-lif-og-dauda-a-hjalteyri","status":"publish","type":"post","link":"https:\/\/eirikurjonsson.is\/index.php\/2024\/08\/06\/upp-a-lif-og-dauda-a-hjalteyri\/","title":{"rendered":"UPP \u00c1 L\u00cdF OG DAU\u00d0A \u00c1 HJALTEYRI"},"content":{"rendered":"<figure id=\"attachment_3023\" aria-describedby=\"caption-attachment-3023\" style=\"width: 156px\" class=\"wp-caption alignleft\"><img loading=\"lazy\" decoding=\"async\" class=\"wp-image-3023\" src=\"https:\/\/eirikurjonsson.is\/wp-content\/uploads\/2024\/08\/HJALTEYRI2-235x300.jpg\" alt=\"Jonathan Rescigno\" width=\"156\" height=\"199\" srcset=\"https:\/\/eirikurjonsson.is\/wp-content\/uploads\/2024\/08\/HJALTEYRI2-235x300.jpg 235w, https:\/\/eirikurjonsson.is\/wp-content\/uploads\/2024\/08\/HJALTEYRI2.jpg 582w\" sizes=\"auto, (max-width: 156px) 100vw, 156px\" \/><figcaption id=\"caption-attachment-3023\" class=\"wp-caption-text\">Jonathan Rescigno<\/figcaption><\/figure>\n<p>Jonathan Rescigno s\u00fdnir kvikmynd s\u00edna Strike or Die\/Gr\u00e8ve ou Cr\u00e8ve\/Upp \u00e1 l\u00edf og dau\u00f0a \u00ed Verksmi\u00f0junni \u00e1 Hjalteyri 10. \u00e1g\u00fast klukkan 17:00. Verksmi\u00f0an \u00e1 Hjalteyri var risafyrirt\u00e6ki \u00ed eigu Thorsarana \u00e1 \u00e1rum \u00e1\u00f0ur, \u00ed Eyjafir\u00f0i, r\u00e9tt utan vi\u00f0 Akureyri \u00e1 lei\u00f0inni til Dalv\u00edkur.<\/p>\n<p>Qassim, ein a\u00f0alpers\u00f3na myndarinnar, ver\u00f0ur vi\u00f0staddur s\u00fdninguna. Strike or Die var frums\u00fdnd \u00e1 Berlinalnum 2020. Jonathan s\u00fdnir einnig stuttmyndina Destination Moon og v\u00edde\u00f3verki\u00f0 469 fr\u00e1 2015.<\/p>\n<p>\u00c1grip: <em>\u00cd heimab\u00e6 s\u00ednum, fyrrum i\u00f0na\u00f0arsv\u00e6\u00f0i \u00ed Lorraine, fylgir Jonathan Rescigno eftir nokkrum einstaklingum og tengir lauslega s\u00f6gur \u00feeirra. Tveir vinir, synir arab\u00edskra innflytjenda, ey\u00f0a t\u00edma s\u00ednum \u00ed r\u00f3legheitum \u00e1 b\u00e6jarvi\u00f0bur\u00f0um og disk\u00f3tekum.<\/em><br \/>\n<em>Ma\u00f0ur nokkur gefur n\u00e1musafninu reykhandsprengjur og hj\u00e1lma, til minningar um verkf\u00f6ll<\/em><br \/>\n<em>n\u00e1muverkamanna \u00e1 n\u00edunda og t\u00edunda \u00e1ratugnum. Eldri \u00fej\u00e1lfari vinnur me\u00f0 ungum<\/em><br \/>\n<em>hnefaleikam\u00f6nnum og \u00fej\u00e1lfar \u00fe\u00e1 fyrir bardaga. G\u00f6gn af skjalasafni sem s\u00fdna stigm\u00f6gnu\u00f0<\/em><br \/>\n<em>n\u00e1muverkf\u00f6ll skilur a\u00f0 \u00feessa fr\u00e1sagnar\u00fer\u00e6\u00f0i. Sm\u00e1tt og sm\u00e1tt sj\u00e1st tengsl \u00e1 milli einstakra<\/em><br \/>\n<em>sagna og spurningar myndast sem sn\u00faa a\u00f0 kjarabar\u00e1ttu, samst\u00f6\u00f0u og breyttri merkingu<\/em><br \/>\n<em>\u00feessara \u00fe\u00e1tta \u00ed n\u00fat\u00edmanum. \u00deokusk\u00fd sigla \u00ed gegnum myndina, aftur og aftur: yfir heimili<\/em><br \/>\n<em>verkamanna, \u00ed gegnum safni\u00f0, framhj\u00e1 \u00fe\u00e1verandi h\u00f6fu\u00f0st\u00f6\u00f0vum n\u00e1munnar. Er bar\u00e1ttunni<\/em><br \/>\n<em>loki\u00f0 e\u00f0a kraumar enn \u00ed henni? E\u00f0a er a\u00f0 safnast upp \u00ed eitthva\u00f0 alveg n\u00fdtt?<\/em><\/p>\n","protected":false},"excerpt":{"rendered":"<p>Jonathan Rescigno s\u00fdnir kvikmynd s\u00edna Strike or Die\/Gr\u00e8ve ou Cr\u00e8ve\/Upp \u00e1 l\u00edf og dau\u00f0a \u00ed Verksmi\u00f0junni \u00e1 Hjalteyri 10. \u00e1g\u00fast klukkan 17:00. Verksmi\u00f0an \u00e1 Hjalteyri var risafyrirt\u00e6ki \u00ed eigu Thorsarana \u00e1 \u00e1rum \u00e1\u00f0ur, \u00ed Eyjafir\u00f0i, r\u00e9tt utan vi\u00f0 Akureyri \u00e1 lei\u00f0inni til Dalv\u00edkur. Qassim, ein a\u00f0alpers\u00f3na myndarinnar, ver\u00f0ur vi\u00f0staddur s\u00fdninguna. Strike or Die var frums\u00fdnd [&hellip;]<\/p>\n","protected":false},"author":2,"featured_media":3024,"comment_status":"open","ping_status":"open","sticky":false,"template":"","format":"standard","meta":{"_monsterinsights_skip_tracking":false,"_monsterinsights_sitenote_active":false,"_monsterinsights_sitenote_note":"","_monsterinsights_sitenote_category":0,"footnotes":""},"categories":[30],"tags":[],"class_list":{"0":"post-3022","1":"post","2":"type-post","3":"status-publish","4":"format-standard","5":"has-post-thumbnail","7":"category-sagt-er"},"yoast_head":"<!-- This site is optimized with the Yoast SEO plugin v22.0 - https:\/\/yoast.com\/wordpress\/plugins\/seo\/ -->\n<title>UPP \u00c1 L\u00cdF OG DAU\u00d0A \u00c1 HJALTEYRI &#8211; Eir\u00edkur J\u00f3nsson<\/title>\n<meta name=\"robots\" content=\"index, follow, max-snippet:-1, max-image-preview:large, max-video-preview:-1\" \/>\n<link rel=\"canonical\" href=\"https:\/\/eirikurjonsson.is\/index.php\/2024\/08\/06\/upp-a-lif-og-dauda-a-hjalteyri\/\" \/>\n<meta property=\"og:locale\" content=\"is_IS\" \/>\n<meta property=\"og:type\" content=\"article\" \/>\n<meta property=\"og:title\" content=\"UPP \u00c1 L\u00cdF OG DAU\u00d0A \u00c1 HJALTEYRI &#8211; Eir\u00edkur J\u00f3nsson\" \/>\n<meta property=\"og:description\" content=\"Jonathan Rescigno s\u00fdnir kvikmynd s\u00edna Strike or Die\/Gr\u00e8ve ou Cr\u00e8ve\/Upp \u00e1 l\u00edf og dau\u00f0a \u00ed Verksmi\u00f0junni \u00e1 Hjalteyri 10. \u00e1g\u00fast klukkan 17:00. Verksmi\u00f0an \u00e1 Hjalteyri var risafyrirt\u00e6ki \u00ed eigu Thorsarana \u00e1 \u00e1rum \u00e1\u00f0ur, \u00ed Eyjafir\u00f0i, r\u00e9tt utan vi\u00f0 Akureyri \u00e1 lei\u00f0inni til Dalv\u00edkur. Qassim, ein a\u00f0alpers\u00f3na myndarinnar, ver\u00f0ur vi\u00f0staddur s\u00fdninguna. Strike or Die var frums\u00fdnd [&hellip;]\" \/>\n<meta property=\"og:url\" content=\"https:\/\/eirikurjonsson.is\/index.php\/2024\/08\/06\/upp-a-lif-og-dauda-a-hjalteyri\/\" \/>\n<meta property=\"og:site_name\" content=\"Eir\u00edkur J\u00f3nsson\" \/>\n<meta property=\"article:published_time\" content=\"2024-08-06T12:11:11+00:00\" \/>\n<meta property=\"article:modified_time\" content=\"2024-08-07T13:17:47+00:00\" \/>\n<meta property=\"og:image\" content=\"https:\/\/eirikurjonsson.is\/wp-content\/uploads\/2024\/08\/HJALTEYRI33.png\" \/>\n\t<meta property=\"og:image:width\" content=\"979\" \/>\n\t<meta property=\"og:image:height\" content=\"700\" \/>\n\t<meta property=\"og:image:type\" content=\"image\/png\" \/>\n<meta name=\"author\" content=\"eir\" \/>\n<meta name=\"twitter:card\" content=\"summary_large_image\" \/>\n<meta name=\"twitter:label1\" content=\"Written by\" \/>\n\t<meta name=\"twitter:data1\" content=\"eir\" \/>\n\t<meta name=\"twitter:label2\" content=\"Est. reading time\" \/>\n\t<meta name=\"twitter:data2\" content=\"2 minutes\" \/>\n<script type=\"application\/ld+json\" class=\"yoast-schema-graph\">{\"@context\":\"https:\/\/schema.org\",\"@graph\":[{\"@type\":\"WebPage\",\"@id\":\"https:\/\/eirikurjonsson.is\/index.php\/2024\/08\/06\/upp-a-lif-og-dauda-a-hjalteyri\/\",\"url\":\"https:\/\/eirikurjonsson.is\/index.php\/2024\/08\/06\/upp-a-lif-og-dauda-a-hjalteyri\/\",\"name\":\"UPP \u00c1 L\u00cdF OG DAU\u00d0A \u00c1 HJALTEYRI &#8211; Eir\u00edkur J\u00f3nsson\",\"isPartOf\":{\"@id\":\"https:\/\/eirikurjonsson.is\/#website\"},\"datePublished\":\"2024-08-06T12:11:11+00:00\",\"dateModified\":\"2024-08-07T13:17:47+00:00\",\"author\":{\"@id\":\"https:\/\/eirikurjonsson.is\/#\/schema\/person\/308afa1d0e201918034e31b1da4f07a5\"},\"breadcrumb\":{\"@id\":\"https:\/\/eirikurjonsson.is\/index.php\/2024\/08\/06\/upp-a-lif-og-dauda-a-hjalteyri\/#breadcrumb\"},\"inLanguage\":\"is\",\"potentialAction\":[{\"@type\":\"ReadAction\",\"target\":[\"https:\/\/eirikurjonsson.is\/index.php\/2024\/08\/06\/upp-a-lif-og-dauda-a-hjalteyri\/\"]}]},{\"@type\":\"BreadcrumbList\",\"@id\":\"https:\/\/eirikurjonsson.is\/index.php\/2024\/08\/06\/upp-a-lif-og-dauda-a-hjalteyri\/#breadcrumb\",\"itemListElement\":[{\"@type\":\"ListItem\",\"position\":1,\"name\":\"Home\",\"item\":\"https:\/\/eirikurjonsson.is\/\"},{\"@type\":\"ListItem\",\"position\":2,\"name\":\"UPP \u00c1 L\u00cdF OG DAU\u00d0A \u00c1 HJALTEYRI\"}]},{\"@type\":\"WebSite\",\"@id\":\"https:\/\/eirikurjonsson.is\/#website\",\"url\":\"https:\/\/eirikurjonsson.is\/\",\"name\":\"Eir\u00edkur J\u00f3nsson\",\"description\":\"Eir\u00edkur J\u00f3nsson | EIR eirikurjonsson.is\",\"potentialAction\":[{\"@type\":\"SearchAction\",\"target\":{\"@type\":\"EntryPoint\",\"urlTemplate\":\"https:\/\/eirikurjonsson.is\/?s={search_term_string}\"},\"query-input\":\"required name=search_term_string\"}],\"inLanguage\":\"is\"},{\"@type\":\"Person\",\"@id\":\"https:\/\/eirikurjonsson.is\/#\/schema\/person\/308afa1d0e201918034e31b1da4f07a5\",\"name\":\"eir\",\"image\":{\"@type\":\"ImageObject\",\"inLanguage\":\"is\",\"@id\":\"https:\/\/eirikurjonsson.is\/#\/schema\/person\/image\/\",\"url\":\"https:\/\/secure.gravatar.com\/avatar\/b6748316a4400053a1fa9f4694b38d294dc5da6f4bacc727742bd8f3e689f87c?s=96&d=mm&r=g\",\"contentUrl\":\"https:\/\/secure.gravatar.com\/avatar\/b6748316a4400053a1fa9f4694b38d294dc5da6f4bacc727742bd8f3e689f87c?s=96&d=mm&r=g\",\"caption\":\"eir\"},\"url\":\"https:\/\/eirikurjonsson.is\/index.php\/author\/eir\/\"}]}<\/script>\n<!-- \/ Yoast SEO plugin. -->","yoast_head_json":{"title":"UPP \u00c1 L\u00cdF OG DAU\u00d0A \u00c1 HJALTEYRI &#8211; Eir\u00edkur J\u00f3nsson","robots":{"index":"index","follow":"follow","max-snippet":"max-snippet:-1","max-image-preview":"max-image-preview:large","max-video-preview":"max-video-preview:-1"},"canonical":"https:\/\/eirikurjonsson.is\/index.php\/2024\/08\/06\/upp-a-lif-og-dauda-a-hjalteyri\/","og_locale":"is_IS","og_type":"article","og_title":"UPP \u00c1 L\u00cdF OG DAU\u00d0A \u00c1 HJALTEYRI &#8211; Eir\u00edkur J\u00f3nsson","og_description":"Jonathan Rescigno s\u00fdnir kvikmynd s\u00edna Strike or Die\/Gr\u00e8ve ou Cr\u00e8ve\/Upp \u00e1 l\u00edf og dau\u00f0a \u00ed Verksmi\u00f0junni \u00e1 Hjalteyri 10. \u00e1g\u00fast klukkan 17:00. Verksmi\u00f0an \u00e1 Hjalteyri var risafyrirt\u00e6ki \u00ed eigu Thorsarana \u00e1 \u00e1rum \u00e1\u00f0ur, \u00ed Eyjafir\u00f0i, r\u00e9tt utan vi\u00f0 Akureyri \u00e1 lei\u00f0inni til Dalv\u00edkur. Qassim, ein a\u00f0alpers\u00f3na myndarinnar, ver\u00f0ur vi\u00f0staddur s\u00fdninguna. Strike or Die var frums\u00fdnd [&hellip;]","og_url":"https:\/\/eirikurjonsson.is\/index.php\/2024\/08\/06\/upp-a-lif-og-dauda-a-hjalteyri\/","og_site_name":"Eir\u00edkur J\u00f3nsson","article_published_time":"2024-08-06T12:11:11+00:00","article_modified_time":"2024-08-07T13:17:47+00:00","og_image":[{"width":979,"height":700,"url":"https:\/\/eirikurjonsson.is\/wp-content\/uploads\/2024\/08\/HJALTEYRI33.png","type":"image\/png"}],"author":"eir","twitter_card":"summary_large_image","twitter_misc":{"Written by":"eir","Est. reading time":"2 minutes"},"schema":{"@context":"https:\/\/schema.org","@graph":[{"@type":"WebPage","@id":"https:\/\/eirikurjonsson.is\/index.php\/2024\/08\/06\/upp-a-lif-og-dauda-a-hjalteyri\/","url":"https:\/\/eirikurjonsson.is\/index.php\/2024\/08\/06\/upp-a-lif-og-dauda-a-hjalteyri\/","name":"UPP \u00c1 L\u00cdF OG DAU\u00d0A \u00c1 HJALTEYRI &#8211; Eir\u00edkur J\u00f3nsson","isPartOf":{"@id":"https:\/\/eirikurjonsson.is\/#website"},"datePublished":"2024-08-06T12:11:11+00:00","dateModified":"2024-08-07T13:17:47+00:00","author":{"@id":"https:\/\/eirikurjonsson.is\/#\/schema\/person\/308afa1d0e201918034e31b1da4f07a5"},"breadcrumb":{"@id":"https:\/\/eirikurjonsson.is\/index.php\/2024\/08\/06\/upp-a-lif-og-dauda-a-hjalteyri\/#breadcrumb"},"inLanguage":"is","potentialAction":[{"@type":"ReadAction","target":["https:\/\/eirikurjonsson.is\/index.php\/2024\/08\/06\/upp-a-lif-og-dauda-a-hjalteyri\/"]}]},{"@type":"BreadcrumbList","@id":"https:\/\/eirikurjonsson.is\/index.php\/2024\/08\/06\/upp-a-lif-og-dauda-a-hjalteyri\/#breadcrumb","itemListElement":[{"@type":"ListItem","position":1,"name":"Home","item":"https:\/\/eirikurjonsson.is\/"},{"@type":"ListItem","position":2,"name":"UPP \u00c1 L\u00cdF OG DAU\u00d0A \u00c1 HJALTEYRI"}]},{"@type":"WebSite","@id":"https:\/\/eirikurjonsson.is\/#website","url":"https:\/\/eirikurjonsson.is\/","name":"Eir\u00edkur J\u00f3nsson","description":"Eir\u00edkur J\u00f3nsson | EIR eirikurjonsson.is","potentialAction":[{"@type":"SearchAction","target":{"@type":"EntryPoint","urlTemplate":"https:\/\/eirikurjonsson.is\/?s={search_term_string}"},"query-input":"required name=search_term_string"}],"inLanguage":"is"},{"@type":"Person","@id":"https:\/\/eirikurjonsson.is\/#\/schema\/person\/308afa1d0e201918034e31b1da4f07a5","name":"eir","image":{"@type":"ImageObject","inLanguage":"is","@id":"https:\/\/eirikurjonsson.is\/#\/schema\/person\/image\/","url":"https:\/\/secure.gravatar.com\/avatar\/b6748316a4400053a1fa9f4694b38d294dc5da6f4bacc727742bd8f3e689f87c?s=96&d=mm&r=g","contentUrl":"https:\/\/secure.gravatar.com\/avatar\/b6748316a4400053a1fa9f4694b38d294dc5da6f4bacc727742bd8f3e689f87c?s=96&d=mm&r=g","caption":"eir"},"url":"https:\/\/eirikurjonsson.is\/index.php\/author\/eir\/"}]}},"_links":{"self":[{"href":"https:\/\/eirikurjonsson.is\/index.php\/wp-json\/wp\/v2\/posts\/3022","targetHints":{"allow":["GET"]}}],"collection":[{"href":"https:\/\/eirikurjonsson.is\/index.php\/wp-json\/wp\/v2\/posts"}],"about":[{"href":"https:\/\/eirikurjonsson.is\/index.php\/wp-json\/wp\/v2\/types\/post"}],"author":[{"embeddable":true,"href":"https:\/\/eirikurjonsson.is\/index.php\/wp-json\/wp\/v2\/users\/2"}],"replies":[{"embeddable":true,"href":"https:\/\/eirikurjonsson.is\/index.php\/wp-json\/wp\/v2\/comments?post=3022"}],"version-history":[{"count":1,"href":"https:\/\/eirikurjonsson.is\/index.php\/wp-json\/wp\/v2\/posts\/3022\/revisions"}],"predecessor-version":[{"id":3025,"href":"https:\/\/eirikurjonsson.is\/index.php\/wp-json\/wp\/v2\/posts\/3022\/revisions\/3025"}],"wp:featuredmedia":[{"embeddable":true,"href":"https:\/\/eirikurjonsson.is\/index.php\/wp-json\/wp\/v2\/media\/3024"}],"wp:attachment":[{"href":"https:\/\/eirikurjonsson.is\/index.php\/wp-json\/wp\/v2\/media?parent=3022"}],"wp:term":[{"taxonomy":"category","embeddable":true,"href":"https:\/\/eirikurjonsson.is\/index.php\/wp-json\/wp\/v2\/categories?post=3022"},{"taxonomy":"post_tag","embeddable":true,"href":"https:\/\/eirikurjonsson.is\/index.php\/wp-json\/wp\/v2\/tags?post=3022"}],"curies":[{"name":"wp","href":"https:\/\/api.w.org\/{rel}","templated":true}]}}