{"id":3018,"date":"2024-08-06T10:52:08","date_gmt":"2024-08-06T10:52:08","guid":{"rendered":"https:\/\/eirikurjonsson.is\/?p=3018"},"modified":"2024-08-06T10:52:08","modified_gmt":"2024-08-06T10:52:08","slug":"mala-baeinn-i-varanlegum-regnbogalitum","status":"publish","type":"post","link":"https:\/\/eirikurjonsson.is\/index.php\/2024\/08\/06\/mala-baeinn-i-varanlegum-regnbogalitum\/","title":{"rendered":"M\u00c1LA B\u00c6INN \u00cd VARANLEGUM REGNBOGALITUM"},"content":{"rendered":"<p style=\"text-align: center;\">Fr\u00e1 Reykjav\u00edkurborg:<\/p>\n<p style=\"text-align: center;\">&#8211;<\/p>\n<p style=\"font-weight: 400;\">Regnbogaf\u00e1ni ver\u00f0ur m\u00e1la\u00f0ur fyrir framan Hinsegin f\u00e9lagsmi\u00f0st\u00f6\u00f0 S\u201978 og Tjarnarinnar a\u00f0 Bar\u00f3nsst\u00edg 32A (vi\u00f0 l\u00f3\u00f0 Austurb\u00e6jarsk\u00f3la) klukkan 12:00 \u00ed dag.<\/p>\n<p style=\"font-weight: 400;\">Partur af hinsegin h\u00e1t\u00ed\u00f0arh\u00f6ldum hvers \u00e1rs er a\u00f0 m\u00e1la g\u00f6tur borgarinnar \u00ed regnbogans litum me\u00f0 einum e\u00f0a \u00f6\u00f0rum h\u00e6tti. A\u00f0 \u00feessu sinni ver\u00f0ur m\u00e1la\u00f0ur varanlegur regnbogaf\u00e1ni \u00e1 fyrsta degi Hinsegin daga, 6. \u00e1g\u00fast og eru \u00f6ll hjartanlega velkomin.<\/p>\n<p style=\"font-weight: 400;\">Forma\u00f0ur Hinsegin daga, Helga Haraldsd\u00f3ttir opnar vi\u00f0bur\u00f0inn en einnig munu Hrefna \u00de\u00f3rarinsd\u00f3ttir, forst\u00f6\u00f0ukona f\u00e9lagsmi\u00f0st\u00f6\u00f0varinnar, Sn\u00e6 Humad\u00f3ttir \u00fe\u00e1tttakandi \u00ed starfi f\u00e9lagsmi\u00f0st\u00f6\u00f0varinnar og Einar \u00deorsteinsson borgarstj\u00f3ri taka til m\u00e1ls. A\u00f0 \u00fev\u00ed loknu munu \u00feau og fleiri hefjast handa vi\u00f0 a\u00f0 m\u00e1la regnbogann.<\/p>\n","protected":false},"excerpt":{"rendered":"<p>Fr\u00e1 Reykjav\u00edkurborg: &#8211; Regnbogaf\u00e1ni ver\u00f0ur m\u00e1la\u00f0ur fyrir framan Hinsegin f\u00e9lagsmi\u00f0st\u00f6\u00f0 S\u201978 og Tjarnarinnar a\u00f0 Bar\u00f3nsst\u00edg 32A (vi\u00f0 l\u00f3\u00f0 Austurb\u00e6jarsk\u00f3la) klukkan 12:00 \u00ed dag. Partur af hinsegin h\u00e1t\u00ed\u00f0arh\u00f6ldum hvers \u00e1rs er a\u00f0 m\u00e1la g\u00f6tur borgarinnar \u00ed regnbogans litum me\u00f0 einum e\u00f0a \u00f6\u00f0rum h\u00e6tti. A\u00f0 \u00feessu sinni ver\u00f0ur m\u00e1la\u00f0ur varanlegur regnbogaf\u00e1ni \u00e1 fyrsta degi Hinsegin daga, 6. [&hellip;]<\/p>\n","protected":false},"author":2,"featured_media":3020,"comment_status":"open","ping_status":"open","sticky":false,"template":"","format":"standard","meta":{"_monsterinsights_skip_tracking":false,"_monsterinsights_sitenote_active":false,"_monsterinsights_sitenote_note":"","_monsterinsights_sitenote_category":0,"footnotes":""},"categories":[30],"tags":[],"class_list":{"0":"post-3018","1":"post","2":"type-post","3":"status-publish","4":"format-standard","5":"has-post-thumbnail","7":"category-sagt-er"},"yoast_head":"<!-- This site is optimized with the Yoast SEO plugin v22.0 - https:\/\/yoast.com\/wordpress\/plugins\/seo\/ -->\n<title>M\u00c1LA B\u00c6INN \u00cd VARANLEGUM REGNBOGALITUM &#8211; Eir\u00edkur J\u00f3nsson<\/title>\n<meta name=\"robots\" content=\"index, follow, max-snippet:-1, max-image-preview:large, max-video-preview:-1\" \/>\n<link rel=\"canonical\" href=\"https:\/\/eirikurjonsson.is\/index.php\/2024\/08\/06\/mala-baeinn-i-varanlegum-regnbogalitum\/\" \/>\n<meta property=\"og:locale\" content=\"is_IS\" \/>\n<meta property=\"og:type\" content=\"article\" \/>\n<meta property=\"og:title\" content=\"M\u00c1LA B\u00c6INN \u00cd VARANLEGUM REGNBOGALITUM &#8211; Eir\u00edkur J\u00f3nsson\" \/>\n<meta property=\"og:description\" content=\"Fr\u00e1 Reykjav\u00edkurborg: &#8211; Regnbogaf\u00e1ni ver\u00f0ur m\u00e1la\u00f0ur fyrir framan Hinsegin f\u00e9lagsmi\u00f0st\u00f6\u00f0 S\u201978 og Tjarnarinnar a\u00f0 Bar\u00f3nsst\u00edg 32A (vi\u00f0 l\u00f3\u00f0 Austurb\u00e6jarsk\u00f3la) klukkan 12:00 \u00ed dag. Partur af hinsegin h\u00e1t\u00ed\u00f0arh\u00f6ldum hvers \u00e1rs er a\u00f0 m\u00e1la g\u00f6tur borgarinnar \u00ed regnbogans litum me\u00f0 einum e\u00f0a \u00f6\u00f0rum h\u00e6tti. A\u00f0 \u00feessu sinni ver\u00f0ur m\u00e1la\u00f0ur varanlegur regnbogaf\u00e1ni \u00e1 fyrsta degi Hinsegin daga, 6. [&hellip;]\" \/>\n<meta property=\"og:url\" content=\"https:\/\/eirikurjonsson.is\/index.php\/2024\/08\/06\/mala-baeinn-i-varanlegum-regnbogalitum\/\" \/>\n<meta property=\"og:site_name\" content=\"Eir\u00edkur J\u00f3nsson\" \/>\n<meta property=\"article:published_time\" content=\"2024-08-06T10:52:08+00:00\" \/>\n<meta property=\"og:image\" content=\"https:\/\/eirikurjonsson.is\/wp-content\/uploads\/2024\/08\/regnbogi.jpg\" \/>\n\t<meta property=\"og:image:width\" content=\"800\" \/>\n\t<meta property=\"og:image:height\" content=\"516\" \/>\n\t<meta property=\"og:image:type\" content=\"image\/jpeg\" \/>\n<meta name=\"author\" content=\"eir\" \/>\n<meta name=\"twitter:card\" content=\"summary_large_image\" \/>\n<meta name=\"twitter:label1\" content=\"Written by\" \/>\n\t<meta name=\"twitter:data1\" content=\"eir\" \/>\n\t<meta name=\"twitter:label2\" content=\"Est. reading time\" \/>\n\t<meta name=\"twitter:data2\" content=\"1 minute\" \/>\n<script type=\"application\/ld+json\" class=\"yoast-schema-graph\">{\"@context\":\"https:\/\/schema.org\",\"@graph\":[{\"@type\":\"WebPage\",\"@id\":\"https:\/\/eirikurjonsson.is\/index.php\/2024\/08\/06\/mala-baeinn-i-varanlegum-regnbogalitum\/\",\"url\":\"https:\/\/eirikurjonsson.is\/index.php\/2024\/08\/06\/mala-baeinn-i-varanlegum-regnbogalitum\/\",\"name\":\"M\u00c1LA B\u00c6INN \u00cd VARANLEGUM REGNBOGALITUM &#8211; Eir\u00edkur J\u00f3nsson\",\"isPartOf\":{\"@id\":\"https:\/\/eirikurjonsson.is\/#website\"},\"datePublished\":\"2024-08-06T10:52:08+00:00\",\"dateModified\":\"2024-08-06T10:52:08+00:00\",\"author\":{\"@id\":\"https:\/\/eirikurjonsson.is\/#\/schema\/person\/308afa1d0e201918034e31b1da4f07a5\"},\"breadcrumb\":{\"@id\":\"https:\/\/eirikurjonsson.is\/index.php\/2024\/08\/06\/mala-baeinn-i-varanlegum-regnbogalitum\/#breadcrumb\"},\"inLanguage\":\"is\",\"potentialAction\":[{\"@type\":\"ReadAction\",\"target\":[\"https:\/\/eirikurjonsson.is\/index.php\/2024\/08\/06\/mala-baeinn-i-varanlegum-regnbogalitum\/\"]}]},{\"@type\":\"BreadcrumbList\",\"@id\":\"https:\/\/eirikurjonsson.is\/index.php\/2024\/08\/06\/mala-baeinn-i-varanlegum-regnbogalitum\/#breadcrumb\",\"itemListElement\":[{\"@type\":\"ListItem\",\"position\":1,\"name\":\"Home\",\"item\":\"https:\/\/eirikurjonsson.is\/\"},{\"@type\":\"ListItem\",\"position\":2,\"name\":\"M\u00c1LA B\u00c6INN \u00cd VARANLEGUM REGNBOGALITUM\"}]},{\"@type\":\"WebSite\",\"@id\":\"https:\/\/eirikurjonsson.is\/#website\",\"url\":\"https:\/\/eirikurjonsson.is\/\",\"name\":\"Eir\u00edkur J\u00f3nsson\",\"description\":\"Eir\u00edkur J\u00f3nsson | EIR eirikurjonsson.is\",\"potentialAction\":[{\"@type\":\"SearchAction\",\"target\":{\"@type\":\"EntryPoint\",\"urlTemplate\":\"https:\/\/eirikurjonsson.is\/?s={search_term_string}\"},\"query-input\":\"required name=search_term_string\"}],\"inLanguage\":\"is\"},{\"@type\":\"Person\",\"@id\":\"https:\/\/eirikurjonsson.is\/#\/schema\/person\/308afa1d0e201918034e31b1da4f07a5\",\"name\":\"eir\",\"image\":{\"@type\":\"ImageObject\",\"inLanguage\":\"is\",\"@id\":\"https:\/\/eirikurjonsson.is\/#\/schema\/person\/image\/\",\"url\":\"https:\/\/secure.gravatar.com\/avatar\/b6748316a4400053a1fa9f4694b38d294dc5da6f4bacc727742bd8f3e689f87c?s=96&d=mm&r=g\",\"contentUrl\":\"https:\/\/secure.gravatar.com\/avatar\/b6748316a4400053a1fa9f4694b38d294dc5da6f4bacc727742bd8f3e689f87c?s=96&d=mm&r=g\",\"caption\":\"eir\"},\"url\":\"https:\/\/eirikurjonsson.is\/index.php\/author\/eir\/\"}]}<\/script>\n<!-- \/ Yoast SEO plugin. -->","yoast_head_json":{"title":"M\u00c1LA B\u00c6INN \u00cd VARANLEGUM REGNBOGALITUM &#8211; Eir\u00edkur J\u00f3nsson","robots":{"index":"index","follow":"follow","max-snippet":"max-snippet:-1","max-image-preview":"max-image-preview:large","max-video-preview":"max-video-preview:-1"},"canonical":"https:\/\/eirikurjonsson.is\/index.php\/2024\/08\/06\/mala-baeinn-i-varanlegum-regnbogalitum\/","og_locale":"is_IS","og_type":"article","og_title":"M\u00c1LA B\u00c6INN \u00cd VARANLEGUM REGNBOGALITUM &#8211; Eir\u00edkur J\u00f3nsson","og_description":"Fr\u00e1 Reykjav\u00edkurborg: &#8211; Regnbogaf\u00e1ni ver\u00f0ur m\u00e1la\u00f0ur fyrir framan Hinsegin f\u00e9lagsmi\u00f0st\u00f6\u00f0 S\u201978 og Tjarnarinnar a\u00f0 Bar\u00f3nsst\u00edg 32A (vi\u00f0 l\u00f3\u00f0 Austurb\u00e6jarsk\u00f3la) klukkan 12:00 \u00ed dag. Partur af hinsegin h\u00e1t\u00ed\u00f0arh\u00f6ldum hvers \u00e1rs er a\u00f0 m\u00e1la g\u00f6tur borgarinnar \u00ed regnbogans litum me\u00f0 einum e\u00f0a \u00f6\u00f0rum h\u00e6tti. A\u00f0 \u00feessu sinni ver\u00f0ur m\u00e1la\u00f0ur varanlegur regnbogaf\u00e1ni \u00e1 fyrsta degi Hinsegin daga, 6. [&hellip;]","og_url":"https:\/\/eirikurjonsson.is\/index.php\/2024\/08\/06\/mala-baeinn-i-varanlegum-regnbogalitum\/","og_site_name":"Eir\u00edkur J\u00f3nsson","article_published_time":"2024-08-06T10:52:08+00:00","og_image":[{"width":800,"height":516,"url":"https:\/\/eirikurjonsson.is\/wp-content\/uploads\/2024\/08\/regnbogi.jpg","type":"image\/jpeg"}],"author":"eir","twitter_card":"summary_large_image","twitter_misc":{"Written by":"eir","Est. reading time":"1 minute"},"schema":{"@context":"https:\/\/schema.org","@graph":[{"@type":"WebPage","@id":"https:\/\/eirikurjonsson.is\/index.php\/2024\/08\/06\/mala-baeinn-i-varanlegum-regnbogalitum\/","url":"https:\/\/eirikurjonsson.is\/index.php\/2024\/08\/06\/mala-baeinn-i-varanlegum-regnbogalitum\/","name":"M\u00c1LA B\u00c6INN \u00cd VARANLEGUM REGNBOGALITUM &#8211; Eir\u00edkur J\u00f3nsson","isPartOf":{"@id":"https:\/\/eirikurjonsson.is\/#website"},"datePublished":"2024-08-06T10:52:08+00:00","dateModified":"2024-08-06T10:52:08+00:00","author":{"@id":"https:\/\/eirikurjonsson.is\/#\/schema\/person\/308afa1d0e201918034e31b1da4f07a5"},"breadcrumb":{"@id":"https:\/\/eirikurjonsson.is\/index.php\/2024\/08\/06\/mala-baeinn-i-varanlegum-regnbogalitum\/#breadcrumb"},"inLanguage":"is","potentialAction":[{"@type":"ReadAction","target":["https:\/\/eirikurjonsson.is\/index.php\/2024\/08\/06\/mala-baeinn-i-varanlegum-regnbogalitum\/"]}]},{"@type":"BreadcrumbList","@id":"https:\/\/eirikurjonsson.is\/index.php\/2024\/08\/06\/mala-baeinn-i-varanlegum-regnbogalitum\/#breadcrumb","itemListElement":[{"@type":"ListItem","position":1,"name":"Home","item":"https:\/\/eirikurjonsson.is\/"},{"@type":"ListItem","position":2,"name":"M\u00c1LA B\u00c6INN \u00cd VARANLEGUM REGNBOGALITUM"}]},{"@type":"WebSite","@id":"https:\/\/eirikurjonsson.is\/#website","url":"https:\/\/eirikurjonsson.is\/","name":"Eir\u00edkur J\u00f3nsson","description":"Eir\u00edkur J\u00f3nsson | EIR eirikurjonsson.is","potentialAction":[{"@type":"SearchAction","target":{"@type":"EntryPoint","urlTemplate":"https:\/\/eirikurjonsson.is\/?s={search_term_string}"},"query-input":"required name=search_term_string"}],"inLanguage":"is"},{"@type":"Person","@id":"https:\/\/eirikurjonsson.is\/#\/schema\/person\/308afa1d0e201918034e31b1da4f07a5","name":"eir","image":{"@type":"ImageObject","inLanguage":"is","@id":"https:\/\/eirikurjonsson.is\/#\/schema\/person\/image\/","url":"https:\/\/secure.gravatar.com\/avatar\/b6748316a4400053a1fa9f4694b38d294dc5da6f4bacc727742bd8f3e689f87c?s=96&d=mm&r=g","contentUrl":"https:\/\/secure.gravatar.com\/avatar\/b6748316a4400053a1fa9f4694b38d294dc5da6f4bacc727742bd8f3e689f87c?s=96&d=mm&r=g","caption":"eir"},"url":"https:\/\/eirikurjonsson.is\/index.php\/author\/eir\/"}]}},"_links":{"self":[{"href":"https:\/\/eirikurjonsson.is\/index.php\/wp-json\/wp\/v2\/posts\/3018","targetHints":{"allow":["GET"]}}],"collection":[{"href":"https:\/\/eirikurjonsson.is\/index.php\/wp-json\/wp\/v2\/posts"}],"about":[{"href":"https:\/\/eirikurjonsson.is\/index.php\/wp-json\/wp\/v2\/types\/post"}],"author":[{"embeddable":true,"href":"https:\/\/eirikurjonsson.is\/index.php\/wp-json\/wp\/v2\/users\/2"}],"replies":[{"embeddable":true,"href":"https:\/\/eirikurjonsson.is\/index.php\/wp-json\/wp\/v2\/comments?post=3018"}],"version-history":[{"count":1,"href":"https:\/\/eirikurjonsson.is\/index.php\/wp-json\/wp\/v2\/posts\/3018\/revisions"}],"predecessor-version":[{"id":3021,"href":"https:\/\/eirikurjonsson.is\/index.php\/wp-json\/wp\/v2\/posts\/3018\/revisions\/3021"}],"wp:featuredmedia":[{"embeddable":true,"href":"https:\/\/eirikurjonsson.is\/index.php\/wp-json\/wp\/v2\/media\/3020"}],"wp:attachment":[{"href":"https:\/\/eirikurjonsson.is\/index.php\/wp-json\/wp\/v2\/media?parent=3018"}],"wp:term":[{"taxonomy":"category","embeddable":true,"href":"https:\/\/eirikurjonsson.is\/index.php\/wp-json\/wp\/v2\/categories?post=3018"},{"taxonomy":"post_tag","embeddable":true,"href":"https:\/\/eirikurjonsson.is\/index.php\/wp-json\/wp\/v2\/tags?post=3018"}],"curies":[{"name":"wp","href":"https:\/\/api.w.org\/{rel}","templated":true}]}}