{"id":3011,"date":"2024-08-06T10:10:15","date_gmt":"2024-08-06T10:10:15","guid":{"rendered":"https:\/\/eirikurjonsson.is\/?p=3011"},"modified":"2024-08-06T10:10:15","modified_gmt":"2024-08-06T10:10:15","slug":"hvert-fara-ekki-ungir-strakar-a-godum-bil","status":"publish","type":"post","link":"https:\/\/eirikurjonsson.is\/index.php\/2024\/08\/06\/hvert-fara-ekki-ungir-strakar-a-godum-bil\/","title":{"rendered":"HVERT FARA EKKI UNGIR STR\u00c1KAR \u00c1 G\u00d3\u00d0UM B\u00cdL?"},"content":{"rendered":"<p>\u00dea\u00f0 leit allt \u00fat fyrir \u00fea\u00f0 a\u00f0 vegurinn hafi veri\u00f0 vondur en hvert fara ekki ungir str\u00e1kar \u00e1 g\u00f3\u00f0um b\u00edl.<\/p>\n<div id=\":ramh:\" dir=\"LTR\">\n<p>\u00dea\u00f0 var laugardag einn fyrir 65 \u00e1rum s\u00ed\u00f0an sem \u00feessir menn st\u00f3\u00f0u \u00fearna. Dagurinn var 4. j\u00fal\u00ed \u00e1ri\u00f0 1959 sem \u00feessir ungu menn l\u00f6g\u00f0u af sta\u00f0 fr\u00e1 Reykjav\u00edk til Akureyrar.<\/p>\n<p>\u00deessir menn h\u00e9tu A\u00f0alsteinn J\u00fal\u00edusson sem \u00fe\u00e1 var 19 \u00e1ra. Hann bj\u00f3 \u00e1 Brekkust\u00edg 3 svo var hann Helgi Skaptason 20 \u00e1ra. Hann bj\u00f3 \u00e1 Kaplaskj\u00f3lsvegi 37. \u00deri\u00f0ji var \u00de\u00f3r \u00deorsteinsson 21 \u00e1rs sem bj\u00f3 \u00e1 Nj\u00e1lsg\u00f6tu 44.<\/p>\n<p>\u00deeir f\u00f3ru inn \u00ed Vaglask\u00f3g og \u00feeir f\u00f3ru til Her\u00f0ubrei\u00f0arlindir og dv\u00f6ldu \u00fear \u00ed viku. Sumari\u00f0 \u00e1\u00f0ur e\u00f0a 1958 gengu \u00feeir landi\u00f0 \u00fevert og gengu fr\u00e1 Gullfossi a\u00f0 botni Eyjafjar\u00f0ar og \u00feeir voru viku \u00e1 lei\u00f0inni. \u00deeir voru mj\u00f6g \u00f3heppnir me\u00f0 ve\u00f0ur og fengu svarta \u00feoku og \u00farhelli rigningu mestan part lei\u00f0arinnar. \u00cd lokin s\u00f6g\u00f0u \u00feeir a\u00f0 \u00feeir vildu reyna a\u00f0 halda \u00ed h\u00f3pinn \u00ed komandi framt\u00ed\u00f0 og fara \u00ed fleiri fer\u00f0al\u00f6g.<\/p>\n<p align=\"CENTER\"><i>(Gu\u00f0bjartur Walter H \u00d3lafsson)<\/i><\/p>\n<\/div>\n","protected":false},"excerpt":{"rendered":"<p>\u00dea\u00f0 leit allt \u00fat fyrir \u00fea\u00f0 a\u00f0 vegurinn hafi veri\u00f0 vondur en hvert fara ekki ungir str\u00e1kar \u00e1 g\u00f3\u00f0um b\u00edl. \u00dea\u00f0 var laugardag einn fyrir 65 \u00e1rum s\u00ed\u00f0an sem \u00feessir menn st\u00f3\u00f0u \u00fearna. Dagurinn var 4. j\u00fal\u00ed \u00e1ri\u00f0 1959 sem \u00feessir ungu menn l\u00f6g\u00f0u af sta\u00f0 fr\u00e1 Reykjav\u00edk til Akureyrar. \u00deessir menn h\u00e9tu A\u00f0alsteinn J\u00fal\u00edusson [&hellip;]<\/p>\n","protected":false},"author":2,"featured_media":3012,"comment_status":"open","ping_status":"open","sticky":false,"template":"","format":"standard","meta":{"_monsterinsights_skip_tracking":false,"_monsterinsights_sitenote_active":false,"_monsterinsights_sitenote_note":"","_monsterinsights_sitenote_category":0,"footnotes":""},"categories":[31],"tags":[],"class_list":{"0":"post-3011","1":"post","2":"type-post","3":"status-publish","4":"format-standard","5":"has-post-thumbnail","7":"category-greinar"},"yoast_head":"<!-- This site is optimized with the Yoast SEO plugin v22.0 - https:\/\/yoast.com\/wordpress\/plugins\/seo\/ -->\n<title>HVERT FARA EKKI UNGIR STR\u00c1KAR \u00c1 G\u00d3\u00d0UM B\u00cdL? &#8211; Eir\u00edkur J\u00f3nsson<\/title>\n<meta name=\"robots\" content=\"index, follow, max-snippet:-1, max-image-preview:large, max-video-preview:-1\" \/>\n<link rel=\"canonical\" href=\"https:\/\/eirikurjonsson.is\/index.php\/2024\/08\/06\/hvert-fara-ekki-ungir-strakar-a-godum-bil\/\" \/>\n<meta property=\"og:locale\" content=\"is_IS\" \/>\n<meta property=\"og:type\" content=\"article\" \/>\n<meta property=\"og:title\" content=\"HVERT FARA EKKI UNGIR STR\u00c1KAR \u00c1 G\u00d3\u00d0UM B\u00cdL? &#8211; Eir\u00edkur J\u00f3nsson\" \/>\n<meta property=\"og:description\" content=\"\u00dea\u00f0 leit allt \u00fat fyrir \u00fea\u00f0 a\u00f0 vegurinn hafi veri\u00f0 vondur en hvert fara ekki ungir str\u00e1kar \u00e1 g\u00f3\u00f0um b\u00edl. \u00dea\u00f0 var laugardag einn fyrir 65 \u00e1rum s\u00ed\u00f0an sem \u00feessir menn st\u00f3\u00f0u \u00fearna. Dagurinn var 4. j\u00fal\u00ed \u00e1ri\u00f0 1959 sem \u00feessir ungu menn l\u00f6g\u00f0u af sta\u00f0 fr\u00e1 Reykjav\u00edk til Akureyrar. \u00deessir menn h\u00e9tu A\u00f0alsteinn J\u00fal\u00edusson [&hellip;]\" \/>\n<meta property=\"og:url\" content=\"https:\/\/eirikurjonsson.is\/index.php\/2024\/08\/06\/hvert-fara-ekki-ungir-strakar-a-godum-bil\/\" \/>\n<meta property=\"og:site_name\" content=\"Eir\u00edkur J\u00f3nsson\" \/>\n<meta property=\"article:published_time\" content=\"2024-08-06T10:10:15+00:00\" \/>\n<meta property=\"og:image\" content=\"https:\/\/eirikurjonsson.is\/wp-content\/uploads\/2024\/08\/godurbill.png\" \/>\n\t<meta property=\"og:image:width\" content=\"459\" \/>\n\t<meta property=\"og:image:height\" content=\"383\" \/>\n\t<meta property=\"og:image:type\" content=\"image\/png\" \/>\n<meta name=\"author\" content=\"eir\" \/>\n<meta name=\"twitter:card\" content=\"summary_large_image\" \/>\n<meta name=\"twitter:label1\" content=\"Written by\" \/>\n\t<meta name=\"twitter:data1\" content=\"eir\" \/>\n\t<meta name=\"twitter:label2\" content=\"Est. reading time\" \/>\n\t<meta name=\"twitter:data2\" content=\"2 minutes\" \/>\n<script type=\"application\/ld+json\" class=\"yoast-schema-graph\">{\"@context\":\"https:\/\/schema.org\",\"@graph\":[{\"@type\":\"WebPage\",\"@id\":\"https:\/\/eirikurjonsson.is\/index.php\/2024\/08\/06\/hvert-fara-ekki-ungir-strakar-a-godum-bil\/\",\"url\":\"https:\/\/eirikurjonsson.is\/index.php\/2024\/08\/06\/hvert-fara-ekki-ungir-strakar-a-godum-bil\/\",\"name\":\"HVERT FARA EKKI UNGIR STR\u00c1KAR \u00c1 G\u00d3\u00d0UM B\u00cdL? &#8211; Eir\u00edkur J\u00f3nsson\",\"isPartOf\":{\"@id\":\"https:\/\/eirikurjonsson.is\/#website\"},\"datePublished\":\"2024-08-06T10:10:15+00:00\",\"dateModified\":\"2024-08-06T10:10:15+00:00\",\"author\":{\"@id\":\"https:\/\/eirikurjonsson.is\/#\/schema\/person\/308afa1d0e201918034e31b1da4f07a5\"},\"breadcrumb\":{\"@id\":\"https:\/\/eirikurjonsson.is\/index.php\/2024\/08\/06\/hvert-fara-ekki-ungir-strakar-a-godum-bil\/#breadcrumb\"},\"inLanguage\":\"is\",\"potentialAction\":[{\"@type\":\"ReadAction\",\"target\":[\"https:\/\/eirikurjonsson.is\/index.php\/2024\/08\/06\/hvert-fara-ekki-ungir-strakar-a-godum-bil\/\"]}]},{\"@type\":\"BreadcrumbList\",\"@id\":\"https:\/\/eirikurjonsson.is\/index.php\/2024\/08\/06\/hvert-fara-ekki-ungir-strakar-a-godum-bil\/#breadcrumb\",\"itemListElement\":[{\"@type\":\"ListItem\",\"position\":1,\"name\":\"Home\",\"item\":\"https:\/\/eirikurjonsson.is\/\"},{\"@type\":\"ListItem\",\"position\":2,\"name\":\"HVERT FARA EKKI UNGIR STR\u00c1KAR \u00c1 G\u00d3\u00d0UM B\u00cdL?\"}]},{\"@type\":\"WebSite\",\"@id\":\"https:\/\/eirikurjonsson.is\/#website\",\"url\":\"https:\/\/eirikurjonsson.is\/\",\"name\":\"Eir\u00edkur J\u00f3nsson\",\"description\":\"Eir\u00edkur J\u00f3nsson | EIR eirikurjonsson.is\",\"potentialAction\":[{\"@type\":\"SearchAction\",\"target\":{\"@type\":\"EntryPoint\",\"urlTemplate\":\"https:\/\/eirikurjonsson.is\/?s={search_term_string}\"},\"query-input\":\"required name=search_term_string\"}],\"inLanguage\":\"is\"},{\"@type\":\"Person\",\"@id\":\"https:\/\/eirikurjonsson.is\/#\/schema\/person\/308afa1d0e201918034e31b1da4f07a5\",\"name\":\"eir\",\"image\":{\"@type\":\"ImageObject\",\"inLanguage\":\"is\",\"@id\":\"https:\/\/eirikurjonsson.is\/#\/schema\/person\/image\/\",\"url\":\"https:\/\/secure.gravatar.com\/avatar\/b6748316a4400053a1fa9f4694b38d294dc5da6f4bacc727742bd8f3e689f87c?s=96&d=mm&r=g\",\"contentUrl\":\"https:\/\/secure.gravatar.com\/avatar\/b6748316a4400053a1fa9f4694b38d294dc5da6f4bacc727742bd8f3e689f87c?s=96&d=mm&r=g\",\"caption\":\"eir\"},\"url\":\"https:\/\/eirikurjonsson.is\/index.php\/author\/eir\/\"}]}<\/script>\n<!-- \/ Yoast SEO plugin. -->","yoast_head_json":{"title":"HVERT FARA EKKI UNGIR STR\u00c1KAR \u00c1 G\u00d3\u00d0UM B\u00cdL? &#8211; Eir\u00edkur J\u00f3nsson","robots":{"index":"index","follow":"follow","max-snippet":"max-snippet:-1","max-image-preview":"max-image-preview:large","max-video-preview":"max-video-preview:-1"},"canonical":"https:\/\/eirikurjonsson.is\/index.php\/2024\/08\/06\/hvert-fara-ekki-ungir-strakar-a-godum-bil\/","og_locale":"is_IS","og_type":"article","og_title":"HVERT FARA EKKI UNGIR STR\u00c1KAR \u00c1 G\u00d3\u00d0UM B\u00cdL? &#8211; Eir\u00edkur J\u00f3nsson","og_description":"\u00dea\u00f0 leit allt \u00fat fyrir \u00fea\u00f0 a\u00f0 vegurinn hafi veri\u00f0 vondur en hvert fara ekki ungir str\u00e1kar \u00e1 g\u00f3\u00f0um b\u00edl. \u00dea\u00f0 var laugardag einn fyrir 65 \u00e1rum s\u00ed\u00f0an sem \u00feessir menn st\u00f3\u00f0u \u00fearna. Dagurinn var 4. j\u00fal\u00ed \u00e1ri\u00f0 1959 sem \u00feessir ungu menn l\u00f6g\u00f0u af sta\u00f0 fr\u00e1 Reykjav\u00edk til Akureyrar. \u00deessir menn h\u00e9tu A\u00f0alsteinn J\u00fal\u00edusson [&hellip;]","og_url":"https:\/\/eirikurjonsson.is\/index.php\/2024\/08\/06\/hvert-fara-ekki-ungir-strakar-a-godum-bil\/","og_site_name":"Eir\u00edkur J\u00f3nsson","article_published_time":"2024-08-06T10:10:15+00:00","og_image":[{"width":459,"height":383,"url":"https:\/\/eirikurjonsson.is\/wp-content\/uploads\/2024\/08\/godurbill.png","type":"image\/png"}],"author":"eir","twitter_card":"summary_large_image","twitter_misc":{"Written by":"eir","Est. reading time":"2 minutes"},"schema":{"@context":"https:\/\/schema.org","@graph":[{"@type":"WebPage","@id":"https:\/\/eirikurjonsson.is\/index.php\/2024\/08\/06\/hvert-fara-ekki-ungir-strakar-a-godum-bil\/","url":"https:\/\/eirikurjonsson.is\/index.php\/2024\/08\/06\/hvert-fara-ekki-ungir-strakar-a-godum-bil\/","name":"HVERT FARA EKKI UNGIR STR\u00c1KAR \u00c1 G\u00d3\u00d0UM B\u00cdL? &#8211; Eir\u00edkur J\u00f3nsson","isPartOf":{"@id":"https:\/\/eirikurjonsson.is\/#website"},"datePublished":"2024-08-06T10:10:15+00:00","dateModified":"2024-08-06T10:10:15+00:00","author":{"@id":"https:\/\/eirikurjonsson.is\/#\/schema\/person\/308afa1d0e201918034e31b1da4f07a5"},"breadcrumb":{"@id":"https:\/\/eirikurjonsson.is\/index.php\/2024\/08\/06\/hvert-fara-ekki-ungir-strakar-a-godum-bil\/#breadcrumb"},"inLanguage":"is","potentialAction":[{"@type":"ReadAction","target":["https:\/\/eirikurjonsson.is\/index.php\/2024\/08\/06\/hvert-fara-ekki-ungir-strakar-a-godum-bil\/"]}]},{"@type":"BreadcrumbList","@id":"https:\/\/eirikurjonsson.is\/index.php\/2024\/08\/06\/hvert-fara-ekki-ungir-strakar-a-godum-bil\/#breadcrumb","itemListElement":[{"@type":"ListItem","position":1,"name":"Home","item":"https:\/\/eirikurjonsson.is\/"},{"@type":"ListItem","position":2,"name":"HVERT FARA EKKI UNGIR STR\u00c1KAR \u00c1 G\u00d3\u00d0UM B\u00cdL?"}]},{"@type":"WebSite","@id":"https:\/\/eirikurjonsson.is\/#website","url":"https:\/\/eirikurjonsson.is\/","name":"Eir\u00edkur J\u00f3nsson","description":"Eir\u00edkur J\u00f3nsson | EIR eirikurjonsson.is","potentialAction":[{"@type":"SearchAction","target":{"@type":"EntryPoint","urlTemplate":"https:\/\/eirikurjonsson.is\/?s={search_term_string}"},"query-input":"required name=search_term_string"}],"inLanguage":"is"},{"@type":"Person","@id":"https:\/\/eirikurjonsson.is\/#\/schema\/person\/308afa1d0e201918034e31b1da4f07a5","name":"eir","image":{"@type":"ImageObject","inLanguage":"is","@id":"https:\/\/eirikurjonsson.is\/#\/schema\/person\/image\/","url":"https:\/\/secure.gravatar.com\/avatar\/b6748316a4400053a1fa9f4694b38d294dc5da6f4bacc727742bd8f3e689f87c?s=96&d=mm&r=g","contentUrl":"https:\/\/secure.gravatar.com\/avatar\/b6748316a4400053a1fa9f4694b38d294dc5da6f4bacc727742bd8f3e689f87c?s=96&d=mm&r=g","caption":"eir"},"url":"https:\/\/eirikurjonsson.is\/index.php\/author\/eir\/"}]}},"_links":{"self":[{"href":"https:\/\/eirikurjonsson.is\/index.php\/wp-json\/wp\/v2\/posts\/3011","targetHints":{"allow":["GET"]}}],"collection":[{"href":"https:\/\/eirikurjonsson.is\/index.php\/wp-json\/wp\/v2\/posts"}],"about":[{"href":"https:\/\/eirikurjonsson.is\/index.php\/wp-json\/wp\/v2\/types\/post"}],"author":[{"embeddable":true,"href":"https:\/\/eirikurjonsson.is\/index.php\/wp-json\/wp\/v2\/users\/2"}],"replies":[{"embeddable":true,"href":"https:\/\/eirikurjonsson.is\/index.php\/wp-json\/wp\/v2\/comments?post=3011"}],"version-history":[{"count":1,"href":"https:\/\/eirikurjonsson.is\/index.php\/wp-json\/wp\/v2\/posts\/3011\/revisions"}],"predecessor-version":[{"id":3013,"href":"https:\/\/eirikurjonsson.is\/index.php\/wp-json\/wp\/v2\/posts\/3011\/revisions\/3013"}],"wp:featuredmedia":[{"embeddable":true,"href":"https:\/\/eirikurjonsson.is\/index.php\/wp-json\/wp\/v2\/media\/3012"}],"wp:attachment":[{"href":"https:\/\/eirikurjonsson.is\/index.php\/wp-json\/wp\/v2\/media?parent=3011"}],"wp:term":[{"taxonomy":"category","embeddable":true,"href":"https:\/\/eirikurjonsson.is\/index.php\/wp-json\/wp\/v2\/categories?post=3011"},{"taxonomy":"post_tag","embeddable":true,"href":"https:\/\/eirikurjonsson.is\/index.php\/wp-json\/wp\/v2\/tags?post=3011"}],"curies":[{"name":"wp","href":"https:\/\/api.w.org\/{rel}","templated":true}]}}