{"id":2993,"date":"2024-08-04T08:55:25","date_gmt":"2024-08-04T08:55:25","guid":{"rendered":"https:\/\/eirikurjonsson.is\/?p=2993"},"modified":"2024-08-04T09:01:17","modified_gmt":"2024-08-04T09:01:17","slug":"umslagid","status":"publish","type":"post","link":"https:\/\/eirikurjonsson.is\/index.php\/2024\/08\/04\/umslagid\/","title":{"rendered":"UMSLAGI\u00d0"},"content":{"rendered":"<div dir=\"auto\">\n<figure id=\"attachment_2994\" aria-describedby=\"caption-attachment-2994\" style=\"width: 273px\" class=\"wp-caption alignleft\"><img loading=\"lazy\" decoding=\"async\" class=\"wp-image-2994 size-full\" src=\"https:\/\/eirikurjonsson.is\/wp-content\/uploads\/2024\/08\/umslag2.jpg\" alt=\"Sj\u00e1lfsmynd\" width=\"273\" height=\"256\" \/><figcaption id=\"caption-attachment-2994\" class=\"wp-caption-text\">Sj\u00e1lfsmynd<\/figcaption><\/figure>\n<p>&#8222;Kurt Vonnegut segir konunni sinni a\u00f0 hann s\u00e9 a\u00f0 fara \u00fat a\u00f0 kaupa umslag: \u201e\u00d3,&#8220; segir h\u00fan, &#8222;ja, \u00fe\u00fa ert ekki blankur. Af hverju fer\u00f0u ekki \u00e1 neti\u00f0 og kaupir hundra\u00f0 umsl\u00f6g og setur \u00feau inn \u00ed sk\u00e1p?&#8220;<\/p>\n<\/div>\n<div dir=\"auto\">Svo \u00e9g \u00feykist ekki heyra \u00ed henni. Og fer \u00fat a\u00f0 n\u00e1 \u00ed umslag, \u00fev\u00ed \u00e9g \u00e6tla a\u00f0 skemmta m\u00e9r vel vi\u00f0 a\u00f0 kaupa \u00feetta eina umslag.<\/div>\n<div dir=\"auto\">\u00c9g hitti marga. S\u00e9 nokkra flotta krakka. Og sl\u00f6kkvib\u00edll fer framhj\u00e1. \u00c9g veifa til \u00feeirra. Og \u00e9g spyr konu hvernig hundur \u00feetta er. Og, og \u00e9g veit ekki. En bo\u00f0skapur s\u00f6gunnar er: Vi\u00f0 erum h\u00e9r \u00e1 j\u00f6r\u00f0inni til a\u00f0 vafra um. Og au\u00f0vita\u00f0 munu t\u00f6lvurnar taka \u00fea\u00f0 fr\u00e1 okkur. Og \u00fea\u00f0 sem t\u00f6lvuf\u00f3lki\u00f0 \u00e1ttar sig ekki \u00e1, e\u00f0a \u00feeim er alveg sama um, er a\u00f0 vi\u00f0 erum \u00ed rauninni dansandi d\u00fdrategund. Vi\u00f0 elskum a\u00f0 hreyfa okkur. Og \u00fea\u00f0 er eins og vi\u00f0 eigum alls ekki a\u00f0 dansa lengur. St\u00f6ndum \u00f6ll upp og hreyfum okkur a\u00f0eins n\u00fana&#8230; e\u00f0a d\u00f6nsum a\u00f0 minnsta kosti.&#8220;<\/div>\n","protected":false},"excerpt":{"rendered":"<p>&#8222;Kurt Vonnegut segir konunni sinni a\u00f0 hann s\u00e9 a\u00f0 fara \u00fat a\u00f0 kaupa umslag: \u201e\u00d3,&#8220; segir h\u00fan, &#8222;ja, \u00fe\u00fa ert ekki blankur. Af hverju fer\u00f0u ekki \u00e1 neti\u00f0 og kaupir hundra\u00f0 umsl\u00f6g og setur \u00feau inn \u00ed sk\u00e1p?&#8220; Svo \u00e9g \u00feykist ekki heyra \u00ed henni. Og fer \u00fat a\u00f0 n\u00e1 \u00ed umslag, \u00fev\u00ed \u00e9g \u00e6tla [&hellip;]<\/p>\n","protected":false},"author":2,"featured_media":2997,"comment_status":"open","ping_status":"open","sticky":false,"template":"","format":"standard","meta":{"_monsterinsights_skip_tracking":false,"_monsterinsights_sitenote_active":false,"_monsterinsights_sitenote_note":"","_monsterinsights_sitenote_category":0,"footnotes":""},"categories":[31],"tags":[],"class_list":{"0":"post-2993","1":"post","2":"type-post","3":"status-publish","4":"format-standard","5":"has-post-thumbnail","7":"category-greinar"},"yoast_head":"<!-- This site is optimized with the Yoast SEO plugin v22.0 - https:\/\/yoast.com\/wordpress\/plugins\/seo\/ -->\n<title>UMSLAGI\u00d0 &#8211; Eir\u00edkur J\u00f3nsson<\/title>\n<meta name=\"robots\" content=\"index, follow, max-snippet:-1, max-image-preview:large, max-video-preview:-1\" \/>\n<link rel=\"canonical\" href=\"https:\/\/eirikurjonsson.is\/index.php\/2024\/08\/04\/umslagid\/\" \/>\n<meta property=\"og:locale\" content=\"is_IS\" \/>\n<meta property=\"og:type\" content=\"article\" \/>\n<meta property=\"og:title\" content=\"UMSLAGI\u00d0 &#8211; Eir\u00edkur J\u00f3nsson\" \/>\n<meta property=\"og:description\" content=\"&#8222;Kurt Vonnegut segir konunni sinni a\u00f0 hann s\u00e9 a\u00f0 fara \u00fat a\u00f0 kaupa umslag: \u201e\u00d3,&#8220; segir h\u00fan, &#8222;ja, \u00fe\u00fa ert ekki blankur. Af hverju fer\u00f0u ekki \u00e1 neti\u00f0 og kaupir hundra\u00f0 umsl\u00f6g og setur \u00feau inn \u00ed sk\u00e1p?&#8220; Svo \u00e9g \u00feykist ekki heyra \u00ed henni. Og fer \u00fat a\u00f0 n\u00e1 \u00ed umslag, \u00fev\u00ed \u00e9g \u00e6tla [&hellip;]\" \/>\n<meta property=\"og:url\" content=\"https:\/\/eirikurjonsson.is\/index.php\/2024\/08\/04\/umslagid\/\" \/>\n<meta property=\"og:site_name\" content=\"Eir\u00edkur J\u00f3nsson\" \/>\n<meta property=\"article:published_time\" content=\"2024-08-04T08:55:25+00:00\" \/>\n<meta property=\"article:modified_time\" content=\"2024-08-04T09:01:17+00:00\" \/>\n<meta property=\"og:image\" content=\"https:\/\/eirikurjonsson.is\/wp-content\/uploads\/2024\/08\/umslag-1.jpg\" \/>\n\t<meta property=\"og:image:width\" content=\"482\" \/>\n\t<meta property=\"og:image:height\" content=\"337\" \/>\n\t<meta property=\"og:image:type\" content=\"image\/jpeg\" \/>\n<meta name=\"author\" content=\"eir\" \/>\n<meta name=\"twitter:card\" content=\"summary_large_image\" \/>\n<meta name=\"twitter:label1\" content=\"Written by\" \/>\n\t<meta name=\"twitter:data1\" content=\"eir\" \/>\n\t<meta name=\"twitter:label2\" content=\"Est. reading time\" \/>\n\t<meta name=\"twitter:data2\" content=\"2 minutes\" \/>\n<script type=\"application\/ld+json\" class=\"yoast-schema-graph\">{\"@context\":\"https:\/\/schema.org\",\"@graph\":[{\"@type\":\"WebPage\",\"@id\":\"https:\/\/eirikurjonsson.is\/index.php\/2024\/08\/04\/umslagid\/\",\"url\":\"https:\/\/eirikurjonsson.is\/index.php\/2024\/08\/04\/umslagid\/\",\"name\":\"UMSLAGI\u00d0 &#8211; Eir\u00edkur J\u00f3nsson\",\"isPartOf\":{\"@id\":\"https:\/\/eirikurjonsson.is\/#website\"},\"datePublished\":\"2024-08-04T08:55:25+00:00\",\"dateModified\":\"2024-08-04T09:01:17+00:00\",\"author\":{\"@id\":\"https:\/\/eirikurjonsson.is\/#\/schema\/person\/308afa1d0e201918034e31b1da4f07a5\"},\"breadcrumb\":{\"@id\":\"https:\/\/eirikurjonsson.is\/index.php\/2024\/08\/04\/umslagid\/#breadcrumb\"},\"inLanguage\":\"is\",\"potentialAction\":[{\"@type\":\"ReadAction\",\"target\":[\"https:\/\/eirikurjonsson.is\/index.php\/2024\/08\/04\/umslagid\/\"]}]},{\"@type\":\"BreadcrumbList\",\"@id\":\"https:\/\/eirikurjonsson.is\/index.php\/2024\/08\/04\/umslagid\/#breadcrumb\",\"itemListElement\":[{\"@type\":\"ListItem\",\"position\":1,\"name\":\"Home\",\"item\":\"https:\/\/eirikurjonsson.is\/\"},{\"@type\":\"ListItem\",\"position\":2,\"name\":\"UMSLAGI\u00d0\"}]},{\"@type\":\"WebSite\",\"@id\":\"https:\/\/eirikurjonsson.is\/#website\",\"url\":\"https:\/\/eirikurjonsson.is\/\",\"name\":\"Eir\u00edkur J\u00f3nsson\",\"description\":\"Eir\u00edkur J\u00f3nsson | EIR eirikurjonsson.is\",\"potentialAction\":[{\"@type\":\"SearchAction\",\"target\":{\"@type\":\"EntryPoint\",\"urlTemplate\":\"https:\/\/eirikurjonsson.is\/?s={search_term_string}\"},\"query-input\":\"required name=search_term_string\"}],\"inLanguage\":\"is\"},{\"@type\":\"Person\",\"@id\":\"https:\/\/eirikurjonsson.is\/#\/schema\/person\/308afa1d0e201918034e31b1da4f07a5\",\"name\":\"eir\",\"image\":{\"@type\":\"ImageObject\",\"inLanguage\":\"is\",\"@id\":\"https:\/\/eirikurjonsson.is\/#\/schema\/person\/image\/\",\"url\":\"https:\/\/secure.gravatar.com\/avatar\/b6748316a4400053a1fa9f4694b38d294dc5da6f4bacc727742bd8f3e689f87c?s=96&d=mm&r=g\",\"contentUrl\":\"https:\/\/secure.gravatar.com\/avatar\/b6748316a4400053a1fa9f4694b38d294dc5da6f4bacc727742bd8f3e689f87c?s=96&d=mm&r=g\",\"caption\":\"eir\"},\"url\":\"https:\/\/eirikurjonsson.is\/index.php\/author\/eir\/\"}]}<\/script>\n<!-- \/ Yoast SEO plugin. -->","yoast_head_json":{"title":"UMSLAGI\u00d0 &#8211; Eir\u00edkur J\u00f3nsson","robots":{"index":"index","follow":"follow","max-snippet":"max-snippet:-1","max-image-preview":"max-image-preview:large","max-video-preview":"max-video-preview:-1"},"canonical":"https:\/\/eirikurjonsson.is\/index.php\/2024\/08\/04\/umslagid\/","og_locale":"is_IS","og_type":"article","og_title":"UMSLAGI\u00d0 &#8211; Eir\u00edkur J\u00f3nsson","og_description":"&#8222;Kurt Vonnegut segir konunni sinni a\u00f0 hann s\u00e9 a\u00f0 fara \u00fat a\u00f0 kaupa umslag: \u201e\u00d3,&#8220; segir h\u00fan, &#8222;ja, \u00fe\u00fa ert ekki blankur. Af hverju fer\u00f0u ekki \u00e1 neti\u00f0 og kaupir hundra\u00f0 umsl\u00f6g og setur \u00feau inn \u00ed sk\u00e1p?&#8220; Svo \u00e9g \u00feykist ekki heyra \u00ed henni. Og fer \u00fat a\u00f0 n\u00e1 \u00ed umslag, \u00fev\u00ed \u00e9g \u00e6tla [&hellip;]","og_url":"https:\/\/eirikurjonsson.is\/index.php\/2024\/08\/04\/umslagid\/","og_site_name":"Eir\u00edkur J\u00f3nsson","article_published_time":"2024-08-04T08:55:25+00:00","article_modified_time":"2024-08-04T09:01:17+00:00","og_image":[{"width":482,"height":337,"url":"https:\/\/eirikurjonsson.is\/wp-content\/uploads\/2024\/08\/umslag-1.jpg","type":"image\/jpeg"}],"author":"eir","twitter_card":"summary_large_image","twitter_misc":{"Written by":"eir","Est. reading time":"2 minutes"},"schema":{"@context":"https:\/\/schema.org","@graph":[{"@type":"WebPage","@id":"https:\/\/eirikurjonsson.is\/index.php\/2024\/08\/04\/umslagid\/","url":"https:\/\/eirikurjonsson.is\/index.php\/2024\/08\/04\/umslagid\/","name":"UMSLAGI\u00d0 &#8211; Eir\u00edkur J\u00f3nsson","isPartOf":{"@id":"https:\/\/eirikurjonsson.is\/#website"},"datePublished":"2024-08-04T08:55:25+00:00","dateModified":"2024-08-04T09:01:17+00:00","author":{"@id":"https:\/\/eirikurjonsson.is\/#\/schema\/person\/308afa1d0e201918034e31b1da4f07a5"},"breadcrumb":{"@id":"https:\/\/eirikurjonsson.is\/index.php\/2024\/08\/04\/umslagid\/#breadcrumb"},"inLanguage":"is","potentialAction":[{"@type":"ReadAction","target":["https:\/\/eirikurjonsson.is\/index.php\/2024\/08\/04\/umslagid\/"]}]},{"@type":"BreadcrumbList","@id":"https:\/\/eirikurjonsson.is\/index.php\/2024\/08\/04\/umslagid\/#breadcrumb","itemListElement":[{"@type":"ListItem","position":1,"name":"Home","item":"https:\/\/eirikurjonsson.is\/"},{"@type":"ListItem","position":2,"name":"UMSLAGI\u00d0"}]},{"@type":"WebSite","@id":"https:\/\/eirikurjonsson.is\/#website","url":"https:\/\/eirikurjonsson.is\/","name":"Eir\u00edkur J\u00f3nsson","description":"Eir\u00edkur J\u00f3nsson | EIR eirikurjonsson.is","potentialAction":[{"@type":"SearchAction","target":{"@type":"EntryPoint","urlTemplate":"https:\/\/eirikurjonsson.is\/?s={search_term_string}"},"query-input":"required name=search_term_string"}],"inLanguage":"is"},{"@type":"Person","@id":"https:\/\/eirikurjonsson.is\/#\/schema\/person\/308afa1d0e201918034e31b1da4f07a5","name":"eir","image":{"@type":"ImageObject","inLanguage":"is","@id":"https:\/\/eirikurjonsson.is\/#\/schema\/person\/image\/","url":"https:\/\/secure.gravatar.com\/avatar\/b6748316a4400053a1fa9f4694b38d294dc5da6f4bacc727742bd8f3e689f87c?s=96&d=mm&r=g","contentUrl":"https:\/\/secure.gravatar.com\/avatar\/b6748316a4400053a1fa9f4694b38d294dc5da6f4bacc727742bd8f3e689f87c?s=96&d=mm&r=g","caption":"eir"},"url":"https:\/\/eirikurjonsson.is\/index.php\/author\/eir\/"}]}},"_links":{"self":[{"href":"https:\/\/eirikurjonsson.is\/index.php\/wp-json\/wp\/v2\/posts\/2993","targetHints":{"allow":["GET"]}}],"collection":[{"href":"https:\/\/eirikurjonsson.is\/index.php\/wp-json\/wp\/v2\/posts"}],"about":[{"href":"https:\/\/eirikurjonsson.is\/index.php\/wp-json\/wp\/v2\/types\/post"}],"author":[{"embeddable":true,"href":"https:\/\/eirikurjonsson.is\/index.php\/wp-json\/wp\/v2\/users\/2"}],"replies":[{"embeddable":true,"href":"https:\/\/eirikurjonsson.is\/index.php\/wp-json\/wp\/v2\/comments?post=2993"}],"version-history":[{"count":2,"href":"https:\/\/eirikurjonsson.is\/index.php\/wp-json\/wp\/v2\/posts\/2993\/revisions"}],"predecessor-version":[{"id":2998,"href":"https:\/\/eirikurjonsson.is\/index.php\/wp-json\/wp\/v2\/posts\/2993\/revisions\/2998"}],"wp:featuredmedia":[{"embeddable":true,"href":"https:\/\/eirikurjonsson.is\/index.php\/wp-json\/wp\/v2\/media\/2997"}],"wp:attachment":[{"href":"https:\/\/eirikurjonsson.is\/index.php\/wp-json\/wp\/v2\/media?parent=2993"}],"wp:term":[{"taxonomy":"category","embeddable":true,"href":"https:\/\/eirikurjonsson.is\/index.php\/wp-json\/wp\/v2\/categories?post=2993"},{"taxonomy":"post_tag","embeddable":true,"href":"https:\/\/eirikurjonsson.is\/index.php\/wp-json\/wp\/v2\/tags?post=2993"}],"curies":[{"name":"wp","href":"https:\/\/api.w.org\/{rel}","templated":true}]}}