{"id":2883,"date":"2024-07-21T19:05:59","date_gmt":"2024-07-21T19:05:59","guid":{"rendered":"https:\/\/eirikurjonsson.is\/?p=2883"},"modified":"2024-07-21T19:05:59","modified_gmt":"2024-07-21T19:05:59","slug":"eurovisionfarinn-sem-aldrei-for-safnar-fyrir-plotu-a-karolina-fund","status":"publish","type":"post","link":"https:\/\/eirikurjonsson.is\/index.php\/2024\/07\/21\/eurovisionfarinn-sem-aldrei-for-safnar-fyrir-plotu-a-karolina-fund\/","title":{"rendered":"EUROVISIONFARINN SEM ALDREI F\u00d3R SAFNAR FYRIR PL\u00d6TU \u00c1 KAROLINA FUND"},"content":{"rendered":"<p>Bashar Murad, Eurovisionfari \u00cdslendinga sem aldrei f\u00f3r \u00fe\u00f3 hann hef\u00f0i sigra\u00f0, safnar n\u00fa fyrir fyrstu s\u00f3l\u00f3pl\u00f6tu sinni \u00e1 Karolina Fund. Hann setur marki\u00f0 \u00e1 2.000 evrur og hefur \u00feegar n\u00e1\u00f0 59% af \u00fev\u00ed og n\u00f3g er eftir &#8211; 13 dagar. Hann kynnir verkefni\u00f0 svona:<\/p>\n<p><em>&#8222;I&#8217;m Bashar Murad, a Palestinian artist known for my music that challenges norms, embraces diversity, and explores the Palestinian experience from a unique lens. I&#8217;m crowdfunding for my debut full-length English album. This album is not just about music; it&#8217;s an exploration of my identity as a Palestinian artist traveling to &#8222;the West&#8220;.<\/em><\/p>\n<p><em><strong>Why This Campaign:<\/strong><\/em><br \/>\n<em>Over the past two years I&#8217;ve been traveling to Iceland to collaborate with the talented musician, composer, and producer Einar Stef. One of the fruits of our labor was &#8222;Wild West&#8220;, along with 9 other tracks that need to be completed. Our connection dates back to my collaboration with the band Hatari in 2019.&#8220;<\/em><\/p>\n<div class=\"youtube-embed\" data-video_id=\"VlUEFmVd7ss\"><iframe loading=\"lazy\" title=\"BASHAR MURAD - WILD WEST (OFFICIAL MUSIC VIDEO)\" width=\"696\" height=\"392\" src=\"https:\/\/www.youtube.com\/embed\/VlUEFmVd7ss?start=2&#038;feature=oembed\" frameborder=\"0\" allow=\"accelerometer; autoplay; clipboard-write; encrypted-media; gyroscope; picture-in-picture; web-share\" referrerpolicy=\"strict-origin-when-cross-origin\" allowfullscreen><\/iframe><\/div>\n","protected":false},"excerpt":{"rendered":"<p>Bashar Murad, Eurovisionfari \u00cdslendinga sem aldrei f\u00f3r \u00fe\u00f3 hann hef\u00f0i sigra\u00f0, safnar n\u00fa fyrir fyrstu s\u00f3l\u00f3pl\u00f6tu sinni \u00e1 Karolina Fund. Hann setur marki\u00f0 \u00e1 2.000 evrur og hefur \u00feegar n\u00e1\u00f0 59% af \u00fev\u00ed og n\u00f3g er eftir &#8211; 13 dagar. Hann kynnir verkefni\u00f0 svona: &#8222;I&#8217;m Bashar Murad, a Palestinian artist known for my music that [&hellip;]<\/p>\n","protected":false},"author":2,"featured_media":2884,"comment_status":"open","ping_status":"open","sticky":false,"template":"","format":"standard","meta":{"_monsterinsights_skip_tracking":false,"_monsterinsights_sitenote_active":false,"_monsterinsights_sitenote_note":"","_monsterinsights_sitenote_category":0,"footnotes":""},"categories":[31],"tags":[],"class_list":{"0":"post-2883","1":"post","2":"type-post","3":"status-publish","4":"format-standard","5":"has-post-thumbnail","7":"category-greinar"},"yoast_head":"<!-- This site is optimized with the Yoast SEO plugin v22.0 - https:\/\/yoast.com\/wordpress\/plugins\/seo\/ -->\n<title>EUROVISIONFARINN SEM ALDREI F\u00d3R SAFNAR FYRIR PL\u00d6TU \u00c1 KAROLINA FUND &#8211; Eir\u00edkur J\u00f3nsson<\/title>\n<meta name=\"robots\" content=\"index, follow, max-snippet:-1, max-image-preview:large, max-video-preview:-1\" \/>\n<link rel=\"canonical\" href=\"https:\/\/eirikurjonsson.is\/index.php\/2024\/07\/21\/eurovisionfarinn-sem-aldrei-for-safnar-fyrir-plotu-a-karolina-fund\/\" \/>\n<meta property=\"og:locale\" content=\"is_IS\" \/>\n<meta property=\"og:type\" content=\"article\" \/>\n<meta property=\"og:title\" content=\"EUROVISIONFARINN SEM ALDREI F\u00d3R SAFNAR FYRIR PL\u00d6TU \u00c1 KAROLINA FUND &#8211; Eir\u00edkur J\u00f3nsson\" \/>\n<meta property=\"og:description\" content=\"Bashar Murad, Eurovisionfari \u00cdslendinga sem aldrei f\u00f3r \u00fe\u00f3 hann hef\u00f0i sigra\u00f0, safnar n\u00fa fyrir fyrstu s\u00f3l\u00f3pl\u00f6tu sinni \u00e1 Karolina Fund. Hann setur marki\u00f0 \u00e1 2.000 evrur og hefur \u00feegar n\u00e1\u00f0 59% af \u00fev\u00ed og n\u00f3g er eftir &#8211; 13 dagar. Hann kynnir verkefni\u00f0 svona: &#8222;I&#8217;m Bashar Murad, a Palestinian artist known for my music that [&hellip;]\" \/>\n<meta property=\"og:url\" content=\"https:\/\/eirikurjonsson.is\/index.php\/2024\/07\/21\/eurovisionfarinn-sem-aldrei-for-safnar-fyrir-plotu-a-karolina-fund\/\" \/>\n<meta property=\"og:site_name\" content=\"Eir\u00edkur J\u00f3nsson\" \/>\n<meta property=\"article:published_time\" content=\"2024-07-21T19:05:59+00:00\" \/>\n<meta property=\"og:image\" content=\"https:\/\/eirikurjonsson.is\/wp-content\/uploads\/2024\/07\/euro22.png\" \/>\n\t<meta property=\"og:image:width\" content=\"627\" \/>\n\t<meta property=\"og:image:height\" content=\"439\" \/>\n\t<meta property=\"og:image:type\" content=\"image\/png\" \/>\n<meta name=\"author\" content=\"eir\" \/>\n<meta name=\"twitter:card\" content=\"summary_large_image\" \/>\n<meta name=\"twitter:label1\" content=\"Written by\" \/>\n\t<meta name=\"twitter:data1\" content=\"eir\" \/>\n\t<meta name=\"twitter:label2\" content=\"Est. reading time\" \/>\n\t<meta name=\"twitter:data2\" content=\"2 minutes\" \/>\n<script type=\"application\/ld+json\" class=\"yoast-schema-graph\">{\"@context\":\"https:\/\/schema.org\",\"@graph\":[{\"@type\":\"WebPage\",\"@id\":\"https:\/\/eirikurjonsson.is\/index.php\/2024\/07\/21\/eurovisionfarinn-sem-aldrei-for-safnar-fyrir-plotu-a-karolina-fund\/\",\"url\":\"https:\/\/eirikurjonsson.is\/index.php\/2024\/07\/21\/eurovisionfarinn-sem-aldrei-for-safnar-fyrir-plotu-a-karolina-fund\/\",\"name\":\"EUROVISIONFARINN SEM ALDREI F\u00d3R SAFNAR FYRIR PL\u00d6TU \u00c1 KAROLINA FUND &#8211; Eir\u00edkur J\u00f3nsson\",\"isPartOf\":{\"@id\":\"https:\/\/eirikurjonsson.is\/#website\"},\"datePublished\":\"2024-07-21T19:05:59+00:00\",\"dateModified\":\"2024-07-21T19:05:59+00:00\",\"author\":{\"@id\":\"https:\/\/eirikurjonsson.is\/#\/schema\/person\/308afa1d0e201918034e31b1da4f07a5\"},\"breadcrumb\":{\"@id\":\"https:\/\/eirikurjonsson.is\/index.php\/2024\/07\/21\/eurovisionfarinn-sem-aldrei-for-safnar-fyrir-plotu-a-karolina-fund\/#breadcrumb\"},\"inLanguage\":\"is\",\"potentialAction\":[{\"@type\":\"ReadAction\",\"target\":[\"https:\/\/eirikurjonsson.is\/index.php\/2024\/07\/21\/eurovisionfarinn-sem-aldrei-for-safnar-fyrir-plotu-a-karolina-fund\/\"]}]},{\"@type\":\"BreadcrumbList\",\"@id\":\"https:\/\/eirikurjonsson.is\/index.php\/2024\/07\/21\/eurovisionfarinn-sem-aldrei-for-safnar-fyrir-plotu-a-karolina-fund\/#breadcrumb\",\"itemListElement\":[{\"@type\":\"ListItem\",\"position\":1,\"name\":\"Home\",\"item\":\"https:\/\/eirikurjonsson.is\/\"},{\"@type\":\"ListItem\",\"position\":2,\"name\":\"EUROVISIONFARINN SEM ALDREI F\u00d3R SAFNAR FYRIR PL\u00d6TU \u00c1 KAROLINA FUND\"}]},{\"@type\":\"WebSite\",\"@id\":\"https:\/\/eirikurjonsson.is\/#website\",\"url\":\"https:\/\/eirikurjonsson.is\/\",\"name\":\"Eir\u00edkur J\u00f3nsson\",\"description\":\"Eir\u00edkur J\u00f3nsson | EIR eirikurjonsson.is\",\"potentialAction\":[{\"@type\":\"SearchAction\",\"target\":{\"@type\":\"EntryPoint\",\"urlTemplate\":\"https:\/\/eirikurjonsson.is\/?s={search_term_string}\"},\"query-input\":\"required name=search_term_string\"}],\"inLanguage\":\"is\"},{\"@type\":\"Person\",\"@id\":\"https:\/\/eirikurjonsson.is\/#\/schema\/person\/308afa1d0e201918034e31b1da4f07a5\",\"name\":\"eir\",\"image\":{\"@type\":\"ImageObject\",\"inLanguage\":\"is\",\"@id\":\"https:\/\/eirikurjonsson.is\/#\/schema\/person\/image\/\",\"url\":\"https:\/\/secure.gravatar.com\/avatar\/b6748316a4400053a1fa9f4694b38d294dc5da6f4bacc727742bd8f3e689f87c?s=96&d=mm&r=g\",\"contentUrl\":\"https:\/\/secure.gravatar.com\/avatar\/b6748316a4400053a1fa9f4694b38d294dc5da6f4bacc727742bd8f3e689f87c?s=96&d=mm&r=g\",\"caption\":\"eir\"},\"url\":\"https:\/\/eirikurjonsson.is\/index.php\/author\/eir\/\"}]}<\/script>\n<!-- \/ Yoast SEO plugin. -->","yoast_head_json":{"title":"EUROVISIONFARINN SEM ALDREI F\u00d3R SAFNAR FYRIR PL\u00d6TU \u00c1 KAROLINA FUND &#8211; Eir\u00edkur J\u00f3nsson","robots":{"index":"index","follow":"follow","max-snippet":"max-snippet:-1","max-image-preview":"max-image-preview:large","max-video-preview":"max-video-preview:-1"},"canonical":"https:\/\/eirikurjonsson.is\/index.php\/2024\/07\/21\/eurovisionfarinn-sem-aldrei-for-safnar-fyrir-plotu-a-karolina-fund\/","og_locale":"is_IS","og_type":"article","og_title":"EUROVISIONFARINN SEM ALDREI F\u00d3R SAFNAR FYRIR PL\u00d6TU \u00c1 KAROLINA FUND &#8211; Eir\u00edkur J\u00f3nsson","og_description":"Bashar Murad, Eurovisionfari \u00cdslendinga sem aldrei f\u00f3r \u00fe\u00f3 hann hef\u00f0i sigra\u00f0, safnar n\u00fa fyrir fyrstu s\u00f3l\u00f3pl\u00f6tu sinni \u00e1 Karolina Fund. Hann setur marki\u00f0 \u00e1 2.000 evrur og hefur \u00feegar n\u00e1\u00f0 59% af \u00fev\u00ed og n\u00f3g er eftir &#8211; 13 dagar. Hann kynnir verkefni\u00f0 svona: &#8222;I&#8217;m Bashar Murad, a Palestinian artist known for my music that [&hellip;]","og_url":"https:\/\/eirikurjonsson.is\/index.php\/2024\/07\/21\/eurovisionfarinn-sem-aldrei-for-safnar-fyrir-plotu-a-karolina-fund\/","og_site_name":"Eir\u00edkur J\u00f3nsson","article_published_time":"2024-07-21T19:05:59+00:00","og_image":[{"width":627,"height":439,"url":"https:\/\/eirikurjonsson.is\/wp-content\/uploads\/2024\/07\/euro22.png","type":"image\/png"}],"author":"eir","twitter_card":"summary_large_image","twitter_misc":{"Written by":"eir","Est. reading time":"2 minutes"},"schema":{"@context":"https:\/\/schema.org","@graph":[{"@type":"WebPage","@id":"https:\/\/eirikurjonsson.is\/index.php\/2024\/07\/21\/eurovisionfarinn-sem-aldrei-for-safnar-fyrir-plotu-a-karolina-fund\/","url":"https:\/\/eirikurjonsson.is\/index.php\/2024\/07\/21\/eurovisionfarinn-sem-aldrei-for-safnar-fyrir-plotu-a-karolina-fund\/","name":"EUROVISIONFARINN SEM ALDREI F\u00d3R SAFNAR FYRIR PL\u00d6TU \u00c1 KAROLINA FUND &#8211; Eir\u00edkur J\u00f3nsson","isPartOf":{"@id":"https:\/\/eirikurjonsson.is\/#website"},"datePublished":"2024-07-21T19:05:59+00:00","dateModified":"2024-07-21T19:05:59+00:00","author":{"@id":"https:\/\/eirikurjonsson.is\/#\/schema\/person\/308afa1d0e201918034e31b1da4f07a5"},"breadcrumb":{"@id":"https:\/\/eirikurjonsson.is\/index.php\/2024\/07\/21\/eurovisionfarinn-sem-aldrei-for-safnar-fyrir-plotu-a-karolina-fund\/#breadcrumb"},"inLanguage":"is","potentialAction":[{"@type":"ReadAction","target":["https:\/\/eirikurjonsson.is\/index.php\/2024\/07\/21\/eurovisionfarinn-sem-aldrei-for-safnar-fyrir-plotu-a-karolina-fund\/"]}]},{"@type":"BreadcrumbList","@id":"https:\/\/eirikurjonsson.is\/index.php\/2024\/07\/21\/eurovisionfarinn-sem-aldrei-for-safnar-fyrir-plotu-a-karolina-fund\/#breadcrumb","itemListElement":[{"@type":"ListItem","position":1,"name":"Home","item":"https:\/\/eirikurjonsson.is\/"},{"@type":"ListItem","position":2,"name":"EUROVISIONFARINN SEM ALDREI F\u00d3R SAFNAR FYRIR PL\u00d6TU \u00c1 KAROLINA FUND"}]},{"@type":"WebSite","@id":"https:\/\/eirikurjonsson.is\/#website","url":"https:\/\/eirikurjonsson.is\/","name":"Eir\u00edkur J\u00f3nsson","description":"Eir\u00edkur J\u00f3nsson | EIR eirikurjonsson.is","potentialAction":[{"@type":"SearchAction","target":{"@type":"EntryPoint","urlTemplate":"https:\/\/eirikurjonsson.is\/?s={search_term_string}"},"query-input":"required name=search_term_string"}],"inLanguage":"is"},{"@type":"Person","@id":"https:\/\/eirikurjonsson.is\/#\/schema\/person\/308afa1d0e201918034e31b1da4f07a5","name":"eir","image":{"@type":"ImageObject","inLanguage":"is","@id":"https:\/\/eirikurjonsson.is\/#\/schema\/person\/image\/","url":"https:\/\/secure.gravatar.com\/avatar\/b6748316a4400053a1fa9f4694b38d294dc5da6f4bacc727742bd8f3e689f87c?s=96&d=mm&r=g","contentUrl":"https:\/\/secure.gravatar.com\/avatar\/b6748316a4400053a1fa9f4694b38d294dc5da6f4bacc727742bd8f3e689f87c?s=96&d=mm&r=g","caption":"eir"},"url":"https:\/\/eirikurjonsson.is\/index.php\/author\/eir\/"}]}},"_links":{"self":[{"href":"https:\/\/eirikurjonsson.is\/index.php\/wp-json\/wp\/v2\/posts\/2883","targetHints":{"allow":["GET"]}}],"collection":[{"href":"https:\/\/eirikurjonsson.is\/index.php\/wp-json\/wp\/v2\/posts"}],"about":[{"href":"https:\/\/eirikurjonsson.is\/index.php\/wp-json\/wp\/v2\/types\/post"}],"author":[{"embeddable":true,"href":"https:\/\/eirikurjonsson.is\/index.php\/wp-json\/wp\/v2\/users\/2"}],"replies":[{"embeddable":true,"href":"https:\/\/eirikurjonsson.is\/index.php\/wp-json\/wp\/v2\/comments?post=2883"}],"version-history":[{"count":1,"href":"https:\/\/eirikurjonsson.is\/index.php\/wp-json\/wp\/v2\/posts\/2883\/revisions"}],"predecessor-version":[{"id":2885,"href":"https:\/\/eirikurjonsson.is\/index.php\/wp-json\/wp\/v2\/posts\/2883\/revisions\/2885"}],"wp:featuredmedia":[{"embeddable":true,"href":"https:\/\/eirikurjonsson.is\/index.php\/wp-json\/wp\/v2\/media\/2884"}],"wp:attachment":[{"href":"https:\/\/eirikurjonsson.is\/index.php\/wp-json\/wp\/v2\/media?parent=2883"}],"wp:term":[{"taxonomy":"category","embeddable":true,"href":"https:\/\/eirikurjonsson.is\/index.php\/wp-json\/wp\/v2\/categories?post=2883"},{"taxonomy":"post_tag","embeddable":true,"href":"https:\/\/eirikurjonsson.is\/index.php\/wp-json\/wp\/v2\/tags?post=2883"}],"curies":[{"name":"wp","href":"https:\/\/api.w.org\/{rel}","templated":true}]}}