{"id":2826,"date":"2024-07-17T14:53:45","date_gmt":"2024-07-17T14:53:45","guid":{"rendered":"https:\/\/eirikurjonsson.is\/?p=2826"},"modified":"2024-07-18T11:50:54","modified_gmt":"2024-07-18T11:50:54","slug":"aevintyraleg-utlistaverk-i-hafnarfirdi","status":"publish","type":"post","link":"https:\/\/eirikurjonsson.is\/index.php\/2024\/07\/17\/aevintyraleg-utlistaverk-i-hafnarfirdi\/","title":{"rendered":"\u00c6VINT\u00ddRALEG \u00daTILISTAVERK \u00cd HAFNARFIR\u00d0I"},"content":{"rendered":"<figure id=\"attachment_2833\" aria-describedby=\"caption-attachment-2833\" style=\"width: 90px\" class=\"wp-caption alignleft\"><img loading=\"lazy\" decoding=\"async\" class=\"wp-image-2833\" src=\"https:\/\/eirikurjonsson.is\/wp-content\/uploads\/2024\/07\/rosa0-237x300.jpg\" alt=\"R\u00f3sa\" width=\"90\" height=\"114\" srcset=\"https:\/\/eirikurjonsson.is\/wp-content\/uploads\/2024\/07\/rosa0-237x300.jpg 237w, https:\/\/eirikurjonsson.is\/wp-content\/uploads\/2024\/07\/rosa0-810x1024.jpg 810w, https:\/\/eirikurjonsson.is\/wp-content\/uploads\/2024\/07\/rosa0-768x971.jpg 768w, https:\/\/eirikurjonsson.is\/wp-content\/uploads\/2024\/07\/rosa0-696x880.jpg 696w, https:\/\/eirikurjonsson.is\/wp-content\/uploads\/2024\/07\/rosa0.jpg 814w\" sizes=\"auto, (max-width: 90px) 100vw, 90px\" \/><figcaption id=\"caption-attachment-2833\" class=\"wp-caption-text\">R\u00f3sa<\/figcaption><\/figure>\n<p>&#8222;Rafmagns- og s\u00edmakassar, snj\u00f3br\u00e6\u00f0slugrind og brunnur \u00ed Strandg\u00f6tunni, \u00f6\u00f0last n\u00fdtt l\u00edf \u00ed me\u00f0f\u00f6rum listamannsins <a href=\"https:\/\/juanpicturesart.com\/\">@tjuanpicturesart,<\/a>&#8220; segir R\u00f3sa Gu\u00f0bjartsd\u00f3ttir b\u00e6jarst\u00fdra \u00ed Hafnarfir\u00f0i \u00ed susmarskapi og \u00e1n\u00e6g\u00f0 me\u00f0 \u00fatilistaverkin \u00ed b\u00e6num s\u00ednum. &#8222;Meira v\u00e6ntanlegt. Gaman a\u00f0 k\u00edkja \u00e1 \u00ed n\u00e6sta g\u00f6ngut\u00far.&#8220;<\/p>\n<figure id=\"attachment_2830\" aria-describedby=\"caption-attachment-2830\" style=\"width: 300px\" class=\"wp-caption aligncenter\"><img loading=\"lazy\" decoding=\"async\" class=\"wp-image-2830 size-medium\" src=\"https:\/\/eirikurjonsson.is\/wp-content\/uploads\/2024\/07\/rosa-3-300x229.jpg\" alt=\"\u00dea\u00f0 er b\u00fai\u00f0 a\u00f0 banna \u00feennan en ekkert getur banna\u00f0 hann svona.\" width=\"300\" height=\"229\" srcset=\"https:\/\/eirikurjonsson.is\/wp-content\/uploads\/2024\/07\/rosa-3-300x229.jpg 300w, https:\/\/eirikurjonsson.is\/wp-content\/uploads\/2024\/07\/rosa-3-1024x783.jpg 1024w, https:\/\/eirikurjonsson.is\/wp-content\/uploads\/2024\/07\/rosa-3-768x587.jpg 768w, https:\/\/eirikurjonsson.is\/wp-content\/uploads\/2024\/07\/rosa-3-696x532.jpg 696w, https:\/\/eirikurjonsson.is\/wp-content\/uploads\/2024\/07\/rosa-3-1068x817.jpg 1068w, https:\/\/eirikurjonsson.is\/wp-content\/uploads\/2024\/07\/rosa-3.jpg 1440w\" sizes=\"auto, (max-width: 300px) 100vw, 300px\" \/><figcaption id=\"caption-attachment-2830\" class=\"wp-caption-text\">\u00dea\u00f0 er b\u00fai\u00f0 a\u00f0 banna \u00feennan en ekkert getur banna\u00f0 hann svona.<\/figcaption><\/figure>\n<figure id=\"attachment_2831\" aria-describedby=\"caption-attachment-2831\" style=\"width: 240px\" class=\"wp-caption aligncenter\"><img loading=\"lazy\" decoding=\"async\" class=\"wp-image-2831 size-medium\" src=\"https:\/\/eirikurjonsson.is\/wp-content\/uploads\/2024\/07\/rosa-4-240x300.jpg\" alt=\"Og \u00feetta f\u00edna g\u00f3lfteppi - bara \u00far litum gert.\" width=\"240\" height=\"300\" srcset=\"https:\/\/eirikurjonsson.is\/wp-content\/uploads\/2024\/07\/rosa-4-240x300.jpg 240w, https:\/\/eirikurjonsson.is\/wp-content\/uploads\/2024\/07\/rosa-4-819x1024.jpg 819w, https:\/\/eirikurjonsson.is\/wp-content\/uploads\/2024\/07\/rosa-4-768x960.jpg 768w, https:\/\/eirikurjonsson.is\/wp-content\/uploads\/2024\/07\/rosa-4-1229x1536.jpg 1229w, https:\/\/eirikurjonsson.is\/wp-content\/uploads\/2024\/07\/rosa-4-696x870.jpg 696w, https:\/\/eirikurjonsson.is\/wp-content\/uploads\/2024\/07\/rosa-4-1068x1335.jpg 1068w, https:\/\/eirikurjonsson.is\/wp-content\/uploads\/2024\/07\/rosa-4.jpg 1440w\" sizes=\"auto, (max-width: 240px) 100vw, 240px\" \/><figcaption id=\"caption-attachment-2831\" class=\"wp-caption-text\">Og \u00feetta f\u00edna g\u00f3lfteppi &#8211; bara \u00far litum gert.<\/figcaption><\/figure>\n<figure id=\"attachment_2829\" aria-describedby=\"caption-attachment-2829\" style=\"width: 300px\" class=\"wp-caption aligncenter\"><img loading=\"lazy\" decoding=\"async\" class=\"wp-image-2829 size-medium\" src=\"https:\/\/eirikurjonsson.is\/wp-content\/uploads\/2024\/07\/rosa-2-300x246.jpg\" alt=\"V\u00edkingurinn \u00ed v\u00edkingab\u00e6num.\" width=\"300\" height=\"246\" srcset=\"https:\/\/eirikurjonsson.is\/wp-content\/uploads\/2024\/07\/rosa-2-300x246.jpg 300w, https:\/\/eirikurjonsson.is\/wp-content\/uploads\/2024\/07\/rosa-2-1024x841.jpg 1024w, https:\/\/eirikurjonsson.is\/wp-content\/uploads\/2024\/07\/rosa-2-768x631.jpg 768w, https:\/\/eirikurjonsson.is\/wp-content\/uploads\/2024\/07\/rosa-2-696x572.jpg 696w, https:\/\/eirikurjonsson.is\/wp-content\/uploads\/2024\/07\/rosa-2-1068x877.jpg 1068w, https:\/\/eirikurjonsson.is\/wp-content\/uploads\/2024\/07\/rosa-2.jpg 1440w\" sizes=\"auto, (max-width: 300px) 100vw, 300px\" \/><figcaption id=\"caption-attachment-2829\" class=\"wp-caption-text\">V\u00edkingurinn \u00ed v\u00edkingab\u00e6num.<\/figcaption><\/figure>\n","protected":false},"excerpt":{"rendered":"<p>&#8222;Rafmagns- og s\u00edmakassar, snj\u00f3br\u00e6\u00f0slugrind og brunnur \u00ed Strandg\u00f6tunni, \u00f6\u00f0last n\u00fdtt l\u00edf \u00ed me\u00f0f\u00f6rum listamannsins @tjuanpicturesart,&#8220; segir R\u00f3sa Gu\u00f0bjartsd\u00f3ttir b\u00e6jarst\u00fdra \u00ed Hafnarfir\u00f0i \u00ed susmarskapi og \u00e1n\u00e6g\u00f0 me\u00f0 \u00fatilistaverkin \u00ed b\u00e6num s\u00ednum. &#8222;Meira v\u00e6ntanlegt. Gaman a\u00f0 k\u00edkja \u00e1 \u00ed n\u00e6sta g\u00f6ngut\u00far.&#8220;<\/p>\n","protected":false},"author":2,"featured_media":2832,"comment_status":"open","ping_status":"open","sticky":false,"template":"","format":"standard","meta":{"_monsterinsights_skip_tracking":false,"_monsterinsights_sitenote_active":false,"_monsterinsights_sitenote_note":"","_monsterinsights_sitenote_category":0,"footnotes":""},"categories":[31],"tags":[],"class_list":{"0":"post-2826","1":"post","2":"type-post","3":"status-publish","4":"format-standard","5":"has-post-thumbnail","7":"category-greinar"},"yoast_head":"<!-- This site is optimized with the Yoast SEO plugin v22.0 - https:\/\/yoast.com\/wordpress\/plugins\/seo\/ -->\n<title>\u00c6VINT\u00ddRALEG \u00daTILISTAVERK \u00cd HAFNARFIR\u00d0I &#8211; Eir\u00edkur J\u00f3nsson<\/title>\n<meta name=\"robots\" content=\"index, follow, max-snippet:-1, max-image-preview:large, max-video-preview:-1\" \/>\n<link rel=\"canonical\" href=\"https:\/\/eirikurjonsson.is\/index.php\/2024\/07\/17\/aevintyraleg-utlistaverk-i-hafnarfirdi\/\" \/>\n<meta property=\"og:locale\" content=\"is_IS\" \/>\n<meta property=\"og:type\" content=\"article\" \/>\n<meta property=\"og:title\" content=\"\u00c6VINT\u00ddRALEG \u00daTILISTAVERK \u00cd HAFNARFIR\u00d0I &#8211; Eir\u00edkur J\u00f3nsson\" \/>\n<meta property=\"og:description\" content=\"&#8222;Rafmagns- og s\u00edmakassar, snj\u00f3br\u00e6\u00f0slugrind og brunnur \u00ed Strandg\u00f6tunni, \u00f6\u00f0last n\u00fdtt l\u00edf \u00ed me\u00f0f\u00f6rum listamannsins @tjuanpicturesart,&#8220; segir R\u00f3sa Gu\u00f0bjartsd\u00f3ttir b\u00e6jarst\u00fdra \u00ed Hafnarfir\u00f0i \u00ed susmarskapi og \u00e1n\u00e6g\u00f0 me\u00f0 \u00fatilistaverkin \u00ed b\u00e6num s\u00ednum. &#8222;Meira v\u00e6ntanlegt. Gaman a\u00f0 k\u00edkja \u00e1 \u00ed n\u00e6sta g\u00f6ngut\u00far.&#8220;\" \/>\n<meta property=\"og:url\" content=\"https:\/\/eirikurjonsson.is\/index.php\/2024\/07\/17\/aevintyraleg-utlistaverk-i-hafnarfirdi\/\" \/>\n<meta property=\"og:site_name\" content=\"Eir\u00edkur J\u00f3nsson\" \/>\n<meta property=\"article:published_time\" content=\"2024-07-17T14:53:45+00:00\" \/>\n<meta property=\"article:modified_time\" content=\"2024-07-18T11:50:54+00:00\" \/>\n<meta property=\"og:image\" content=\"https:\/\/eirikurjonsson.is\/wp-content\/uploads\/2024\/07\/rosa-1.jpg\" \/>\n\t<meta property=\"og:image:width\" content=\"1440\" \/>\n\t<meta property=\"og:image:height\" content=\"1649\" \/>\n\t<meta property=\"og:image:type\" content=\"image\/jpeg\" \/>\n<meta name=\"author\" content=\"eir\" \/>\n<meta name=\"twitter:card\" content=\"summary_large_image\" \/>\n<meta name=\"twitter:label1\" content=\"Written by\" \/>\n\t<meta name=\"twitter:data1\" content=\"eir\" \/>\n\t<meta name=\"twitter:label2\" content=\"Est. reading time\" \/>\n\t<meta name=\"twitter:data2\" content=\"2 minutes\" \/>\n<script type=\"application\/ld+json\" class=\"yoast-schema-graph\">{\"@context\":\"https:\/\/schema.org\",\"@graph\":[{\"@type\":\"WebPage\",\"@id\":\"https:\/\/eirikurjonsson.is\/index.php\/2024\/07\/17\/aevintyraleg-utlistaverk-i-hafnarfirdi\/\",\"url\":\"https:\/\/eirikurjonsson.is\/index.php\/2024\/07\/17\/aevintyraleg-utlistaverk-i-hafnarfirdi\/\",\"name\":\"\u00c6VINT\u00ddRALEG \u00daTILISTAVERK \u00cd HAFNARFIR\u00d0I &#8211; Eir\u00edkur J\u00f3nsson\",\"isPartOf\":{\"@id\":\"https:\/\/eirikurjonsson.is\/#website\"},\"datePublished\":\"2024-07-17T14:53:45+00:00\",\"dateModified\":\"2024-07-18T11:50:54+00:00\",\"author\":{\"@id\":\"https:\/\/eirikurjonsson.is\/#\/schema\/person\/308afa1d0e201918034e31b1da4f07a5\"},\"breadcrumb\":{\"@id\":\"https:\/\/eirikurjonsson.is\/index.php\/2024\/07\/17\/aevintyraleg-utlistaverk-i-hafnarfirdi\/#breadcrumb\"},\"inLanguage\":\"is\",\"potentialAction\":[{\"@type\":\"ReadAction\",\"target\":[\"https:\/\/eirikurjonsson.is\/index.php\/2024\/07\/17\/aevintyraleg-utlistaverk-i-hafnarfirdi\/\"]}]},{\"@type\":\"BreadcrumbList\",\"@id\":\"https:\/\/eirikurjonsson.is\/index.php\/2024\/07\/17\/aevintyraleg-utlistaverk-i-hafnarfirdi\/#breadcrumb\",\"itemListElement\":[{\"@type\":\"ListItem\",\"position\":1,\"name\":\"Home\",\"item\":\"https:\/\/eirikurjonsson.is\/\"},{\"@type\":\"ListItem\",\"position\":2,\"name\":\"\u00c6VINT\u00ddRALEG \u00daTILISTAVERK \u00cd HAFNARFIR\u00d0I\"}]},{\"@type\":\"WebSite\",\"@id\":\"https:\/\/eirikurjonsson.is\/#website\",\"url\":\"https:\/\/eirikurjonsson.is\/\",\"name\":\"Eir\u00edkur J\u00f3nsson\",\"description\":\"Eir\u00edkur J\u00f3nsson | EIR eirikurjonsson.is\",\"potentialAction\":[{\"@type\":\"SearchAction\",\"target\":{\"@type\":\"EntryPoint\",\"urlTemplate\":\"https:\/\/eirikurjonsson.is\/?s={search_term_string}\"},\"query-input\":\"required name=search_term_string\"}],\"inLanguage\":\"is\"},{\"@type\":\"Person\",\"@id\":\"https:\/\/eirikurjonsson.is\/#\/schema\/person\/308afa1d0e201918034e31b1da4f07a5\",\"name\":\"eir\",\"image\":{\"@type\":\"ImageObject\",\"inLanguage\":\"is\",\"@id\":\"https:\/\/eirikurjonsson.is\/#\/schema\/person\/image\/\",\"url\":\"https:\/\/secure.gravatar.com\/avatar\/b6748316a4400053a1fa9f4694b38d294dc5da6f4bacc727742bd8f3e689f87c?s=96&d=mm&r=g\",\"contentUrl\":\"https:\/\/secure.gravatar.com\/avatar\/b6748316a4400053a1fa9f4694b38d294dc5da6f4bacc727742bd8f3e689f87c?s=96&d=mm&r=g\",\"caption\":\"eir\"},\"url\":\"https:\/\/eirikurjonsson.is\/index.php\/author\/eir\/\"}]}<\/script>\n<!-- \/ Yoast SEO plugin. -->","yoast_head_json":{"title":"\u00c6VINT\u00ddRALEG \u00daTILISTAVERK \u00cd HAFNARFIR\u00d0I &#8211; Eir\u00edkur J\u00f3nsson","robots":{"index":"index","follow":"follow","max-snippet":"max-snippet:-1","max-image-preview":"max-image-preview:large","max-video-preview":"max-video-preview:-1"},"canonical":"https:\/\/eirikurjonsson.is\/index.php\/2024\/07\/17\/aevintyraleg-utlistaverk-i-hafnarfirdi\/","og_locale":"is_IS","og_type":"article","og_title":"\u00c6VINT\u00ddRALEG \u00daTILISTAVERK \u00cd HAFNARFIR\u00d0I &#8211; Eir\u00edkur J\u00f3nsson","og_description":"&#8222;Rafmagns- og s\u00edmakassar, snj\u00f3br\u00e6\u00f0slugrind og brunnur \u00ed Strandg\u00f6tunni, \u00f6\u00f0last n\u00fdtt l\u00edf \u00ed me\u00f0f\u00f6rum listamannsins @tjuanpicturesart,&#8220; segir R\u00f3sa Gu\u00f0bjartsd\u00f3ttir b\u00e6jarst\u00fdra \u00ed Hafnarfir\u00f0i \u00ed susmarskapi og \u00e1n\u00e6g\u00f0 me\u00f0 \u00fatilistaverkin \u00ed b\u00e6num s\u00ednum. &#8222;Meira v\u00e6ntanlegt. Gaman a\u00f0 k\u00edkja \u00e1 \u00ed n\u00e6sta g\u00f6ngut\u00far.&#8220;","og_url":"https:\/\/eirikurjonsson.is\/index.php\/2024\/07\/17\/aevintyraleg-utlistaverk-i-hafnarfirdi\/","og_site_name":"Eir\u00edkur J\u00f3nsson","article_published_time":"2024-07-17T14:53:45+00:00","article_modified_time":"2024-07-18T11:50:54+00:00","og_image":[{"width":1440,"height":1649,"url":"https:\/\/eirikurjonsson.is\/wp-content\/uploads\/2024\/07\/rosa-1.jpg","type":"image\/jpeg"}],"author":"eir","twitter_card":"summary_large_image","twitter_misc":{"Written by":"eir","Est. reading time":"2 minutes"},"schema":{"@context":"https:\/\/schema.org","@graph":[{"@type":"WebPage","@id":"https:\/\/eirikurjonsson.is\/index.php\/2024\/07\/17\/aevintyraleg-utlistaverk-i-hafnarfirdi\/","url":"https:\/\/eirikurjonsson.is\/index.php\/2024\/07\/17\/aevintyraleg-utlistaverk-i-hafnarfirdi\/","name":"\u00c6VINT\u00ddRALEG \u00daTILISTAVERK \u00cd HAFNARFIR\u00d0I &#8211; Eir\u00edkur J\u00f3nsson","isPartOf":{"@id":"https:\/\/eirikurjonsson.is\/#website"},"datePublished":"2024-07-17T14:53:45+00:00","dateModified":"2024-07-18T11:50:54+00:00","author":{"@id":"https:\/\/eirikurjonsson.is\/#\/schema\/person\/308afa1d0e201918034e31b1da4f07a5"},"breadcrumb":{"@id":"https:\/\/eirikurjonsson.is\/index.php\/2024\/07\/17\/aevintyraleg-utlistaverk-i-hafnarfirdi\/#breadcrumb"},"inLanguage":"is","potentialAction":[{"@type":"ReadAction","target":["https:\/\/eirikurjonsson.is\/index.php\/2024\/07\/17\/aevintyraleg-utlistaverk-i-hafnarfirdi\/"]}]},{"@type":"BreadcrumbList","@id":"https:\/\/eirikurjonsson.is\/index.php\/2024\/07\/17\/aevintyraleg-utlistaverk-i-hafnarfirdi\/#breadcrumb","itemListElement":[{"@type":"ListItem","position":1,"name":"Home","item":"https:\/\/eirikurjonsson.is\/"},{"@type":"ListItem","position":2,"name":"\u00c6VINT\u00ddRALEG \u00daTILISTAVERK \u00cd HAFNARFIR\u00d0I"}]},{"@type":"WebSite","@id":"https:\/\/eirikurjonsson.is\/#website","url":"https:\/\/eirikurjonsson.is\/","name":"Eir\u00edkur J\u00f3nsson","description":"Eir\u00edkur J\u00f3nsson | EIR eirikurjonsson.is","potentialAction":[{"@type":"SearchAction","target":{"@type":"EntryPoint","urlTemplate":"https:\/\/eirikurjonsson.is\/?s={search_term_string}"},"query-input":"required name=search_term_string"}],"inLanguage":"is"},{"@type":"Person","@id":"https:\/\/eirikurjonsson.is\/#\/schema\/person\/308afa1d0e201918034e31b1da4f07a5","name":"eir","image":{"@type":"ImageObject","inLanguage":"is","@id":"https:\/\/eirikurjonsson.is\/#\/schema\/person\/image\/","url":"https:\/\/secure.gravatar.com\/avatar\/b6748316a4400053a1fa9f4694b38d294dc5da6f4bacc727742bd8f3e689f87c?s=96&d=mm&r=g","contentUrl":"https:\/\/secure.gravatar.com\/avatar\/b6748316a4400053a1fa9f4694b38d294dc5da6f4bacc727742bd8f3e689f87c?s=96&d=mm&r=g","caption":"eir"},"url":"https:\/\/eirikurjonsson.is\/index.php\/author\/eir\/"}]}},"_links":{"self":[{"href":"https:\/\/eirikurjonsson.is\/index.php\/wp-json\/wp\/v2\/posts\/2826","targetHints":{"allow":["GET"]}}],"collection":[{"href":"https:\/\/eirikurjonsson.is\/index.php\/wp-json\/wp\/v2\/posts"}],"about":[{"href":"https:\/\/eirikurjonsson.is\/index.php\/wp-json\/wp\/v2\/types\/post"}],"author":[{"embeddable":true,"href":"https:\/\/eirikurjonsson.is\/index.php\/wp-json\/wp\/v2\/users\/2"}],"replies":[{"embeddable":true,"href":"https:\/\/eirikurjonsson.is\/index.php\/wp-json\/wp\/v2\/comments?post=2826"}],"version-history":[{"count":3,"href":"https:\/\/eirikurjonsson.is\/index.php\/wp-json\/wp\/v2\/posts\/2826\/revisions"}],"predecessor-version":[{"id":2845,"href":"https:\/\/eirikurjonsson.is\/index.php\/wp-json\/wp\/v2\/posts\/2826\/revisions\/2845"}],"wp:featuredmedia":[{"embeddable":true,"href":"https:\/\/eirikurjonsson.is\/index.php\/wp-json\/wp\/v2\/media\/2832"}],"wp:attachment":[{"href":"https:\/\/eirikurjonsson.is\/index.php\/wp-json\/wp\/v2\/media?parent=2826"}],"wp:term":[{"taxonomy":"category","embeddable":true,"href":"https:\/\/eirikurjonsson.is\/index.php\/wp-json\/wp\/v2\/categories?post=2826"},{"taxonomy":"post_tag","embeddable":true,"href":"https:\/\/eirikurjonsson.is\/index.php\/wp-json\/wp\/v2\/tags?post=2826"}],"curies":[{"name":"wp","href":"https:\/\/api.w.org\/{rel}","templated":true}]}}