{"id":2818,"date":"2024-07-16T12:03:47","date_gmt":"2024-07-16T12:03:47","guid":{"rendered":"https:\/\/eirikurjonsson.is\/?p=2818"},"modified":"2024-07-16T12:03:47","modified_gmt":"2024-07-16T12:03:47","slug":"sumarsviti-og-faldar-augngotur-i-laugardal","status":"publish","type":"post","link":"https:\/\/eirikurjonsson.is\/index.php\/2024\/07\/16\/sumarsviti-og-faldar-augngotur-i-laugardal\/","title":{"rendered":"SUMARSVITI OG FALDAR AUGNGOTUR \u00cd LAUGARDAL"},"content":{"rendered":"<p>&#8222;H\u00f6fugur bl\u00f3mailmur, hv\u00edslu\u00f0 leyndarm\u00e1l, sumarsviti \u00e1 h\u00fa\u00f0, faldar augngotur yfir herbergi\u00f0 &#8211; \u00fea\u00f0 er f\u00e1tt jafn gefandi fyrir skilningarvitin og a\u00f0 vera skoti\u00f0 \u00ed einhverjum \u00e1 sumrin,&#8220; segir fj\u00f6llistakonan Margr\u00e9t Maack<\/p>\n<p>&#8222;St\u00edg\u00f0u inn \u00ed hli\u00f0arheim fullan af girnd og glensi \u00e1 Fl\u00f3runni \u00ed Laugardal \u00feann 19. j\u00fal\u00ed, leyf\u00f0u stj\u00f3rstj\u00f6rnum \u00far \u00edslensku ja\u00f0arlistasenunni a\u00f0 draga \u00feig \u00e1 t\u00e1lar, og gakktu \u00fat \u00ed mi\u00f0n\u00e6turs\u00f3lina endurn\u00e6rt \u00e1 s\u00e1l og l\u00edkama af l\u00edfsorku og g\u00f3\u00f0um drykkjum. Mi\u00f0aver\u00f0 inniheldur fordrykk sem tekur \u00e1 m\u00f3ti \u00fe\u00e9r \u00ed hur\u00f0inni.&#8220;<\/p>\n<p>Aldurstakmark 20+, hentar ekki \u00feeim sem \u00f3ttast undur mannsl\u00edkamans. Mi\u00f0aver\u00f0: 5.900 kr.<\/p>\n","protected":false},"excerpt":{"rendered":"<p>&#8222;H\u00f6fugur bl\u00f3mailmur, hv\u00edslu\u00f0 leyndarm\u00e1l, sumarsviti \u00e1 h\u00fa\u00f0, faldar augngotur yfir herbergi\u00f0 &#8211; \u00fea\u00f0 er f\u00e1tt jafn gefandi fyrir skilningarvitin og a\u00f0 vera skoti\u00f0 \u00ed einhverjum \u00e1 sumrin,&#8220; segir fj\u00f6llistakonan Margr\u00e9t Maack &#8222;St\u00edg\u00f0u inn \u00ed hli\u00f0arheim fullan af girnd og glensi \u00e1 Fl\u00f3runni \u00ed Laugardal \u00feann 19. j\u00fal\u00ed, leyf\u00f0u stj\u00f3rstj\u00f6rnum \u00far \u00edslensku ja\u00f0arlistasenunni a\u00f0 draga \u00feig [&hellip;]<\/p>\n","protected":false},"author":2,"featured_media":2819,"comment_status":"open","ping_status":"open","sticky":false,"template":"","format":"standard","meta":{"_monsterinsights_skip_tracking":false,"_monsterinsights_sitenote_active":false,"_monsterinsights_sitenote_note":"","_monsterinsights_sitenote_category":0,"footnotes":""},"categories":[31],"tags":[],"class_list":{"0":"post-2818","1":"post","2":"type-post","3":"status-publish","4":"format-standard","5":"has-post-thumbnail","7":"category-greinar"},"yoast_head":"<!-- This site is optimized with the Yoast SEO plugin v22.0 - https:\/\/yoast.com\/wordpress\/plugins\/seo\/ -->\n<title>SUMARSVITI OG FALDAR AUGNGOTUR \u00cd LAUGARDAL &#8211; Eir\u00edkur J\u00f3nsson<\/title>\n<meta name=\"robots\" content=\"index, follow, max-snippet:-1, max-image-preview:large, max-video-preview:-1\" \/>\n<link rel=\"canonical\" href=\"https:\/\/eirikurjonsson.is\/index.php\/2024\/07\/16\/sumarsviti-og-faldar-augngotur-i-laugardal\/\" \/>\n<meta property=\"og:locale\" content=\"is_IS\" \/>\n<meta property=\"og:type\" content=\"article\" \/>\n<meta property=\"og:title\" content=\"SUMARSVITI OG FALDAR AUGNGOTUR \u00cd LAUGARDAL &#8211; Eir\u00edkur J\u00f3nsson\" \/>\n<meta property=\"og:description\" content=\"&#8222;H\u00f6fugur bl\u00f3mailmur, hv\u00edslu\u00f0 leyndarm\u00e1l, sumarsviti \u00e1 h\u00fa\u00f0, faldar augngotur yfir herbergi\u00f0 &#8211; \u00fea\u00f0 er f\u00e1tt jafn gefandi fyrir skilningarvitin og a\u00f0 vera skoti\u00f0 \u00ed einhverjum \u00e1 sumrin,&#8220; segir fj\u00f6llistakonan Margr\u00e9t Maack &#8222;St\u00edg\u00f0u inn \u00ed hli\u00f0arheim fullan af girnd og glensi \u00e1 Fl\u00f3runni \u00ed Laugardal \u00feann 19. j\u00fal\u00ed, leyf\u00f0u stj\u00f3rstj\u00f6rnum \u00far \u00edslensku ja\u00f0arlistasenunni a\u00f0 draga \u00feig [&hellip;]\" \/>\n<meta property=\"og:url\" content=\"https:\/\/eirikurjonsson.is\/index.php\/2024\/07\/16\/sumarsviti-og-faldar-augngotur-i-laugardal\/\" \/>\n<meta property=\"og:site_name\" content=\"Eir\u00edkur J\u00f3nsson\" \/>\n<meta property=\"article:published_time\" content=\"2024-07-16T12:03:47+00:00\" \/>\n<meta property=\"og:image\" content=\"https:\/\/eirikurjonsson.is\/wp-content\/uploads\/2024\/07\/sumarkvold.png\" \/>\n\t<meta property=\"og:image:width\" content=\"701\" \/>\n\t<meta property=\"og:image:height\" content=\"430\" \/>\n\t<meta property=\"og:image:type\" content=\"image\/png\" \/>\n<meta name=\"author\" content=\"eir\" \/>\n<meta name=\"twitter:card\" content=\"summary_large_image\" \/>\n<meta name=\"twitter:label1\" content=\"Written by\" \/>\n\t<meta name=\"twitter:data1\" content=\"eir\" \/>\n\t<meta name=\"twitter:label2\" content=\"Est. reading time\" \/>\n\t<meta name=\"twitter:data2\" content=\"1 minute\" \/>\n<script type=\"application\/ld+json\" class=\"yoast-schema-graph\">{\"@context\":\"https:\/\/schema.org\",\"@graph\":[{\"@type\":\"WebPage\",\"@id\":\"https:\/\/eirikurjonsson.is\/index.php\/2024\/07\/16\/sumarsviti-og-faldar-augngotur-i-laugardal\/\",\"url\":\"https:\/\/eirikurjonsson.is\/index.php\/2024\/07\/16\/sumarsviti-og-faldar-augngotur-i-laugardal\/\",\"name\":\"SUMARSVITI OG FALDAR AUGNGOTUR \u00cd LAUGARDAL &#8211; Eir\u00edkur J\u00f3nsson\",\"isPartOf\":{\"@id\":\"https:\/\/eirikurjonsson.is\/#website\"},\"datePublished\":\"2024-07-16T12:03:47+00:00\",\"dateModified\":\"2024-07-16T12:03:47+00:00\",\"author\":{\"@id\":\"https:\/\/eirikurjonsson.is\/#\/schema\/person\/308afa1d0e201918034e31b1da4f07a5\"},\"breadcrumb\":{\"@id\":\"https:\/\/eirikurjonsson.is\/index.php\/2024\/07\/16\/sumarsviti-og-faldar-augngotur-i-laugardal\/#breadcrumb\"},\"inLanguage\":\"is\",\"potentialAction\":[{\"@type\":\"ReadAction\",\"target\":[\"https:\/\/eirikurjonsson.is\/index.php\/2024\/07\/16\/sumarsviti-og-faldar-augngotur-i-laugardal\/\"]}]},{\"@type\":\"BreadcrumbList\",\"@id\":\"https:\/\/eirikurjonsson.is\/index.php\/2024\/07\/16\/sumarsviti-og-faldar-augngotur-i-laugardal\/#breadcrumb\",\"itemListElement\":[{\"@type\":\"ListItem\",\"position\":1,\"name\":\"Home\",\"item\":\"https:\/\/eirikurjonsson.is\/\"},{\"@type\":\"ListItem\",\"position\":2,\"name\":\"SUMARSVITI OG FALDAR AUGNGOTUR \u00cd LAUGARDAL\"}]},{\"@type\":\"WebSite\",\"@id\":\"https:\/\/eirikurjonsson.is\/#website\",\"url\":\"https:\/\/eirikurjonsson.is\/\",\"name\":\"Eir\u00edkur J\u00f3nsson\",\"description\":\"Eir\u00edkur J\u00f3nsson | EIR eirikurjonsson.is\",\"potentialAction\":[{\"@type\":\"SearchAction\",\"target\":{\"@type\":\"EntryPoint\",\"urlTemplate\":\"https:\/\/eirikurjonsson.is\/?s={search_term_string}\"},\"query-input\":\"required name=search_term_string\"}],\"inLanguage\":\"is\"},{\"@type\":\"Person\",\"@id\":\"https:\/\/eirikurjonsson.is\/#\/schema\/person\/308afa1d0e201918034e31b1da4f07a5\",\"name\":\"eir\",\"image\":{\"@type\":\"ImageObject\",\"inLanguage\":\"is\",\"@id\":\"https:\/\/eirikurjonsson.is\/#\/schema\/person\/image\/\",\"url\":\"https:\/\/secure.gravatar.com\/avatar\/b6748316a4400053a1fa9f4694b38d294dc5da6f4bacc727742bd8f3e689f87c?s=96&d=mm&r=g\",\"contentUrl\":\"https:\/\/secure.gravatar.com\/avatar\/b6748316a4400053a1fa9f4694b38d294dc5da6f4bacc727742bd8f3e689f87c?s=96&d=mm&r=g\",\"caption\":\"eir\"},\"url\":\"https:\/\/eirikurjonsson.is\/index.php\/author\/eir\/\"}]}<\/script>\n<!-- \/ Yoast SEO plugin. -->","yoast_head_json":{"title":"SUMARSVITI OG FALDAR AUGNGOTUR \u00cd LAUGARDAL &#8211; Eir\u00edkur J\u00f3nsson","robots":{"index":"index","follow":"follow","max-snippet":"max-snippet:-1","max-image-preview":"max-image-preview:large","max-video-preview":"max-video-preview:-1"},"canonical":"https:\/\/eirikurjonsson.is\/index.php\/2024\/07\/16\/sumarsviti-og-faldar-augngotur-i-laugardal\/","og_locale":"is_IS","og_type":"article","og_title":"SUMARSVITI OG FALDAR AUGNGOTUR \u00cd LAUGARDAL &#8211; Eir\u00edkur J\u00f3nsson","og_description":"&#8222;H\u00f6fugur bl\u00f3mailmur, hv\u00edslu\u00f0 leyndarm\u00e1l, sumarsviti \u00e1 h\u00fa\u00f0, faldar augngotur yfir herbergi\u00f0 &#8211; \u00fea\u00f0 er f\u00e1tt jafn gefandi fyrir skilningarvitin og a\u00f0 vera skoti\u00f0 \u00ed einhverjum \u00e1 sumrin,&#8220; segir fj\u00f6llistakonan Margr\u00e9t Maack &#8222;St\u00edg\u00f0u inn \u00ed hli\u00f0arheim fullan af girnd og glensi \u00e1 Fl\u00f3runni \u00ed Laugardal \u00feann 19. j\u00fal\u00ed, leyf\u00f0u stj\u00f3rstj\u00f6rnum \u00far \u00edslensku ja\u00f0arlistasenunni a\u00f0 draga \u00feig [&hellip;]","og_url":"https:\/\/eirikurjonsson.is\/index.php\/2024\/07\/16\/sumarsviti-og-faldar-augngotur-i-laugardal\/","og_site_name":"Eir\u00edkur J\u00f3nsson","article_published_time":"2024-07-16T12:03:47+00:00","og_image":[{"width":701,"height":430,"url":"https:\/\/eirikurjonsson.is\/wp-content\/uploads\/2024\/07\/sumarkvold.png","type":"image\/png"}],"author":"eir","twitter_card":"summary_large_image","twitter_misc":{"Written by":"eir","Est. reading time":"1 minute"},"schema":{"@context":"https:\/\/schema.org","@graph":[{"@type":"WebPage","@id":"https:\/\/eirikurjonsson.is\/index.php\/2024\/07\/16\/sumarsviti-og-faldar-augngotur-i-laugardal\/","url":"https:\/\/eirikurjonsson.is\/index.php\/2024\/07\/16\/sumarsviti-og-faldar-augngotur-i-laugardal\/","name":"SUMARSVITI OG FALDAR AUGNGOTUR \u00cd LAUGARDAL &#8211; Eir\u00edkur J\u00f3nsson","isPartOf":{"@id":"https:\/\/eirikurjonsson.is\/#website"},"datePublished":"2024-07-16T12:03:47+00:00","dateModified":"2024-07-16T12:03:47+00:00","author":{"@id":"https:\/\/eirikurjonsson.is\/#\/schema\/person\/308afa1d0e201918034e31b1da4f07a5"},"breadcrumb":{"@id":"https:\/\/eirikurjonsson.is\/index.php\/2024\/07\/16\/sumarsviti-og-faldar-augngotur-i-laugardal\/#breadcrumb"},"inLanguage":"is","potentialAction":[{"@type":"ReadAction","target":["https:\/\/eirikurjonsson.is\/index.php\/2024\/07\/16\/sumarsviti-og-faldar-augngotur-i-laugardal\/"]}]},{"@type":"BreadcrumbList","@id":"https:\/\/eirikurjonsson.is\/index.php\/2024\/07\/16\/sumarsviti-og-faldar-augngotur-i-laugardal\/#breadcrumb","itemListElement":[{"@type":"ListItem","position":1,"name":"Home","item":"https:\/\/eirikurjonsson.is\/"},{"@type":"ListItem","position":2,"name":"SUMARSVITI OG FALDAR AUGNGOTUR \u00cd LAUGARDAL"}]},{"@type":"WebSite","@id":"https:\/\/eirikurjonsson.is\/#website","url":"https:\/\/eirikurjonsson.is\/","name":"Eir\u00edkur J\u00f3nsson","description":"Eir\u00edkur J\u00f3nsson | EIR eirikurjonsson.is","potentialAction":[{"@type":"SearchAction","target":{"@type":"EntryPoint","urlTemplate":"https:\/\/eirikurjonsson.is\/?s={search_term_string}"},"query-input":"required name=search_term_string"}],"inLanguage":"is"},{"@type":"Person","@id":"https:\/\/eirikurjonsson.is\/#\/schema\/person\/308afa1d0e201918034e31b1da4f07a5","name":"eir","image":{"@type":"ImageObject","inLanguage":"is","@id":"https:\/\/eirikurjonsson.is\/#\/schema\/person\/image\/","url":"https:\/\/secure.gravatar.com\/avatar\/b6748316a4400053a1fa9f4694b38d294dc5da6f4bacc727742bd8f3e689f87c?s=96&d=mm&r=g","contentUrl":"https:\/\/secure.gravatar.com\/avatar\/b6748316a4400053a1fa9f4694b38d294dc5da6f4bacc727742bd8f3e689f87c?s=96&d=mm&r=g","caption":"eir"},"url":"https:\/\/eirikurjonsson.is\/index.php\/author\/eir\/"}]}},"_links":{"self":[{"href":"https:\/\/eirikurjonsson.is\/index.php\/wp-json\/wp\/v2\/posts\/2818","targetHints":{"allow":["GET"]}}],"collection":[{"href":"https:\/\/eirikurjonsson.is\/index.php\/wp-json\/wp\/v2\/posts"}],"about":[{"href":"https:\/\/eirikurjonsson.is\/index.php\/wp-json\/wp\/v2\/types\/post"}],"author":[{"embeddable":true,"href":"https:\/\/eirikurjonsson.is\/index.php\/wp-json\/wp\/v2\/users\/2"}],"replies":[{"embeddable":true,"href":"https:\/\/eirikurjonsson.is\/index.php\/wp-json\/wp\/v2\/comments?post=2818"}],"version-history":[{"count":1,"href":"https:\/\/eirikurjonsson.is\/index.php\/wp-json\/wp\/v2\/posts\/2818\/revisions"}],"predecessor-version":[{"id":2820,"href":"https:\/\/eirikurjonsson.is\/index.php\/wp-json\/wp\/v2\/posts\/2818\/revisions\/2820"}],"wp:featuredmedia":[{"embeddable":true,"href":"https:\/\/eirikurjonsson.is\/index.php\/wp-json\/wp\/v2\/media\/2819"}],"wp:attachment":[{"href":"https:\/\/eirikurjonsson.is\/index.php\/wp-json\/wp\/v2\/media?parent=2818"}],"wp:term":[{"taxonomy":"category","embeddable":true,"href":"https:\/\/eirikurjonsson.is\/index.php\/wp-json\/wp\/v2\/categories?post=2818"},{"taxonomy":"post_tag","embeddable":true,"href":"https:\/\/eirikurjonsson.is\/index.php\/wp-json\/wp\/v2\/tags?post=2818"}],"curies":[{"name":"wp","href":"https:\/\/api.w.org\/{rel}","templated":true}]}}