{"id":2803,"date":"2024-07-16T10:11:09","date_gmt":"2024-07-16T10:11:09","guid":{"rendered":"https:\/\/eirikurjonsson.is\/?p=2803"},"modified":"2024-07-16T12:04:20","modified_gmt":"2024-07-16T12:04:20","slug":"dyrafraedingur-svarar-storum-spurningum-i-haskolanum","status":"publish","type":"post","link":"https:\/\/eirikurjonsson.is\/index.php\/2024\/07\/16\/dyrafraedingur-svarar-storum-spurningum-i-haskolanum\/","title":{"rendered":"D\u00ddRAFR\u00c6\u00d0INGUR SVARAR ST\u00d3RUM SPURNINGUM \u00cd H\u00c1SK\u00d3LANUM"},"content":{"rendered":"<p style=\"text-align: center;\"><em>Hvar er sennilegast, a\u00f0 k\u00f3r\u00f3naveiran hafi sprotti\u00f0 upp?<\/em><br class=\"html-br\" \/><em>Hvers vegna vilja k\u00ednversk yfirv\u00f6ld ekki a\u00f0sto\u00f0a vi\u00f0 ranns\u00f3kn m\u00e1lsins?<\/em><br class=\"html-br\" \/><em>Stafar Vesturveldunum h\u00e6tta af K\u00edna?<\/em><br class=\"html-br\" \/><em>\u00c6tti \u00edslenska kv\u00f3takerfi\u00f0 a\u00f0 vera ford\u00e6mi fyrir allan heiminn?<\/em><br class=\"html-br\" \/><em>Var r\u00e9tt af Bretum a\u00f0 ganga \u00far ESB?<\/em><\/p>\n<p style=\"text-align: center;\">&#8211;<\/p>\n<p>\u00deetta eru spurningar sem d\u00fdrafr\u00e6\u00f0ingurinn, \u00cdslandsvinurinn og mets\u00f6luh\u00f6fundurinn heimskunni dr. Matt Ridley, fyrrverandi v\u00edsindaritstj\u00f3ri Economist og n\u00fa d\u00e1lkah\u00f6fundur \u00ed The Times, reynir s\u00f0 svara \u00e1 rabbfundi sem fram fer \u00e1 H\u00e1sk\u00f3latorgi H\u00e1sk\u00f3la \u00cdslands \u00e1 mi\u00f0vikudaginn 17. j\u00fal\u00ed klukkan 16:30.<\/p>\n<p>Matt Ridley er h\u00f6fundur b\u00f3karinnr Heimur batnandi fer sem kom \u00fat \u00e1 \u00edslensku 2014. Allir velkomnir &#8211; a\u00f0gangur \u00f3keypis.<\/p>\n","protected":false},"excerpt":{"rendered":"<p>Hvar er sennilegast, a\u00f0 k\u00f3r\u00f3naveiran hafi sprotti\u00f0 upp?Hvers vegna vilja k\u00ednversk yfirv\u00f6ld ekki a\u00f0sto\u00f0a vi\u00f0 ranns\u00f3kn m\u00e1lsins?Stafar Vesturveldunum h\u00e6tta af K\u00edna?\u00c6tti \u00edslenska kv\u00f3takerfi\u00f0 a\u00f0 vera ford\u00e6mi fyrir allan heiminn?Var r\u00e9tt af Bretum a\u00f0 ganga \u00far ESB? &#8211; \u00deetta eru spurningar sem d\u00fdrafr\u00e6\u00f0ingurinn, \u00cdslandsvinurinn og mets\u00f6luh\u00f6fundurinn heimskunni dr. Matt Ridley, fyrrverandi v\u00edsindaritstj\u00f3ri Economist og n\u00fa d\u00e1lkah\u00f6fundur [&hellip;]<\/p>\n","protected":false},"author":2,"featured_media":2805,"comment_status":"open","ping_status":"open","sticky":false,"template":"","format":"standard","meta":{"_monsterinsights_skip_tracking":false,"_monsterinsights_sitenote_active":false,"_monsterinsights_sitenote_note":"","_monsterinsights_sitenote_category":0,"footnotes":""},"categories":[30],"tags":[],"class_list":{"0":"post-2803","1":"post","2":"type-post","3":"status-publish","4":"format-standard","5":"has-post-thumbnail","7":"category-sagt-er"},"yoast_head":"<!-- This site is optimized with the Yoast SEO plugin v22.0 - https:\/\/yoast.com\/wordpress\/plugins\/seo\/ -->\n<title>D\u00ddRAFR\u00c6\u00d0INGUR SVARAR ST\u00d3RUM SPURNINGUM \u00cd H\u00c1SK\u00d3LANUM &#8211; Eir\u00edkur J\u00f3nsson<\/title>\n<meta name=\"robots\" content=\"index, follow, max-snippet:-1, max-image-preview:large, max-video-preview:-1\" \/>\n<link rel=\"canonical\" href=\"https:\/\/eirikurjonsson.is\/index.php\/2024\/07\/16\/dyrafraedingur-svarar-storum-spurningum-i-haskolanum\/\" \/>\n<meta property=\"og:locale\" content=\"is_IS\" \/>\n<meta property=\"og:type\" content=\"article\" \/>\n<meta property=\"og:title\" content=\"D\u00ddRAFR\u00c6\u00d0INGUR SVARAR ST\u00d3RUM SPURNINGUM \u00cd H\u00c1SK\u00d3LANUM &#8211; Eir\u00edkur J\u00f3nsson\" \/>\n<meta property=\"og:description\" content=\"Hvar er sennilegast, a\u00f0 k\u00f3r\u00f3naveiran hafi sprotti\u00f0 upp?Hvers vegna vilja k\u00ednversk yfirv\u00f6ld ekki a\u00f0sto\u00f0a vi\u00f0 ranns\u00f3kn m\u00e1lsins?Stafar Vesturveldunum h\u00e6tta af K\u00edna?\u00c6tti \u00edslenska kv\u00f3takerfi\u00f0 a\u00f0 vera ford\u00e6mi fyrir allan heiminn?Var r\u00e9tt af Bretum a\u00f0 ganga \u00far ESB? &#8211; \u00deetta eru spurningar sem d\u00fdrafr\u00e6\u00f0ingurinn, \u00cdslandsvinurinn og mets\u00f6luh\u00f6fundurinn heimskunni dr. Matt Ridley, fyrrverandi v\u00edsindaritstj\u00f3ri Economist og n\u00fa d\u00e1lkah\u00f6fundur [&hellip;]\" \/>\n<meta property=\"og:url\" content=\"https:\/\/eirikurjonsson.is\/index.php\/2024\/07\/16\/dyrafraedingur-svarar-storum-spurningum-i-haskolanum\/\" \/>\n<meta property=\"og:site_name\" content=\"Eir\u00edkur J\u00f3nsson\" \/>\n<meta property=\"article:published_time\" content=\"2024-07-16T10:11:09+00:00\" \/>\n<meta property=\"article:modified_time\" content=\"2024-07-16T12:04:20+00:00\" \/>\n<meta property=\"og:image\" content=\"https:\/\/eirikurjonsson.is\/wp-content\/uploads\/2024\/07\/DYRAFRAEDI.jpg\" \/>\n\t<meta property=\"og:image:width\" content=\"1330\" \/>\n\t<meta property=\"og:image:height\" content=\"1152\" \/>\n\t<meta property=\"og:image:type\" content=\"image\/jpeg\" \/>\n<meta name=\"author\" content=\"eir\" \/>\n<meta name=\"twitter:card\" content=\"summary_large_image\" \/>\n<meta name=\"twitter:label1\" content=\"Written by\" \/>\n\t<meta name=\"twitter:data1\" content=\"eir\" \/>\n\t<meta name=\"twitter:label2\" content=\"Est. reading time\" \/>\n\t<meta name=\"twitter:data2\" content=\"1 minute\" \/>\n<script type=\"application\/ld+json\" class=\"yoast-schema-graph\">{\"@context\":\"https:\/\/schema.org\",\"@graph\":[{\"@type\":\"WebPage\",\"@id\":\"https:\/\/eirikurjonsson.is\/index.php\/2024\/07\/16\/dyrafraedingur-svarar-storum-spurningum-i-haskolanum\/\",\"url\":\"https:\/\/eirikurjonsson.is\/index.php\/2024\/07\/16\/dyrafraedingur-svarar-storum-spurningum-i-haskolanum\/\",\"name\":\"D\u00ddRAFR\u00c6\u00d0INGUR SVARAR ST\u00d3RUM SPURNINGUM \u00cd H\u00c1SK\u00d3LANUM &#8211; Eir\u00edkur J\u00f3nsson\",\"isPartOf\":{\"@id\":\"https:\/\/eirikurjonsson.is\/#website\"},\"datePublished\":\"2024-07-16T10:11:09+00:00\",\"dateModified\":\"2024-07-16T12:04:20+00:00\",\"author\":{\"@id\":\"https:\/\/eirikurjonsson.is\/#\/schema\/person\/308afa1d0e201918034e31b1da4f07a5\"},\"breadcrumb\":{\"@id\":\"https:\/\/eirikurjonsson.is\/index.php\/2024\/07\/16\/dyrafraedingur-svarar-storum-spurningum-i-haskolanum\/#breadcrumb\"},\"inLanguage\":\"is\",\"potentialAction\":[{\"@type\":\"ReadAction\",\"target\":[\"https:\/\/eirikurjonsson.is\/index.php\/2024\/07\/16\/dyrafraedingur-svarar-storum-spurningum-i-haskolanum\/\"]}]},{\"@type\":\"BreadcrumbList\",\"@id\":\"https:\/\/eirikurjonsson.is\/index.php\/2024\/07\/16\/dyrafraedingur-svarar-storum-spurningum-i-haskolanum\/#breadcrumb\",\"itemListElement\":[{\"@type\":\"ListItem\",\"position\":1,\"name\":\"Home\",\"item\":\"https:\/\/eirikurjonsson.is\/\"},{\"@type\":\"ListItem\",\"position\":2,\"name\":\"D\u00ddRAFR\u00c6\u00d0INGUR SVARAR ST\u00d3RUM SPURNINGUM \u00cd H\u00c1SK\u00d3LANUM\"}]},{\"@type\":\"WebSite\",\"@id\":\"https:\/\/eirikurjonsson.is\/#website\",\"url\":\"https:\/\/eirikurjonsson.is\/\",\"name\":\"Eir\u00edkur J\u00f3nsson\",\"description\":\"Eir\u00edkur J\u00f3nsson | EIR eirikurjonsson.is\",\"potentialAction\":[{\"@type\":\"SearchAction\",\"target\":{\"@type\":\"EntryPoint\",\"urlTemplate\":\"https:\/\/eirikurjonsson.is\/?s={search_term_string}\"},\"query-input\":\"required name=search_term_string\"}],\"inLanguage\":\"is\"},{\"@type\":\"Person\",\"@id\":\"https:\/\/eirikurjonsson.is\/#\/schema\/person\/308afa1d0e201918034e31b1da4f07a5\",\"name\":\"eir\",\"image\":{\"@type\":\"ImageObject\",\"inLanguage\":\"is\",\"@id\":\"https:\/\/eirikurjonsson.is\/#\/schema\/person\/image\/\",\"url\":\"https:\/\/secure.gravatar.com\/avatar\/b6748316a4400053a1fa9f4694b38d294dc5da6f4bacc727742bd8f3e689f87c?s=96&d=mm&r=g\",\"contentUrl\":\"https:\/\/secure.gravatar.com\/avatar\/b6748316a4400053a1fa9f4694b38d294dc5da6f4bacc727742bd8f3e689f87c?s=96&d=mm&r=g\",\"caption\":\"eir\"},\"url\":\"https:\/\/eirikurjonsson.is\/index.php\/author\/eir\/\"}]}<\/script>\n<!-- \/ Yoast SEO plugin. -->","yoast_head_json":{"title":"D\u00ddRAFR\u00c6\u00d0INGUR SVARAR ST\u00d3RUM SPURNINGUM \u00cd H\u00c1SK\u00d3LANUM &#8211; Eir\u00edkur J\u00f3nsson","robots":{"index":"index","follow":"follow","max-snippet":"max-snippet:-1","max-image-preview":"max-image-preview:large","max-video-preview":"max-video-preview:-1"},"canonical":"https:\/\/eirikurjonsson.is\/index.php\/2024\/07\/16\/dyrafraedingur-svarar-storum-spurningum-i-haskolanum\/","og_locale":"is_IS","og_type":"article","og_title":"D\u00ddRAFR\u00c6\u00d0INGUR SVARAR ST\u00d3RUM SPURNINGUM \u00cd H\u00c1SK\u00d3LANUM &#8211; Eir\u00edkur J\u00f3nsson","og_description":"Hvar er sennilegast, a\u00f0 k\u00f3r\u00f3naveiran hafi sprotti\u00f0 upp?Hvers vegna vilja k\u00ednversk yfirv\u00f6ld ekki a\u00f0sto\u00f0a vi\u00f0 ranns\u00f3kn m\u00e1lsins?Stafar Vesturveldunum h\u00e6tta af K\u00edna?\u00c6tti \u00edslenska kv\u00f3takerfi\u00f0 a\u00f0 vera ford\u00e6mi fyrir allan heiminn?Var r\u00e9tt af Bretum a\u00f0 ganga \u00far ESB? &#8211; \u00deetta eru spurningar sem d\u00fdrafr\u00e6\u00f0ingurinn, \u00cdslandsvinurinn og mets\u00f6luh\u00f6fundurinn heimskunni dr. Matt Ridley, fyrrverandi v\u00edsindaritstj\u00f3ri Economist og n\u00fa d\u00e1lkah\u00f6fundur [&hellip;]","og_url":"https:\/\/eirikurjonsson.is\/index.php\/2024\/07\/16\/dyrafraedingur-svarar-storum-spurningum-i-haskolanum\/","og_site_name":"Eir\u00edkur J\u00f3nsson","article_published_time":"2024-07-16T10:11:09+00:00","article_modified_time":"2024-07-16T12:04:20+00:00","og_image":[{"width":1330,"height":1152,"url":"https:\/\/eirikurjonsson.is\/wp-content\/uploads\/2024\/07\/DYRAFRAEDI.jpg","type":"image\/jpeg"}],"author":"eir","twitter_card":"summary_large_image","twitter_misc":{"Written by":"eir","Est. reading time":"1 minute"},"schema":{"@context":"https:\/\/schema.org","@graph":[{"@type":"WebPage","@id":"https:\/\/eirikurjonsson.is\/index.php\/2024\/07\/16\/dyrafraedingur-svarar-storum-spurningum-i-haskolanum\/","url":"https:\/\/eirikurjonsson.is\/index.php\/2024\/07\/16\/dyrafraedingur-svarar-storum-spurningum-i-haskolanum\/","name":"D\u00ddRAFR\u00c6\u00d0INGUR SVARAR ST\u00d3RUM SPURNINGUM \u00cd H\u00c1SK\u00d3LANUM &#8211; Eir\u00edkur J\u00f3nsson","isPartOf":{"@id":"https:\/\/eirikurjonsson.is\/#website"},"datePublished":"2024-07-16T10:11:09+00:00","dateModified":"2024-07-16T12:04:20+00:00","author":{"@id":"https:\/\/eirikurjonsson.is\/#\/schema\/person\/308afa1d0e201918034e31b1da4f07a5"},"breadcrumb":{"@id":"https:\/\/eirikurjonsson.is\/index.php\/2024\/07\/16\/dyrafraedingur-svarar-storum-spurningum-i-haskolanum\/#breadcrumb"},"inLanguage":"is","potentialAction":[{"@type":"ReadAction","target":["https:\/\/eirikurjonsson.is\/index.php\/2024\/07\/16\/dyrafraedingur-svarar-storum-spurningum-i-haskolanum\/"]}]},{"@type":"BreadcrumbList","@id":"https:\/\/eirikurjonsson.is\/index.php\/2024\/07\/16\/dyrafraedingur-svarar-storum-spurningum-i-haskolanum\/#breadcrumb","itemListElement":[{"@type":"ListItem","position":1,"name":"Home","item":"https:\/\/eirikurjonsson.is\/"},{"@type":"ListItem","position":2,"name":"D\u00ddRAFR\u00c6\u00d0INGUR SVARAR ST\u00d3RUM SPURNINGUM \u00cd H\u00c1SK\u00d3LANUM"}]},{"@type":"WebSite","@id":"https:\/\/eirikurjonsson.is\/#website","url":"https:\/\/eirikurjonsson.is\/","name":"Eir\u00edkur J\u00f3nsson","description":"Eir\u00edkur J\u00f3nsson | EIR eirikurjonsson.is","potentialAction":[{"@type":"SearchAction","target":{"@type":"EntryPoint","urlTemplate":"https:\/\/eirikurjonsson.is\/?s={search_term_string}"},"query-input":"required name=search_term_string"}],"inLanguage":"is"},{"@type":"Person","@id":"https:\/\/eirikurjonsson.is\/#\/schema\/person\/308afa1d0e201918034e31b1da4f07a5","name":"eir","image":{"@type":"ImageObject","inLanguage":"is","@id":"https:\/\/eirikurjonsson.is\/#\/schema\/person\/image\/","url":"https:\/\/secure.gravatar.com\/avatar\/b6748316a4400053a1fa9f4694b38d294dc5da6f4bacc727742bd8f3e689f87c?s=96&d=mm&r=g","contentUrl":"https:\/\/secure.gravatar.com\/avatar\/b6748316a4400053a1fa9f4694b38d294dc5da6f4bacc727742bd8f3e689f87c?s=96&d=mm&r=g","caption":"eir"},"url":"https:\/\/eirikurjonsson.is\/index.php\/author\/eir\/"}]}},"_links":{"self":[{"href":"https:\/\/eirikurjonsson.is\/index.php\/wp-json\/wp\/v2\/posts\/2803","targetHints":{"allow":["GET"]}}],"collection":[{"href":"https:\/\/eirikurjonsson.is\/index.php\/wp-json\/wp\/v2\/posts"}],"about":[{"href":"https:\/\/eirikurjonsson.is\/index.php\/wp-json\/wp\/v2\/types\/post"}],"author":[{"embeddable":true,"href":"https:\/\/eirikurjonsson.is\/index.php\/wp-json\/wp\/v2\/users\/2"}],"replies":[{"embeddable":true,"href":"https:\/\/eirikurjonsson.is\/index.php\/wp-json\/wp\/v2\/comments?post=2803"}],"version-history":[{"count":2,"href":"https:\/\/eirikurjonsson.is\/index.php\/wp-json\/wp\/v2\/posts\/2803\/revisions"}],"predecessor-version":[{"id":2807,"href":"https:\/\/eirikurjonsson.is\/index.php\/wp-json\/wp\/v2\/posts\/2803\/revisions\/2807"}],"wp:featuredmedia":[{"embeddable":true,"href":"https:\/\/eirikurjonsson.is\/index.php\/wp-json\/wp\/v2\/media\/2805"}],"wp:attachment":[{"href":"https:\/\/eirikurjonsson.is\/index.php\/wp-json\/wp\/v2\/media?parent=2803"}],"wp:term":[{"taxonomy":"category","embeddable":true,"href":"https:\/\/eirikurjonsson.is\/index.php\/wp-json\/wp\/v2\/categories?post=2803"},{"taxonomy":"post_tag","embeddable":true,"href":"https:\/\/eirikurjonsson.is\/index.php\/wp-json\/wp\/v2\/tags?post=2803"}],"curies":[{"name":"wp","href":"https:\/\/api.w.org\/{rel}","templated":true}]}}