{"id":2784,"date":"2024-07-14T15:12:46","date_gmt":"2024-07-14T15:12:46","guid":{"rendered":"https:\/\/eirikurjonsson.is\/?p=2784"},"modified":"2024-07-14T15:20:10","modified_gmt":"2024-07-14T15:20:10","slug":"karl-agust-haettur-ad-fylgjast-med-frettum-hentar-honum-prydilega","status":"publish","type":"post","link":"https:\/\/eirikurjonsson.is\/index.php\/2024\/07\/14\/karl-agust-haettur-ad-fylgjast-med-frettum-hentar-honum-prydilega\/","title":{"rendered":"KARL \u00c1G\u00daST H\u00c6TTUR A\u00d0 FYLGJAST ME\u00d0 FR\u00c9TTUM &#8211; HENTAR HONUM PR\u00dd\u00d0ILEGA"},"content":{"rendered":"<div class=\"xdj266r x11i5rnm xat24cr x1mh8g0r x1vvkbs x126k92a\">\n<div dir=\"auto\">\n<figure id=\"attachment_2788\" aria-describedby=\"caption-attachment-2788\" style=\"width: 158px\" class=\"wp-caption alignleft\"><img loading=\"lazy\" decoding=\"async\" class=\"wp-image-2788 \" src=\"https:\/\/eirikurjonsson.is\/wp-content\/uploads\/2024\/07\/Karl-Agust-22-231x300.jpg\" alt=\"Karl \u00c1g\u00fast\" width=\"158\" height=\"205\" srcset=\"https:\/\/eirikurjonsson.is\/wp-content\/uploads\/2024\/07\/Karl-Agust-22-231x300.jpg 231w, https:\/\/eirikurjonsson.is\/wp-content\/uploads\/2024\/07\/Karl-Agust-22.jpg 310w\" sizes=\"auto, (max-width: 158px) 100vw, 158px\" \/><figcaption id=\"caption-attachment-2788\" class=\"wp-caption-text\">Karl \u00c1g\u00fast<\/figcaption><\/figure>\n<p>&#8222;N\u00fa eru umtalsver\u00f0ir \u00e1ratugir s\u00ed\u00f0an \u00e9g samdi og flutti <a href=\"https:\/\/www.youtube.com\/watch?v=AjyVgonZUH4&amp;t=29s\">\u00feetta atri\u00f0i \u00ed \u00c1ram\u00f3taskaupi<\/a>. \u00de\u00e1 fannst m\u00e9r \u00fea\u00f0 fj\u00f6lmi\u00f0laf\u00e1r og &#8211; della sem r\u00edkjandi var skrambi hl\u00e6gileg og eiginlega svol\u00edti\u00f0 \u00f3gnvekjandi,&#8220; segir spaugstofuma\u00f0urinn Karl \u00c1g\u00fast \u00dalfsson og l\u00e6tur hugann reika:<\/p>\n<p>&#8211;<\/p>\n<\/div>\n<div dir=\"auto\">&#8222;Ekki gat mig gruna\u00f0 a\u00f0 f\u00e1einum \u00e1rum seinna \u00e6tti \u00e9g ekki annarra kosta v\u00f6l en a\u00f0 fylgjast \u00f3hemjulega n\u00e1i\u00f0 me\u00f0 \u00f6llum fj\u00f6lmi\u00f0lum landsins svo engin einasta fr\u00e9tt e\u00f0a vi\u00f0bur\u00f0ur f\u00e6ri framhj\u00e1 m\u00e9r. Og \u00fei\u00f0 megi\u00f0 giska \u00e1 \u00e1st\u00e6\u00f0una fyrir \u00fev\u00ed.<\/div>\n<div dir=\"auto\">&#8211;<\/div>\n<\/div>\n<div class=\"x11i5rnm xat24cr x1mh8g0r x1vvkbs xtlvy1s x126k92a\">\n<div dir=\"auto\">\u00deetta hl\u00e6gilega og \u00f3gnvekjandi settist sums\u00e9 a\u00f0 \u00ed heilab\u00fainu og \u00fear me\u00f0 l\u00edka lj\u00f3\u00f0l\u00ednan \u201e\u00c9g er a\u00f0 missa viti\u00f0.\u201c \u00c9g missti kannski ekki viti\u00f0 &#8211; ekki alveg og ekki endanlega &#8211; en \u00e9g hef grun um a\u00f0 fj\u00f6lmi\u00f0layfirlegan hafi ska\u00f0a\u00f0 mig \u00e1 \u00fdmsan h\u00e1tt, l\u00edkamlegan og andlegan, sem \u00e9g \u00e6tla ekki a\u00f0 r\u00e6\u00f0a frekar h\u00e9r og n\u00fa.<\/div>\n<div dir=\"auto\">&#8211;<\/div>\n<\/div>\n<div class=\"x11i5rnm xat24cr x1mh8g0r x1vvkbs xtlvy1s x126k92a\">\n<div dir=\"auto\">En n\u00fa er \u00e9g sums\u00e9 n\u00e1nast h\u00e6ttur a\u00f0 fylgjast me\u00f0 fr\u00e9ttum. Af og til f\u00e6 \u00e9g m\u00edna n\u00e1nustu til a\u00f0 endursegja m\u00e9r helstu t\u00ed\u00f0indin af p\u00f3lit\u00edk, samf\u00e9lagi og umheimi. Vi\u00f0 veltum \u00feeim kannski fyrir okkur saman svolitla stund og lei\u00f0um svo tali\u00f0 a\u00f0 \u00f6\u00f0ru. Sk\u00f6mmu s\u00ed\u00f0ar er \u00e9g yfirleitt b\u00fainn a\u00f0 gleyma \u00fev\u00ed hva\u00f0 s\u00e9 a\u00f0 fr\u00e9tta. \u00dea\u00f0 hentar m\u00e9r alveg pr\u00fd\u00f0ilega.&#8220;<\/div>\n<\/div>\n<div dir=\"auto\"><\/div>\n","protected":false},"excerpt":{"rendered":"<p>&#8222;N\u00fa eru umtalsver\u00f0ir \u00e1ratugir s\u00ed\u00f0an \u00e9g samdi og flutti \u00feetta atri\u00f0i \u00ed \u00c1ram\u00f3taskaupi. \u00de\u00e1 fannst m\u00e9r \u00fea\u00f0 fj\u00f6lmi\u00f0laf\u00e1r og &#8211; della sem r\u00edkjandi var skrambi hl\u00e6gileg og eiginlega svol\u00edti\u00f0 \u00f3gnvekjandi,&#8220; segir spaugstofuma\u00f0urinn Karl \u00c1g\u00fast \u00dalfsson og l\u00e6tur hugann reika: &#8211; &#8222;Ekki gat mig gruna\u00f0 a\u00f0 f\u00e1einum \u00e1rum seinna \u00e6tti \u00e9g ekki annarra kosta v\u00f6l en [&hellip;]<\/p>\n","protected":false},"author":2,"featured_media":2785,"comment_status":"open","ping_status":"open","sticky":false,"template":"","format":"standard","meta":{"_monsterinsights_skip_tracking":false,"_monsterinsights_sitenote_active":false,"_monsterinsights_sitenote_note":"","_monsterinsights_sitenote_category":0,"footnotes":""},"categories":[31],"tags":[],"class_list":{"0":"post-2784","1":"post","2":"type-post","3":"status-publish","4":"format-standard","5":"has-post-thumbnail","7":"category-greinar"},"yoast_head":"<!-- This site is optimized with the Yoast SEO plugin v22.0 - https:\/\/yoast.com\/wordpress\/plugins\/seo\/ -->\n<title>KARL \u00c1G\u00daST H\u00c6TTUR A\u00d0 FYLGJAST ME\u00d0 FR\u00c9TTUM - HENTAR HONUM PR\u00dd\u00d0ILEGA &#8211; Eir\u00edkur J\u00f3nsson<\/title>\n<meta name=\"robots\" content=\"index, follow, max-snippet:-1, max-image-preview:large, max-video-preview:-1\" \/>\n<link rel=\"canonical\" href=\"https:\/\/eirikurjonsson.is\/index.php\/2024\/07\/14\/karl-agust-haettur-ad-fylgjast-med-frettum-hentar-honum-prydilega\/\" \/>\n<meta property=\"og:locale\" content=\"is_IS\" \/>\n<meta property=\"og:type\" content=\"article\" \/>\n<meta property=\"og:title\" content=\"KARL \u00c1G\u00daST H\u00c6TTUR A\u00d0 FYLGJAST ME\u00d0 FR\u00c9TTUM - HENTAR HONUM PR\u00dd\u00d0ILEGA &#8211; Eir\u00edkur J\u00f3nsson\" \/>\n<meta property=\"og:description\" content=\"&#8222;N\u00fa eru umtalsver\u00f0ir \u00e1ratugir s\u00ed\u00f0an \u00e9g samdi og flutti \u00feetta atri\u00f0i \u00ed \u00c1ram\u00f3taskaupi. \u00de\u00e1 fannst m\u00e9r \u00fea\u00f0 fj\u00f6lmi\u00f0laf\u00e1r og &#8211; della sem r\u00edkjandi var skrambi hl\u00e6gileg og eiginlega svol\u00edti\u00f0 \u00f3gnvekjandi,&#8220; segir spaugstofuma\u00f0urinn Karl \u00c1g\u00fast \u00dalfsson og l\u00e6tur hugann reika: &#8211; &#8222;Ekki gat mig gruna\u00f0 a\u00f0 f\u00e1einum \u00e1rum seinna \u00e6tti \u00e9g ekki annarra kosta v\u00f6l en [&hellip;]\" \/>\n<meta property=\"og:url\" content=\"https:\/\/eirikurjonsson.is\/index.php\/2024\/07\/14\/karl-agust-haettur-ad-fylgjast-med-frettum-hentar-honum-prydilega\/\" \/>\n<meta property=\"og:site_name\" content=\"Eir\u00edkur J\u00f3nsson\" \/>\n<meta property=\"article:published_time\" content=\"2024-07-14T15:12:46+00:00\" \/>\n<meta property=\"article:modified_time\" content=\"2024-07-14T15:20:10+00:00\" \/>\n<meta property=\"og:image\" content=\"https:\/\/eirikurjonsson.is\/wp-content\/uploads\/2024\/07\/KARL-AGUST.png\" \/>\n\t<meta property=\"og:image:width\" content=\"507\" \/>\n\t<meta property=\"og:image:height\" content=\"325\" \/>\n\t<meta property=\"og:image:type\" content=\"image\/png\" \/>\n<meta name=\"author\" content=\"eir\" \/>\n<meta name=\"twitter:card\" content=\"summary_large_image\" \/>\n<meta name=\"twitter:label1\" content=\"Written by\" \/>\n\t<meta name=\"twitter:data1\" content=\"eir\" \/>\n\t<meta name=\"twitter:label2\" content=\"Est. reading time\" \/>\n\t<meta name=\"twitter:data2\" content=\"2 minutes\" \/>\n<script type=\"application\/ld+json\" class=\"yoast-schema-graph\">{\"@context\":\"https:\/\/schema.org\",\"@graph\":[{\"@type\":\"WebPage\",\"@id\":\"https:\/\/eirikurjonsson.is\/index.php\/2024\/07\/14\/karl-agust-haettur-ad-fylgjast-med-frettum-hentar-honum-prydilega\/\",\"url\":\"https:\/\/eirikurjonsson.is\/index.php\/2024\/07\/14\/karl-agust-haettur-ad-fylgjast-med-frettum-hentar-honum-prydilega\/\",\"name\":\"KARL \u00c1G\u00daST H\u00c6TTUR A\u00d0 FYLGJAST ME\u00d0 FR\u00c9TTUM - HENTAR HONUM PR\u00dd\u00d0ILEGA &#8211; Eir\u00edkur J\u00f3nsson\",\"isPartOf\":{\"@id\":\"https:\/\/eirikurjonsson.is\/#website\"},\"datePublished\":\"2024-07-14T15:12:46+00:00\",\"dateModified\":\"2024-07-14T15:20:10+00:00\",\"author\":{\"@id\":\"https:\/\/eirikurjonsson.is\/#\/schema\/person\/308afa1d0e201918034e31b1da4f07a5\"},\"breadcrumb\":{\"@id\":\"https:\/\/eirikurjonsson.is\/index.php\/2024\/07\/14\/karl-agust-haettur-ad-fylgjast-med-frettum-hentar-honum-prydilega\/#breadcrumb\"},\"inLanguage\":\"is\",\"potentialAction\":[{\"@type\":\"ReadAction\",\"target\":[\"https:\/\/eirikurjonsson.is\/index.php\/2024\/07\/14\/karl-agust-haettur-ad-fylgjast-med-frettum-hentar-honum-prydilega\/\"]}]},{\"@type\":\"BreadcrumbList\",\"@id\":\"https:\/\/eirikurjonsson.is\/index.php\/2024\/07\/14\/karl-agust-haettur-ad-fylgjast-med-frettum-hentar-honum-prydilega\/#breadcrumb\",\"itemListElement\":[{\"@type\":\"ListItem\",\"position\":1,\"name\":\"Home\",\"item\":\"https:\/\/eirikurjonsson.is\/\"},{\"@type\":\"ListItem\",\"position\":2,\"name\":\"KARL \u00c1G\u00daST H\u00c6TTUR A\u00d0 FYLGJAST ME\u00d0 FR\u00c9TTUM &#8211; HENTAR HONUM PR\u00dd\u00d0ILEGA\"}]},{\"@type\":\"WebSite\",\"@id\":\"https:\/\/eirikurjonsson.is\/#website\",\"url\":\"https:\/\/eirikurjonsson.is\/\",\"name\":\"Eir\u00edkur J\u00f3nsson\",\"description\":\"Eir\u00edkur J\u00f3nsson | EIR eirikurjonsson.is\",\"potentialAction\":[{\"@type\":\"SearchAction\",\"target\":{\"@type\":\"EntryPoint\",\"urlTemplate\":\"https:\/\/eirikurjonsson.is\/?s={search_term_string}\"},\"query-input\":\"required name=search_term_string\"}],\"inLanguage\":\"is\"},{\"@type\":\"Person\",\"@id\":\"https:\/\/eirikurjonsson.is\/#\/schema\/person\/308afa1d0e201918034e31b1da4f07a5\",\"name\":\"eir\",\"image\":{\"@type\":\"ImageObject\",\"inLanguage\":\"is\",\"@id\":\"https:\/\/eirikurjonsson.is\/#\/schema\/person\/image\/\",\"url\":\"https:\/\/secure.gravatar.com\/avatar\/b6748316a4400053a1fa9f4694b38d294dc5da6f4bacc727742bd8f3e689f87c?s=96&d=mm&r=g\",\"contentUrl\":\"https:\/\/secure.gravatar.com\/avatar\/b6748316a4400053a1fa9f4694b38d294dc5da6f4bacc727742bd8f3e689f87c?s=96&d=mm&r=g\",\"caption\":\"eir\"},\"url\":\"https:\/\/eirikurjonsson.is\/index.php\/author\/eir\/\"}]}<\/script>\n<!-- \/ Yoast SEO plugin. -->","yoast_head_json":{"title":"KARL \u00c1G\u00daST H\u00c6TTUR A\u00d0 FYLGJAST ME\u00d0 FR\u00c9TTUM - HENTAR HONUM PR\u00dd\u00d0ILEGA &#8211; Eir\u00edkur J\u00f3nsson","robots":{"index":"index","follow":"follow","max-snippet":"max-snippet:-1","max-image-preview":"max-image-preview:large","max-video-preview":"max-video-preview:-1"},"canonical":"https:\/\/eirikurjonsson.is\/index.php\/2024\/07\/14\/karl-agust-haettur-ad-fylgjast-med-frettum-hentar-honum-prydilega\/","og_locale":"is_IS","og_type":"article","og_title":"KARL \u00c1G\u00daST H\u00c6TTUR A\u00d0 FYLGJAST ME\u00d0 FR\u00c9TTUM - HENTAR HONUM PR\u00dd\u00d0ILEGA &#8211; Eir\u00edkur J\u00f3nsson","og_description":"&#8222;N\u00fa eru umtalsver\u00f0ir \u00e1ratugir s\u00ed\u00f0an \u00e9g samdi og flutti \u00feetta atri\u00f0i \u00ed \u00c1ram\u00f3taskaupi. \u00de\u00e1 fannst m\u00e9r \u00fea\u00f0 fj\u00f6lmi\u00f0laf\u00e1r og &#8211; della sem r\u00edkjandi var skrambi hl\u00e6gileg og eiginlega svol\u00edti\u00f0 \u00f3gnvekjandi,&#8220; segir spaugstofuma\u00f0urinn Karl \u00c1g\u00fast \u00dalfsson og l\u00e6tur hugann reika: &#8211; &#8222;Ekki gat mig gruna\u00f0 a\u00f0 f\u00e1einum \u00e1rum seinna \u00e6tti \u00e9g ekki annarra kosta v\u00f6l en [&hellip;]","og_url":"https:\/\/eirikurjonsson.is\/index.php\/2024\/07\/14\/karl-agust-haettur-ad-fylgjast-med-frettum-hentar-honum-prydilega\/","og_site_name":"Eir\u00edkur J\u00f3nsson","article_published_time":"2024-07-14T15:12:46+00:00","article_modified_time":"2024-07-14T15:20:10+00:00","og_image":[{"width":507,"height":325,"url":"https:\/\/eirikurjonsson.is\/wp-content\/uploads\/2024\/07\/KARL-AGUST.png","type":"image\/png"}],"author":"eir","twitter_card":"summary_large_image","twitter_misc":{"Written by":"eir","Est. reading time":"2 minutes"},"schema":{"@context":"https:\/\/schema.org","@graph":[{"@type":"WebPage","@id":"https:\/\/eirikurjonsson.is\/index.php\/2024\/07\/14\/karl-agust-haettur-ad-fylgjast-med-frettum-hentar-honum-prydilega\/","url":"https:\/\/eirikurjonsson.is\/index.php\/2024\/07\/14\/karl-agust-haettur-ad-fylgjast-med-frettum-hentar-honum-prydilega\/","name":"KARL \u00c1G\u00daST H\u00c6TTUR A\u00d0 FYLGJAST ME\u00d0 FR\u00c9TTUM - HENTAR HONUM PR\u00dd\u00d0ILEGA &#8211; Eir\u00edkur J\u00f3nsson","isPartOf":{"@id":"https:\/\/eirikurjonsson.is\/#website"},"datePublished":"2024-07-14T15:12:46+00:00","dateModified":"2024-07-14T15:20:10+00:00","author":{"@id":"https:\/\/eirikurjonsson.is\/#\/schema\/person\/308afa1d0e201918034e31b1da4f07a5"},"breadcrumb":{"@id":"https:\/\/eirikurjonsson.is\/index.php\/2024\/07\/14\/karl-agust-haettur-ad-fylgjast-med-frettum-hentar-honum-prydilega\/#breadcrumb"},"inLanguage":"is","potentialAction":[{"@type":"ReadAction","target":["https:\/\/eirikurjonsson.is\/index.php\/2024\/07\/14\/karl-agust-haettur-ad-fylgjast-med-frettum-hentar-honum-prydilega\/"]}]},{"@type":"BreadcrumbList","@id":"https:\/\/eirikurjonsson.is\/index.php\/2024\/07\/14\/karl-agust-haettur-ad-fylgjast-med-frettum-hentar-honum-prydilega\/#breadcrumb","itemListElement":[{"@type":"ListItem","position":1,"name":"Home","item":"https:\/\/eirikurjonsson.is\/"},{"@type":"ListItem","position":2,"name":"KARL \u00c1G\u00daST H\u00c6TTUR A\u00d0 FYLGJAST ME\u00d0 FR\u00c9TTUM &#8211; HENTAR HONUM PR\u00dd\u00d0ILEGA"}]},{"@type":"WebSite","@id":"https:\/\/eirikurjonsson.is\/#website","url":"https:\/\/eirikurjonsson.is\/","name":"Eir\u00edkur J\u00f3nsson","description":"Eir\u00edkur J\u00f3nsson | EIR eirikurjonsson.is","potentialAction":[{"@type":"SearchAction","target":{"@type":"EntryPoint","urlTemplate":"https:\/\/eirikurjonsson.is\/?s={search_term_string}"},"query-input":"required name=search_term_string"}],"inLanguage":"is"},{"@type":"Person","@id":"https:\/\/eirikurjonsson.is\/#\/schema\/person\/308afa1d0e201918034e31b1da4f07a5","name":"eir","image":{"@type":"ImageObject","inLanguage":"is","@id":"https:\/\/eirikurjonsson.is\/#\/schema\/person\/image\/","url":"https:\/\/secure.gravatar.com\/avatar\/b6748316a4400053a1fa9f4694b38d294dc5da6f4bacc727742bd8f3e689f87c?s=96&d=mm&r=g","contentUrl":"https:\/\/secure.gravatar.com\/avatar\/b6748316a4400053a1fa9f4694b38d294dc5da6f4bacc727742bd8f3e689f87c?s=96&d=mm&r=g","caption":"eir"},"url":"https:\/\/eirikurjonsson.is\/index.php\/author\/eir\/"}]}},"_links":{"self":[{"href":"https:\/\/eirikurjonsson.is\/index.php\/wp-json\/wp\/v2\/posts\/2784","targetHints":{"allow":["GET"]}}],"collection":[{"href":"https:\/\/eirikurjonsson.is\/index.php\/wp-json\/wp\/v2\/posts"}],"about":[{"href":"https:\/\/eirikurjonsson.is\/index.php\/wp-json\/wp\/v2\/types\/post"}],"author":[{"embeddable":true,"href":"https:\/\/eirikurjonsson.is\/index.php\/wp-json\/wp\/v2\/users\/2"}],"replies":[{"embeddable":true,"href":"https:\/\/eirikurjonsson.is\/index.php\/wp-json\/wp\/v2\/comments?post=2784"}],"version-history":[{"count":5,"href":"https:\/\/eirikurjonsson.is\/index.php\/wp-json\/wp\/v2\/posts\/2784\/revisions"}],"predecessor-version":[{"id":2791,"href":"https:\/\/eirikurjonsson.is\/index.php\/wp-json\/wp\/v2\/posts\/2784\/revisions\/2791"}],"wp:featuredmedia":[{"embeddable":true,"href":"https:\/\/eirikurjonsson.is\/index.php\/wp-json\/wp\/v2\/media\/2785"}],"wp:attachment":[{"href":"https:\/\/eirikurjonsson.is\/index.php\/wp-json\/wp\/v2\/media?parent=2784"}],"wp:term":[{"taxonomy":"category","embeddable":true,"href":"https:\/\/eirikurjonsson.is\/index.php\/wp-json\/wp\/v2\/categories?post=2784"},{"taxonomy":"post_tag","embeddable":true,"href":"https:\/\/eirikurjonsson.is\/index.php\/wp-json\/wp\/v2\/tags?post=2784"}],"curies":[{"name":"wp","href":"https:\/\/api.w.org\/{rel}","templated":true}]}}