{"id":2763,"date":"2024-07-12T14:23:54","date_gmt":"2024-07-12T14:23:54","guid":{"rendered":"https:\/\/eirikurjonsson.is\/?p=2763"},"modified":"2024-07-12T14:23:54","modified_gmt":"2024-07-12T14:23:54","slug":"minningarathofn-og-erfidrykkja-svenna-a-monako","status":"publish","type":"post","link":"https:\/\/eirikurjonsson.is\/index.php\/2024\/07\/12\/minningarathofn-og-erfidrykkja-svenna-a-monako\/","title":{"rendered":"MINNINGARATH\u00d6FN OG ERFIDRYKKJA SVENNA \u00c1 M\u00d3NAK\u00d3"},"content":{"rendered":"<p>Sveinn Reynir Sigurj\u00f3nsson, \u00feekktur karakter \u00ed mannl\u00edfsfl\u00f3ru mi\u00f0borgar Reykjav\u00edkur, l\u00e9st flestum a\u00f0 \u00f3v\u00f6rum fyrir nokkrum d\u00f6gum. Minningarath\u00f6fn og erfidrykkja ver\u00f0ur \u00e1 barnum M\u00f3nak\u00f3 \u00e1 Laugavegi \u00e1 morgun, e\u00f0a eins og segir \u00ed tilkynningu fr\u00e1 vinum hans:<\/p>\n<p><em>&#8222;Okkar \u00e1stk\u00e6ri Svenni ver\u00f0ur jar\u00f0a\u00f0ur \u00ed kyrr\u00feey. H\u00f6fum vi\u00f0 \u00fev\u00ed \u00e1kve\u00f0i\u00f0 a\u00f0 halda erfidrykkju \u00e1 upp\u00e1halds barnum hans M\u00f3nak\u00f3. Hann ver\u00f0ur \u00e1vallt \u00ed hjarta okkar.<\/em><br class=\"html-br\" \/><em>13. j\u00fal\u00ed milli kl: 14-16.&#8220;<\/em><\/p>\n","protected":false},"excerpt":{"rendered":"<p>Sveinn Reynir Sigurj\u00f3nsson, \u00feekktur karakter \u00ed mannl\u00edfsfl\u00f3ru mi\u00f0borgar Reykjav\u00edkur, l\u00e9st flestum a\u00f0 \u00f3v\u00f6rum fyrir nokkrum d\u00f6gum. Minningarath\u00f6fn og erfidrykkja ver\u00f0ur \u00e1 barnum M\u00f3nak\u00f3 \u00e1 Laugavegi \u00e1 morgun, e\u00f0a eins og segir \u00ed tilkynningu fr\u00e1 vinum hans: &#8222;Okkar \u00e1stk\u00e6ri Svenni ver\u00f0ur jar\u00f0a\u00f0ur \u00ed kyrr\u00feey. H\u00f6fum vi\u00f0 \u00fev\u00ed \u00e1kve\u00f0i\u00f0 a\u00f0 halda erfidrykkju \u00e1 upp\u00e1halds barnum hans M\u00f3nak\u00f3. [&hellip;]<\/p>\n","protected":false},"author":2,"featured_media":2764,"comment_status":"open","ping_status":"open","sticky":false,"template":"","format":"standard","meta":{"_monsterinsights_skip_tracking":false,"_monsterinsights_sitenote_active":false,"_monsterinsights_sitenote_note":"","_monsterinsights_sitenote_category":0,"footnotes":""},"categories":[31],"tags":[],"class_list":{"0":"post-2763","1":"post","2":"type-post","3":"status-publish","4":"format-standard","5":"has-post-thumbnail","7":"category-greinar"},"yoast_head":"<!-- This site is optimized with the Yoast SEO plugin v22.0 - https:\/\/yoast.com\/wordpress\/plugins\/seo\/ -->\n<title>MINNINGARATH\u00d6FN OG ERFIDRYKKJA SVENNA \u00c1 M\u00d3NAK\u00d3 &#8211; Eir\u00edkur J\u00f3nsson<\/title>\n<meta name=\"robots\" content=\"index, follow, max-snippet:-1, max-image-preview:large, max-video-preview:-1\" \/>\n<link rel=\"canonical\" href=\"https:\/\/eirikurjonsson.is\/index.php\/2024\/07\/12\/minningarathofn-og-erfidrykkja-svenna-a-monako\/\" \/>\n<meta property=\"og:locale\" content=\"is_IS\" \/>\n<meta property=\"og:type\" content=\"article\" \/>\n<meta property=\"og:title\" content=\"MINNINGARATH\u00d6FN OG ERFIDRYKKJA SVENNA \u00c1 M\u00d3NAK\u00d3 &#8211; Eir\u00edkur J\u00f3nsson\" \/>\n<meta property=\"og:description\" content=\"Sveinn Reynir Sigurj\u00f3nsson, \u00feekktur karakter \u00ed mannl\u00edfsfl\u00f3ru mi\u00f0borgar Reykjav\u00edkur, l\u00e9st flestum a\u00f0 \u00f3v\u00f6rum fyrir nokkrum d\u00f6gum. Minningarath\u00f6fn og erfidrykkja ver\u00f0ur \u00e1 barnum M\u00f3nak\u00f3 \u00e1 Laugavegi \u00e1 morgun, e\u00f0a eins og segir \u00ed tilkynningu fr\u00e1 vinum hans: &#8222;Okkar \u00e1stk\u00e6ri Svenni ver\u00f0ur jar\u00f0a\u00f0ur \u00ed kyrr\u00feey. H\u00f6fum vi\u00f0 \u00fev\u00ed \u00e1kve\u00f0i\u00f0 a\u00f0 halda erfidrykkju \u00e1 upp\u00e1halds barnum hans M\u00f3nak\u00f3. [&hellip;]\" \/>\n<meta property=\"og:url\" content=\"https:\/\/eirikurjonsson.is\/index.php\/2024\/07\/12\/minningarathofn-og-erfidrykkja-svenna-a-monako\/\" \/>\n<meta property=\"og:site_name\" content=\"Eir\u00edkur J\u00f3nsson\" \/>\n<meta property=\"article:published_time\" content=\"2024-07-12T14:23:54+00:00\" \/>\n<meta property=\"og:image\" content=\"https:\/\/eirikurjonsson.is\/wp-content\/uploads\/2024\/07\/MINNING.jpg\" \/>\n\t<meta property=\"og:image:width\" content=\"1228\" \/>\n\t<meta property=\"og:image:height\" content=\"1358\" \/>\n\t<meta property=\"og:image:type\" content=\"image\/jpeg\" \/>\n<meta name=\"author\" content=\"eir\" \/>\n<meta name=\"twitter:card\" content=\"summary_large_image\" \/>\n<meta name=\"twitter:label1\" content=\"Written by\" \/>\n\t<meta name=\"twitter:data1\" content=\"eir\" \/>\n\t<meta name=\"twitter:label2\" content=\"Est. reading time\" \/>\n\t<meta name=\"twitter:data2\" content=\"1 minute\" \/>\n<script type=\"application\/ld+json\" class=\"yoast-schema-graph\">{\"@context\":\"https:\/\/schema.org\",\"@graph\":[{\"@type\":\"WebPage\",\"@id\":\"https:\/\/eirikurjonsson.is\/index.php\/2024\/07\/12\/minningarathofn-og-erfidrykkja-svenna-a-monako\/\",\"url\":\"https:\/\/eirikurjonsson.is\/index.php\/2024\/07\/12\/minningarathofn-og-erfidrykkja-svenna-a-monako\/\",\"name\":\"MINNINGARATH\u00d6FN OG ERFIDRYKKJA SVENNA \u00c1 M\u00d3NAK\u00d3 &#8211; Eir\u00edkur J\u00f3nsson\",\"isPartOf\":{\"@id\":\"https:\/\/eirikurjonsson.is\/#website\"},\"datePublished\":\"2024-07-12T14:23:54+00:00\",\"dateModified\":\"2024-07-12T14:23:54+00:00\",\"author\":{\"@id\":\"https:\/\/eirikurjonsson.is\/#\/schema\/person\/308afa1d0e201918034e31b1da4f07a5\"},\"breadcrumb\":{\"@id\":\"https:\/\/eirikurjonsson.is\/index.php\/2024\/07\/12\/minningarathofn-og-erfidrykkja-svenna-a-monako\/#breadcrumb\"},\"inLanguage\":\"is\",\"potentialAction\":[{\"@type\":\"ReadAction\",\"target\":[\"https:\/\/eirikurjonsson.is\/index.php\/2024\/07\/12\/minningarathofn-og-erfidrykkja-svenna-a-monako\/\"]}]},{\"@type\":\"BreadcrumbList\",\"@id\":\"https:\/\/eirikurjonsson.is\/index.php\/2024\/07\/12\/minningarathofn-og-erfidrykkja-svenna-a-monako\/#breadcrumb\",\"itemListElement\":[{\"@type\":\"ListItem\",\"position\":1,\"name\":\"Home\",\"item\":\"https:\/\/eirikurjonsson.is\/\"},{\"@type\":\"ListItem\",\"position\":2,\"name\":\"MINNINGARATH\u00d6FN OG ERFIDRYKKJA SVENNA \u00c1 M\u00d3NAK\u00d3\"}]},{\"@type\":\"WebSite\",\"@id\":\"https:\/\/eirikurjonsson.is\/#website\",\"url\":\"https:\/\/eirikurjonsson.is\/\",\"name\":\"Eir\u00edkur J\u00f3nsson\",\"description\":\"Eir\u00edkur J\u00f3nsson | EIR eirikurjonsson.is\",\"potentialAction\":[{\"@type\":\"SearchAction\",\"target\":{\"@type\":\"EntryPoint\",\"urlTemplate\":\"https:\/\/eirikurjonsson.is\/?s={search_term_string}\"},\"query-input\":\"required name=search_term_string\"}],\"inLanguage\":\"is\"},{\"@type\":\"Person\",\"@id\":\"https:\/\/eirikurjonsson.is\/#\/schema\/person\/308afa1d0e201918034e31b1da4f07a5\",\"name\":\"eir\",\"image\":{\"@type\":\"ImageObject\",\"inLanguage\":\"is\",\"@id\":\"https:\/\/eirikurjonsson.is\/#\/schema\/person\/image\/\",\"url\":\"https:\/\/secure.gravatar.com\/avatar\/b6748316a4400053a1fa9f4694b38d294dc5da6f4bacc727742bd8f3e689f87c?s=96&d=mm&r=g\",\"contentUrl\":\"https:\/\/secure.gravatar.com\/avatar\/b6748316a4400053a1fa9f4694b38d294dc5da6f4bacc727742bd8f3e689f87c?s=96&d=mm&r=g\",\"caption\":\"eir\"},\"url\":\"https:\/\/eirikurjonsson.is\/index.php\/author\/eir\/\"}]}<\/script>\n<!-- \/ Yoast SEO plugin. -->","yoast_head_json":{"title":"MINNINGARATH\u00d6FN OG ERFIDRYKKJA SVENNA \u00c1 M\u00d3NAK\u00d3 &#8211; Eir\u00edkur J\u00f3nsson","robots":{"index":"index","follow":"follow","max-snippet":"max-snippet:-1","max-image-preview":"max-image-preview:large","max-video-preview":"max-video-preview:-1"},"canonical":"https:\/\/eirikurjonsson.is\/index.php\/2024\/07\/12\/minningarathofn-og-erfidrykkja-svenna-a-monako\/","og_locale":"is_IS","og_type":"article","og_title":"MINNINGARATH\u00d6FN OG ERFIDRYKKJA SVENNA \u00c1 M\u00d3NAK\u00d3 &#8211; Eir\u00edkur J\u00f3nsson","og_description":"Sveinn Reynir Sigurj\u00f3nsson, \u00feekktur karakter \u00ed mannl\u00edfsfl\u00f3ru mi\u00f0borgar Reykjav\u00edkur, l\u00e9st flestum a\u00f0 \u00f3v\u00f6rum fyrir nokkrum d\u00f6gum. Minningarath\u00f6fn og erfidrykkja ver\u00f0ur \u00e1 barnum M\u00f3nak\u00f3 \u00e1 Laugavegi \u00e1 morgun, e\u00f0a eins og segir \u00ed tilkynningu fr\u00e1 vinum hans: &#8222;Okkar \u00e1stk\u00e6ri Svenni ver\u00f0ur jar\u00f0a\u00f0ur \u00ed kyrr\u00feey. H\u00f6fum vi\u00f0 \u00fev\u00ed \u00e1kve\u00f0i\u00f0 a\u00f0 halda erfidrykkju \u00e1 upp\u00e1halds barnum hans M\u00f3nak\u00f3. [&hellip;]","og_url":"https:\/\/eirikurjonsson.is\/index.php\/2024\/07\/12\/minningarathofn-og-erfidrykkja-svenna-a-monako\/","og_site_name":"Eir\u00edkur J\u00f3nsson","article_published_time":"2024-07-12T14:23:54+00:00","og_image":[{"width":1228,"height":1358,"url":"https:\/\/eirikurjonsson.is\/wp-content\/uploads\/2024\/07\/MINNING.jpg","type":"image\/jpeg"}],"author":"eir","twitter_card":"summary_large_image","twitter_misc":{"Written by":"eir","Est. reading time":"1 minute"},"schema":{"@context":"https:\/\/schema.org","@graph":[{"@type":"WebPage","@id":"https:\/\/eirikurjonsson.is\/index.php\/2024\/07\/12\/minningarathofn-og-erfidrykkja-svenna-a-monako\/","url":"https:\/\/eirikurjonsson.is\/index.php\/2024\/07\/12\/minningarathofn-og-erfidrykkja-svenna-a-monako\/","name":"MINNINGARATH\u00d6FN OG ERFIDRYKKJA SVENNA \u00c1 M\u00d3NAK\u00d3 &#8211; Eir\u00edkur J\u00f3nsson","isPartOf":{"@id":"https:\/\/eirikurjonsson.is\/#website"},"datePublished":"2024-07-12T14:23:54+00:00","dateModified":"2024-07-12T14:23:54+00:00","author":{"@id":"https:\/\/eirikurjonsson.is\/#\/schema\/person\/308afa1d0e201918034e31b1da4f07a5"},"breadcrumb":{"@id":"https:\/\/eirikurjonsson.is\/index.php\/2024\/07\/12\/minningarathofn-og-erfidrykkja-svenna-a-monako\/#breadcrumb"},"inLanguage":"is","potentialAction":[{"@type":"ReadAction","target":["https:\/\/eirikurjonsson.is\/index.php\/2024\/07\/12\/minningarathofn-og-erfidrykkja-svenna-a-monako\/"]}]},{"@type":"BreadcrumbList","@id":"https:\/\/eirikurjonsson.is\/index.php\/2024\/07\/12\/minningarathofn-og-erfidrykkja-svenna-a-monako\/#breadcrumb","itemListElement":[{"@type":"ListItem","position":1,"name":"Home","item":"https:\/\/eirikurjonsson.is\/"},{"@type":"ListItem","position":2,"name":"MINNINGARATH\u00d6FN OG ERFIDRYKKJA SVENNA \u00c1 M\u00d3NAK\u00d3"}]},{"@type":"WebSite","@id":"https:\/\/eirikurjonsson.is\/#website","url":"https:\/\/eirikurjonsson.is\/","name":"Eir\u00edkur J\u00f3nsson","description":"Eir\u00edkur J\u00f3nsson | EIR eirikurjonsson.is","potentialAction":[{"@type":"SearchAction","target":{"@type":"EntryPoint","urlTemplate":"https:\/\/eirikurjonsson.is\/?s={search_term_string}"},"query-input":"required name=search_term_string"}],"inLanguage":"is"},{"@type":"Person","@id":"https:\/\/eirikurjonsson.is\/#\/schema\/person\/308afa1d0e201918034e31b1da4f07a5","name":"eir","image":{"@type":"ImageObject","inLanguage":"is","@id":"https:\/\/eirikurjonsson.is\/#\/schema\/person\/image\/","url":"https:\/\/secure.gravatar.com\/avatar\/b6748316a4400053a1fa9f4694b38d294dc5da6f4bacc727742bd8f3e689f87c?s=96&d=mm&r=g","contentUrl":"https:\/\/secure.gravatar.com\/avatar\/b6748316a4400053a1fa9f4694b38d294dc5da6f4bacc727742bd8f3e689f87c?s=96&d=mm&r=g","caption":"eir"},"url":"https:\/\/eirikurjonsson.is\/index.php\/author\/eir\/"}]}},"_links":{"self":[{"href":"https:\/\/eirikurjonsson.is\/index.php\/wp-json\/wp\/v2\/posts\/2763","targetHints":{"allow":["GET"]}}],"collection":[{"href":"https:\/\/eirikurjonsson.is\/index.php\/wp-json\/wp\/v2\/posts"}],"about":[{"href":"https:\/\/eirikurjonsson.is\/index.php\/wp-json\/wp\/v2\/types\/post"}],"author":[{"embeddable":true,"href":"https:\/\/eirikurjonsson.is\/index.php\/wp-json\/wp\/v2\/users\/2"}],"replies":[{"embeddable":true,"href":"https:\/\/eirikurjonsson.is\/index.php\/wp-json\/wp\/v2\/comments?post=2763"}],"version-history":[{"count":1,"href":"https:\/\/eirikurjonsson.is\/index.php\/wp-json\/wp\/v2\/posts\/2763\/revisions"}],"predecessor-version":[{"id":2765,"href":"https:\/\/eirikurjonsson.is\/index.php\/wp-json\/wp\/v2\/posts\/2763\/revisions\/2765"}],"wp:featuredmedia":[{"embeddable":true,"href":"https:\/\/eirikurjonsson.is\/index.php\/wp-json\/wp\/v2\/media\/2764"}],"wp:attachment":[{"href":"https:\/\/eirikurjonsson.is\/index.php\/wp-json\/wp\/v2\/media?parent=2763"}],"wp:term":[{"taxonomy":"category","embeddable":true,"href":"https:\/\/eirikurjonsson.is\/index.php\/wp-json\/wp\/v2\/categories?post=2763"},{"taxonomy":"post_tag","embeddable":true,"href":"https:\/\/eirikurjonsson.is\/index.php\/wp-json\/wp\/v2\/tags?post=2763"}],"curies":[{"name":"wp","href":"https:\/\/api.w.org\/{rel}","templated":true}]}}