{"id":1894,"date":"2024-04-24T12:02:57","date_gmt":"2024-04-24T12:02:57","guid":{"rendered":"https:\/\/eirikurjonsson.is\/?p=1894"},"modified":"2024-04-24T12:04:17","modified_gmt":"2024-04-24T12:04:17","slug":"1894","status":"publish","type":"post","link":"https:\/\/eirikurjonsson.is\/index.php\/2024\/04\/24\/1894\/","title":{"rendered":"DAGFORELDRAR ATHUGI\u00d0!"},"content":{"rendered":"<p style=\"font-weight: 400;\">\u00c1 vef Reykjav\u00edkurborgar eru n\u00fa augl\u00fdstar tv\u00e6r eignir sem dagforeldrar geta leigt fyrir starfsemi s\u00edna.\u00a0H\u00fasn\u00e6\u00f0i\u00f0 ver\u00f0ur eing\u00f6ngu leigt \u00feeim sem hyggst n\u00fdta h\u00fasn\u00e6\u00f0i\u00f0 til dagg\u00e6slu barna a\u00f0 uppfylltum tilteknum kr\u00f6fum.\u00a0\u00a0Me\u00f0al annars er ger\u00f0 krafa um a\u00f0 tveir dagforeldrar vinni saman me\u00f0 8-10 b\u00f6rn.H\u00fasn\u00e6\u00f0i\u00f0 sem er \u00ed bo\u00f0i er annars vegar g\u00e6sluvallarh\u00fas \u00e1 Nj\u00e1lsg\u00f6tu og hins vegar n\u00fdtt h\u00fasn\u00e6\u00f0i vi\u00f0 Hallger\u00f0arg\u00f6tu \u00e1 Kirkjusandi.<\/p>\n<ul style=\"font-weight: 400;\">\n<li><strong>G\u00e6sluvallarh\u00fasi\u00f0 vi\u00f0 Nj\u00e1lsg\u00f6tu<\/strong>\u00a0er me\u00f0 heimild til a\u00f0 n\u00fdta \u00fear st\u00f3ra l\u00f3\u00f0 og leikt\u00e6ki, en leiksv\u00e6\u00f0i\u00f0 er \u00fe\u00f3 opi\u00f0 almenningi \u00e1 starfst\u00edma dagg\u00e6slunnar.<br \/>\nH\u00fasn\u00e6\u00f0i\u00f0 sj\u00e1lft er 55 fermetrar, auk 10 fermetra \u00fatigeymslu.<\/li>\n<li><strong>H\u00fasn\u00e6\u00f0i\u00f0 vi\u00f0 Hallger\u00f0arg\u00f6tu<\/strong> er 55 fermetra tveggja herbergja horn\u00edb\u00fa\u00f0 \u00e1 fyrstu h\u00e6\u00f0 \u00ed \u00edb\u00fa\u00f0arh\u00fasi.<\/li>\n<\/ul>\n<p style=\"font-weight: 400;\">Vakin er athygli \u00e1 a\u00f0 s\u00f3tt er um a\u00f0 taka eignirnar \u00e1 leigu \u00e1 \u00fatbo\u00f0svef Reykjav\u00edkurborgar og a\u00f0 \u00e1 \u00fev\u00ed sv\u00e6\u00f0i er h\u00e6gt a\u00f0 senda inn n\u00e1nari fyrirspurnir.<\/p>\n<p style=\"font-weight: 400;\">\n","protected":false},"excerpt":{"rendered":"<p>\u00c1 vef Reykjav\u00edkurborgar eru n\u00fa augl\u00fdstar tv\u00e6r eignir sem dagforeldrar geta leigt fyrir starfsemi s\u00edna.\u00a0H\u00fasn\u00e6\u00f0i\u00f0 ver\u00f0ur eing\u00f6ngu leigt \u00feeim sem hyggst n\u00fdta h\u00fasn\u00e6\u00f0i\u00f0 til dagg\u00e6slu barna a\u00f0 uppfylltum tilteknum kr\u00f6fum.\u00a0\u00a0Me\u00f0al annars er ger\u00f0 krafa um a\u00f0 tveir dagforeldrar vinni saman me\u00f0 8-10 b\u00f6rn.H\u00fasn\u00e6\u00f0i\u00f0 sem er \u00ed bo\u00f0i er annars vegar g\u00e6sluvallarh\u00fas \u00e1 Nj\u00e1lsg\u00f6tu og hins [&hellip;]<\/p>\n","protected":false},"author":2,"featured_media":1895,"comment_status":"open","ping_status":"open","sticky":false,"template":"","format":"standard","meta":{"_monsterinsights_skip_tracking":false,"_monsterinsights_sitenote_active":false,"_monsterinsights_sitenote_note":"","_monsterinsights_sitenote_category":0,"footnotes":""},"categories":[31],"tags":[],"class_list":{"0":"post-1894","1":"post","2":"type-post","3":"status-publish","4":"format-standard","5":"has-post-thumbnail","7":"category-greinar"},"yoast_head":"<!-- This site is optimized with the Yoast SEO plugin v22.0 - https:\/\/yoast.com\/wordpress\/plugins\/seo\/ -->\n<title>DAGFORELDRAR ATHUGI\u00d0! &#8211; Eir\u00edkur J\u00f3nsson<\/title>\n<meta name=\"robots\" content=\"index, follow, max-snippet:-1, max-image-preview:large, max-video-preview:-1\" \/>\n<link rel=\"canonical\" href=\"https:\/\/eirikurjonsson.is\/index.php\/2024\/04\/24\/1894\/\" \/>\n<meta property=\"og:locale\" content=\"is_IS\" \/>\n<meta property=\"og:type\" content=\"article\" \/>\n<meta property=\"og:title\" content=\"DAGFORELDRAR ATHUGI\u00d0! &#8211; Eir\u00edkur J\u00f3nsson\" \/>\n<meta property=\"og:description\" content=\"\u00c1 vef Reykjav\u00edkurborgar eru n\u00fa augl\u00fdstar tv\u00e6r eignir sem dagforeldrar geta leigt fyrir starfsemi s\u00edna.\u00a0H\u00fasn\u00e6\u00f0i\u00f0 ver\u00f0ur eing\u00f6ngu leigt \u00feeim sem hyggst n\u00fdta h\u00fasn\u00e6\u00f0i\u00f0 til dagg\u00e6slu barna a\u00f0 uppfylltum tilteknum kr\u00f6fum.\u00a0\u00a0Me\u00f0al annars er ger\u00f0 krafa um a\u00f0 tveir dagforeldrar vinni saman me\u00f0 8-10 b\u00f6rn.H\u00fasn\u00e6\u00f0i\u00f0 sem er \u00ed bo\u00f0i er annars vegar g\u00e6sluvallarh\u00fas \u00e1 Nj\u00e1lsg\u00f6tu og hins [&hellip;]\" \/>\n<meta property=\"og:url\" content=\"https:\/\/eirikurjonsson.is\/index.php\/2024\/04\/24\/1894\/\" \/>\n<meta property=\"og:site_name\" content=\"Eir\u00edkur J\u00f3nsson\" \/>\n<meta property=\"article:published_time\" content=\"2024-04-24T12:02:57+00:00\" \/>\n<meta property=\"article:modified_time\" content=\"2024-04-24T12:04:17+00:00\" \/>\n<meta property=\"og:image\" content=\"https:\/\/eirikurjonsson.is\/wp-content\/uploads\/2024\/04\/ROLA.jpg\" \/>\n\t<meta property=\"og:image:width\" content=\"758\" \/>\n\t<meta property=\"og:image:height\" content=\"475\" \/>\n\t<meta property=\"og:image:type\" content=\"image\/jpeg\" \/>\n<meta name=\"author\" content=\"eir\" \/>\n<meta name=\"twitter:card\" content=\"summary_large_image\" \/>\n<meta name=\"twitter:label1\" content=\"Written by\" \/>\n\t<meta name=\"twitter:data1\" content=\"eir\" \/>\n\t<meta name=\"twitter:label2\" content=\"Est. reading time\" \/>\n\t<meta name=\"twitter:data2\" content=\"1 minute\" \/>\n<script type=\"application\/ld+json\" class=\"yoast-schema-graph\">{\"@context\":\"https:\/\/schema.org\",\"@graph\":[{\"@type\":\"WebPage\",\"@id\":\"https:\/\/eirikurjonsson.is\/index.php\/2024\/04\/24\/1894\/\",\"url\":\"https:\/\/eirikurjonsson.is\/index.php\/2024\/04\/24\/1894\/\",\"name\":\"DAGFORELDRAR ATHUGI\u00d0! &#8211; Eir\u00edkur J\u00f3nsson\",\"isPartOf\":{\"@id\":\"https:\/\/eirikurjonsson.is\/#website\"},\"datePublished\":\"2024-04-24T12:02:57+00:00\",\"dateModified\":\"2024-04-24T12:04:17+00:00\",\"author\":{\"@id\":\"https:\/\/eirikurjonsson.is\/#\/schema\/person\/308afa1d0e201918034e31b1da4f07a5\"},\"breadcrumb\":{\"@id\":\"https:\/\/eirikurjonsson.is\/index.php\/2024\/04\/24\/1894\/#breadcrumb\"},\"inLanguage\":\"is\",\"potentialAction\":[{\"@type\":\"ReadAction\",\"target\":[\"https:\/\/eirikurjonsson.is\/index.php\/2024\/04\/24\/1894\/\"]}]},{\"@type\":\"BreadcrumbList\",\"@id\":\"https:\/\/eirikurjonsson.is\/index.php\/2024\/04\/24\/1894\/#breadcrumb\",\"itemListElement\":[{\"@type\":\"ListItem\",\"position\":1,\"name\":\"Home\",\"item\":\"https:\/\/eirikurjonsson.is\/\"},{\"@type\":\"ListItem\",\"position\":2,\"name\":\"DAGFORELDRAR ATHUGI\u00d0!\"}]},{\"@type\":\"WebSite\",\"@id\":\"https:\/\/eirikurjonsson.is\/#website\",\"url\":\"https:\/\/eirikurjonsson.is\/\",\"name\":\"Eir\u00edkur J\u00f3nsson\",\"description\":\"Eir\u00edkur J\u00f3nsson | EIR eirikurjonsson.is\",\"potentialAction\":[{\"@type\":\"SearchAction\",\"target\":{\"@type\":\"EntryPoint\",\"urlTemplate\":\"https:\/\/eirikurjonsson.is\/?s={search_term_string}\"},\"query-input\":\"required name=search_term_string\"}],\"inLanguage\":\"is\"},{\"@type\":\"Person\",\"@id\":\"https:\/\/eirikurjonsson.is\/#\/schema\/person\/308afa1d0e201918034e31b1da4f07a5\",\"name\":\"eir\",\"image\":{\"@type\":\"ImageObject\",\"inLanguage\":\"is\",\"@id\":\"https:\/\/eirikurjonsson.is\/#\/schema\/person\/image\/\",\"url\":\"https:\/\/secure.gravatar.com\/avatar\/b6748316a4400053a1fa9f4694b38d294dc5da6f4bacc727742bd8f3e689f87c?s=96&d=mm&r=g\",\"contentUrl\":\"https:\/\/secure.gravatar.com\/avatar\/b6748316a4400053a1fa9f4694b38d294dc5da6f4bacc727742bd8f3e689f87c?s=96&d=mm&r=g\",\"caption\":\"eir\"},\"url\":\"https:\/\/eirikurjonsson.is\/index.php\/author\/eir\/\"}]}<\/script>\n<!-- \/ Yoast SEO plugin. -->","yoast_head_json":{"title":"DAGFORELDRAR ATHUGI\u00d0! &#8211; Eir\u00edkur J\u00f3nsson","robots":{"index":"index","follow":"follow","max-snippet":"max-snippet:-1","max-image-preview":"max-image-preview:large","max-video-preview":"max-video-preview:-1"},"canonical":"https:\/\/eirikurjonsson.is\/index.php\/2024\/04\/24\/1894\/","og_locale":"is_IS","og_type":"article","og_title":"DAGFORELDRAR ATHUGI\u00d0! &#8211; Eir\u00edkur J\u00f3nsson","og_description":"\u00c1 vef Reykjav\u00edkurborgar eru n\u00fa augl\u00fdstar tv\u00e6r eignir sem dagforeldrar geta leigt fyrir starfsemi s\u00edna.\u00a0H\u00fasn\u00e6\u00f0i\u00f0 ver\u00f0ur eing\u00f6ngu leigt \u00feeim sem hyggst n\u00fdta h\u00fasn\u00e6\u00f0i\u00f0 til dagg\u00e6slu barna a\u00f0 uppfylltum tilteknum kr\u00f6fum.\u00a0\u00a0Me\u00f0al annars er ger\u00f0 krafa um a\u00f0 tveir dagforeldrar vinni saman me\u00f0 8-10 b\u00f6rn.H\u00fasn\u00e6\u00f0i\u00f0 sem er \u00ed bo\u00f0i er annars vegar g\u00e6sluvallarh\u00fas \u00e1 Nj\u00e1lsg\u00f6tu og hins [&hellip;]","og_url":"https:\/\/eirikurjonsson.is\/index.php\/2024\/04\/24\/1894\/","og_site_name":"Eir\u00edkur J\u00f3nsson","article_published_time":"2024-04-24T12:02:57+00:00","article_modified_time":"2024-04-24T12:04:17+00:00","og_image":[{"width":758,"height":475,"url":"https:\/\/eirikurjonsson.is\/wp-content\/uploads\/2024\/04\/ROLA.jpg","type":"image\/jpeg"}],"author":"eir","twitter_card":"summary_large_image","twitter_misc":{"Written by":"eir","Est. reading time":"1 minute"},"schema":{"@context":"https:\/\/schema.org","@graph":[{"@type":"WebPage","@id":"https:\/\/eirikurjonsson.is\/index.php\/2024\/04\/24\/1894\/","url":"https:\/\/eirikurjonsson.is\/index.php\/2024\/04\/24\/1894\/","name":"DAGFORELDRAR ATHUGI\u00d0! &#8211; Eir\u00edkur J\u00f3nsson","isPartOf":{"@id":"https:\/\/eirikurjonsson.is\/#website"},"datePublished":"2024-04-24T12:02:57+00:00","dateModified":"2024-04-24T12:04:17+00:00","author":{"@id":"https:\/\/eirikurjonsson.is\/#\/schema\/person\/308afa1d0e201918034e31b1da4f07a5"},"breadcrumb":{"@id":"https:\/\/eirikurjonsson.is\/index.php\/2024\/04\/24\/1894\/#breadcrumb"},"inLanguage":"is","potentialAction":[{"@type":"ReadAction","target":["https:\/\/eirikurjonsson.is\/index.php\/2024\/04\/24\/1894\/"]}]},{"@type":"BreadcrumbList","@id":"https:\/\/eirikurjonsson.is\/index.php\/2024\/04\/24\/1894\/#breadcrumb","itemListElement":[{"@type":"ListItem","position":1,"name":"Home","item":"https:\/\/eirikurjonsson.is\/"},{"@type":"ListItem","position":2,"name":"DAGFORELDRAR ATHUGI\u00d0!"}]},{"@type":"WebSite","@id":"https:\/\/eirikurjonsson.is\/#website","url":"https:\/\/eirikurjonsson.is\/","name":"Eir\u00edkur J\u00f3nsson","description":"Eir\u00edkur J\u00f3nsson | EIR eirikurjonsson.is","potentialAction":[{"@type":"SearchAction","target":{"@type":"EntryPoint","urlTemplate":"https:\/\/eirikurjonsson.is\/?s={search_term_string}"},"query-input":"required name=search_term_string"}],"inLanguage":"is"},{"@type":"Person","@id":"https:\/\/eirikurjonsson.is\/#\/schema\/person\/308afa1d0e201918034e31b1da4f07a5","name":"eir","image":{"@type":"ImageObject","inLanguage":"is","@id":"https:\/\/eirikurjonsson.is\/#\/schema\/person\/image\/","url":"https:\/\/secure.gravatar.com\/avatar\/b6748316a4400053a1fa9f4694b38d294dc5da6f4bacc727742bd8f3e689f87c?s=96&d=mm&r=g","contentUrl":"https:\/\/secure.gravatar.com\/avatar\/b6748316a4400053a1fa9f4694b38d294dc5da6f4bacc727742bd8f3e689f87c?s=96&d=mm&r=g","caption":"eir"},"url":"https:\/\/eirikurjonsson.is\/index.php\/author\/eir\/"}]}},"_links":{"self":[{"href":"https:\/\/eirikurjonsson.is\/index.php\/wp-json\/wp\/v2\/posts\/1894","targetHints":{"allow":["GET"]}}],"collection":[{"href":"https:\/\/eirikurjonsson.is\/index.php\/wp-json\/wp\/v2\/posts"}],"about":[{"href":"https:\/\/eirikurjonsson.is\/index.php\/wp-json\/wp\/v2\/types\/post"}],"author":[{"embeddable":true,"href":"https:\/\/eirikurjonsson.is\/index.php\/wp-json\/wp\/v2\/users\/2"}],"replies":[{"embeddable":true,"href":"https:\/\/eirikurjonsson.is\/index.php\/wp-json\/wp\/v2\/comments?post=1894"}],"version-history":[{"count":3,"href":"https:\/\/eirikurjonsson.is\/index.php\/wp-json\/wp\/v2\/posts\/1894\/revisions"}],"predecessor-version":[{"id":1898,"href":"https:\/\/eirikurjonsson.is\/index.php\/wp-json\/wp\/v2\/posts\/1894\/revisions\/1898"}],"wp:featuredmedia":[{"embeddable":true,"href":"https:\/\/eirikurjonsson.is\/index.php\/wp-json\/wp\/v2\/media\/1895"}],"wp:attachment":[{"href":"https:\/\/eirikurjonsson.is\/index.php\/wp-json\/wp\/v2\/media?parent=1894"}],"wp:term":[{"taxonomy":"category","embeddable":true,"href":"https:\/\/eirikurjonsson.is\/index.php\/wp-json\/wp\/v2\/categories?post=1894"},{"taxonomy":"post_tag","embeddable":true,"href":"https:\/\/eirikurjonsson.is\/index.php\/wp-json\/wp\/v2\/tags?post=1894"}],"curies":[{"name":"wp","href":"https:\/\/api.w.org\/{rel}","templated":true}]}}