{"id":1889,"date":"2024-04-23T22:22:01","date_gmt":"2024-04-23T22:22:01","guid":{"rendered":"https:\/\/eirikurjonsson.is\/?p=1889"},"modified":"2024-04-23T22:23:55","modified_gmt":"2024-04-23T22:23:55","slug":"snorri-i-midflokkinn","status":"publish","type":"post","link":"https:\/\/eirikurjonsson.is\/index.php\/2024\/04\/23\/snorri-i-midflokkinn\/","title":{"rendered":"SNORRI \u00cd MI\u00d0FLOKKINN"},"content":{"rendered":"<p style=\"text-align: center;\">\u00dar aldingar\u00f0i Al\u00feingis:<\/p>\n<p style=\"text-align: center;\">&#8211;<\/p>\n<div class=\"gmail_default\">Snorri M\u00e1sson fj\u00f6lmi\u00f0lama\u00f0ur me\u00f0 sko\u00f0anir ver\u00f0ur \u00ed fyrsta s\u00e6ti \u00e1 einum af frambo\u00f0slistum Mi\u00f0flokksins fyrir n\u00e6stu Al\u00feingiskosningar ef \u00e1form \u00feess efnis ganga upp.<\/div>\n<div class=\"gmail_default\">Mi\u00f0flokksmenn hafa veri\u00f0 a\u00f0 bera v\u00edurnar \u00ed Snorra og s\u00e1st til hans n\u00fdlega \u00ed slagtogi vi\u00f0 \u00feingmenn flokksins, \u00fe\u00e1 Berg\u00fe\u00f3r \u00d3lason og Sigmund Dav\u00ed\u00f0 Gunnlaugsson.<\/div>\n<div>&#8211;<\/div>\n<div class=\"gmail_default\">\u00de\u00e1 ruddist Snorri n\u00fdlega fram \u00e1 ritv\u00f6llinn \u00e1 V\u00edsi me\u00f0 gagnr\u00fdni \u00e1 sveitarstj\u00f3rnina \u00ed M\u00fdrdalnum fyrir a\u00f0 koma \u00e1 laggirnar enskum\u00e6landi p\u00f3lit\u00edsku r\u00e1\u00f0i um \u00fdmis m\u00e1lefni sveitarf\u00e9lagsins. \u00deetta er gagnr\u00fdni sem hlj\u00f3mar r\u00e9ttm\u00e6t \u00ed eyrum \u00fej\u00f3\u00f0hollra \u00cdslendinga og s\u00e9rstaklega Mi\u00f0flokksmanna.<\/div>\n<div>&#8211;<\/div>\n<div class=\"gmail_default\">Snorri er gl\u00f6ggur \u00fej\u00f3\u00f0f\u00e9lagsr\u00fdnir og me\u00f0 m\u00e6lskari m\u00f6nnum. Hann yfirgaf St\u00f6\u00f0 2 til a\u00f0 leyfa m\u00e6lskunni a\u00f0 nj\u00f3ta s\u00edn, en tvennum s\u00f6gum fer af vins\u00e6ldum e\u00f0a tekjum\u00f3deli hla\u00f0varpsins Ritstj\u00f3ri sem hann stofna\u00f0i \u00ed \u00feessu skyni. Enginn fr\u00fdr Snorra vits og \u00feeir Mi\u00f0flokksmenn mega teljast heppnir ef \u00feeim tekst a\u00f0 kl\u00f3festa hann \u00e1\u00f0ur en a\u00f0rir stj\u00f3rnm\u00e1laflokkar fara \u00e1 bi\u00f0ilsbuxurnar.<\/div>\n","protected":false},"excerpt":{"rendered":"<p>\u00dar aldingar\u00f0i Al\u00feingis: &#8211; Snorri M\u00e1sson fj\u00f6lmi\u00f0lama\u00f0ur me\u00f0 sko\u00f0anir ver\u00f0ur \u00ed fyrsta s\u00e6ti \u00e1 einum af frambo\u00f0slistum Mi\u00f0flokksins fyrir n\u00e6stu Al\u00feingiskosningar ef \u00e1form \u00feess efnis ganga upp. Mi\u00f0flokksmenn hafa veri\u00f0 a\u00f0 bera v\u00edurnar \u00ed Snorra og s\u00e1st til hans n\u00fdlega \u00ed slagtogi vi\u00f0 \u00feingmenn flokksins, \u00fe\u00e1 Berg\u00fe\u00f3r \u00d3lason og Sigmund Dav\u00ed\u00f0 Gunnlaugsson. &#8211; \u00de\u00e1 ruddist [&hellip;]<\/p>\n","protected":false},"author":2,"featured_media":1890,"comment_status":"open","ping_status":"open","sticky":false,"template":"","format":"standard","meta":{"_monsterinsights_skip_tracking":false,"_monsterinsights_sitenote_active":false,"_monsterinsights_sitenote_note":"","_monsterinsights_sitenote_category":0,"footnotes":""},"categories":[31],"tags":[],"class_list":{"0":"post-1889","1":"post","2":"type-post","3":"status-publish","4":"format-standard","5":"has-post-thumbnail","7":"category-greinar"},"yoast_head":"<!-- This site is optimized with the Yoast SEO plugin v22.0 - https:\/\/yoast.com\/wordpress\/plugins\/seo\/ -->\n<title>SNORRI \u00cd MI\u00d0FLOKKINN &#8211; Eir\u00edkur J\u00f3nsson<\/title>\n<meta name=\"robots\" content=\"index, follow, max-snippet:-1, max-image-preview:large, max-video-preview:-1\" \/>\n<link rel=\"canonical\" href=\"https:\/\/eirikurjonsson.is\/index.php\/2024\/04\/23\/snorri-i-midflokkinn\/\" \/>\n<meta property=\"og:locale\" content=\"is_IS\" \/>\n<meta property=\"og:type\" content=\"article\" \/>\n<meta property=\"og:title\" content=\"SNORRI \u00cd MI\u00d0FLOKKINN &#8211; Eir\u00edkur J\u00f3nsson\" \/>\n<meta property=\"og:description\" content=\"\u00dar aldingar\u00f0i Al\u00feingis: &#8211; Snorri M\u00e1sson fj\u00f6lmi\u00f0lama\u00f0ur me\u00f0 sko\u00f0anir ver\u00f0ur \u00ed fyrsta s\u00e6ti \u00e1 einum af frambo\u00f0slistum Mi\u00f0flokksins fyrir n\u00e6stu Al\u00feingiskosningar ef \u00e1form \u00feess efnis ganga upp. Mi\u00f0flokksmenn hafa veri\u00f0 a\u00f0 bera v\u00edurnar \u00ed Snorra og s\u00e1st til hans n\u00fdlega \u00ed slagtogi vi\u00f0 \u00feingmenn flokksins, \u00fe\u00e1 Berg\u00fe\u00f3r \u00d3lason og Sigmund Dav\u00ed\u00f0 Gunnlaugsson. &#8211; \u00de\u00e1 ruddist [&hellip;]\" \/>\n<meta property=\"og:url\" content=\"https:\/\/eirikurjonsson.is\/index.php\/2024\/04\/23\/snorri-i-midflokkinn\/\" \/>\n<meta property=\"og:site_name\" content=\"Eir\u00edkur J\u00f3nsson\" \/>\n<meta property=\"article:published_time\" content=\"2024-04-23T22:22:01+00:00\" \/>\n<meta property=\"article:modified_time\" content=\"2024-04-23T22:23:55+00:00\" \/>\n<meta property=\"og:image\" content=\"https:\/\/eirikurjonsson.is\/wp-content\/uploads\/2024\/04\/mipflo.jpg\" \/>\n\t<meta property=\"og:image:width\" content=\"639\" \/>\n\t<meta property=\"og:image:height\" content=\"464\" \/>\n\t<meta property=\"og:image:type\" content=\"image\/jpeg\" \/>\n<meta name=\"author\" content=\"eir\" \/>\n<meta name=\"twitter:card\" content=\"summary_large_image\" \/>\n<meta name=\"twitter:label1\" content=\"Written by\" \/>\n\t<meta name=\"twitter:data1\" content=\"eir\" \/>\n\t<meta name=\"twitter:label2\" content=\"Est. reading time\" \/>\n\t<meta name=\"twitter:data2\" content=\"2 minutes\" \/>\n<script type=\"application\/ld+json\" class=\"yoast-schema-graph\">{\"@context\":\"https:\/\/schema.org\",\"@graph\":[{\"@type\":\"WebPage\",\"@id\":\"https:\/\/eirikurjonsson.is\/index.php\/2024\/04\/23\/snorri-i-midflokkinn\/\",\"url\":\"https:\/\/eirikurjonsson.is\/index.php\/2024\/04\/23\/snorri-i-midflokkinn\/\",\"name\":\"SNORRI \u00cd MI\u00d0FLOKKINN &#8211; Eir\u00edkur J\u00f3nsson\",\"isPartOf\":{\"@id\":\"https:\/\/eirikurjonsson.is\/#website\"},\"datePublished\":\"2024-04-23T22:22:01+00:00\",\"dateModified\":\"2024-04-23T22:23:55+00:00\",\"author\":{\"@id\":\"https:\/\/eirikurjonsson.is\/#\/schema\/person\/308afa1d0e201918034e31b1da4f07a5\"},\"breadcrumb\":{\"@id\":\"https:\/\/eirikurjonsson.is\/index.php\/2024\/04\/23\/snorri-i-midflokkinn\/#breadcrumb\"},\"inLanguage\":\"is\",\"potentialAction\":[{\"@type\":\"ReadAction\",\"target\":[\"https:\/\/eirikurjonsson.is\/index.php\/2024\/04\/23\/snorri-i-midflokkinn\/\"]}]},{\"@type\":\"BreadcrumbList\",\"@id\":\"https:\/\/eirikurjonsson.is\/index.php\/2024\/04\/23\/snorri-i-midflokkinn\/#breadcrumb\",\"itemListElement\":[{\"@type\":\"ListItem\",\"position\":1,\"name\":\"Home\",\"item\":\"https:\/\/eirikurjonsson.is\/\"},{\"@type\":\"ListItem\",\"position\":2,\"name\":\"SNORRI \u00cd MI\u00d0FLOKKINN\"}]},{\"@type\":\"WebSite\",\"@id\":\"https:\/\/eirikurjonsson.is\/#website\",\"url\":\"https:\/\/eirikurjonsson.is\/\",\"name\":\"Eir\u00edkur J\u00f3nsson\",\"description\":\"Eir\u00edkur J\u00f3nsson | EIR eirikurjonsson.is\",\"potentialAction\":[{\"@type\":\"SearchAction\",\"target\":{\"@type\":\"EntryPoint\",\"urlTemplate\":\"https:\/\/eirikurjonsson.is\/?s={search_term_string}\"},\"query-input\":\"required name=search_term_string\"}],\"inLanguage\":\"is\"},{\"@type\":\"Person\",\"@id\":\"https:\/\/eirikurjonsson.is\/#\/schema\/person\/308afa1d0e201918034e31b1da4f07a5\",\"name\":\"eir\",\"image\":{\"@type\":\"ImageObject\",\"inLanguage\":\"is\",\"@id\":\"https:\/\/eirikurjonsson.is\/#\/schema\/person\/image\/\",\"url\":\"https:\/\/secure.gravatar.com\/avatar\/b6748316a4400053a1fa9f4694b38d294dc5da6f4bacc727742bd8f3e689f87c?s=96&d=mm&r=g\",\"contentUrl\":\"https:\/\/secure.gravatar.com\/avatar\/b6748316a4400053a1fa9f4694b38d294dc5da6f4bacc727742bd8f3e689f87c?s=96&d=mm&r=g\",\"caption\":\"eir\"},\"url\":\"https:\/\/eirikurjonsson.is\/index.php\/author\/eir\/\"}]}<\/script>\n<!-- \/ Yoast SEO plugin. -->","yoast_head_json":{"title":"SNORRI \u00cd MI\u00d0FLOKKINN &#8211; Eir\u00edkur J\u00f3nsson","robots":{"index":"index","follow":"follow","max-snippet":"max-snippet:-1","max-image-preview":"max-image-preview:large","max-video-preview":"max-video-preview:-1"},"canonical":"https:\/\/eirikurjonsson.is\/index.php\/2024\/04\/23\/snorri-i-midflokkinn\/","og_locale":"is_IS","og_type":"article","og_title":"SNORRI \u00cd MI\u00d0FLOKKINN &#8211; Eir\u00edkur J\u00f3nsson","og_description":"\u00dar aldingar\u00f0i Al\u00feingis: &#8211; Snorri M\u00e1sson fj\u00f6lmi\u00f0lama\u00f0ur me\u00f0 sko\u00f0anir ver\u00f0ur \u00ed fyrsta s\u00e6ti \u00e1 einum af frambo\u00f0slistum Mi\u00f0flokksins fyrir n\u00e6stu Al\u00feingiskosningar ef \u00e1form \u00feess efnis ganga upp. Mi\u00f0flokksmenn hafa veri\u00f0 a\u00f0 bera v\u00edurnar \u00ed Snorra og s\u00e1st til hans n\u00fdlega \u00ed slagtogi vi\u00f0 \u00feingmenn flokksins, \u00fe\u00e1 Berg\u00fe\u00f3r \u00d3lason og Sigmund Dav\u00ed\u00f0 Gunnlaugsson. &#8211; \u00de\u00e1 ruddist [&hellip;]","og_url":"https:\/\/eirikurjonsson.is\/index.php\/2024\/04\/23\/snorri-i-midflokkinn\/","og_site_name":"Eir\u00edkur J\u00f3nsson","article_published_time":"2024-04-23T22:22:01+00:00","article_modified_time":"2024-04-23T22:23:55+00:00","og_image":[{"width":639,"height":464,"url":"https:\/\/eirikurjonsson.is\/wp-content\/uploads\/2024\/04\/mipflo.jpg","type":"image\/jpeg"}],"author":"eir","twitter_card":"summary_large_image","twitter_misc":{"Written by":"eir","Est. reading time":"2 minutes"},"schema":{"@context":"https:\/\/schema.org","@graph":[{"@type":"WebPage","@id":"https:\/\/eirikurjonsson.is\/index.php\/2024\/04\/23\/snorri-i-midflokkinn\/","url":"https:\/\/eirikurjonsson.is\/index.php\/2024\/04\/23\/snorri-i-midflokkinn\/","name":"SNORRI \u00cd MI\u00d0FLOKKINN &#8211; Eir\u00edkur J\u00f3nsson","isPartOf":{"@id":"https:\/\/eirikurjonsson.is\/#website"},"datePublished":"2024-04-23T22:22:01+00:00","dateModified":"2024-04-23T22:23:55+00:00","author":{"@id":"https:\/\/eirikurjonsson.is\/#\/schema\/person\/308afa1d0e201918034e31b1da4f07a5"},"breadcrumb":{"@id":"https:\/\/eirikurjonsson.is\/index.php\/2024\/04\/23\/snorri-i-midflokkinn\/#breadcrumb"},"inLanguage":"is","potentialAction":[{"@type":"ReadAction","target":["https:\/\/eirikurjonsson.is\/index.php\/2024\/04\/23\/snorri-i-midflokkinn\/"]}]},{"@type":"BreadcrumbList","@id":"https:\/\/eirikurjonsson.is\/index.php\/2024\/04\/23\/snorri-i-midflokkinn\/#breadcrumb","itemListElement":[{"@type":"ListItem","position":1,"name":"Home","item":"https:\/\/eirikurjonsson.is\/"},{"@type":"ListItem","position":2,"name":"SNORRI \u00cd MI\u00d0FLOKKINN"}]},{"@type":"WebSite","@id":"https:\/\/eirikurjonsson.is\/#website","url":"https:\/\/eirikurjonsson.is\/","name":"Eir\u00edkur J\u00f3nsson","description":"Eir\u00edkur J\u00f3nsson | EIR eirikurjonsson.is","potentialAction":[{"@type":"SearchAction","target":{"@type":"EntryPoint","urlTemplate":"https:\/\/eirikurjonsson.is\/?s={search_term_string}"},"query-input":"required name=search_term_string"}],"inLanguage":"is"},{"@type":"Person","@id":"https:\/\/eirikurjonsson.is\/#\/schema\/person\/308afa1d0e201918034e31b1da4f07a5","name":"eir","image":{"@type":"ImageObject","inLanguage":"is","@id":"https:\/\/eirikurjonsson.is\/#\/schema\/person\/image\/","url":"https:\/\/secure.gravatar.com\/avatar\/b6748316a4400053a1fa9f4694b38d294dc5da6f4bacc727742bd8f3e689f87c?s=96&d=mm&r=g","contentUrl":"https:\/\/secure.gravatar.com\/avatar\/b6748316a4400053a1fa9f4694b38d294dc5da6f4bacc727742bd8f3e689f87c?s=96&d=mm&r=g","caption":"eir"},"url":"https:\/\/eirikurjonsson.is\/index.php\/author\/eir\/"}]}},"_links":{"self":[{"href":"https:\/\/eirikurjonsson.is\/index.php\/wp-json\/wp\/v2\/posts\/1889","targetHints":{"allow":["GET"]}}],"collection":[{"href":"https:\/\/eirikurjonsson.is\/index.php\/wp-json\/wp\/v2\/posts"}],"about":[{"href":"https:\/\/eirikurjonsson.is\/index.php\/wp-json\/wp\/v2\/types\/post"}],"author":[{"embeddable":true,"href":"https:\/\/eirikurjonsson.is\/index.php\/wp-json\/wp\/v2\/users\/2"}],"replies":[{"embeddable":true,"href":"https:\/\/eirikurjonsson.is\/index.php\/wp-json\/wp\/v2\/comments?post=1889"}],"version-history":[{"count":2,"href":"https:\/\/eirikurjonsson.is\/index.php\/wp-json\/wp\/v2\/posts\/1889\/revisions"}],"predecessor-version":[{"id":1892,"href":"https:\/\/eirikurjonsson.is\/index.php\/wp-json\/wp\/v2\/posts\/1889\/revisions\/1892"}],"wp:featuredmedia":[{"embeddable":true,"href":"https:\/\/eirikurjonsson.is\/index.php\/wp-json\/wp\/v2\/media\/1890"}],"wp:attachment":[{"href":"https:\/\/eirikurjonsson.is\/index.php\/wp-json\/wp\/v2\/media?parent=1889"}],"wp:term":[{"taxonomy":"category","embeddable":true,"href":"https:\/\/eirikurjonsson.is\/index.php\/wp-json\/wp\/v2\/categories?post=1889"},{"taxonomy":"post_tag","embeddable":true,"href":"https:\/\/eirikurjonsson.is\/index.php\/wp-json\/wp\/v2\/tags?post=1889"}],"curies":[{"name":"wp","href":"https:\/\/api.w.org\/{rel}","templated":true}]}}