{"id":1876,"date":"2024-04-23T10:50:48","date_gmt":"2024-04-23T10:50:48","guid":{"rendered":"https:\/\/eirikurjonsson.is\/?p=1876"},"modified":"2024-04-23T10:50:48","modified_gmt":"2024-04-23T10:50:48","slug":"koparinn-i-borsen-blessad-handverksfolkid","status":"publish","type":"post","link":"https:\/\/eirikurjonsson.is\/index.php\/2024\/04\/23\/koparinn-i-borsen-blessad-handverksfolkid\/","title":{"rendered":"KOPARINN \u00cd B\u00d6RSEN &#8211; BLESSA\u00d0 HANDVERKSF\u00d3LKI\u00d0"},"content":{"rendered":"<div dir=\"auto\">Sveinn Mark\u00fasson j\u00e1rnlistama\u00f0ur segir s\u00f6guna um koparinn \u00ed kauph\u00f6llinni B\u00f6rsen \u00ed Kaupmannah\u00f6fn sem brann fyrir skemmstu &#8211; byggt 1624. &#8222;Sj\u00e1i\u00f0 handverki\u00f0,&#8220; segir hann:<\/div>\n<div dir=\"auto\" style=\"text-align: center;\">&#8211;<\/div>\n<div dir=\"auto\" style=\"text-align: center;\">Blessa\u00f0 handverksf\u00f3lki\u00f0.<\/div>\n<div dir=\"auto\">Tr\u00e9smi\u00f0unum og koparsmi\u00f0unum sem h\u00f6f\u00f0u unni\u00f0 a\u00f0 endursm\u00ed\u00f0i \u00e1 \u00feaki g\u00f6mlu kauphallarinnar s\u00ed\u00f0an s\u00ed\u00f0la \u00e1rs 2022, s\u00e1u s\u00edna vinnu brenna upp \u00e1 \u00feri\u00f0judaginn sem var.<\/div>\n<div dir=\"auto\">\u00deri\u00f0jungur af 3700 fermetra eir\u00feakinu var \u00ed endursm\u00ed\u00f0i, \u00e1samt n\u00fdjun \u00e1 timburvirki, sem fylgdi me\u00f0.<\/div>\n<div dir=\"auto\">&#8211;<\/div>\n<div dir=\"auto\">Upprunaleg \u00feakkl\u00e6\u00f0ning var \u00far bl\u00fdi, en var rifin af h\u00fasinu \u00ed einu af s\u00ed\u00f0ustu str\u00ed\u00f0um Dana vi\u00f0 Sv\u00eda, og voru fallbyssuk\u00falur steyptar \u00far \u00feakkl\u00e6\u00f0ningu.<\/div>\n<div dir=\"auto\">N\u00fdveri\u00f0 var \u00ed gangi endurkl\u00e6\u00f0ning \u00e1 \u00feri\u00f0jungi af \u00fe\u00f6kunum og var nota\u00f0ur endurunninn kopar fr\u00e1 Finnlandi. 40 tonn!<\/div>\n<div dir=\"auto\">\n<figure id=\"attachment_1878\" aria-describedby=\"caption-attachment-1878\" style=\"width: 300px\" class=\"wp-caption aligncenter\"><img loading=\"lazy\" decoding=\"async\" class=\"wp-image-1878 size-medium\" src=\"https:\/\/eirikurjonsson.is\/wp-content\/uploads\/2024\/04\/borsen-2-300x212.jpg\" alt=\"Handverk \u00ed heimsklassa.\" width=\"300\" height=\"212\" srcset=\"https:\/\/eirikurjonsson.is\/wp-content\/uploads\/2024\/04\/borsen-2-300x212.jpg 300w, https:\/\/eirikurjonsson.is\/wp-content\/uploads\/2024\/04\/borsen-2-696x493.jpg 696w, https:\/\/eirikurjonsson.is\/wp-content\/uploads\/2024\/04\/borsen-2.jpg 760w\" sizes=\"auto, (max-width: 300px) 100vw, 300px\" \/><figcaption id=\"caption-attachment-1878\" class=\"wp-caption-text\">Handverk \u00ed heimsklassa.<\/figcaption><\/figure>\n<\/div>\n<div dir=\"auto\">&#8211;<\/div>\n<div dir=\"auto\">Kopar og tr\u00e9smi\u00f0unum sem m\u00e6ttu til vinnu kl. 06.30 \u00fe\u00e1 um morgunnin og \u00feurftu a\u00f0 fl\u00fdja branninn hefur \u00f6llum veri\u00f0 bo\u00f0i\u00f0 \u00e1fallahj\u00e1lp.<\/div>\n<div dir=\"auto\">&#8211;<\/div>\n<div dir=\"auto\">Fj\u00f3rir milljar\u00f0ar \u00edslenskra kr\u00f3na kostar verki\u00f0 og eigandi h\u00fassins sem er \u00ed eigu Dansk Erhverv, Atvinnurekendasambandsins, \u00e6tla\u00f0i a\u00f0 borga helming. Restin er fengin \u00far \u00fdmsum sj\u00f3\u00f0um.<\/div>\n<div dir=\"auto\">Sj\u00e1i\u00f0 myndirnar af \u00feessu handverki!<\/div>\n","protected":false},"excerpt":{"rendered":"<p>Sveinn Mark\u00fasson j\u00e1rnlistama\u00f0ur segir s\u00f6guna um koparinn \u00ed kauph\u00f6llinni B\u00f6rsen \u00ed Kaupmannah\u00f6fn sem brann fyrir skemmstu &#8211; byggt 1624. &#8222;Sj\u00e1i\u00f0 handverki\u00f0,&#8220; segir hann: &#8211; Blessa\u00f0 handverksf\u00f3lki\u00f0. Tr\u00e9smi\u00f0unum og koparsmi\u00f0unum sem h\u00f6f\u00f0u unni\u00f0 a\u00f0 endursm\u00ed\u00f0i \u00e1 \u00feaki g\u00f6mlu kauphallarinnar s\u00ed\u00f0an s\u00ed\u00f0la \u00e1rs 2022, s\u00e1u s\u00edna vinnu brenna upp \u00e1 \u00feri\u00f0judaginn sem var. \u00deri\u00f0jungur af 3700 fermetra [&hellip;]<\/p>\n","protected":false},"author":2,"featured_media":1877,"comment_status":"open","ping_status":"open","sticky":false,"template":"","format":"standard","meta":{"_monsterinsights_skip_tracking":false,"_monsterinsights_sitenote_active":false,"_monsterinsights_sitenote_note":"","_monsterinsights_sitenote_category":0,"footnotes":""},"categories":[31],"tags":[],"class_list":{"0":"post-1876","1":"post","2":"type-post","3":"status-publish","4":"format-standard","5":"has-post-thumbnail","7":"category-greinar"},"yoast_head":"<!-- This site is optimized with the Yoast SEO plugin v22.0 - https:\/\/yoast.com\/wordpress\/plugins\/seo\/ -->\n<title>KOPARINN \u00cd B\u00d6RSEN - BLESSA\u00d0 HANDVERKSF\u00d3LKI\u00d0 &#8211; Eir\u00edkur J\u00f3nsson<\/title>\n<meta name=\"robots\" content=\"index, follow, max-snippet:-1, max-image-preview:large, max-video-preview:-1\" \/>\n<link rel=\"canonical\" href=\"https:\/\/eirikurjonsson.is\/index.php\/2024\/04\/23\/koparinn-i-borsen-blessad-handverksfolkid\/\" \/>\n<meta property=\"og:locale\" content=\"is_IS\" \/>\n<meta property=\"og:type\" content=\"article\" \/>\n<meta property=\"og:title\" content=\"KOPARINN \u00cd B\u00d6RSEN - BLESSA\u00d0 HANDVERKSF\u00d3LKI\u00d0 &#8211; Eir\u00edkur J\u00f3nsson\" \/>\n<meta property=\"og:description\" content=\"Sveinn Mark\u00fasson j\u00e1rnlistama\u00f0ur segir s\u00f6guna um koparinn \u00ed kauph\u00f6llinni B\u00f6rsen \u00ed Kaupmannah\u00f6fn sem brann fyrir skemmstu &#8211; byggt 1624. &#8222;Sj\u00e1i\u00f0 handverki\u00f0,&#8220; segir hann: &#8211; Blessa\u00f0 handverksf\u00f3lki\u00f0. Tr\u00e9smi\u00f0unum og koparsmi\u00f0unum sem h\u00f6f\u00f0u unni\u00f0 a\u00f0 endursm\u00ed\u00f0i \u00e1 \u00feaki g\u00f6mlu kauphallarinnar s\u00ed\u00f0an s\u00ed\u00f0la \u00e1rs 2022, s\u00e1u s\u00edna vinnu brenna upp \u00e1 \u00feri\u00f0judaginn sem var. \u00deri\u00f0jungur af 3700 fermetra [&hellip;]\" \/>\n<meta property=\"og:url\" content=\"https:\/\/eirikurjonsson.is\/index.php\/2024\/04\/23\/koparinn-i-borsen-blessad-handverksfolkid\/\" \/>\n<meta property=\"og:site_name\" content=\"Eir\u00edkur J\u00f3nsson\" \/>\n<meta property=\"article:published_time\" content=\"2024-04-23T10:50:48+00:00\" \/>\n<meta property=\"og:image\" content=\"https:\/\/eirikurjonsson.is\/wp-content\/uploads\/2024\/04\/borsen-1.jpg\" \/>\n\t<meta property=\"og:image:width\" content=\"763\" \/>\n\t<meta property=\"og:image:height\" content=\"489\" \/>\n\t<meta property=\"og:image:type\" content=\"image\/jpeg\" \/>\n<meta name=\"author\" content=\"eir\" \/>\n<meta name=\"twitter:card\" content=\"summary_large_image\" \/>\n<meta name=\"twitter:label1\" content=\"Written by\" \/>\n\t<meta name=\"twitter:data1\" content=\"eir\" \/>\n\t<meta name=\"twitter:label2\" content=\"Est. reading time\" \/>\n\t<meta name=\"twitter:data2\" content=\"2 minutes\" \/>\n<script type=\"application\/ld+json\" class=\"yoast-schema-graph\">{\"@context\":\"https:\/\/schema.org\",\"@graph\":[{\"@type\":\"WebPage\",\"@id\":\"https:\/\/eirikurjonsson.is\/index.php\/2024\/04\/23\/koparinn-i-borsen-blessad-handverksfolkid\/\",\"url\":\"https:\/\/eirikurjonsson.is\/index.php\/2024\/04\/23\/koparinn-i-borsen-blessad-handverksfolkid\/\",\"name\":\"KOPARINN \u00cd B\u00d6RSEN - BLESSA\u00d0 HANDVERKSF\u00d3LKI\u00d0 &#8211; Eir\u00edkur J\u00f3nsson\",\"isPartOf\":{\"@id\":\"https:\/\/eirikurjonsson.is\/#website\"},\"datePublished\":\"2024-04-23T10:50:48+00:00\",\"dateModified\":\"2024-04-23T10:50:48+00:00\",\"author\":{\"@id\":\"https:\/\/eirikurjonsson.is\/#\/schema\/person\/308afa1d0e201918034e31b1da4f07a5\"},\"breadcrumb\":{\"@id\":\"https:\/\/eirikurjonsson.is\/index.php\/2024\/04\/23\/koparinn-i-borsen-blessad-handverksfolkid\/#breadcrumb\"},\"inLanguage\":\"is\",\"potentialAction\":[{\"@type\":\"ReadAction\",\"target\":[\"https:\/\/eirikurjonsson.is\/index.php\/2024\/04\/23\/koparinn-i-borsen-blessad-handverksfolkid\/\"]}]},{\"@type\":\"BreadcrumbList\",\"@id\":\"https:\/\/eirikurjonsson.is\/index.php\/2024\/04\/23\/koparinn-i-borsen-blessad-handverksfolkid\/#breadcrumb\",\"itemListElement\":[{\"@type\":\"ListItem\",\"position\":1,\"name\":\"Home\",\"item\":\"https:\/\/eirikurjonsson.is\/\"},{\"@type\":\"ListItem\",\"position\":2,\"name\":\"KOPARINN \u00cd B\u00d6RSEN &#8211; BLESSA\u00d0 HANDVERKSF\u00d3LKI\u00d0\"}]},{\"@type\":\"WebSite\",\"@id\":\"https:\/\/eirikurjonsson.is\/#website\",\"url\":\"https:\/\/eirikurjonsson.is\/\",\"name\":\"Eir\u00edkur J\u00f3nsson\",\"description\":\"Eir\u00edkur J\u00f3nsson | EIR eirikurjonsson.is\",\"potentialAction\":[{\"@type\":\"SearchAction\",\"target\":{\"@type\":\"EntryPoint\",\"urlTemplate\":\"https:\/\/eirikurjonsson.is\/?s={search_term_string}\"},\"query-input\":\"required name=search_term_string\"}],\"inLanguage\":\"is\"},{\"@type\":\"Person\",\"@id\":\"https:\/\/eirikurjonsson.is\/#\/schema\/person\/308afa1d0e201918034e31b1da4f07a5\",\"name\":\"eir\",\"image\":{\"@type\":\"ImageObject\",\"inLanguage\":\"is\",\"@id\":\"https:\/\/eirikurjonsson.is\/#\/schema\/person\/image\/\",\"url\":\"https:\/\/secure.gravatar.com\/avatar\/b6748316a4400053a1fa9f4694b38d294dc5da6f4bacc727742bd8f3e689f87c?s=96&d=mm&r=g\",\"contentUrl\":\"https:\/\/secure.gravatar.com\/avatar\/b6748316a4400053a1fa9f4694b38d294dc5da6f4bacc727742bd8f3e689f87c?s=96&d=mm&r=g\",\"caption\":\"eir\"},\"url\":\"https:\/\/eirikurjonsson.is\/index.php\/author\/eir\/\"}]}<\/script>\n<!-- \/ Yoast SEO plugin. -->","yoast_head_json":{"title":"KOPARINN \u00cd B\u00d6RSEN - BLESSA\u00d0 HANDVERKSF\u00d3LKI\u00d0 &#8211; Eir\u00edkur J\u00f3nsson","robots":{"index":"index","follow":"follow","max-snippet":"max-snippet:-1","max-image-preview":"max-image-preview:large","max-video-preview":"max-video-preview:-1"},"canonical":"https:\/\/eirikurjonsson.is\/index.php\/2024\/04\/23\/koparinn-i-borsen-blessad-handverksfolkid\/","og_locale":"is_IS","og_type":"article","og_title":"KOPARINN \u00cd B\u00d6RSEN - BLESSA\u00d0 HANDVERKSF\u00d3LKI\u00d0 &#8211; Eir\u00edkur J\u00f3nsson","og_description":"Sveinn Mark\u00fasson j\u00e1rnlistama\u00f0ur segir s\u00f6guna um koparinn \u00ed kauph\u00f6llinni B\u00f6rsen \u00ed Kaupmannah\u00f6fn sem brann fyrir skemmstu &#8211; byggt 1624. &#8222;Sj\u00e1i\u00f0 handverki\u00f0,&#8220; segir hann: &#8211; Blessa\u00f0 handverksf\u00f3lki\u00f0. Tr\u00e9smi\u00f0unum og koparsmi\u00f0unum sem h\u00f6f\u00f0u unni\u00f0 a\u00f0 endursm\u00ed\u00f0i \u00e1 \u00feaki g\u00f6mlu kauphallarinnar s\u00ed\u00f0an s\u00ed\u00f0la \u00e1rs 2022, s\u00e1u s\u00edna vinnu brenna upp \u00e1 \u00feri\u00f0judaginn sem var. \u00deri\u00f0jungur af 3700 fermetra [&hellip;]","og_url":"https:\/\/eirikurjonsson.is\/index.php\/2024\/04\/23\/koparinn-i-borsen-blessad-handverksfolkid\/","og_site_name":"Eir\u00edkur J\u00f3nsson","article_published_time":"2024-04-23T10:50:48+00:00","og_image":[{"width":763,"height":489,"url":"https:\/\/eirikurjonsson.is\/wp-content\/uploads\/2024\/04\/borsen-1.jpg","type":"image\/jpeg"}],"author":"eir","twitter_card":"summary_large_image","twitter_misc":{"Written by":"eir","Est. reading time":"2 minutes"},"schema":{"@context":"https:\/\/schema.org","@graph":[{"@type":"WebPage","@id":"https:\/\/eirikurjonsson.is\/index.php\/2024\/04\/23\/koparinn-i-borsen-blessad-handverksfolkid\/","url":"https:\/\/eirikurjonsson.is\/index.php\/2024\/04\/23\/koparinn-i-borsen-blessad-handverksfolkid\/","name":"KOPARINN \u00cd B\u00d6RSEN - BLESSA\u00d0 HANDVERKSF\u00d3LKI\u00d0 &#8211; Eir\u00edkur J\u00f3nsson","isPartOf":{"@id":"https:\/\/eirikurjonsson.is\/#website"},"datePublished":"2024-04-23T10:50:48+00:00","dateModified":"2024-04-23T10:50:48+00:00","author":{"@id":"https:\/\/eirikurjonsson.is\/#\/schema\/person\/308afa1d0e201918034e31b1da4f07a5"},"breadcrumb":{"@id":"https:\/\/eirikurjonsson.is\/index.php\/2024\/04\/23\/koparinn-i-borsen-blessad-handverksfolkid\/#breadcrumb"},"inLanguage":"is","potentialAction":[{"@type":"ReadAction","target":["https:\/\/eirikurjonsson.is\/index.php\/2024\/04\/23\/koparinn-i-borsen-blessad-handverksfolkid\/"]}]},{"@type":"BreadcrumbList","@id":"https:\/\/eirikurjonsson.is\/index.php\/2024\/04\/23\/koparinn-i-borsen-blessad-handverksfolkid\/#breadcrumb","itemListElement":[{"@type":"ListItem","position":1,"name":"Home","item":"https:\/\/eirikurjonsson.is\/"},{"@type":"ListItem","position":2,"name":"KOPARINN \u00cd B\u00d6RSEN &#8211; BLESSA\u00d0 HANDVERKSF\u00d3LKI\u00d0"}]},{"@type":"WebSite","@id":"https:\/\/eirikurjonsson.is\/#website","url":"https:\/\/eirikurjonsson.is\/","name":"Eir\u00edkur J\u00f3nsson","description":"Eir\u00edkur J\u00f3nsson | EIR eirikurjonsson.is","potentialAction":[{"@type":"SearchAction","target":{"@type":"EntryPoint","urlTemplate":"https:\/\/eirikurjonsson.is\/?s={search_term_string}"},"query-input":"required name=search_term_string"}],"inLanguage":"is"},{"@type":"Person","@id":"https:\/\/eirikurjonsson.is\/#\/schema\/person\/308afa1d0e201918034e31b1da4f07a5","name":"eir","image":{"@type":"ImageObject","inLanguage":"is","@id":"https:\/\/eirikurjonsson.is\/#\/schema\/person\/image\/","url":"https:\/\/secure.gravatar.com\/avatar\/b6748316a4400053a1fa9f4694b38d294dc5da6f4bacc727742bd8f3e689f87c?s=96&d=mm&r=g","contentUrl":"https:\/\/secure.gravatar.com\/avatar\/b6748316a4400053a1fa9f4694b38d294dc5da6f4bacc727742bd8f3e689f87c?s=96&d=mm&r=g","caption":"eir"},"url":"https:\/\/eirikurjonsson.is\/index.php\/author\/eir\/"}]}},"_links":{"self":[{"href":"https:\/\/eirikurjonsson.is\/index.php\/wp-json\/wp\/v2\/posts\/1876","targetHints":{"allow":["GET"]}}],"collection":[{"href":"https:\/\/eirikurjonsson.is\/index.php\/wp-json\/wp\/v2\/posts"}],"about":[{"href":"https:\/\/eirikurjonsson.is\/index.php\/wp-json\/wp\/v2\/types\/post"}],"author":[{"embeddable":true,"href":"https:\/\/eirikurjonsson.is\/index.php\/wp-json\/wp\/v2\/users\/2"}],"replies":[{"embeddable":true,"href":"https:\/\/eirikurjonsson.is\/index.php\/wp-json\/wp\/v2\/comments?post=1876"}],"version-history":[{"count":1,"href":"https:\/\/eirikurjonsson.is\/index.php\/wp-json\/wp\/v2\/posts\/1876\/revisions"}],"predecessor-version":[{"id":1879,"href":"https:\/\/eirikurjonsson.is\/index.php\/wp-json\/wp\/v2\/posts\/1876\/revisions\/1879"}],"wp:featuredmedia":[{"embeddable":true,"href":"https:\/\/eirikurjonsson.is\/index.php\/wp-json\/wp\/v2\/media\/1877"}],"wp:attachment":[{"href":"https:\/\/eirikurjonsson.is\/index.php\/wp-json\/wp\/v2\/media?parent=1876"}],"wp:term":[{"taxonomy":"category","embeddable":true,"href":"https:\/\/eirikurjonsson.is\/index.php\/wp-json\/wp\/v2\/categories?post=1876"},{"taxonomy":"post_tag","embeddable":true,"href":"https:\/\/eirikurjonsson.is\/index.php\/wp-json\/wp\/v2\/tags?post=1876"}],"curies":[{"name":"wp","href":"https:\/\/api.w.org\/{rel}","templated":true}]}}