{"id":1709,"date":"2024-04-10T13:39:36","date_gmt":"2024-04-10T13:39:36","guid":{"rendered":"https:\/\/eirikurjonsson.is\/?p=1709"},"modified":"2024-04-10T13:44:30","modified_gmt":"2024-04-10T13:44:30","slug":"vinnustofa-kjarvals-opnar-galleri-thar-sem-adur-satu-thingmenn","status":"publish","type":"post","link":"https:\/\/eirikurjonsson.is\/index.php\/2024\/04\/10\/vinnustofa-kjarvals-opnar-galleri-thar-sem-adur-satu-thingmenn\/","title":{"rendered":"VINNUSTOFAN KJARVAL OPNAR GALLER\u00cd \u00deAR SEM \u00c1\u00d0UR S\u00c1TU \u00deINGMENN"},"content":{"rendered":"<p>Eigendur Vinnustofu Kjarval \u00ed Austurstr\u00e6fi 10 eru a\u00f0 opna galler\u00ed me\u00f0 gl\u00e6silegum s\u00fdningarsal \u00e1 h\u00e6\u00f0inni fyrir ne\u00f0an sj\u00e1lfa Vinnustofuna en \u00e1 \u00feeirri h\u00e6\u00f0 voru \u00e1\u00f0ur skrifstofur \u00feingmanna sem fluttir hafa veri\u00f0 \u00ed n\u00fdja byggingu handan Austurstr\u00e6tis. Fyrsta opnun a\u00f0 bresta \u00e1 eftir nokkrar vikur.<\/p>\n<p>Vinnustofa Kjarval leigir b\u00e6\u00f0i \u00fat vinnua\u00f0st\u00f6\u00f0ur fyrir einstaklega auk \u00feess sem sta\u00f0urinn er vins\u00e6ll samkomusta\u00f0ur b\u00e6\u00f0i fyrir bolta og b\u00fas en rekin sem kl\u00fabbur og m\u00e1na\u00f0agjald innheimt me\u00f0 s\u00f6lu \u00e1 lykilor\u00f0i sem stimpla\u00f0 er inn vi\u00f0 \u00fatyrnar \u00ed Austurstr\u00e6ti. M\u00e1na\u00f0argjaldi\u00f0 spannar fr\u00e1 t\u00e6pum 20 \u00fe\u00fasund kr\u00f3num og jafnvel upp \u00ed 60 \u00fe\u00fasund.<\/p>\n<figure id=\"attachment_1711\" aria-describedby=\"caption-attachment-1711\" style=\"width: 300px\" class=\"wp-caption aligncenter\"><img loading=\"lazy\" decoding=\"async\" class=\"wp-image-1711 size-medium\" src=\"https:\/\/eirikurjonsson.is\/wp-content\/uploads\/2024\/04\/kjarval-1-300x161.jpg\" alt=\"Veigarnar fl\u00e6\u00f0a \u00e1 Kjarval.\" width=\"300\" height=\"161\" srcset=\"https:\/\/eirikurjonsson.is\/wp-content\/uploads\/2024\/04\/kjarval-1-300x161.jpg 300w, https:\/\/eirikurjonsson.is\/wp-content\/uploads\/2024\/04\/kjarval-1-768x411.jpg 768w, https:\/\/eirikurjonsson.is\/wp-content\/uploads\/2024\/04\/kjarval-1-696x373.jpg 696w, https:\/\/eirikurjonsson.is\/wp-content\/uploads\/2024\/04\/kjarval-1.jpg 950w\" sizes=\"auto, (max-width: 300px) 100vw, 300px\" \/><figcaption id=\"caption-attachment-1711\" class=\"wp-caption-text\">Veigarnar fl\u00e6\u00f0a \u00e1 Kjarval.<\/figcaption><\/figure>\n<p>Eigandi Kjarval er sag\u00f0ur skur\u00f0l\u00e6knir fr\u00e1 Akureyri, Hj\u00f6rtur G. G\u00edslason, sem var\u00f0 \u00fear skattak\u00f3ngur fyrir nokkru en f\u00e9 sitt hefur hann s\u00f3tt \u00ed \u00fatr\u00e1s me\u00f0 magaermis a\u00f0ger\u00f0ir sem framkv\u00e6mdar eru \u00ed mi\u00f0b\u00e6 Malm\u00f6 \u00ed Sv\u00ed\u00fej\u00f3\u00f0 og kosta 89.000 kr\u00f3nur stykki\u00f0. Hefur Hj\u00f6rtur gert 20.000 a\u00f0ger\u00f0ir til \u00feessa.<\/p>\n<figure id=\"attachment_1713\" aria-describedby=\"caption-attachment-1713\" style=\"width: 300px\" class=\"wp-caption aligncenter\"><img loading=\"lazy\" decoding=\"async\" class=\"wp-image-1713 size-medium\" src=\"https:\/\/eirikurjonsson.is\/wp-content\/uploads\/2024\/04\/kjarvaal2-300x240.jpg\" alt=\"...og boltinn \u00ed beinni \u00feegar miki\u00f0 stendur til.\" width=\"300\" height=\"240\" srcset=\"https:\/\/eirikurjonsson.is\/wp-content\/uploads\/2024\/04\/kjarvaal2-300x240.jpg 300w, https:\/\/eirikurjonsson.is\/wp-content\/uploads\/2024\/04\/kjarvaal2.jpg 583w\" sizes=\"auto, (max-width: 300px) 100vw, 300px\" \/><figcaption id=\"caption-attachment-1713\" class=\"wp-caption-text\">&#8230;og boltinn \u00ed beinni \u00feegar miki\u00f0 stendur til.<\/figcaption><\/figure>\n","protected":false},"excerpt":{"rendered":"<p>Eigendur Vinnustofu Kjarval \u00ed Austurstr\u00e6fi 10 eru a\u00f0 opna galler\u00ed me\u00f0 gl\u00e6silegum s\u00fdningarsal \u00e1 h\u00e6\u00f0inni fyrir ne\u00f0an sj\u00e1lfa Vinnustofuna en \u00e1 \u00feeirri h\u00e6\u00f0 voru \u00e1\u00f0ur skrifstofur \u00feingmanna sem fluttir hafa veri\u00f0 \u00ed n\u00fdja byggingu handan Austurstr\u00e6tis. Fyrsta opnun a\u00f0 bresta \u00e1 eftir nokkrar vikur. Vinnustofa Kjarval leigir b\u00e6\u00f0i \u00fat vinnua\u00f0st\u00f6\u00f0ur fyrir einstaklega auk \u00feess sem [&hellip;]<\/p>\n","protected":false},"author":2,"featured_media":1710,"comment_status":"open","ping_status":"open","sticky":false,"template":"","format":"standard","meta":{"_monsterinsights_skip_tracking":false,"_monsterinsights_sitenote_active":false,"_monsterinsights_sitenote_note":"","_monsterinsights_sitenote_category":0,"footnotes":""},"categories":[31],"tags":[],"class_list":{"0":"post-1709","1":"post","2":"type-post","3":"status-publish","4":"format-standard","5":"has-post-thumbnail","7":"category-greinar"},"yoast_head":"<!-- This site is optimized with the Yoast SEO plugin v22.0 - https:\/\/yoast.com\/wordpress\/plugins\/seo\/ -->\n<title>VINNUSTOFAN KJARVAL OPNAR GALLER\u00cd \u00deAR SEM \u00c1\u00d0UR S\u00c1TU \u00deINGMENN &#8211; Eir\u00edkur J\u00f3nsson<\/title>\n<meta name=\"robots\" content=\"index, follow, max-snippet:-1, max-image-preview:large, max-video-preview:-1\" \/>\n<link rel=\"canonical\" href=\"https:\/\/eirikurjonsson.is\/index.php\/2024\/04\/10\/vinnustofa-kjarvals-opnar-galleri-thar-sem-adur-satu-thingmenn\/\" \/>\n<meta property=\"og:locale\" content=\"is_IS\" \/>\n<meta property=\"og:type\" content=\"article\" \/>\n<meta property=\"og:title\" content=\"VINNUSTOFAN KJARVAL OPNAR GALLER\u00cd \u00deAR SEM \u00c1\u00d0UR S\u00c1TU \u00deINGMENN &#8211; Eir\u00edkur J\u00f3nsson\" \/>\n<meta property=\"og:description\" content=\"Eigendur Vinnustofu Kjarval \u00ed Austurstr\u00e6fi 10 eru a\u00f0 opna galler\u00ed me\u00f0 gl\u00e6silegum s\u00fdningarsal \u00e1 h\u00e6\u00f0inni fyrir ne\u00f0an sj\u00e1lfa Vinnustofuna en \u00e1 \u00feeirri h\u00e6\u00f0 voru \u00e1\u00f0ur skrifstofur \u00feingmanna sem fluttir hafa veri\u00f0 \u00ed n\u00fdja byggingu handan Austurstr\u00e6tis. Fyrsta opnun a\u00f0 bresta \u00e1 eftir nokkrar vikur. Vinnustofa Kjarval leigir b\u00e6\u00f0i \u00fat vinnua\u00f0st\u00f6\u00f0ur fyrir einstaklega auk \u00feess sem [&hellip;]\" \/>\n<meta property=\"og:url\" content=\"https:\/\/eirikurjonsson.is\/index.php\/2024\/04\/10\/vinnustofa-kjarvals-opnar-galleri-thar-sem-adur-satu-thingmenn\/\" \/>\n<meta property=\"og:site_name\" content=\"Eir\u00edkur J\u00f3nsson\" \/>\n<meta property=\"article:published_time\" content=\"2024-04-10T13:39:36+00:00\" \/>\n<meta property=\"article:modified_time\" content=\"2024-04-10T13:44:30+00:00\" \/>\n<meta property=\"og:image\" content=\"https:\/\/eirikurjonsson.is\/wp-content\/uploads\/2024\/04\/hjortur.jpg\" \/>\n\t<meta property=\"og:image:width\" content=\"724\" \/>\n\t<meta property=\"og:image:height\" content=\"456\" \/>\n\t<meta property=\"og:image:type\" content=\"image\/jpeg\" \/>\n<meta name=\"author\" content=\"eir\" \/>\n<meta name=\"twitter:card\" content=\"summary_large_image\" \/>\n<meta name=\"twitter:label1\" content=\"Written by\" \/>\n\t<meta name=\"twitter:data1\" content=\"eir\" \/>\n\t<meta name=\"twitter:label2\" content=\"Est. reading time\" \/>\n\t<meta name=\"twitter:data2\" content=\"2 minutes\" \/>\n<script type=\"application\/ld+json\" class=\"yoast-schema-graph\">{\"@context\":\"https:\/\/schema.org\",\"@graph\":[{\"@type\":\"WebPage\",\"@id\":\"https:\/\/eirikurjonsson.is\/index.php\/2024\/04\/10\/vinnustofa-kjarvals-opnar-galleri-thar-sem-adur-satu-thingmenn\/\",\"url\":\"https:\/\/eirikurjonsson.is\/index.php\/2024\/04\/10\/vinnustofa-kjarvals-opnar-galleri-thar-sem-adur-satu-thingmenn\/\",\"name\":\"VINNUSTOFAN KJARVAL OPNAR GALLER\u00cd \u00deAR SEM \u00c1\u00d0UR S\u00c1TU \u00deINGMENN &#8211; Eir\u00edkur J\u00f3nsson\",\"isPartOf\":{\"@id\":\"https:\/\/eirikurjonsson.is\/#website\"},\"datePublished\":\"2024-04-10T13:39:36+00:00\",\"dateModified\":\"2024-04-10T13:44:30+00:00\",\"author\":{\"@id\":\"https:\/\/eirikurjonsson.is\/#\/schema\/person\/308afa1d0e201918034e31b1da4f07a5\"},\"breadcrumb\":{\"@id\":\"https:\/\/eirikurjonsson.is\/index.php\/2024\/04\/10\/vinnustofa-kjarvals-opnar-galleri-thar-sem-adur-satu-thingmenn\/#breadcrumb\"},\"inLanguage\":\"is\",\"potentialAction\":[{\"@type\":\"ReadAction\",\"target\":[\"https:\/\/eirikurjonsson.is\/index.php\/2024\/04\/10\/vinnustofa-kjarvals-opnar-galleri-thar-sem-adur-satu-thingmenn\/\"]}]},{\"@type\":\"BreadcrumbList\",\"@id\":\"https:\/\/eirikurjonsson.is\/index.php\/2024\/04\/10\/vinnustofa-kjarvals-opnar-galleri-thar-sem-adur-satu-thingmenn\/#breadcrumb\",\"itemListElement\":[{\"@type\":\"ListItem\",\"position\":1,\"name\":\"Home\",\"item\":\"https:\/\/eirikurjonsson.is\/\"},{\"@type\":\"ListItem\",\"position\":2,\"name\":\"VINNUSTOFAN KJARVAL OPNAR GALLER\u00cd \u00deAR SEM \u00c1\u00d0UR S\u00c1TU \u00deINGMENN\"}]},{\"@type\":\"WebSite\",\"@id\":\"https:\/\/eirikurjonsson.is\/#website\",\"url\":\"https:\/\/eirikurjonsson.is\/\",\"name\":\"Eir\u00edkur J\u00f3nsson\",\"description\":\"Eir\u00edkur J\u00f3nsson | EIR eirikurjonsson.is\",\"potentialAction\":[{\"@type\":\"SearchAction\",\"target\":{\"@type\":\"EntryPoint\",\"urlTemplate\":\"https:\/\/eirikurjonsson.is\/?s={search_term_string}\"},\"query-input\":\"required name=search_term_string\"}],\"inLanguage\":\"is\"},{\"@type\":\"Person\",\"@id\":\"https:\/\/eirikurjonsson.is\/#\/schema\/person\/308afa1d0e201918034e31b1da4f07a5\",\"name\":\"eir\",\"image\":{\"@type\":\"ImageObject\",\"inLanguage\":\"is\",\"@id\":\"https:\/\/eirikurjonsson.is\/#\/schema\/person\/image\/\",\"url\":\"https:\/\/secure.gravatar.com\/avatar\/b6748316a4400053a1fa9f4694b38d294dc5da6f4bacc727742bd8f3e689f87c?s=96&d=mm&r=g\",\"contentUrl\":\"https:\/\/secure.gravatar.com\/avatar\/b6748316a4400053a1fa9f4694b38d294dc5da6f4bacc727742bd8f3e689f87c?s=96&d=mm&r=g\",\"caption\":\"eir\"},\"url\":\"https:\/\/eirikurjonsson.is\/index.php\/author\/eir\/\"}]}<\/script>\n<!-- \/ Yoast SEO plugin. -->","yoast_head_json":{"title":"VINNUSTOFAN KJARVAL OPNAR GALLER\u00cd \u00deAR SEM \u00c1\u00d0UR S\u00c1TU \u00deINGMENN &#8211; Eir\u00edkur J\u00f3nsson","robots":{"index":"index","follow":"follow","max-snippet":"max-snippet:-1","max-image-preview":"max-image-preview:large","max-video-preview":"max-video-preview:-1"},"canonical":"https:\/\/eirikurjonsson.is\/index.php\/2024\/04\/10\/vinnustofa-kjarvals-opnar-galleri-thar-sem-adur-satu-thingmenn\/","og_locale":"is_IS","og_type":"article","og_title":"VINNUSTOFAN KJARVAL OPNAR GALLER\u00cd \u00deAR SEM \u00c1\u00d0UR S\u00c1TU \u00deINGMENN &#8211; Eir\u00edkur J\u00f3nsson","og_description":"Eigendur Vinnustofu Kjarval \u00ed Austurstr\u00e6fi 10 eru a\u00f0 opna galler\u00ed me\u00f0 gl\u00e6silegum s\u00fdningarsal \u00e1 h\u00e6\u00f0inni fyrir ne\u00f0an sj\u00e1lfa Vinnustofuna en \u00e1 \u00feeirri h\u00e6\u00f0 voru \u00e1\u00f0ur skrifstofur \u00feingmanna sem fluttir hafa veri\u00f0 \u00ed n\u00fdja byggingu handan Austurstr\u00e6tis. Fyrsta opnun a\u00f0 bresta \u00e1 eftir nokkrar vikur. Vinnustofa Kjarval leigir b\u00e6\u00f0i \u00fat vinnua\u00f0st\u00f6\u00f0ur fyrir einstaklega auk \u00feess sem [&hellip;]","og_url":"https:\/\/eirikurjonsson.is\/index.php\/2024\/04\/10\/vinnustofa-kjarvals-opnar-galleri-thar-sem-adur-satu-thingmenn\/","og_site_name":"Eir\u00edkur J\u00f3nsson","article_published_time":"2024-04-10T13:39:36+00:00","article_modified_time":"2024-04-10T13:44:30+00:00","og_image":[{"width":724,"height":456,"url":"https:\/\/eirikurjonsson.is\/wp-content\/uploads\/2024\/04\/hjortur.jpg","type":"image\/jpeg"}],"author":"eir","twitter_card":"summary_large_image","twitter_misc":{"Written by":"eir","Est. reading time":"2 minutes"},"schema":{"@context":"https:\/\/schema.org","@graph":[{"@type":"WebPage","@id":"https:\/\/eirikurjonsson.is\/index.php\/2024\/04\/10\/vinnustofa-kjarvals-opnar-galleri-thar-sem-adur-satu-thingmenn\/","url":"https:\/\/eirikurjonsson.is\/index.php\/2024\/04\/10\/vinnustofa-kjarvals-opnar-galleri-thar-sem-adur-satu-thingmenn\/","name":"VINNUSTOFAN KJARVAL OPNAR GALLER\u00cd \u00deAR SEM \u00c1\u00d0UR S\u00c1TU \u00deINGMENN &#8211; Eir\u00edkur J\u00f3nsson","isPartOf":{"@id":"https:\/\/eirikurjonsson.is\/#website"},"datePublished":"2024-04-10T13:39:36+00:00","dateModified":"2024-04-10T13:44:30+00:00","author":{"@id":"https:\/\/eirikurjonsson.is\/#\/schema\/person\/308afa1d0e201918034e31b1da4f07a5"},"breadcrumb":{"@id":"https:\/\/eirikurjonsson.is\/index.php\/2024\/04\/10\/vinnustofa-kjarvals-opnar-galleri-thar-sem-adur-satu-thingmenn\/#breadcrumb"},"inLanguage":"is","potentialAction":[{"@type":"ReadAction","target":["https:\/\/eirikurjonsson.is\/index.php\/2024\/04\/10\/vinnustofa-kjarvals-opnar-galleri-thar-sem-adur-satu-thingmenn\/"]}]},{"@type":"BreadcrumbList","@id":"https:\/\/eirikurjonsson.is\/index.php\/2024\/04\/10\/vinnustofa-kjarvals-opnar-galleri-thar-sem-adur-satu-thingmenn\/#breadcrumb","itemListElement":[{"@type":"ListItem","position":1,"name":"Home","item":"https:\/\/eirikurjonsson.is\/"},{"@type":"ListItem","position":2,"name":"VINNUSTOFAN KJARVAL OPNAR GALLER\u00cd \u00deAR SEM \u00c1\u00d0UR S\u00c1TU \u00deINGMENN"}]},{"@type":"WebSite","@id":"https:\/\/eirikurjonsson.is\/#website","url":"https:\/\/eirikurjonsson.is\/","name":"Eir\u00edkur J\u00f3nsson","description":"Eir\u00edkur J\u00f3nsson | EIR eirikurjonsson.is","potentialAction":[{"@type":"SearchAction","target":{"@type":"EntryPoint","urlTemplate":"https:\/\/eirikurjonsson.is\/?s={search_term_string}"},"query-input":"required name=search_term_string"}],"inLanguage":"is"},{"@type":"Person","@id":"https:\/\/eirikurjonsson.is\/#\/schema\/person\/308afa1d0e201918034e31b1da4f07a5","name":"eir","image":{"@type":"ImageObject","inLanguage":"is","@id":"https:\/\/eirikurjonsson.is\/#\/schema\/person\/image\/","url":"https:\/\/secure.gravatar.com\/avatar\/b6748316a4400053a1fa9f4694b38d294dc5da6f4bacc727742bd8f3e689f87c?s=96&d=mm&r=g","contentUrl":"https:\/\/secure.gravatar.com\/avatar\/b6748316a4400053a1fa9f4694b38d294dc5da6f4bacc727742bd8f3e689f87c?s=96&d=mm&r=g","caption":"eir"},"url":"https:\/\/eirikurjonsson.is\/index.php\/author\/eir\/"}]}},"_links":{"self":[{"href":"https:\/\/eirikurjonsson.is\/index.php\/wp-json\/wp\/v2\/posts\/1709","targetHints":{"allow":["GET"]}}],"collection":[{"href":"https:\/\/eirikurjonsson.is\/index.php\/wp-json\/wp\/v2\/posts"}],"about":[{"href":"https:\/\/eirikurjonsson.is\/index.php\/wp-json\/wp\/v2\/types\/post"}],"author":[{"embeddable":true,"href":"https:\/\/eirikurjonsson.is\/index.php\/wp-json\/wp\/v2\/users\/2"}],"replies":[{"embeddable":true,"href":"https:\/\/eirikurjonsson.is\/index.php\/wp-json\/wp\/v2\/comments?post=1709"}],"version-history":[{"count":4,"href":"https:\/\/eirikurjonsson.is\/index.php\/wp-json\/wp\/v2\/posts\/1709\/revisions"}],"predecessor-version":[{"id":1717,"href":"https:\/\/eirikurjonsson.is\/index.php\/wp-json\/wp\/v2\/posts\/1709\/revisions\/1717"}],"wp:featuredmedia":[{"embeddable":true,"href":"https:\/\/eirikurjonsson.is\/index.php\/wp-json\/wp\/v2\/media\/1710"}],"wp:attachment":[{"href":"https:\/\/eirikurjonsson.is\/index.php\/wp-json\/wp\/v2\/media?parent=1709"}],"wp:term":[{"taxonomy":"category","embeddable":true,"href":"https:\/\/eirikurjonsson.is\/index.php\/wp-json\/wp\/v2\/categories?post=1709"},{"taxonomy":"post_tag","embeddable":true,"href":"https:\/\/eirikurjonsson.is\/index.php\/wp-json\/wp\/v2\/tags?post=1709"}],"curies":[{"name":"wp","href":"https:\/\/api.w.org\/{rel}","templated":true}]}}