{"id":11551,"date":"2026-05-03T12:08:29","date_gmt":"2026-05-03T12:08:29","guid":{"rendered":"https:\/\/eirikurjonsson.is\/?p=11551"},"modified":"2026-05-03T12:10:23","modified_gmt":"2026-05-03T12:10:23","slug":"fimma-peturs-afmaelisbod","status":"publish","type":"post","link":"https:\/\/eirikurjonsson.is\/index.php\/2026\/05\/03\/fimma-peturs-afmaelisbod\/","title":{"rendered":"FIMMA S\u00c9RA P\u00c9TURS &#8211; AFM\u00c6LISBO\u00d0"},"content":{"rendered":"<p>P\u00e9tur \u00deorsetinssin fyrrum prestur \u00d3h\u00e1\u00f0a safna\u00f0arins ver\u00f0ur 71 \u00e1rs 5. ma\u00ed og fimman er honum hugleikin eins og fram kemur \u00ed afm\u00e6lisbo\u00f0skorti hans:<\/p>\n<p><em>&#8222;\u00deann fimmta fimmta, fimmt\u00edu og fimm, klukkann fimm \u00ed fimm, \u00e1 fimmta glasi, vi\u00f0 fimmta mann og \u00e1 fimmtudegi fyrir 71 \u00e1ri s\u00ed\u00f0an, f\u00e6ddist s\u00e9ra P\u00e9tur \u00deorsteinsson. \u00deann fimmta fimmta n\u00e6stkomandi, ver\u00f0ur hef\u00f0bundin afm\u00e6lisdagur \u00fear sem prestsetri\u00f0 opnar fimm \u00ed fimm og frameftir. Vambmikill vi\u00f0urgerningur ver\u00f0ur \u00e1 bor\u00f0um sem og gestab\u00f3kin. Hlakka til a\u00f0 sj\u00e1 \u00feig \u00fear!&#8220;<\/em><\/p>\n","protected":false},"excerpt":{"rendered":"<p>P\u00e9tur \u00deorsetinssin fyrrum prestur \u00d3h\u00e1\u00f0a safna\u00f0arins ver\u00f0ur 71 \u00e1rs 5. ma\u00ed og fimman er honum hugleikin eins og fram kemur \u00ed afm\u00e6lisbo\u00f0skorti hans: &#8222;\u00deann fimmta fimmta, fimmt\u00edu og fimm, klukkann fimm \u00ed fimm, \u00e1 fimmta glasi, vi\u00f0 fimmta mann og \u00e1 fimmtudegi fyrir 71 \u00e1ri s\u00ed\u00f0an, f\u00e6ddist s\u00e9ra P\u00e9tur \u00deorsteinsson. \u00deann fimmta fimmta n\u00e6stkomandi, ver\u00f0ur [&hellip;]<\/p>\n","protected":false},"author":2,"featured_media":11552,"comment_status":"open","ping_status":"open","sticky":false,"template":"","format":"standard","meta":{"_monsterinsights_skip_tracking":false,"_monsterinsights_sitenote_active":false,"_monsterinsights_sitenote_note":"","_monsterinsights_sitenote_category":0,"footnotes":""},"categories":[31],"tags":[],"class_list":{"0":"post-11551","1":"post","2":"type-post","3":"status-publish","4":"format-standard","5":"has-post-thumbnail","7":"category-greinar"},"yoast_head":"<!-- This site is optimized with the Yoast SEO plugin v22.0 - https:\/\/yoast.com\/wordpress\/plugins\/seo\/ -->\n<title>FIMMA S\u00c9RA P\u00c9TURS - AFM\u00c6LISBO\u00d0 &#8211; Eir\u00edkur J\u00f3nsson<\/title>\n<meta name=\"robots\" content=\"index, follow, max-snippet:-1, max-image-preview:large, max-video-preview:-1\" \/>\n<link rel=\"canonical\" href=\"https:\/\/eirikurjonsson.is\/index.php\/2026\/05\/03\/fimma-peturs-afmaelisbod\/\" \/>\n<meta property=\"og:locale\" content=\"is_IS\" \/>\n<meta property=\"og:type\" content=\"article\" \/>\n<meta property=\"og:title\" content=\"FIMMA S\u00c9RA P\u00c9TURS - AFM\u00c6LISBO\u00d0 &#8211; Eir\u00edkur J\u00f3nsson\" \/>\n<meta property=\"og:description\" content=\"P\u00e9tur \u00deorsetinssin fyrrum prestur \u00d3h\u00e1\u00f0a safna\u00f0arins ver\u00f0ur 71 \u00e1rs 5. ma\u00ed og fimman er honum hugleikin eins og fram kemur \u00ed afm\u00e6lisbo\u00f0skorti hans: &#8222;\u00deann fimmta fimmta, fimmt\u00edu og fimm, klukkann fimm \u00ed fimm, \u00e1 fimmta glasi, vi\u00f0 fimmta mann og \u00e1 fimmtudegi fyrir 71 \u00e1ri s\u00ed\u00f0an, f\u00e6ddist s\u00e9ra P\u00e9tur \u00deorsteinsson. \u00deann fimmta fimmta n\u00e6stkomandi, ver\u00f0ur [&hellip;]\" \/>\n<meta property=\"og:url\" content=\"https:\/\/eirikurjonsson.is\/index.php\/2026\/05\/03\/fimma-peturs-afmaelisbod\/\" \/>\n<meta property=\"og:site_name\" content=\"Eir\u00edkur J\u00f3nsson\" \/>\n<meta property=\"article:published_time\" content=\"2026-05-03T12:08:29+00:00\" \/>\n<meta property=\"article:modified_time\" content=\"2026-05-03T12:10:23+00:00\" \/>\n<meta property=\"og:image\" content=\"https:\/\/eirikurjonsson.is\/wp-content\/uploads\/2026\/05\/afmaelibod.jpg\" \/>\n\t<meta property=\"og:image:width\" content=\"1440\" \/>\n\t<meta property=\"og:image:height\" content=\"1190\" \/>\n\t<meta property=\"og:image:type\" content=\"image\/jpeg\" \/>\n<meta name=\"author\" content=\"eir\" \/>\n<meta name=\"twitter:card\" content=\"summary_large_image\" \/>\n<meta name=\"twitter:label1\" content=\"Written by\" \/>\n\t<meta name=\"twitter:data1\" content=\"eir\" \/>\n\t<meta name=\"twitter:label2\" content=\"Est. reading time\" \/>\n\t<meta name=\"twitter:data2\" content=\"1 minute\" \/>\n<script type=\"application\/ld+json\" class=\"yoast-schema-graph\">{\"@context\":\"https:\/\/schema.org\",\"@graph\":[{\"@type\":\"WebPage\",\"@id\":\"https:\/\/eirikurjonsson.is\/index.php\/2026\/05\/03\/fimma-peturs-afmaelisbod\/\",\"url\":\"https:\/\/eirikurjonsson.is\/index.php\/2026\/05\/03\/fimma-peturs-afmaelisbod\/\",\"name\":\"FIMMA S\u00c9RA P\u00c9TURS - AFM\u00c6LISBO\u00d0 &#8211; Eir\u00edkur J\u00f3nsson\",\"isPartOf\":{\"@id\":\"https:\/\/eirikurjonsson.is\/#website\"},\"datePublished\":\"2026-05-03T12:08:29+00:00\",\"dateModified\":\"2026-05-03T12:10:23+00:00\",\"author\":{\"@id\":\"https:\/\/eirikurjonsson.is\/#\/schema\/person\/308afa1d0e201918034e31b1da4f07a5\"},\"breadcrumb\":{\"@id\":\"https:\/\/eirikurjonsson.is\/index.php\/2026\/05\/03\/fimma-peturs-afmaelisbod\/#breadcrumb\"},\"inLanguage\":\"is\",\"potentialAction\":[{\"@type\":\"ReadAction\",\"target\":[\"https:\/\/eirikurjonsson.is\/index.php\/2026\/05\/03\/fimma-peturs-afmaelisbod\/\"]}]},{\"@type\":\"BreadcrumbList\",\"@id\":\"https:\/\/eirikurjonsson.is\/index.php\/2026\/05\/03\/fimma-peturs-afmaelisbod\/#breadcrumb\",\"itemListElement\":[{\"@type\":\"ListItem\",\"position\":1,\"name\":\"Home\",\"item\":\"https:\/\/eirikurjonsson.is\/\"},{\"@type\":\"ListItem\",\"position\":2,\"name\":\"FIMMA S\u00c9RA P\u00c9TURS &#8211; AFM\u00c6LISBO\u00d0\"}]},{\"@type\":\"WebSite\",\"@id\":\"https:\/\/eirikurjonsson.is\/#website\",\"url\":\"https:\/\/eirikurjonsson.is\/\",\"name\":\"Eir\u00edkur J\u00f3nsson\",\"description\":\"Eir\u00edkur J\u00f3nsson | EIR eirikurjonsson.is\",\"potentialAction\":[{\"@type\":\"SearchAction\",\"target\":{\"@type\":\"EntryPoint\",\"urlTemplate\":\"https:\/\/eirikurjonsson.is\/?s={search_term_string}\"},\"query-input\":\"required name=search_term_string\"}],\"inLanguage\":\"is\"},{\"@type\":\"Person\",\"@id\":\"https:\/\/eirikurjonsson.is\/#\/schema\/person\/308afa1d0e201918034e31b1da4f07a5\",\"name\":\"eir\",\"image\":{\"@type\":\"ImageObject\",\"inLanguage\":\"is\",\"@id\":\"https:\/\/eirikurjonsson.is\/#\/schema\/person\/image\/\",\"url\":\"https:\/\/secure.gravatar.com\/avatar\/b6748316a4400053a1fa9f4694b38d294dc5da6f4bacc727742bd8f3e689f87c?s=96&d=mm&r=g\",\"contentUrl\":\"https:\/\/secure.gravatar.com\/avatar\/b6748316a4400053a1fa9f4694b38d294dc5da6f4bacc727742bd8f3e689f87c?s=96&d=mm&r=g\",\"caption\":\"eir\"},\"url\":\"https:\/\/eirikurjonsson.is\/index.php\/author\/eir\/\"}]}<\/script>\n<!-- \/ Yoast SEO plugin. -->","yoast_head_json":{"title":"FIMMA S\u00c9RA P\u00c9TURS - AFM\u00c6LISBO\u00d0 &#8211; Eir\u00edkur J\u00f3nsson","robots":{"index":"index","follow":"follow","max-snippet":"max-snippet:-1","max-image-preview":"max-image-preview:large","max-video-preview":"max-video-preview:-1"},"canonical":"https:\/\/eirikurjonsson.is\/index.php\/2026\/05\/03\/fimma-peturs-afmaelisbod\/","og_locale":"is_IS","og_type":"article","og_title":"FIMMA S\u00c9RA P\u00c9TURS - AFM\u00c6LISBO\u00d0 &#8211; Eir\u00edkur J\u00f3nsson","og_description":"P\u00e9tur \u00deorsetinssin fyrrum prestur \u00d3h\u00e1\u00f0a safna\u00f0arins ver\u00f0ur 71 \u00e1rs 5. ma\u00ed og fimman er honum hugleikin eins og fram kemur \u00ed afm\u00e6lisbo\u00f0skorti hans: &#8222;\u00deann fimmta fimmta, fimmt\u00edu og fimm, klukkann fimm \u00ed fimm, \u00e1 fimmta glasi, vi\u00f0 fimmta mann og \u00e1 fimmtudegi fyrir 71 \u00e1ri s\u00ed\u00f0an, f\u00e6ddist s\u00e9ra P\u00e9tur \u00deorsteinsson. \u00deann fimmta fimmta n\u00e6stkomandi, ver\u00f0ur [&hellip;]","og_url":"https:\/\/eirikurjonsson.is\/index.php\/2026\/05\/03\/fimma-peturs-afmaelisbod\/","og_site_name":"Eir\u00edkur J\u00f3nsson","article_published_time":"2026-05-03T12:08:29+00:00","article_modified_time":"2026-05-03T12:10:23+00:00","og_image":[{"width":1440,"height":1190,"url":"https:\/\/eirikurjonsson.is\/wp-content\/uploads\/2026\/05\/afmaelibod.jpg","type":"image\/jpeg"}],"author":"eir","twitter_card":"summary_large_image","twitter_misc":{"Written by":"eir","Est. reading time":"1 minute"},"schema":{"@context":"https:\/\/schema.org","@graph":[{"@type":"WebPage","@id":"https:\/\/eirikurjonsson.is\/index.php\/2026\/05\/03\/fimma-peturs-afmaelisbod\/","url":"https:\/\/eirikurjonsson.is\/index.php\/2026\/05\/03\/fimma-peturs-afmaelisbod\/","name":"FIMMA S\u00c9RA P\u00c9TURS - AFM\u00c6LISBO\u00d0 &#8211; Eir\u00edkur J\u00f3nsson","isPartOf":{"@id":"https:\/\/eirikurjonsson.is\/#website"},"datePublished":"2026-05-03T12:08:29+00:00","dateModified":"2026-05-03T12:10:23+00:00","author":{"@id":"https:\/\/eirikurjonsson.is\/#\/schema\/person\/308afa1d0e201918034e31b1da4f07a5"},"breadcrumb":{"@id":"https:\/\/eirikurjonsson.is\/index.php\/2026\/05\/03\/fimma-peturs-afmaelisbod\/#breadcrumb"},"inLanguage":"is","potentialAction":[{"@type":"ReadAction","target":["https:\/\/eirikurjonsson.is\/index.php\/2026\/05\/03\/fimma-peturs-afmaelisbod\/"]}]},{"@type":"BreadcrumbList","@id":"https:\/\/eirikurjonsson.is\/index.php\/2026\/05\/03\/fimma-peturs-afmaelisbod\/#breadcrumb","itemListElement":[{"@type":"ListItem","position":1,"name":"Home","item":"https:\/\/eirikurjonsson.is\/"},{"@type":"ListItem","position":2,"name":"FIMMA S\u00c9RA P\u00c9TURS &#8211; AFM\u00c6LISBO\u00d0"}]},{"@type":"WebSite","@id":"https:\/\/eirikurjonsson.is\/#website","url":"https:\/\/eirikurjonsson.is\/","name":"Eir\u00edkur J\u00f3nsson","description":"Eir\u00edkur J\u00f3nsson | EIR eirikurjonsson.is","potentialAction":[{"@type":"SearchAction","target":{"@type":"EntryPoint","urlTemplate":"https:\/\/eirikurjonsson.is\/?s={search_term_string}"},"query-input":"required name=search_term_string"}],"inLanguage":"is"},{"@type":"Person","@id":"https:\/\/eirikurjonsson.is\/#\/schema\/person\/308afa1d0e201918034e31b1da4f07a5","name":"eir","image":{"@type":"ImageObject","inLanguage":"is","@id":"https:\/\/eirikurjonsson.is\/#\/schema\/person\/image\/","url":"https:\/\/secure.gravatar.com\/avatar\/b6748316a4400053a1fa9f4694b38d294dc5da6f4bacc727742bd8f3e689f87c?s=96&d=mm&r=g","contentUrl":"https:\/\/secure.gravatar.com\/avatar\/b6748316a4400053a1fa9f4694b38d294dc5da6f4bacc727742bd8f3e689f87c?s=96&d=mm&r=g","caption":"eir"},"url":"https:\/\/eirikurjonsson.is\/index.php\/author\/eir\/"}]}},"_links":{"self":[{"href":"https:\/\/eirikurjonsson.is\/index.php\/wp-json\/wp\/v2\/posts\/11551","targetHints":{"allow":["GET"]}}],"collection":[{"href":"https:\/\/eirikurjonsson.is\/index.php\/wp-json\/wp\/v2\/posts"}],"about":[{"href":"https:\/\/eirikurjonsson.is\/index.php\/wp-json\/wp\/v2\/types\/post"}],"author":[{"embeddable":true,"href":"https:\/\/eirikurjonsson.is\/index.php\/wp-json\/wp\/v2\/users\/2"}],"replies":[{"embeddable":true,"href":"https:\/\/eirikurjonsson.is\/index.php\/wp-json\/wp\/v2\/comments?post=11551"}],"version-history":[{"count":3,"href":"https:\/\/eirikurjonsson.is\/index.php\/wp-json\/wp\/v2\/posts\/11551\/revisions"}],"predecessor-version":[{"id":11555,"href":"https:\/\/eirikurjonsson.is\/index.php\/wp-json\/wp\/v2\/posts\/11551\/revisions\/11555"}],"wp:featuredmedia":[{"embeddable":true,"href":"https:\/\/eirikurjonsson.is\/index.php\/wp-json\/wp\/v2\/media\/11552"}],"wp:attachment":[{"href":"https:\/\/eirikurjonsson.is\/index.php\/wp-json\/wp\/v2\/media?parent=11551"}],"wp:term":[{"taxonomy":"category","embeddable":true,"href":"https:\/\/eirikurjonsson.is\/index.php\/wp-json\/wp\/v2\/categories?post=11551"},{"taxonomy":"post_tag","embeddable":true,"href":"https:\/\/eirikurjonsson.is\/index.php\/wp-json\/wp\/v2\/tags?post=11551"}],"curies":[{"name":"wp","href":"https:\/\/api.w.org\/{rel}","templated":true}]}}