{"id":11515,"date":"2026-04-30T12:53:18","date_gmt":"2026-04-30T12:53:18","guid":{"rendered":"https:\/\/eirikurjonsson.is\/?p=11515"},"modified":"2026-04-30T13:32:37","modified_gmt":"2026-04-30T13:32:37","slug":"fridrik-hitti-sviakonung-i-sporvagni-i-gautaborg-fyrir-48-arum","status":"publish","type":"post","link":"https:\/\/eirikurjonsson.is\/index.php\/2026\/04\/30\/fridrik-hitti-sviakonung-i-sporvagni-i-gautaborg-fyrir-48-arum\/","title":{"rendered":"FRI\u00d0RIK HITTI SV\u00cdAKONUNG \u00cd SPORVAGNI \u00cd GAUTABORG FYRIR 48 \u00c1RUM"},"content":{"rendered":"<div class=\"xdj266r x14z9mp xat24cr x1lziwak x1vvkbs x126k92a\">\n<div dir=\"auto\">\n<figure id=\"attachment_11517\" aria-describedby=\"caption-attachment-11517\" style=\"width: 186px\" class=\"wp-caption alignleft\"><img loading=\"lazy\" decoding=\"async\" class=\"wp-image-11517 \" src=\"https:\/\/eirikurjonsson.is\/wp-content\/uploads\/2026\/04\/FRIDRIK-300x176.webp\" alt=\"\" width=\"186\" height=\"109\" srcset=\"https:\/\/eirikurjonsson.is\/wp-content\/uploads\/2026\/04\/FRIDRIK-300x176.webp 300w, https:\/\/eirikurjonsson.is\/wp-content\/uploads\/2026\/04\/FRIDRIK.webp 500w\" sizes=\"auto, (max-width: 186px) 100vw, 186px\" \/><figcaption id=\"caption-attachment-11517\" class=\"wp-caption-text\">Fri\u00f0rik Brekkan.<\/figcaption><\/figure>\n<p>&#8222;\u00deann 26. okt\u00f3ber 1978 \u00feegar \u00e9g var \u00ed n\u00e1mi og starfi \u00ed Gautaborg t\u00f3k \u00e9g sporvagn fr\u00e1 mi\u00f0borg Gautaborgar upp til \u00fathverfisins Angered til \u00feess a\u00f0 t\u00falka \u00fear fyrir f\u00e9lagsstofnunina,&#8220; segir Fri\u00f0rik Brekkan, lands\u00feekktur lei\u00f0s\u00f6guma\u00f0ur, \u00ed tilefni dagsins &#8211; \u00e1ttr\u00e6\u00f0isafm\u00e6lis Sv\u00edakonungs:<\/p>\n<\/div>\n<div dir=\"auto\">&#8211;<\/div>\n<div dir=\"auto\">&#8222;Skildi ekkert \u00ed \u00feeim mannfj\u00f6lda sem \u00fear var samankominn en \u00fe\u00e1 rakst \u00e9g \u00e1 Sv\u00edakonung sem var \u00feanga\u00f0 einnig kominn me\u00f0 sporvagni til \u00feess a\u00f0 v\u00edgja Angereds Centrum sem var eiginlega s\u00e9rstaklega sett upp fyrir innflytjendur og \u00fe\u00e1 Sv\u00eda sem h\u00f6f\u00f0u \u00e1huga \u00e1 a\u00f0 b\u00faa \u00ed \u00feessu \u00fathverfi.<\/div>\n<\/div>\n<div class=\"x14z9mp xat24cr x1lziwak x1vvkbs xtlvy1s x126k92a\">\n<div dir=\"auto\">Heilsa\u00f0i konunginum og minntist hann \u00fe\u00e1 stuttlega me\u00f0 \u00e1n\u00e6gju \u00e1 \u00cdslandsheims\u00f3kn s\u00edna nokkrum \u00e1rum \u00e1\u00f0ur.<\/div>\n<\/div>\n<div class=\"x14z9mp xat24cr x1lziwak x1vvkbs xtlvy1s x126k92a\">\n<div dir=\"auto\">Allavega er hann a\u00f0 fylla \u00e1ttunda tuginn \u00ed dag og sendi beztu afm\u00e6liskve\u00f0jur me\u00f0 \u00feessarri mynd sem \u00e9g smellti af honum.&#8220;<\/div>\n<\/div>\n","protected":false},"excerpt":{"rendered":"<p>&#8222;\u00deann 26. okt\u00f3ber 1978 \u00feegar \u00e9g var \u00ed n\u00e1mi og starfi \u00ed Gautaborg t\u00f3k \u00e9g sporvagn fr\u00e1 mi\u00f0borg Gautaborgar upp til \u00fathverfisins Angered til \u00feess a\u00f0 t\u00falka \u00fear fyrir f\u00e9lagsstofnunina,&#8220; segir Fri\u00f0rik Brekkan, lands\u00feekktur lei\u00f0s\u00f6guma\u00f0ur, \u00ed tilefni dagsins &#8211; \u00e1ttr\u00e6\u00f0isafm\u00e6lis Sv\u00edakonungs: &#8211; &#8222;Skildi ekkert \u00ed \u00feeim mannfj\u00f6lda sem \u00fear var samankominn en \u00fe\u00e1 rakst \u00e9g [&hellip;]<\/p>\n","protected":false},"author":2,"featured_media":11523,"comment_status":"open","ping_status":"open","sticky":false,"template":"","format":"standard","meta":{"_monsterinsights_skip_tracking":false,"_monsterinsights_sitenote_active":false,"_monsterinsights_sitenote_note":"","_monsterinsights_sitenote_category":0,"footnotes":""},"categories":[31],"tags":[],"class_list":{"0":"post-11515","1":"post","2":"type-post","3":"status-publish","4":"format-standard","5":"has-post-thumbnail","7":"category-greinar"},"yoast_head":"<!-- This site is optimized with the Yoast SEO plugin v22.0 - https:\/\/yoast.com\/wordpress\/plugins\/seo\/ -->\n<title>FRI\u00d0RIK HITTI SV\u00cdAKONUNG \u00cd SPORVAGNI \u00cd GAUTABORG FYRIR 48 \u00c1RUM &#8211; Eir\u00edkur J\u00f3nsson<\/title>\n<meta name=\"robots\" content=\"index, follow, max-snippet:-1, max-image-preview:large, max-video-preview:-1\" \/>\n<link rel=\"canonical\" href=\"https:\/\/eirikurjonsson.is\/index.php\/2026\/04\/30\/fridrik-hitti-sviakonung-i-sporvagni-i-gautaborg-fyrir-48-arum\/\" \/>\n<meta property=\"og:locale\" content=\"is_IS\" \/>\n<meta property=\"og:type\" content=\"article\" \/>\n<meta property=\"og:title\" content=\"FRI\u00d0RIK HITTI SV\u00cdAKONUNG \u00cd SPORVAGNI \u00cd GAUTABORG FYRIR 48 \u00c1RUM &#8211; Eir\u00edkur J\u00f3nsson\" \/>\n<meta property=\"og:description\" content=\"&#8222;\u00deann 26. okt\u00f3ber 1978 \u00feegar \u00e9g var \u00ed n\u00e1mi og starfi \u00ed Gautaborg t\u00f3k \u00e9g sporvagn fr\u00e1 mi\u00f0borg Gautaborgar upp til \u00fathverfisins Angered til \u00feess a\u00f0 t\u00falka \u00fear fyrir f\u00e9lagsstofnunina,&#8220; segir Fri\u00f0rik Brekkan, lands\u00feekktur lei\u00f0s\u00f6guma\u00f0ur, \u00ed tilefni dagsins &#8211; \u00e1ttr\u00e6\u00f0isafm\u00e6lis Sv\u00edakonungs: &#8211; &#8222;Skildi ekkert \u00ed \u00feeim mannfj\u00f6lda sem \u00fear var samankominn en \u00fe\u00e1 rakst \u00e9g [&hellip;]\" \/>\n<meta property=\"og:url\" content=\"https:\/\/eirikurjonsson.is\/index.php\/2026\/04\/30\/fridrik-hitti-sviakonung-i-sporvagni-i-gautaborg-fyrir-48-arum\/\" \/>\n<meta property=\"og:site_name\" content=\"Eir\u00edkur J\u00f3nsson\" \/>\n<meta property=\"article:published_time\" content=\"2026-04-30T12:53:18+00:00\" \/>\n<meta property=\"article:modified_time\" content=\"2026-04-30T13:32:37+00:00\" \/>\n<meta property=\"og:image\" content=\"https:\/\/eirikurjonsson.is\/wp-content\/uploads\/2026\/04\/SVINAKONG.jpg\" \/>\n\t<meta property=\"og:image:width\" content=\"676\" \/>\n\t<meta property=\"og:image:height\" content=\"435\" \/>\n\t<meta property=\"og:image:type\" content=\"image\/jpeg\" \/>\n<meta name=\"author\" content=\"eir\" \/>\n<meta name=\"twitter:card\" content=\"summary_large_image\" \/>\n<meta name=\"twitter:label1\" content=\"Written by\" \/>\n\t<meta name=\"twitter:data1\" content=\"eir\" \/>\n\t<meta name=\"twitter:label2\" content=\"Est. reading time\" \/>\n\t<meta name=\"twitter:data2\" content=\"2 minutes\" \/>\n<script type=\"application\/ld+json\" class=\"yoast-schema-graph\">{\"@context\":\"https:\/\/schema.org\",\"@graph\":[{\"@type\":\"WebPage\",\"@id\":\"https:\/\/eirikurjonsson.is\/index.php\/2026\/04\/30\/fridrik-hitti-sviakonung-i-sporvagni-i-gautaborg-fyrir-48-arum\/\",\"url\":\"https:\/\/eirikurjonsson.is\/index.php\/2026\/04\/30\/fridrik-hitti-sviakonung-i-sporvagni-i-gautaborg-fyrir-48-arum\/\",\"name\":\"FRI\u00d0RIK HITTI SV\u00cdAKONUNG \u00cd SPORVAGNI \u00cd GAUTABORG FYRIR 48 \u00c1RUM &#8211; Eir\u00edkur J\u00f3nsson\",\"isPartOf\":{\"@id\":\"https:\/\/eirikurjonsson.is\/#website\"},\"datePublished\":\"2026-04-30T12:53:18+00:00\",\"dateModified\":\"2026-04-30T13:32:37+00:00\",\"author\":{\"@id\":\"https:\/\/eirikurjonsson.is\/#\/schema\/person\/308afa1d0e201918034e31b1da4f07a5\"},\"breadcrumb\":{\"@id\":\"https:\/\/eirikurjonsson.is\/index.php\/2026\/04\/30\/fridrik-hitti-sviakonung-i-sporvagni-i-gautaborg-fyrir-48-arum\/#breadcrumb\"},\"inLanguage\":\"is\",\"potentialAction\":[{\"@type\":\"ReadAction\",\"target\":[\"https:\/\/eirikurjonsson.is\/index.php\/2026\/04\/30\/fridrik-hitti-sviakonung-i-sporvagni-i-gautaborg-fyrir-48-arum\/\"]}]},{\"@type\":\"BreadcrumbList\",\"@id\":\"https:\/\/eirikurjonsson.is\/index.php\/2026\/04\/30\/fridrik-hitti-sviakonung-i-sporvagni-i-gautaborg-fyrir-48-arum\/#breadcrumb\",\"itemListElement\":[{\"@type\":\"ListItem\",\"position\":1,\"name\":\"Home\",\"item\":\"https:\/\/eirikurjonsson.is\/\"},{\"@type\":\"ListItem\",\"position\":2,\"name\":\"FRI\u00d0RIK HITTI SV\u00cdAKONUNG \u00cd SPORVAGNI \u00cd GAUTABORG FYRIR 48 \u00c1RUM\"}]},{\"@type\":\"WebSite\",\"@id\":\"https:\/\/eirikurjonsson.is\/#website\",\"url\":\"https:\/\/eirikurjonsson.is\/\",\"name\":\"Eir\u00edkur J\u00f3nsson\",\"description\":\"Eir\u00edkur J\u00f3nsson | EIR eirikurjonsson.is\",\"potentialAction\":[{\"@type\":\"SearchAction\",\"target\":{\"@type\":\"EntryPoint\",\"urlTemplate\":\"https:\/\/eirikurjonsson.is\/?s={search_term_string}\"},\"query-input\":\"required name=search_term_string\"}],\"inLanguage\":\"is\"},{\"@type\":\"Person\",\"@id\":\"https:\/\/eirikurjonsson.is\/#\/schema\/person\/308afa1d0e201918034e31b1da4f07a5\",\"name\":\"eir\",\"image\":{\"@type\":\"ImageObject\",\"inLanguage\":\"is\",\"@id\":\"https:\/\/eirikurjonsson.is\/#\/schema\/person\/image\/\",\"url\":\"https:\/\/secure.gravatar.com\/avatar\/b6748316a4400053a1fa9f4694b38d294dc5da6f4bacc727742bd8f3e689f87c?s=96&d=mm&r=g\",\"contentUrl\":\"https:\/\/secure.gravatar.com\/avatar\/b6748316a4400053a1fa9f4694b38d294dc5da6f4bacc727742bd8f3e689f87c?s=96&d=mm&r=g\",\"caption\":\"eir\"},\"url\":\"https:\/\/eirikurjonsson.is\/index.php\/author\/eir\/\"}]}<\/script>\n<!-- \/ Yoast SEO plugin. -->","yoast_head_json":{"title":"FRI\u00d0RIK HITTI SV\u00cdAKONUNG \u00cd SPORVAGNI \u00cd GAUTABORG FYRIR 48 \u00c1RUM &#8211; Eir\u00edkur J\u00f3nsson","robots":{"index":"index","follow":"follow","max-snippet":"max-snippet:-1","max-image-preview":"max-image-preview:large","max-video-preview":"max-video-preview:-1"},"canonical":"https:\/\/eirikurjonsson.is\/index.php\/2026\/04\/30\/fridrik-hitti-sviakonung-i-sporvagni-i-gautaborg-fyrir-48-arum\/","og_locale":"is_IS","og_type":"article","og_title":"FRI\u00d0RIK HITTI SV\u00cdAKONUNG \u00cd SPORVAGNI \u00cd GAUTABORG FYRIR 48 \u00c1RUM &#8211; Eir\u00edkur J\u00f3nsson","og_description":"&#8222;\u00deann 26. okt\u00f3ber 1978 \u00feegar \u00e9g var \u00ed n\u00e1mi og starfi \u00ed Gautaborg t\u00f3k \u00e9g sporvagn fr\u00e1 mi\u00f0borg Gautaborgar upp til \u00fathverfisins Angered til \u00feess a\u00f0 t\u00falka \u00fear fyrir f\u00e9lagsstofnunina,&#8220; segir Fri\u00f0rik Brekkan, lands\u00feekktur lei\u00f0s\u00f6guma\u00f0ur, \u00ed tilefni dagsins &#8211; \u00e1ttr\u00e6\u00f0isafm\u00e6lis Sv\u00edakonungs: &#8211; &#8222;Skildi ekkert \u00ed \u00feeim mannfj\u00f6lda sem \u00fear var samankominn en \u00fe\u00e1 rakst \u00e9g [&hellip;]","og_url":"https:\/\/eirikurjonsson.is\/index.php\/2026\/04\/30\/fridrik-hitti-sviakonung-i-sporvagni-i-gautaborg-fyrir-48-arum\/","og_site_name":"Eir\u00edkur J\u00f3nsson","article_published_time":"2026-04-30T12:53:18+00:00","article_modified_time":"2026-04-30T13:32:37+00:00","og_image":[{"width":676,"height":435,"url":"https:\/\/eirikurjonsson.is\/wp-content\/uploads\/2026\/04\/SVINAKONG.jpg","type":"image\/jpeg"}],"author":"eir","twitter_card":"summary_large_image","twitter_misc":{"Written by":"eir","Est. reading time":"2 minutes"},"schema":{"@context":"https:\/\/schema.org","@graph":[{"@type":"WebPage","@id":"https:\/\/eirikurjonsson.is\/index.php\/2026\/04\/30\/fridrik-hitti-sviakonung-i-sporvagni-i-gautaborg-fyrir-48-arum\/","url":"https:\/\/eirikurjonsson.is\/index.php\/2026\/04\/30\/fridrik-hitti-sviakonung-i-sporvagni-i-gautaborg-fyrir-48-arum\/","name":"FRI\u00d0RIK HITTI SV\u00cdAKONUNG \u00cd SPORVAGNI \u00cd GAUTABORG FYRIR 48 \u00c1RUM &#8211; Eir\u00edkur J\u00f3nsson","isPartOf":{"@id":"https:\/\/eirikurjonsson.is\/#website"},"datePublished":"2026-04-30T12:53:18+00:00","dateModified":"2026-04-30T13:32:37+00:00","author":{"@id":"https:\/\/eirikurjonsson.is\/#\/schema\/person\/308afa1d0e201918034e31b1da4f07a5"},"breadcrumb":{"@id":"https:\/\/eirikurjonsson.is\/index.php\/2026\/04\/30\/fridrik-hitti-sviakonung-i-sporvagni-i-gautaborg-fyrir-48-arum\/#breadcrumb"},"inLanguage":"is","potentialAction":[{"@type":"ReadAction","target":["https:\/\/eirikurjonsson.is\/index.php\/2026\/04\/30\/fridrik-hitti-sviakonung-i-sporvagni-i-gautaborg-fyrir-48-arum\/"]}]},{"@type":"BreadcrumbList","@id":"https:\/\/eirikurjonsson.is\/index.php\/2026\/04\/30\/fridrik-hitti-sviakonung-i-sporvagni-i-gautaborg-fyrir-48-arum\/#breadcrumb","itemListElement":[{"@type":"ListItem","position":1,"name":"Home","item":"https:\/\/eirikurjonsson.is\/"},{"@type":"ListItem","position":2,"name":"FRI\u00d0RIK HITTI SV\u00cdAKONUNG \u00cd SPORVAGNI \u00cd GAUTABORG FYRIR 48 \u00c1RUM"}]},{"@type":"WebSite","@id":"https:\/\/eirikurjonsson.is\/#website","url":"https:\/\/eirikurjonsson.is\/","name":"Eir\u00edkur J\u00f3nsson","description":"Eir\u00edkur J\u00f3nsson | EIR eirikurjonsson.is","potentialAction":[{"@type":"SearchAction","target":{"@type":"EntryPoint","urlTemplate":"https:\/\/eirikurjonsson.is\/?s={search_term_string}"},"query-input":"required name=search_term_string"}],"inLanguage":"is"},{"@type":"Person","@id":"https:\/\/eirikurjonsson.is\/#\/schema\/person\/308afa1d0e201918034e31b1da4f07a5","name":"eir","image":{"@type":"ImageObject","inLanguage":"is","@id":"https:\/\/eirikurjonsson.is\/#\/schema\/person\/image\/","url":"https:\/\/secure.gravatar.com\/avatar\/b6748316a4400053a1fa9f4694b38d294dc5da6f4bacc727742bd8f3e689f87c?s=96&d=mm&r=g","contentUrl":"https:\/\/secure.gravatar.com\/avatar\/b6748316a4400053a1fa9f4694b38d294dc5da6f4bacc727742bd8f3e689f87c?s=96&d=mm&r=g","caption":"eir"},"url":"https:\/\/eirikurjonsson.is\/index.php\/author\/eir\/"}]}},"_links":{"self":[{"href":"https:\/\/eirikurjonsson.is\/index.php\/wp-json\/wp\/v2\/posts\/11515","targetHints":{"allow":["GET"]}}],"collection":[{"href":"https:\/\/eirikurjonsson.is\/index.php\/wp-json\/wp\/v2\/posts"}],"about":[{"href":"https:\/\/eirikurjonsson.is\/index.php\/wp-json\/wp\/v2\/types\/post"}],"author":[{"embeddable":true,"href":"https:\/\/eirikurjonsson.is\/index.php\/wp-json\/wp\/v2\/users\/2"}],"replies":[{"embeddable":true,"href":"https:\/\/eirikurjonsson.is\/index.php\/wp-json\/wp\/v2\/comments?post=11515"}],"version-history":[{"count":2,"href":"https:\/\/eirikurjonsson.is\/index.php\/wp-json\/wp\/v2\/posts\/11515\/revisions"}],"predecessor-version":[{"id":11524,"href":"https:\/\/eirikurjonsson.is\/index.php\/wp-json\/wp\/v2\/posts\/11515\/revisions\/11524"}],"wp:featuredmedia":[{"embeddable":true,"href":"https:\/\/eirikurjonsson.is\/index.php\/wp-json\/wp\/v2\/media\/11523"}],"wp:attachment":[{"href":"https:\/\/eirikurjonsson.is\/index.php\/wp-json\/wp\/v2\/media?parent=11515"}],"wp:term":[{"taxonomy":"category","embeddable":true,"href":"https:\/\/eirikurjonsson.is\/index.php\/wp-json\/wp\/v2\/categories?post=11515"},{"taxonomy":"post_tag","embeddable":true,"href":"https:\/\/eirikurjonsson.is\/index.php\/wp-json\/wp\/v2\/tags?post=11515"}],"curies":[{"name":"wp","href":"https:\/\/api.w.org\/{rel}","templated":true}]}}