{"id":11503,"date":"2026-04-29T12:39:02","date_gmt":"2026-04-29T12:39:02","guid":{"rendered":"https:\/\/eirikurjonsson.is\/?p=11503"},"modified":"2026-04-29T12:43:08","modified_gmt":"2026-04-29T12:43:08","slug":"brynjar-oanaegdur-med-nyja-bilinn","status":"publish","type":"post","link":"https:\/\/eirikurjonsson.is\/index.php\/2026\/04\/29\/brynjar-oanaegdur-med-nyja-bilinn\/","title":{"rendered":"BRYNJAR \u00d3\u00c1N\u00c6G\u00d0UR ME\u00d0 N\u00ddJA B\u00cdLINN"},"content":{"rendered":"<div class=\"x14z9mp xat24cr x1lziwak x1vvkbs xtlvy1s x126k92a\">\n<div dir=\"auto\">&#8222;N\u00fa er \u00e9g kominn \u00e1 n\u00fdjan b\u00edl,&#8220; segir Brynjar N\u00edelsson og er alls ekki \u00e1n\u00e6g\u00f0ur me\u00f0 hann:<\/div>\n<div dir=\"auto\">&#8211;<\/div>\n<div dir=\"auto\">&#8222;St\u00f6\u00f0ugar athugasemdir um aksturslag mitt me\u00f0 h\u00e1v\u00e6ru p\u00edpi, sem er ekki gott fyrir taugabila\u00f0an mann. \u00c1 \u00fea\u00f0 einnig til a\u00f0 spyrja mig hvort geti veri\u00f0 a\u00f0 \u00e9g s\u00e9 undir \u00e1hrifum. Svo hemlar hann \u00feegar honum s\u00fdnist og beygir \u00f3umbe\u00f0inn.<\/div>\n<\/div>\n<div class=\"x14z9mp xat24cr x1lziwak x1vvkbs xtlvy1s x126k92a\">\n<div dir=\"auto\">\u00c9g rauk \u00ed f\u00fassi upp \u00ed b\u00edlaumbo\u00f0i\u00f0 \u00fev\u00ed m\u00e9r fannst \u00feessi afskiptasemi komin \u00fat fyrir \u00f6ll e\u00f0lileg m\u00f6rk og beinl\u00ednis \u00e1r\u00e1s \u00e1 fri\u00f0helgi einkal\u00edfsins. M\u00e9r var tj\u00e1\u00f0 a\u00f0 \u00feetta v\u00e6ri hvorki nj\u00f3snahugb\u00fana\u00f0ur n\u00e9 \u00f3\u00f0e\u00f0lileg afskiptasemi heldur umhygggja \u00ed bo\u00f0i ESB. Gat n\u00fa veri\u00f0! N\u00e6sti b\u00edll sem \u00e9g kaupi mun vera framleiddur fyrir aldam\u00f3tin.&#8220;<\/div>\n<\/div>\n","protected":false},"excerpt":{"rendered":"<p>&#8222;N\u00fa er \u00e9g kominn \u00e1 n\u00fdjan b\u00edl,&#8220; segir Brynjar N\u00edelsson og er alls ekki \u00e1n\u00e6g\u00f0ur me\u00f0 hann: &#8211; &#8222;St\u00f6\u00f0ugar athugasemdir um aksturslag mitt me\u00f0 h\u00e1v\u00e6ru p\u00edpi, sem er ekki gott fyrir taugabila\u00f0an mann. \u00c1 \u00fea\u00f0 einnig til a\u00f0 spyrja mig hvort geti veri\u00f0 a\u00f0 \u00e9g s\u00e9 undir \u00e1hrifum. Svo hemlar hann \u00feegar honum s\u00fdnist og [&hellip;]<\/p>\n","protected":false},"author":2,"featured_media":11506,"comment_status":"open","ping_status":"open","sticky":false,"template":"","format":"standard","meta":{"_monsterinsights_skip_tracking":false,"_monsterinsights_sitenote_active":false,"_monsterinsights_sitenote_note":"","_monsterinsights_sitenote_category":0,"footnotes":""},"categories":[31],"tags":[],"class_list":{"0":"post-11503","1":"post","2":"type-post","3":"status-publish","4":"format-standard","5":"has-post-thumbnail","7":"category-greinar"},"yoast_head":"<!-- This site is optimized with the Yoast SEO plugin v22.0 - https:\/\/yoast.com\/wordpress\/plugins\/seo\/ -->\n<title>BRYNJAR \u00d3\u00c1N\u00c6G\u00d0UR ME\u00d0 N\u00ddJA B\u00cdLINN &#8211; Eir\u00edkur J\u00f3nsson<\/title>\n<meta name=\"robots\" content=\"index, follow, max-snippet:-1, max-image-preview:large, max-video-preview:-1\" \/>\n<link rel=\"canonical\" href=\"https:\/\/eirikurjonsson.is\/index.php\/2026\/04\/29\/brynjar-oanaegdur-med-nyja-bilinn\/\" \/>\n<meta property=\"og:locale\" content=\"is_IS\" \/>\n<meta property=\"og:type\" content=\"article\" \/>\n<meta property=\"og:title\" content=\"BRYNJAR \u00d3\u00c1N\u00c6G\u00d0UR ME\u00d0 N\u00ddJA B\u00cdLINN &#8211; Eir\u00edkur J\u00f3nsson\" \/>\n<meta property=\"og:description\" content=\"&#8222;N\u00fa er \u00e9g kominn \u00e1 n\u00fdjan b\u00edl,&#8220; segir Brynjar N\u00edelsson og er alls ekki \u00e1n\u00e6g\u00f0ur me\u00f0 hann: &#8211; &#8222;St\u00f6\u00f0ugar athugasemdir um aksturslag mitt me\u00f0 h\u00e1v\u00e6ru p\u00edpi, sem er ekki gott fyrir taugabila\u00f0an mann. \u00c1 \u00fea\u00f0 einnig til a\u00f0 spyrja mig hvort geti veri\u00f0 a\u00f0 \u00e9g s\u00e9 undir \u00e1hrifum. Svo hemlar hann \u00feegar honum s\u00fdnist og [&hellip;]\" \/>\n<meta property=\"og:url\" content=\"https:\/\/eirikurjonsson.is\/index.php\/2026\/04\/29\/brynjar-oanaegdur-med-nyja-bilinn\/\" \/>\n<meta property=\"og:site_name\" content=\"Eir\u00edkur J\u00f3nsson\" \/>\n<meta property=\"article:published_time\" content=\"2026-04-29T12:39:02+00:00\" \/>\n<meta property=\"article:modified_time\" content=\"2026-04-29T12:43:08+00:00\" \/>\n<meta property=\"og:image\" content=\"https:\/\/eirikurjonsson.is\/wp-content\/uploads\/2026\/04\/brynjar-1.jpg\" \/>\n\t<meta property=\"og:image:width\" content=\"641\" \/>\n\t<meta property=\"og:image:height\" content=\"425\" \/>\n\t<meta property=\"og:image:type\" content=\"image\/jpeg\" \/>\n<meta name=\"author\" content=\"eir\" \/>\n<meta name=\"twitter:card\" content=\"summary_large_image\" \/>\n<meta name=\"twitter:label1\" content=\"Written by\" \/>\n\t<meta name=\"twitter:data1\" content=\"eir\" \/>\n\t<meta name=\"twitter:label2\" content=\"Est. reading time\" \/>\n\t<meta name=\"twitter:data2\" content=\"1 minute\" \/>\n<script type=\"application\/ld+json\" class=\"yoast-schema-graph\">{\"@context\":\"https:\/\/schema.org\",\"@graph\":[{\"@type\":\"WebPage\",\"@id\":\"https:\/\/eirikurjonsson.is\/index.php\/2026\/04\/29\/brynjar-oanaegdur-med-nyja-bilinn\/\",\"url\":\"https:\/\/eirikurjonsson.is\/index.php\/2026\/04\/29\/brynjar-oanaegdur-med-nyja-bilinn\/\",\"name\":\"BRYNJAR \u00d3\u00c1N\u00c6G\u00d0UR ME\u00d0 N\u00ddJA B\u00cdLINN &#8211; Eir\u00edkur J\u00f3nsson\",\"isPartOf\":{\"@id\":\"https:\/\/eirikurjonsson.is\/#website\"},\"datePublished\":\"2026-04-29T12:39:02+00:00\",\"dateModified\":\"2026-04-29T12:43:08+00:00\",\"author\":{\"@id\":\"https:\/\/eirikurjonsson.is\/#\/schema\/person\/308afa1d0e201918034e31b1da4f07a5\"},\"breadcrumb\":{\"@id\":\"https:\/\/eirikurjonsson.is\/index.php\/2026\/04\/29\/brynjar-oanaegdur-med-nyja-bilinn\/#breadcrumb\"},\"inLanguage\":\"is\",\"potentialAction\":[{\"@type\":\"ReadAction\",\"target\":[\"https:\/\/eirikurjonsson.is\/index.php\/2026\/04\/29\/brynjar-oanaegdur-med-nyja-bilinn\/\"]}]},{\"@type\":\"BreadcrumbList\",\"@id\":\"https:\/\/eirikurjonsson.is\/index.php\/2026\/04\/29\/brynjar-oanaegdur-med-nyja-bilinn\/#breadcrumb\",\"itemListElement\":[{\"@type\":\"ListItem\",\"position\":1,\"name\":\"Home\",\"item\":\"https:\/\/eirikurjonsson.is\/\"},{\"@type\":\"ListItem\",\"position\":2,\"name\":\"BRYNJAR \u00d3\u00c1N\u00c6G\u00d0UR ME\u00d0 N\u00ddJA B\u00cdLINN\"}]},{\"@type\":\"WebSite\",\"@id\":\"https:\/\/eirikurjonsson.is\/#website\",\"url\":\"https:\/\/eirikurjonsson.is\/\",\"name\":\"Eir\u00edkur J\u00f3nsson\",\"description\":\"Eir\u00edkur J\u00f3nsson | EIR eirikurjonsson.is\",\"potentialAction\":[{\"@type\":\"SearchAction\",\"target\":{\"@type\":\"EntryPoint\",\"urlTemplate\":\"https:\/\/eirikurjonsson.is\/?s={search_term_string}\"},\"query-input\":\"required name=search_term_string\"}],\"inLanguage\":\"is\"},{\"@type\":\"Person\",\"@id\":\"https:\/\/eirikurjonsson.is\/#\/schema\/person\/308afa1d0e201918034e31b1da4f07a5\",\"name\":\"eir\",\"image\":{\"@type\":\"ImageObject\",\"inLanguage\":\"is\",\"@id\":\"https:\/\/eirikurjonsson.is\/#\/schema\/person\/image\/\",\"url\":\"https:\/\/secure.gravatar.com\/avatar\/b6748316a4400053a1fa9f4694b38d294dc5da6f4bacc727742bd8f3e689f87c?s=96&d=mm&r=g\",\"contentUrl\":\"https:\/\/secure.gravatar.com\/avatar\/b6748316a4400053a1fa9f4694b38d294dc5da6f4bacc727742bd8f3e689f87c?s=96&d=mm&r=g\",\"caption\":\"eir\"},\"url\":\"https:\/\/eirikurjonsson.is\/index.php\/author\/eir\/\"}]}<\/script>\n<!-- \/ Yoast SEO plugin. -->","yoast_head_json":{"title":"BRYNJAR \u00d3\u00c1N\u00c6G\u00d0UR ME\u00d0 N\u00ddJA B\u00cdLINN &#8211; Eir\u00edkur J\u00f3nsson","robots":{"index":"index","follow":"follow","max-snippet":"max-snippet:-1","max-image-preview":"max-image-preview:large","max-video-preview":"max-video-preview:-1"},"canonical":"https:\/\/eirikurjonsson.is\/index.php\/2026\/04\/29\/brynjar-oanaegdur-med-nyja-bilinn\/","og_locale":"is_IS","og_type":"article","og_title":"BRYNJAR \u00d3\u00c1N\u00c6G\u00d0UR ME\u00d0 N\u00ddJA B\u00cdLINN &#8211; Eir\u00edkur J\u00f3nsson","og_description":"&#8222;N\u00fa er \u00e9g kominn \u00e1 n\u00fdjan b\u00edl,&#8220; segir Brynjar N\u00edelsson og er alls ekki \u00e1n\u00e6g\u00f0ur me\u00f0 hann: &#8211; &#8222;St\u00f6\u00f0ugar athugasemdir um aksturslag mitt me\u00f0 h\u00e1v\u00e6ru p\u00edpi, sem er ekki gott fyrir taugabila\u00f0an mann. \u00c1 \u00fea\u00f0 einnig til a\u00f0 spyrja mig hvort geti veri\u00f0 a\u00f0 \u00e9g s\u00e9 undir \u00e1hrifum. Svo hemlar hann \u00feegar honum s\u00fdnist og [&hellip;]","og_url":"https:\/\/eirikurjonsson.is\/index.php\/2026\/04\/29\/brynjar-oanaegdur-med-nyja-bilinn\/","og_site_name":"Eir\u00edkur J\u00f3nsson","article_published_time":"2026-04-29T12:39:02+00:00","article_modified_time":"2026-04-29T12:43:08+00:00","og_image":[{"width":641,"height":425,"url":"https:\/\/eirikurjonsson.is\/wp-content\/uploads\/2026\/04\/brynjar-1.jpg","type":"image\/jpeg"}],"author":"eir","twitter_card":"summary_large_image","twitter_misc":{"Written by":"eir","Est. reading time":"1 minute"},"schema":{"@context":"https:\/\/schema.org","@graph":[{"@type":"WebPage","@id":"https:\/\/eirikurjonsson.is\/index.php\/2026\/04\/29\/brynjar-oanaegdur-med-nyja-bilinn\/","url":"https:\/\/eirikurjonsson.is\/index.php\/2026\/04\/29\/brynjar-oanaegdur-med-nyja-bilinn\/","name":"BRYNJAR \u00d3\u00c1N\u00c6G\u00d0UR ME\u00d0 N\u00ddJA B\u00cdLINN &#8211; Eir\u00edkur J\u00f3nsson","isPartOf":{"@id":"https:\/\/eirikurjonsson.is\/#website"},"datePublished":"2026-04-29T12:39:02+00:00","dateModified":"2026-04-29T12:43:08+00:00","author":{"@id":"https:\/\/eirikurjonsson.is\/#\/schema\/person\/308afa1d0e201918034e31b1da4f07a5"},"breadcrumb":{"@id":"https:\/\/eirikurjonsson.is\/index.php\/2026\/04\/29\/brynjar-oanaegdur-med-nyja-bilinn\/#breadcrumb"},"inLanguage":"is","potentialAction":[{"@type":"ReadAction","target":["https:\/\/eirikurjonsson.is\/index.php\/2026\/04\/29\/brynjar-oanaegdur-med-nyja-bilinn\/"]}]},{"@type":"BreadcrumbList","@id":"https:\/\/eirikurjonsson.is\/index.php\/2026\/04\/29\/brynjar-oanaegdur-med-nyja-bilinn\/#breadcrumb","itemListElement":[{"@type":"ListItem","position":1,"name":"Home","item":"https:\/\/eirikurjonsson.is\/"},{"@type":"ListItem","position":2,"name":"BRYNJAR \u00d3\u00c1N\u00c6G\u00d0UR ME\u00d0 N\u00ddJA B\u00cdLINN"}]},{"@type":"WebSite","@id":"https:\/\/eirikurjonsson.is\/#website","url":"https:\/\/eirikurjonsson.is\/","name":"Eir\u00edkur J\u00f3nsson","description":"Eir\u00edkur J\u00f3nsson | EIR eirikurjonsson.is","potentialAction":[{"@type":"SearchAction","target":{"@type":"EntryPoint","urlTemplate":"https:\/\/eirikurjonsson.is\/?s={search_term_string}"},"query-input":"required name=search_term_string"}],"inLanguage":"is"},{"@type":"Person","@id":"https:\/\/eirikurjonsson.is\/#\/schema\/person\/308afa1d0e201918034e31b1da4f07a5","name":"eir","image":{"@type":"ImageObject","inLanguage":"is","@id":"https:\/\/eirikurjonsson.is\/#\/schema\/person\/image\/","url":"https:\/\/secure.gravatar.com\/avatar\/b6748316a4400053a1fa9f4694b38d294dc5da6f4bacc727742bd8f3e689f87c?s=96&d=mm&r=g","contentUrl":"https:\/\/secure.gravatar.com\/avatar\/b6748316a4400053a1fa9f4694b38d294dc5da6f4bacc727742bd8f3e689f87c?s=96&d=mm&r=g","caption":"eir"},"url":"https:\/\/eirikurjonsson.is\/index.php\/author\/eir\/"}]}},"_links":{"self":[{"href":"https:\/\/eirikurjonsson.is\/index.php\/wp-json\/wp\/v2\/posts\/11503","targetHints":{"allow":["GET"]}}],"collection":[{"href":"https:\/\/eirikurjonsson.is\/index.php\/wp-json\/wp\/v2\/posts"}],"about":[{"href":"https:\/\/eirikurjonsson.is\/index.php\/wp-json\/wp\/v2\/types\/post"}],"author":[{"embeddable":true,"href":"https:\/\/eirikurjonsson.is\/index.php\/wp-json\/wp\/v2\/users\/2"}],"replies":[{"embeddable":true,"href":"https:\/\/eirikurjonsson.is\/index.php\/wp-json\/wp\/v2\/comments?post=11503"}],"version-history":[{"count":1,"href":"https:\/\/eirikurjonsson.is\/index.php\/wp-json\/wp\/v2\/posts\/11503\/revisions"}],"predecessor-version":[{"id":11505,"href":"https:\/\/eirikurjonsson.is\/index.php\/wp-json\/wp\/v2\/posts\/11503\/revisions\/11505"}],"wp:featuredmedia":[{"embeddable":true,"href":"https:\/\/eirikurjonsson.is\/index.php\/wp-json\/wp\/v2\/media\/11506"}],"wp:attachment":[{"href":"https:\/\/eirikurjonsson.is\/index.php\/wp-json\/wp\/v2\/media?parent=11503"}],"wp:term":[{"taxonomy":"category","embeddable":true,"href":"https:\/\/eirikurjonsson.is\/index.php\/wp-json\/wp\/v2\/categories?post=11503"},{"taxonomy":"post_tag","embeddable":true,"href":"https:\/\/eirikurjonsson.is\/index.php\/wp-json\/wp\/v2\/tags?post=11503"}],"curies":[{"name":"wp","href":"https:\/\/api.w.org\/{rel}","templated":true}]}}