{"id":11492,"date":"2026-04-28T17:36:35","date_gmt":"2026-04-28T17:36:35","guid":{"rendered":"https:\/\/eirikurjonsson.is\/?p=11492"},"modified":"2026-04-28T18:07:31","modified_gmt":"2026-04-28T18:07:31","slug":"te-kaffi-42-ara","status":"publish","type":"post","link":"https:\/\/eirikurjonsson.is\/index.php\/2026\/04\/28\/te-kaffi-42-ara\/","title":{"rendered":"TE &#038; KAFFI 42 \u00c1RA"},"content":{"rendered":"<div class=\"xdj266r x14z9mp xat24cr x1lziwak x1vvkbs x126k92a\">\n<div dir=\"auto\">Te &amp; Kaffi fagnar 42 \u00e1rum \u00ed dag. fj\u00f6lskyldufyrirt\u00e6ki stofna\u00f0 \u00e1ri\u00f0 1984 af hj\u00f3nunum Sigmundi D\u00fdrfj\u00f6r\u00f0 og Berglindi Gu\u00f0brandsd\u00f3ttur og fyrsta \u00edslenska fyrirt\u00e6ki\u00f0 sem s\u00e9rh\u00e6fir sig \u00ed s\u00f6lu og framlei\u00f0slu \u00e1 fersku s\u00e6lkerakaffi og tei \u00ed lausavigt.<\/div>\n<div dir=\"auto\">&#8211;<\/div>\n<div dir=\"auto\">\u00c6vint\u00fdri\u00f0 h\u00f3fst me\u00f0 l\u00edtilli teb\u00fa\u00f0 \u00e1 Bar\u00f3nsst\u00edg \u00fear sem \u00e1str\u00ed\u00f0a fyrir h\u00e1g\u00e6\u00f0a tei og kaffi smita\u00f0i \u00fat fr\u00e1 s\u00e9r og vi\u00f0skiptavinunum fj\u00f6lga\u00f0i \u00f6rt. N\u00fa, 42 \u00e1rum s\u00ed\u00f0ar, er Te &amp; Kaffi enn reki\u00f0 af fj\u00f6lskyldunni og me\u00f0 s\u00f6mu \u00e1str\u00ed\u00f0u sem fyrst.<\/div>\n<\/div>\n","protected":false},"excerpt":{"rendered":"<p>Te &amp; Kaffi fagnar 42 \u00e1rum \u00ed dag. fj\u00f6lskyldufyrirt\u00e6ki stofna\u00f0 \u00e1ri\u00f0 1984 af hj\u00f3nunum Sigmundi D\u00fdrfj\u00f6r\u00f0 og Berglindi Gu\u00f0brandsd\u00f3ttur og fyrsta \u00edslenska fyrirt\u00e6ki\u00f0 sem s\u00e9rh\u00e6fir sig \u00ed s\u00f6lu og framlei\u00f0slu \u00e1 fersku s\u00e6lkerakaffi og tei \u00ed lausavigt. &#8211; \u00c6vint\u00fdri\u00f0 h\u00f3fst me\u00f0 l\u00edtilli teb\u00fa\u00f0 \u00e1 Bar\u00f3nsst\u00edg \u00fear sem \u00e1str\u00ed\u00f0a fyrir h\u00e1g\u00e6\u00f0a tei og kaffi smita\u00f0i \u00fat [&hellip;]<\/p>\n","protected":false},"author":2,"featured_media":11496,"comment_status":"open","ping_status":"open","sticky":false,"template":"","format":"standard","meta":{"_monsterinsights_skip_tracking":false,"_monsterinsights_sitenote_active":false,"_monsterinsights_sitenote_note":"","_monsterinsights_sitenote_category":0,"footnotes":""},"categories":[30],"tags":[],"class_list":{"0":"post-11492","1":"post","2":"type-post","3":"status-publish","4":"format-standard","5":"has-post-thumbnail","7":"category-sagt-er"},"yoast_head":"<!-- This site is optimized with the Yoast SEO plugin v22.0 - https:\/\/yoast.com\/wordpress\/plugins\/seo\/ -->\n<title>TE &amp; KAFFI 42 \u00c1RA &#8211; Eir\u00edkur J\u00f3nsson<\/title>\n<meta name=\"robots\" content=\"index, follow, max-snippet:-1, max-image-preview:large, max-video-preview:-1\" \/>\n<link rel=\"canonical\" href=\"https:\/\/eirikurjonsson.is\/index.php\/2026\/04\/28\/te-kaffi-42-ara\/\" \/>\n<meta property=\"og:locale\" content=\"is_IS\" \/>\n<meta property=\"og:type\" content=\"article\" \/>\n<meta property=\"og:title\" content=\"TE &amp; KAFFI 42 \u00c1RA &#8211; Eir\u00edkur J\u00f3nsson\" \/>\n<meta property=\"og:description\" content=\"Te &amp; Kaffi fagnar 42 \u00e1rum \u00ed dag. fj\u00f6lskyldufyrirt\u00e6ki stofna\u00f0 \u00e1ri\u00f0 1984 af hj\u00f3nunum Sigmundi D\u00fdrfj\u00f6r\u00f0 og Berglindi Gu\u00f0brandsd\u00f3ttur og fyrsta \u00edslenska fyrirt\u00e6ki\u00f0 sem s\u00e9rh\u00e6fir sig \u00ed s\u00f6lu og framlei\u00f0slu \u00e1 fersku s\u00e6lkerakaffi og tei \u00ed lausavigt. &#8211; \u00c6vint\u00fdri\u00f0 h\u00f3fst me\u00f0 l\u00edtilli teb\u00fa\u00f0 \u00e1 Bar\u00f3nsst\u00edg \u00fear sem \u00e1str\u00ed\u00f0a fyrir h\u00e1g\u00e6\u00f0a tei og kaffi smita\u00f0i \u00fat [&hellip;]\" \/>\n<meta property=\"og:url\" content=\"https:\/\/eirikurjonsson.is\/index.php\/2026\/04\/28\/te-kaffi-42-ara\/\" \/>\n<meta property=\"og:site_name\" content=\"Eir\u00edkur J\u00f3nsson\" \/>\n<meta property=\"article:published_time\" content=\"2026-04-28T17:36:35+00:00\" \/>\n<meta property=\"article:modified_time\" content=\"2026-04-28T18:07:31+00:00\" \/>\n<meta property=\"og:image\" content=\"https:\/\/eirikurjonsson.is\/wp-content\/uploads\/2026\/04\/TEOGKAFFI-1.jpg\" \/>\n\t<meta property=\"og:image:width\" content=\"595\" \/>\n\t<meta property=\"og:image:height\" content=\"364\" \/>\n\t<meta property=\"og:image:type\" content=\"image\/jpeg\" \/>\n<meta name=\"author\" content=\"eir\" \/>\n<meta name=\"twitter:card\" content=\"summary_large_image\" \/>\n<meta name=\"twitter:label1\" content=\"Written by\" \/>\n\t<meta name=\"twitter:data1\" content=\"eir\" \/>\n\t<meta name=\"twitter:label2\" content=\"Est. reading time\" \/>\n\t<meta name=\"twitter:data2\" content=\"1 minute\" \/>\n<script type=\"application\/ld+json\" class=\"yoast-schema-graph\">{\"@context\":\"https:\/\/schema.org\",\"@graph\":[{\"@type\":\"WebPage\",\"@id\":\"https:\/\/eirikurjonsson.is\/index.php\/2026\/04\/28\/te-kaffi-42-ara\/\",\"url\":\"https:\/\/eirikurjonsson.is\/index.php\/2026\/04\/28\/te-kaffi-42-ara\/\",\"name\":\"TE & KAFFI 42 \u00c1RA &#8211; Eir\u00edkur J\u00f3nsson\",\"isPartOf\":{\"@id\":\"https:\/\/eirikurjonsson.is\/#website\"},\"datePublished\":\"2026-04-28T17:36:35+00:00\",\"dateModified\":\"2026-04-28T18:07:31+00:00\",\"author\":{\"@id\":\"https:\/\/eirikurjonsson.is\/#\/schema\/person\/308afa1d0e201918034e31b1da4f07a5\"},\"breadcrumb\":{\"@id\":\"https:\/\/eirikurjonsson.is\/index.php\/2026\/04\/28\/te-kaffi-42-ara\/#breadcrumb\"},\"inLanguage\":\"is\",\"potentialAction\":[{\"@type\":\"ReadAction\",\"target\":[\"https:\/\/eirikurjonsson.is\/index.php\/2026\/04\/28\/te-kaffi-42-ara\/\"]}]},{\"@type\":\"BreadcrumbList\",\"@id\":\"https:\/\/eirikurjonsson.is\/index.php\/2026\/04\/28\/te-kaffi-42-ara\/#breadcrumb\",\"itemListElement\":[{\"@type\":\"ListItem\",\"position\":1,\"name\":\"Home\",\"item\":\"https:\/\/eirikurjonsson.is\/\"},{\"@type\":\"ListItem\",\"position\":2,\"name\":\"TE &#038; KAFFI 42 \u00c1RA\"}]},{\"@type\":\"WebSite\",\"@id\":\"https:\/\/eirikurjonsson.is\/#website\",\"url\":\"https:\/\/eirikurjonsson.is\/\",\"name\":\"Eir\u00edkur J\u00f3nsson\",\"description\":\"Eir\u00edkur J\u00f3nsson | EIR eirikurjonsson.is\",\"potentialAction\":[{\"@type\":\"SearchAction\",\"target\":{\"@type\":\"EntryPoint\",\"urlTemplate\":\"https:\/\/eirikurjonsson.is\/?s={search_term_string}\"},\"query-input\":\"required name=search_term_string\"}],\"inLanguage\":\"is\"},{\"@type\":\"Person\",\"@id\":\"https:\/\/eirikurjonsson.is\/#\/schema\/person\/308afa1d0e201918034e31b1da4f07a5\",\"name\":\"eir\",\"image\":{\"@type\":\"ImageObject\",\"inLanguage\":\"is\",\"@id\":\"https:\/\/eirikurjonsson.is\/#\/schema\/person\/image\/\",\"url\":\"https:\/\/secure.gravatar.com\/avatar\/b6748316a4400053a1fa9f4694b38d294dc5da6f4bacc727742bd8f3e689f87c?s=96&d=mm&r=g\",\"contentUrl\":\"https:\/\/secure.gravatar.com\/avatar\/b6748316a4400053a1fa9f4694b38d294dc5da6f4bacc727742bd8f3e689f87c?s=96&d=mm&r=g\",\"caption\":\"eir\"},\"url\":\"https:\/\/eirikurjonsson.is\/index.php\/author\/eir\/\"}]}<\/script>\n<!-- \/ Yoast SEO plugin. -->","yoast_head_json":{"title":"TE & KAFFI 42 \u00c1RA &#8211; Eir\u00edkur J\u00f3nsson","robots":{"index":"index","follow":"follow","max-snippet":"max-snippet:-1","max-image-preview":"max-image-preview:large","max-video-preview":"max-video-preview:-1"},"canonical":"https:\/\/eirikurjonsson.is\/index.php\/2026\/04\/28\/te-kaffi-42-ara\/","og_locale":"is_IS","og_type":"article","og_title":"TE & KAFFI 42 \u00c1RA &#8211; Eir\u00edkur J\u00f3nsson","og_description":"Te &amp; Kaffi fagnar 42 \u00e1rum \u00ed dag. fj\u00f6lskyldufyrirt\u00e6ki stofna\u00f0 \u00e1ri\u00f0 1984 af hj\u00f3nunum Sigmundi D\u00fdrfj\u00f6r\u00f0 og Berglindi Gu\u00f0brandsd\u00f3ttur og fyrsta \u00edslenska fyrirt\u00e6ki\u00f0 sem s\u00e9rh\u00e6fir sig \u00ed s\u00f6lu og framlei\u00f0slu \u00e1 fersku s\u00e6lkerakaffi og tei \u00ed lausavigt. &#8211; \u00c6vint\u00fdri\u00f0 h\u00f3fst me\u00f0 l\u00edtilli teb\u00fa\u00f0 \u00e1 Bar\u00f3nsst\u00edg \u00fear sem \u00e1str\u00ed\u00f0a fyrir h\u00e1g\u00e6\u00f0a tei og kaffi smita\u00f0i \u00fat [&hellip;]","og_url":"https:\/\/eirikurjonsson.is\/index.php\/2026\/04\/28\/te-kaffi-42-ara\/","og_site_name":"Eir\u00edkur J\u00f3nsson","article_published_time":"2026-04-28T17:36:35+00:00","article_modified_time":"2026-04-28T18:07:31+00:00","og_image":[{"width":595,"height":364,"url":"https:\/\/eirikurjonsson.is\/wp-content\/uploads\/2026\/04\/TEOGKAFFI-1.jpg","type":"image\/jpeg"}],"author":"eir","twitter_card":"summary_large_image","twitter_misc":{"Written by":"eir","Est. reading time":"1 minute"},"schema":{"@context":"https:\/\/schema.org","@graph":[{"@type":"WebPage","@id":"https:\/\/eirikurjonsson.is\/index.php\/2026\/04\/28\/te-kaffi-42-ara\/","url":"https:\/\/eirikurjonsson.is\/index.php\/2026\/04\/28\/te-kaffi-42-ara\/","name":"TE & KAFFI 42 \u00c1RA &#8211; Eir\u00edkur J\u00f3nsson","isPartOf":{"@id":"https:\/\/eirikurjonsson.is\/#website"},"datePublished":"2026-04-28T17:36:35+00:00","dateModified":"2026-04-28T18:07:31+00:00","author":{"@id":"https:\/\/eirikurjonsson.is\/#\/schema\/person\/308afa1d0e201918034e31b1da4f07a5"},"breadcrumb":{"@id":"https:\/\/eirikurjonsson.is\/index.php\/2026\/04\/28\/te-kaffi-42-ara\/#breadcrumb"},"inLanguage":"is","potentialAction":[{"@type":"ReadAction","target":["https:\/\/eirikurjonsson.is\/index.php\/2026\/04\/28\/te-kaffi-42-ara\/"]}]},{"@type":"BreadcrumbList","@id":"https:\/\/eirikurjonsson.is\/index.php\/2026\/04\/28\/te-kaffi-42-ara\/#breadcrumb","itemListElement":[{"@type":"ListItem","position":1,"name":"Home","item":"https:\/\/eirikurjonsson.is\/"},{"@type":"ListItem","position":2,"name":"TE &#038; KAFFI 42 \u00c1RA"}]},{"@type":"WebSite","@id":"https:\/\/eirikurjonsson.is\/#website","url":"https:\/\/eirikurjonsson.is\/","name":"Eir\u00edkur J\u00f3nsson","description":"Eir\u00edkur J\u00f3nsson | EIR eirikurjonsson.is","potentialAction":[{"@type":"SearchAction","target":{"@type":"EntryPoint","urlTemplate":"https:\/\/eirikurjonsson.is\/?s={search_term_string}"},"query-input":"required name=search_term_string"}],"inLanguage":"is"},{"@type":"Person","@id":"https:\/\/eirikurjonsson.is\/#\/schema\/person\/308afa1d0e201918034e31b1da4f07a5","name":"eir","image":{"@type":"ImageObject","inLanguage":"is","@id":"https:\/\/eirikurjonsson.is\/#\/schema\/person\/image\/","url":"https:\/\/secure.gravatar.com\/avatar\/b6748316a4400053a1fa9f4694b38d294dc5da6f4bacc727742bd8f3e689f87c?s=96&d=mm&r=g","contentUrl":"https:\/\/secure.gravatar.com\/avatar\/b6748316a4400053a1fa9f4694b38d294dc5da6f4bacc727742bd8f3e689f87c?s=96&d=mm&r=g","caption":"eir"},"url":"https:\/\/eirikurjonsson.is\/index.php\/author\/eir\/"}]}},"_links":{"self":[{"href":"https:\/\/eirikurjonsson.is\/index.php\/wp-json\/wp\/v2\/posts\/11492","targetHints":{"allow":["GET"]}}],"collection":[{"href":"https:\/\/eirikurjonsson.is\/index.php\/wp-json\/wp\/v2\/posts"}],"about":[{"href":"https:\/\/eirikurjonsson.is\/index.php\/wp-json\/wp\/v2\/types\/post"}],"author":[{"embeddable":true,"href":"https:\/\/eirikurjonsson.is\/index.php\/wp-json\/wp\/v2\/users\/2"}],"replies":[{"embeddable":true,"href":"https:\/\/eirikurjonsson.is\/index.php\/wp-json\/wp\/v2\/comments?post=11492"}],"version-history":[{"count":2,"href":"https:\/\/eirikurjonsson.is\/index.php\/wp-json\/wp\/v2\/posts\/11492\/revisions"}],"predecessor-version":[{"id":11497,"href":"https:\/\/eirikurjonsson.is\/index.php\/wp-json\/wp\/v2\/posts\/11492\/revisions\/11497"}],"wp:featuredmedia":[{"embeddable":true,"href":"https:\/\/eirikurjonsson.is\/index.php\/wp-json\/wp\/v2\/media\/11496"}],"wp:attachment":[{"href":"https:\/\/eirikurjonsson.is\/index.php\/wp-json\/wp\/v2\/media?parent=11492"}],"wp:term":[{"taxonomy":"category","embeddable":true,"href":"https:\/\/eirikurjonsson.is\/index.php\/wp-json\/wp\/v2\/categories?post=11492"},{"taxonomy":"post_tag","embeddable":true,"href":"https:\/\/eirikurjonsson.is\/index.php\/wp-json\/wp\/v2\/tags?post=11492"}],"curies":[{"name":"wp","href":"https:\/\/api.w.org\/{rel}","templated":true}]}}