{"id":11489,"date":"2026-04-28T13:54:24","date_gmt":"2026-04-28T13:54:24","guid":{"rendered":"https:\/\/eirikurjonsson.is\/?p=11489"},"modified":"2026-04-28T13:54:24","modified_gmt":"2026-04-28T13:54:24","slug":"geggjun-i-gufunesi","status":"publish","type":"post","link":"https:\/\/eirikurjonsson.is\/index.php\/2026\/04\/28\/geggjun-i-gufunesi\/","title":{"rendered":"GEGGJUN \u00cd GUFUNESI"},"content":{"rendered":"<p>\u00deessi kaldranalega mynd birtist me\u00f0 fr\u00e9tt \u00e1 vefnum grafarvogur.net sem fj\u00f6lmi\u00f0lama\u00f0urinn J\u00f3n G. Hauksson rekur.<\/p>\n<p>&#8211;<\/p>\n<p><em>&#8222;Hilmar P\u00e1ll J\u00f3hannesson og Inga L\u00f3a Gu\u00f0j\u00f3nsd\u00f3ttir, eigendur Loftkastalans \u00ed Gufunesi, hafa sta\u00f0i\u00f0 \u00ed har\u00f0v\u00edtugu str\u00ed\u00f0i vi\u00f0 Reykjav\u00edkurborg \u00ed yfir sj\u00f6 \u00e1r vegna l\u00f3\u00f0ar \u2013 Gufunesvegar 34 \u2013 sem \u00feau keyptu af borginni 16. jan\u00faar \u00e1ri\u00f0 2018 \u00e1samt \u00feremur h\u00fasum g\u00f6mlu \u00c1bur\u00f0arverksmi\u00f0junnar me\u00f0 l\u00f3\u00f0arr\u00e9ttindum og byggingarr\u00e9tti fyrir 226 millj\u00f3nir kr\u00f3na. \u00deessi kaup voru ger\u00f0 \u00e1\u00f0ur en sv\u00e6\u00f0i\u00f0 var deiliskipulagt og voru li\u00f0ur \u00ed uppbyggingu st\u00f3rhuga hugmynda borgarinnar um kvikmynda\u00feorp \u00ed Gufunesi.&#8220;<\/em><\/p>\n<p>&#8211;<\/p>\n<p><a href=\"https:\/\/www.grafarvogur.net\/harvitug-deila-hjona-vi-borgina-i-sjo-ar-vegna-loar-sem-au-keyptu-i-gufunesi-ari-2018?fbclid=IwY2xjawRdmNJleHRuA2FlbQIxMABicmlkETFpSzlPUTViSW1rR2tBclprc3J0YwZhcHBfaWQQMjIyMDM5MTc4ODIwMDg5MgABHszM25cLmCr6O7lSaJjPjK9ufjJOifARITrBjBOTnBUuTX-Xo17of82vWwzz_aem_6td0dBNHDMGkLmZIZYJ--A\">Sj\u00e1 fr\u00e9ttina h\u00e9r.<\/a><\/p>\n","protected":false},"excerpt":{"rendered":"<p>\u00deessi kaldranalega mynd birtist me\u00f0 fr\u00e9tt \u00e1 vefnum grafarvogur.net sem fj\u00f6lmi\u00f0lama\u00f0urinn J\u00f3n G. Hauksson rekur. &#8211; &#8222;Hilmar P\u00e1ll J\u00f3hannesson og Inga L\u00f3a Gu\u00f0j\u00f3nsd\u00f3ttir, eigendur Loftkastalans \u00ed Gufunesi, hafa sta\u00f0i\u00f0 \u00ed har\u00f0v\u00edtugu str\u00ed\u00f0i vi\u00f0 Reykjav\u00edkurborg \u00ed yfir sj\u00f6 \u00e1r vegna l\u00f3\u00f0ar \u2013 Gufunesvegar 34 \u2013 sem \u00feau keyptu af borginni 16. jan\u00faar \u00e1ri\u00f0 2018 \u00e1samt \u00feremur [&hellip;]<\/p>\n","protected":false},"author":2,"featured_media":11490,"comment_status":"open","ping_status":"open","sticky":false,"template":"","format":"standard","meta":{"_monsterinsights_skip_tracking":false,"_monsterinsights_sitenote_active":false,"_monsterinsights_sitenote_note":"","_monsterinsights_sitenote_category":0,"footnotes":""},"categories":[31],"tags":[],"class_list":{"0":"post-11489","1":"post","2":"type-post","3":"status-publish","4":"format-standard","5":"has-post-thumbnail","7":"category-greinar"},"yoast_head":"<!-- This site is optimized with the Yoast SEO plugin v22.0 - https:\/\/yoast.com\/wordpress\/plugins\/seo\/ -->\n<title>GEGGJUN \u00cd GUFUNESI &#8211; Eir\u00edkur J\u00f3nsson<\/title>\n<meta name=\"robots\" content=\"index, follow, max-snippet:-1, max-image-preview:large, max-video-preview:-1\" \/>\n<link rel=\"canonical\" href=\"https:\/\/eirikurjonsson.is\/index.php\/2026\/04\/28\/geggjun-i-gufunesi\/\" \/>\n<meta property=\"og:locale\" content=\"is_IS\" \/>\n<meta property=\"og:type\" content=\"article\" \/>\n<meta property=\"og:title\" content=\"GEGGJUN \u00cd GUFUNESI &#8211; Eir\u00edkur J\u00f3nsson\" \/>\n<meta property=\"og:description\" content=\"\u00deessi kaldranalega mynd birtist me\u00f0 fr\u00e9tt \u00e1 vefnum grafarvogur.net sem fj\u00f6lmi\u00f0lama\u00f0urinn J\u00f3n G. Hauksson rekur. &#8211; &#8222;Hilmar P\u00e1ll J\u00f3hannesson og Inga L\u00f3a Gu\u00f0j\u00f3nsd\u00f3ttir, eigendur Loftkastalans \u00ed Gufunesi, hafa sta\u00f0i\u00f0 \u00ed har\u00f0v\u00edtugu str\u00ed\u00f0i vi\u00f0 Reykjav\u00edkurborg \u00ed yfir sj\u00f6 \u00e1r vegna l\u00f3\u00f0ar \u2013 Gufunesvegar 34 \u2013 sem \u00feau keyptu af borginni 16. jan\u00faar \u00e1ri\u00f0 2018 \u00e1samt \u00feremur [&hellip;]\" \/>\n<meta property=\"og:url\" content=\"https:\/\/eirikurjonsson.is\/index.php\/2026\/04\/28\/geggjun-i-gufunesi\/\" \/>\n<meta property=\"og:site_name\" content=\"Eir\u00edkur J\u00f3nsson\" \/>\n<meta property=\"article:published_time\" content=\"2026-04-28T13:54:24+00:00\" \/>\n<meta property=\"og:image\" content=\"https:\/\/eirikurjonsson.is\/wp-content\/uploads\/2026\/04\/gufunes.webp\" \/>\n\t<meta property=\"og:image:width\" content=\"1281\" \/>\n\t<meta property=\"og:image:height\" content=\"837\" \/>\n\t<meta property=\"og:image:type\" content=\"image\/webp\" \/>\n<meta name=\"author\" content=\"eir\" \/>\n<meta name=\"twitter:card\" content=\"summary_large_image\" \/>\n<meta name=\"twitter:label1\" content=\"Written by\" \/>\n\t<meta name=\"twitter:data1\" content=\"eir\" \/>\n\t<meta name=\"twitter:label2\" content=\"Est. reading time\" \/>\n\t<meta name=\"twitter:data2\" content=\"1 minute\" \/>\n<script type=\"application\/ld+json\" class=\"yoast-schema-graph\">{\"@context\":\"https:\/\/schema.org\",\"@graph\":[{\"@type\":\"WebPage\",\"@id\":\"https:\/\/eirikurjonsson.is\/index.php\/2026\/04\/28\/geggjun-i-gufunesi\/\",\"url\":\"https:\/\/eirikurjonsson.is\/index.php\/2026\/04\/28\/geggjun-i-gufunesi\/\",\"name\":\"GEGGJUN \u00cd GUFUNESI &#8211; Eir\u00edkur J\u00f3nsson\",\"isPartOf\":{\"@id\":\"https:\/\/eirikurjonsson.is\/#website\"},\"datePublished\":\"2026-04-28T13:54:24+00:00\",\"dateModified\":\"2026-04-28T13:54:24+00:00\",\"author\":{\"@id\":\"https:\/\/eirikurjonsson.is\/#\/schema\/person\/308afa1d0e201918034e31b1da4f07a5\"},\"breadcrumb\":{\"@id\":\"https:\/\/eirikurjonsson.is\/index.php\/2026\/04\/28\/geggjun-i-gufunesi\/#breadcrumb\"},\"inLanguage\":\"is\",\"potentialAction\":[{\"@type\":\"ReadAction\",\"target\":[\"https:\/\/eirikurjonsson.is\/index.php\/2026\/04\/28\/geggjun-i-gufunesi\/\"]}]},{\"@type\":\"BreadcrumbList\",\"@id\":\"https:\/\/eirikurjonsson.is\/index.php\/2026\/04\/28\/geggjun-i-gufunesi\/#breadcrumb\",\"itemListElement\":[{\"@type\":\"ListItem\",\"position\":1,\"name\":\"Home\",\"item\":\"https:\/\/eirikurjonsson.is\/\"},{\"@type\":\"ListItem\",\"position\":2,\"name\":\"GEGGJUN \u00cd GUFUNESI\"}]},{\"@type\":\"WebSite\",\"@id\":\"https:\/\/eirikurjonsson.is\/#website\",\"url\":\"https:\/\/eirikurjonsson.is\/\",\"name\":\"Eir\u00edkur J\u00f3nsson\",\"description\":\"Eir\u00edkur J\u00f3nsson | EIR eirikurjonsson.is\",\"potentialAction\":[{\"@type\":\"SearchAction\",\"target\":{\"@type\":\"EntryPoint\",\"urlTemplate\":\"https:\/\/eirikurjonsson.is\/?s={search_term_string}\"},\"query-input\":\"required name=search_term_string\"}],\"inLanguage\":\"is\"},{\"@type\":\"Person\",\"@id\":\"https:\/\/eirikurjonsson.is\/#\/schema\/person\/308afa1d0e201918034e31b1da4f07a5\",\"name\":\"eir\",\"image\":{\"@type\":\"ImageObject\",\"inLanguage\":\"is\",\"@id\":\"https:\/\/eirikurjonsson.is\/#\/schema\/person\/image\/\",\"url\":\"https:\/\/secure.gravatar.com\/avatar\/b6748316a4400053a1fa9f4694b38d294dc5da6f4bacc727742bd8f3e689f87c?s=96&d=mm&r=g\",\"contentUrl\":\"https:\/\/secure.gravatar.com\/avatar\/b6748316a4400053a1fa9f4694b38d294dc5da6f4bacc727742bd8f3e689f87c?s=96&d=mm&r=g\",\"caption\":\"eir\"},\"url\":\"https:\/\/eirikurjonsson.is\/index.php\/author\/eir\/\"}]}<\/script>\n<!-- \/ Yoast SEO plugin. -->","yoast_head_json":{"title":"GEGGJUN \u00cd GUFUNESI &#8211; Eir\u00edkur J\u00f3nsson","robots":{"index":"index","follow":"follow","max-snippet":"max-snippet:-1","max-image-preview":"max-image-preview:large","max-video-preview":"max-video-preview:-1"},"canonical":"https:\/\/eirikurjonsson.is\/index.php\/2026\/04\/28\/geggjun-i-gufunesi\/","og_locale":"is_IS","og_type":"article","og_title":"GEGGJUN \u00cd GUFUNESI &#8211; Eir\u00edkur J\u00f3nsson","og_description":"\u00deessi kaldranalega mynd birtist me\u00f0 fr\u00e9tt \u00e1 vefnum grafarvogur.net sem fj\u00f6lmi\u00f0lama\u00f0urinn J\u00f3n G. Hauksson rekur. &#8211; &#8222;Hilmar P\u00e1ll J\u00f3hannesson og Inga L\u00f3a Gu\u00f0j\u00f3nsd\u00f3ttir, eigendur Loftkastalans \u00ed Gufunesi, hafa sta\u00f0i\u00f0 \u00ed har\u00f0v\u00edtugu str\u00ed\u00f0i vi\u00f0 Reykjav\u00edkurborg \u00ed yfir sj\u00f6 \u00e1r vegna l\u00f3\u00f0ar \u2013 Gufunesvegar 34 \u2013 sem \u00feau keyptu af borginni 16. jan\u00faar \u00e1ri\u00f0 2018 \u00e1samt \u00feremur [&hellip;]","og_url":"https:\/\/eirikurjonsson.is\/index.php\/2026\/04\/28\/geggjun-i-gufunesi\/","og_site_name":"Eir\u00edkur J\u00f3nsson","article_published_time":"2026-04-28T13:54:24+00:00","og_image":[{"width":1281,"height":837,"url":"https:\/\/eirikurjonsson.is\/wp-content\/uploads\/2026\/04\/gufunes.webp","type":"image\/webp"}],"author":"eir","twitter_card":"summary_large_image","twitter_misc":{"Written by":"eir","Est. reading time":"1 minute"},"schema":{"@context":"https:\/\/schema.org","@graph":[{"@type":"WebPage","@id":"https:\/\/eirikurjonsson.is\/index.php\/2026\/04\/28\/geggjun-i-gufunesi\/","url":"https:\/\/eirikurjonsson.is\/index.php\/2026\/04\/28\/geggjun-i-gufunesi\/","name":"GEGGJUN \u00cd GUFUNESI &#8211; Eir\u00edkur J\u00f3nsson","isPartOf":{"@id":"https:\/\/eirikurjonsson.is\/#website"},"datePublished":"2026-04-28T13:54:24+00:00","dateModified":"2026-04-28T13:54:24+00:00","author":{"@id":"https:\/\/eirikurjonsson.is\/#\/schema\/person\/308afa1d0e201918034e31b1da4f07a5"},"breadcrumb":{"@id":"https:\/\/eirikurjonsson.is\/index.php\/2026\/04\/28\/geggjun-i-gufunesi\/#breadcrumb"},"inLanguage":"is","potentialAction":[{"@type":"ReadAction","target":["https:\/\/eirikurjonsson.is\/index.php\/2026\/04\/28\/geggjun-i-gufunesi\/"]}]},{"@type":"BreadcrumbList","@id":"https:\/\/eirikurjonsson.is\/index.php\/2026\/04\/28\/geggjun-i-gufunesi\/#breadcrumb","itemListElement":[{"@type":"ListItem","position":1,"name":"Home","item":"https:\/\/eirikurjonsson.is\/"},{"@type":"ListItem","position":2,"name":"GEGGJUN \u00cd GUFUNESI"}]},{"@type":"WebSite","@id":"https:\/\/eirikurjonsson.is\/#website","url":"https:\/\/eirikurjonsson.is\/","name":"Eir\u00edkur J\u00f3nsson","description":"Eir\u00edkur J\u00f3nsson | EIR eirikurjonsson.is","potentialAction":[{"@type":"SearchAction","target":{"@type":"EntryPoint","urlTemplate":"https:\/\/eirikurjonsson.is\/?s={search_term_string}"},"query-input":"required name=search_term_string"}],"inLanguage":"is"},{"@type":"Person","@id":"https:\/\/eirikurjonsson.is\/#\/schema\/person\/308afa1d0e201918034e31b1da4f07a5","name":"eir","image":{"@type":"ImageObject","inLanguage":"is","@id":"https:\/\/eirikurjonsson.is\/#\/schema\/person\/image\/","url":"https:\/\/secure.gravatar.com\/avatar\/b6748316a4400053a1fa9f4694b38d294dc5da6f4bacc727742bd8f3e689f87c?s=96&d=mm&r=g","contentUrl":"https:\/\/secure.gravatar.com\/avatar\/b6748316a4400053a1fa9f4694b38d294dc5da6f4bacc727742bd8f3e689f87c?s=96&d=mm&r=g","caption":"eir"},"url":"https:\/\/eirikurjonsson.is\/index.php\/author\/eir\/"}]}},"_links":{"self":[{"href":"https:\/\/eirikurjonsson.is\/index.php\/wp-json\/wp\/v2\/posts\/11489","targetHints":{"allow":["GET"]}}],"collection":[{"href":"https:\/\/eirikurjonsson.is\/index.php\/wp-json\/wp\/v2\/posts"}],"about":[{"href":"https:\/\/eirikurjonsson.is\/index.php\/wp-json\/wp\/v2\/types\/post"}],"author":[{"embeddable":true,"href":"https:\/\/eirikurjonsson.is\/index.php\/wp-json\/wp\/v2\/users\/2"}],"replies":[{"embeddable":true,"href":"https:\/\/eirikurjonsson.is\/index.php\/wp-json\/wp\/v2\/comments?post=11489"}],"version-history":[{"count":1,"href":"https:\/\/eirikurjonsson.is\/index.php\/wp-json\/wp\/v2\/posts\/11489\/revisions"}],"predecessor-version":[{"id":11491,"href":"https:\/\/eirikurjonsson.is\/index.php\/wp-json\/wp\/v2\/posts\/11489\/revisions\/11491"}],"wp:featuredmedia":[{"embeddable":true,"href":"https:\/\/eirikurjonsson.is\/index.php\/wp-json\/wp\/v2\/media\/11490"}],"wp:attachment":[{"href":"https:\/\/eirikurjonsson.is\/index.php\/wp-json\/wp\/v2\/media?parent=11489"}],"wp:term":[{"taxonomy":"category","embeddable":true,"href":"https:\/\/eirikurjonsson.is\/index.php\/wp-json\/wp\/v2\/categories?post=11489"},{"taxonomy":"post_tag","embeddable":true,"href":"https:\/\/eirikurjonsson.is\/index.php\/wp-json\/wp\/v2\/tags?post=11489"}],"curies":[{"name":"wp","href":"https:\/\/api.w.org\/{rel}","templated":true}]}}